{"id":376754,"date":"2025-12-29T00:10:08","date_gmt":"2025-12-29T03:10:08","guid":{"rendered":"https:\/\/www.notibras.com\/site\/?p=376754"},"modified":"2025-12-28T23:32:20","modified_gmt":"2025-12-29T02:32:20","slug":"bc-cria-roda-de-samba-com-crioulo-doido-e-o-bebado-e-a-equilibrista","status":"publish","type":"post","link":"https:\/\/www.notibras.com\/site\/bc-cria-roda-de-samba-com-crioulo-doido-e-o-bebado-e-a-equilibrista\/","title":{"rendered":"BC cria roda de samba com Crioulo Doido e O B\u00eabado e a Equilibrista"},"content":{"rendered":"<p>Gabriel Gal\u00edpolo, presidente do Banco Central, anda praticando um esporte de alto risco. \u00c9 quando busca equilibrismo institucional sem rede. As \u00faltimas decis\u00f5es da autoridade monet\u00e1ria m\u00e1xima do pa\u00eds mais parecem um &#8216;Samba do Crioulo Doido&#8217; remixado com &#8216;O B\u00eabado e a Equilibrista&#8217;. A diferen\u00e7a \u00e9 que n\u00e3o tem a poesia de Aldir Blanc e os juros reais, cada vez mais escorchantes, substituem o viol\u00e3o.<\/p>\n<p>A confus\u00e3o atinge tal grau que o banqueiro virou assunto radioativo para Elisa Veeck, \u00e2ncora do Expresso, da CNN. O nome n\u00e3o pode ser pronunciado. O tema n\u00e3o existe. O sil\u00eancio \u00e9 t\u00e3o absoluto que faria inveja a um mosteiro cartuxo. E, curiosamente, quanto mais o Banco Central trope\u00e7a em decis\u00f5es confusas, recuos p\u00fablicos e cr\u00edticas abertas ao seu comando, mais o notici\u00e1rio parece entrar em modo avi\u00e3o.<\/p>\n<p>O assunto fervilha no mercado, borbulha nas redes sociais e corre solto nos bastidores pol\u00edticos. Mas na vitrine jornal\u00edstica\u2026 nada. Nem an\u00e1lise, nem coment\u00e1rio, nem aquele questionamento b\u00e1sico que justifica a exist\u00eancia do jornalismo. Quando muito, o tema escorrega para a coluna socia, como se a pol\u00edtica monet\u00e1ria fosse um detalhe menor diante da vida pessoal do protagonista.<\/p>\n<p>N\u00e3o se trata de fofoca, simpatia ou antipatia. Trata-se de percep\u00e7\u00e3o p\u00fablica. Jornalismo existe para questionar o poder, sobretudo quando ele mexe com juros, cr\u00e9dito, infla\u00e7\u00e3o e, no fim da linha, com a vida de milh\u00f5es de brasileiros. Quando um assunto some da pauta sem explica\u00e7\u00e3o, a aus\u00eancia deixa de ser neutra e passa a ser editorial.<\/p>\n<p>Em jornalismo, transpar\u00eancia n\u00e3o \u00e9 apenas o que se publica. \u00c0s vezes, \u00e9 justamente o que se evita dizer que grita mais alto. E, do jeito que a banda anda tocando, esse trem-bala monet\u00e1rio corre s\u00e9rio risco de descarrilar. Em sil\u00eancio, claro, para n\u00e3o atrapalhar a programa\u00e7\u00e3o.<\/p>\n<p>&#8230;&#8230;&#8230;&#8230;&#8230;.<br \/>\n<strong>Marta Nobre \u00e9 Editora Executiva de Notibras<\/strong><\/p>\n","protected":false},"excerpt":{"rendered":"<p>Gabriel Gal\u00edpolo, presidente do Banco Central, anda praticando um esporte de alto risco. \u00c9 quando busca equilibrismo institucional sem rede. As \u00faltimas decis\u00f5es da autoridade monet\u00e1ria m\u00e1xima do pa\u00eds mais parecem um &#8216;Samba do Crioulo Doido&#8217; remixado com &#8216;O B\u00eabado e a Equilibrista&#8217;. A diferen\u00e7a \u00e9 que n\u00e3o tem a poesia de Aldir Blanc e [&hellip;]<\/p>\n","protected":false},"author":2,"featured_media":376755,"comment_status":"closed","ping_status":"closed","sticky":false,"template":"","format":"standard","meta":{"_acf_changed":false,"footnotes":""},"categories":[16],"tags":[95],"class_list":["post-376754","post","type-post","status-publish","format-standard","has-post-thumbnail","hentry","category-brasil","tag-capa"],"acf":[],"yoast_head":"<!-- This site is optimized with the Yoast SEO plugin v27.2 - https:\/\/yoast.com\/product\/yoast-seo-wordpress\/ -->\n<title>BC cria roda de samba com Crioulo Doido e O B\u00eabado e a Equilibrista - Notibras<\/title>\n<meta name=\"robots\" content=\"index, follow, max-snippet:-1, max-image-preview:large, max-video-preview:-1\" \/>\n<link rel=\"canonical\" href=\"https:\/\/www.notibras.com\/site\/bc-cria-roda-de-samba-com-crioulo-doido-e-o-bebado-e-a-equilibrista\/\" \/>\n<meta property=\"og:locale\" content=\"pt_BR\" \/>\n<meta property=\"og:type\" content=\"article\" \/>\n<meta property=\"og:title\" content=\"BC cria roda de samba com Crioulo Doido e O B\u00eabado e a Equilibrista - Notibras\" \/>\n<meta property=\"og:description\" content=\"Gabriel Gal\u00edpolo, presidente do Banco Central, anda praticando um esporte de alto risco. \u00c9 quando busca equilibrismo institucional sem rede. As \u00faltimas decis\u00f5es da autoridade monet\u00e1ria m\u00e1xima do pa\u00eds mais parecem um &#8216;Samba do Crioulo Doido&#8217; remixado com &#8216;O B\u00eabado e a Equilibrista&#8217;. A diferen\u00e7a \u00e9 que n\u00e3o tem a poesia de Aldir Blanc e [&hellip;]\" \/>\n<meta property=\"og:url\" content=\"https:\/\/www.notibras.com\/site\/bc-cria-roda-de-samba-com-crioulo-doido-e-o-bebado-e-a-equilibrista\/\" \/>\n<meta property=\"og:site_name\" content=\"Notibras\" \/>\n<meta property=\"article:publisher\" content=\"https:\/\/www.facebook.com\/notibras\/\" \/>\n<meta property=\"article:published_time\" content=\"2025-12-29T03:10:08+00:00\" \/>\n<meta property=\"og:image\" content=\"https:\/\/www.notibras.com\/site\/wp-content\/uploads\/2025\/12\/0d9a9240.webp\" \/>\n\t<meta property=\"og:image:width\" content=\"770\" \/>\n\t<meta property=\"og:image:height\" content=\"543\" \/>\n\t<meta property=\"og:image:type\" content=\"image\/webp\" \/>\n<meta name=\"author\" content=\"Reda\u00e7\u00e3o\" \/>\n<meta name=\"twitter:card\" content=\"summary_large_image\" \/>\n<meta name=\"twitter:creator\" content=\"@Notibras\" \/>\n<meta name=\"twitter:site\" content=\"@Notibras\" \/>\n<meta name=\"twitter:label1\" content=\"Escrito por\" \/>\n\t<meta name=\"twitter:data1\" content=\"Reda\u00e7\u00e3o\" \/>\n\t<meta name=\"twitter:label2\" content=\"Est. tempo de leitura\" \/>\n\t<meta name=\"twitter:data2\" content=\"2 minutos\" \/>\n<script type=\"application\/ld+json\" class=\"yoast-schema-graph\">{\"@context\":\"https:\/\/schema.org\",\"@graph\":[{\"@type\":\"Article\",\"@id\":\"https:\/\/www.notibras.com\/site\/bc-cria-roda-de-samba-com-crioulo-doido-e-o-bebado-e-a-equilibrista\/#article\",\"isPartOf\":{\"@id\":\"https:\/\/www.notibras.com\/site\/bc-cria-roda-de-samba-com-crioulo-doido-e-o-bebado-e-a-equilibrista\/\"},\"author\":{\"name\":\"Reda\u00e7\u00e3o\",\"@id\":\"https:\/\/www.notibras.com\/site\/#\/schema\/person\/36ab0979449956132d3e5b517ea76ac8\"},\"headline\":\"BC cria roda de samba com Crioulo Doido e O B\u00eabado e a Equilibrista\",\"datePublished\":\"2025-12-29T03:10:08+00:00\",\"mainEntityOfPage\":{\"@id\":\"https:\/\/www.notibras.com\/site\/bc-cria-roda-de-samba-com-crioulo-doido-e-o-bebado-e-a-equilibrista\/\"},\"wordCount\":354,\"publisher\":{\"@id\":\"https:\/\/www.notibras.com\/site\/#organization\"},\"image\":{\"@id\":\"https:\/\/www.notibras.com\/site\/bc-cria-roda-de-samba-com-crioulo-doido-e-o-bebado-e-a-equilibrista\/#primaryimage\"},\"thumbnailUrl\":\"https:\/\/www.notibras.com\/site\/wp-content\/uploads\/2025\/12\/0d9a9240.webp\",\"keywords\":[\"capa\"],\"articleSection\":[\"Brasil\"],\"inLanguage\":\"pt-BR\"},{\"@type\":\"WebPage\",\"@id\":\"https:\/\/www.notibras.com\/site\/bc-cria-roda-de-samba-com-crioulo-doido-e-o-bebado-e-a-equilibrista\/\",\"url\":\"https:\/\/www.notibras.com\/site\/bc-cria-roda-de-samba-com-crioulo-doido-e-o-bebado-e-a-equilibrista\/\",\"name\":\"BC cria roda de samba com Crioulo Doido e O B\u00eabado e a Equilibrista - Notibras\",\"isPartOf\":{\"@id\":\"https:\/\/www.notibras.com\/site\/#website\"},\"primaryImageOfPage\":{\"@id\":\"https:\/\/www.notibras.com\/site\/bc-cria-roda-de-samba-com-crioulo-doido-e-o-bebado-e-a-equilibrista\/#primaryimage\"},\"image\":{\"@id\":\"https:\/\/www.notibras.com\/site\/bc-cria-roda-de-samba-com-crioulo-doido-e-o-bebado-e-a-equilibrista\/#primaryimage\"},\"thumbnailUrl\":\"https:\/\/www.notibras.com\/site\/wp-content\/uploads\/2025\/12\/0d9a9240.webp\",\"datePublished\":\"2025-12-29T03:10:08+00:00\",\"breadcrumb\":{\"@id\":\"https:\/\/www.notibras.com\/site\/bc-cria-roda-de-samba-com-crioulo-doido-e-o-bebado-e-a-equilibrista\/#breadcrumb\"},\"inLanguage\":\"pt-BR\",\"potentialAction\":[{\"@type\":\"ReadAction\",\"target\":[\"https:\/\/www.notibras.com\/site\/bc-cria-roda-de-samba-com-crioulo-doido-e-o-bebado-e-a-equilibrista\/\"]}]},{\"@type\":\"ImageObject\",\"inLanguage\":\"pt-BR\",\"@id\":\"https:\/\/www.notibras.com\/site\/bc-cria-roda-de-samba-com-crioulo-doido-e-o-bebado-e-a-equilibrista\/#primaryimage\",\"url\":\"https:\/\/www.notibras.com\/site\/wp-content\/uploads\/2025\/12\/0d9a9240.webp\",\"contentUrl\":\"https:\/\/www.notibras.com\/site\/wp-content\/uploads\/2025\/12\/0d9a9240.webp\",\"width\":770,\"height\":543},{\"@type\":\"BreadcrumbList\",\"@id\":\"https:\/\/www.notibras.com\/site\/bc-cria-roda-de-samba-com-crioulo-doido-e-o-bebado-e-a-equilibrista\/#breadcrumb\",\"itemListElement\":[{\"@type\":\"ListItem\",\"position\":1,\"name\":\"In\u00edcio\",\"item\":\"https:\/\/www.notibras.com\/site\/\"},{\"@type\":\"ListItem\",\"position\":2,\"name\":\"BC cria roda de samba com Crioulo Doido e O B\u00eabado e a Equilibrista\"}]},{\"@type\":\"WebSite\",\"@id\":\"https:\/\/www.notibras.com\/site\/#website\",\"url\":\"https:\/\/www.notibras.com\/site\/\",\"name\":\"Notibras\",\"description\":\"Not\u00edcias de Bras\u00edlia, do Brasil e do Mundo\",\"publisher\":{\"@id\":\"https:\/\/www.notibras.com\/site\/#organization\"},\"potentialAction\":[{\"@type\":\"SearchAction\",\"target\":{\"@type\":\"EntryPoint\",\"urlTemplate\":\"https:\/\/www.notibras.com\/site\/?s={search_term_string}\"},\"query-input\":{\"@type\":\"PropertyValueSpecification\",\"valueRequired\":true,\"valueName\":\"search_term_string\"}}],\"inLanguage\":\"pt-BR\"},{\"@type\":\"Organization\",\"@id\":\"https:\/\/www.notibras.com\/site\/#organization\",\"name\":\"Grupo Notibras de Comunica\u00e7\u00e3o\",\"url\":\"https:\/\/www.notibras.com\/site\/\",\"logo\":{\"@type\":\"ImageObject\",\"inLanguage\":\"pt-BR\",\"@id\":\"https:\/\/www.notibras.com\/site\/#\/schema\/logo\/image\/\",\"url\":\"https:\/\/www.notibras.com\/site\/wp-content\/uploads\/2023\/01\/notibras23.png\",\"contentUrl\":\"https:\/\/www.notibras.com\/site\/wp-content\/uploads\/2023\/01\/notibras23.png\",\"width\":350,\"height\":87,\"caption\":\"Grupo Notibras de Comunica\u00e7\u00e3o\"},\"image\":{\"@id\":\"https:\/\/www.notibras.com\/site\/#\/schema\/logo\/image\/\"},\"sameAs\":[\"https:\/\/www.facebook.com\/notibras\/\",\"https:\/\/x.com\/Notibras\",\"https:\/\/www.instagram.com\/notibras\/\"]},{\"@type\":\"Person\",\"@id\":\"https:\/\/www.notibras.com\/site\/#\/schema\/person\/36ab0979449956132d3e5b517ea76ac8\",\"name\":\"Reda\u00e7\u00e3o\",\"image\":{\"@type\":\"ImageObject\",\"inLanguage\":\"pt-BR\",\"@id\":\"https:\/\/secure.gravatar.com\/avatar\/e0a867bdedb85fd243eadf09663511f96fc81e0720a4a42581f334ad4303aa6b?s=96&d=mm&r=g\",\"url\":\"https:\/\/secure.gravatar.com\/avatar\/e0a867bdedb85fd243eadf09663511f96fc81e0720a4a42581f334ad4303aa6b?s=96&d=mm&r=g\",\"contentUrl\":\"https:\/\/secure.gravatar.com\/avatar\/e0a867bdedb85fd243eadf09663511f96fc81e0720a4a42581f334ad4303aa6b?s=96&d=mm&r=g\",\"caption\":\"Reda\u00e7\u00e3o\"}}]}<\/script>\n<!-- \/ Yoast SEO plugin. -->","yoast_head_json":{"title":"BC cria roda de samba com Crioulo Doido e O B\u00eabado e a Equilibrista - Notibras","robots":{"index":"index","follow":"follow","max-snippet":"max-snippet:-1","max-image-preview":"max-image-preview:large","max-video-preview":"max-video-preview:-1"},"canonical":"https:\/\/www.notibras.com\/site\/bc-cria-roda-de-samba-com-crioulo-doido-e-o-bebado-e-a-equilibrista\/","og_locale":"pt_BR","og_type":"article","og_title":"BC cria roda de samba com Crioulo Doido e O B\u00eabado e a Equilibrista - Notibras","og_description":"Gabriel Gal\u00edpolo, presidente do Banco Central, anda praticando um esporte de alto risco. \u00c9 quando busca equilibrismo institucional sem rede. As \u00faltimas decis\u00f5es da autoridade monet\u00e1ria m\u00e1xima do pa\u00eds mais parecem um &#8216;Samba do Crioulo Doido&#8217; remixado com &#8216;O B\u00eabado e a Equilibrista&#8217;. A diferen\u00e7a \u00e9 que n\u00e3o tem a poesia de Aldir Blanc e [&hellip;]","og_url":"https:\/\/www.notibras.com\/site\/bc-cria-roda-de-samba-com-crioulo-doido-e-o-bebado-e-a-equilibrista\/","og_site_name":"Notibras","article_publisher":"https:\/\/www.facebook.com\/notibras\/","article_published_time":"2025-12-29T03:10:08+00:00","og_image":[{"width":770,"height":543,"url":"https:\/\/www.notibras.com\/site\/wp-content\/uploads\/2025\/12\/0d9a9240.webp","type":"image\/webp"}],"author":"Reda\u00e7\u00e3o","twitter_card":"summary_large_image","twitter_creator":"@Notibras","twitter_site":"@Notibras","twitter_misc":{"Escrito por":"Reda\u00e7\u00e3o","Est. tempo de leitura":"2 minutos"},"schema":{"@context":"https:\/\/schema.org","@graph":[{"@type":"Article","@id":"https:\/\/www.notibras.com\/site\/bc-cria-roda-de-samba-com-crioulo-doido-e-o-bebado-e-a-equilibrista\/#article","isPartOf":{"@id":"https:\/\/www.notibras.com\/site\/bc-cria-roda-de-samba-com-crioulo-doido-e-o-bebado-e-a-equilibrista\/"},"author":{"name":"Reda\u00e7\u00e3o","@id":"https:\/\/www.notibras.com\/site\/#\/schema\/person\/36ab0979449956132d3e5b517ea76ac8"},"headline":"BC cria roda de samba com Crioulo Doido e O B\u00eabado e a Equilibrista","datePublished":"2025-12-29T03:10:08+00:00","mainEntityOfPage":{"@id":"https:\/\/www.notibras.com\/site\/bc-cria-roda-de-samba-com-crioulo-doido-e-o-bebado-e-a-equilibrista\/"},"wordCount":354,"publisher":{"@id":"https:\/\/www.notibras.com\/site\/#organization"},"image":{"@id":"https:\/\/www.notibras.com\/site\/bc-cria-roda-de-samba-com-crioulo-doido-e-o-bebado-e-a-equilibrista\/#primaryimage"},"thumbnailUrl":"https:\/\/www.notibras.com\/site\/wp-content\/uploads\/2025\/12\/0d9a9240.webp","keywords":["capa"],"articleSection":["Brasil"],"inLanguage":"pt-BR"},{"@type":"WebPage","@id":"https:\/\/www.notibras.com\/site\/bc-cria-roda-de-samba-com-crioulo-doido-e-o-bebado-e-a-equilibrista\/","url":"https:\/\/www.notibras.com\/site\/bc-cria-roda-de-samba-com-crioulo-doido-e-o-bebado-e-a-equilibrista\/","name":"BC cria roda de samba com Crioulo Doido e O B\u00eabado e a Equilibrista - Notibras","isPartOf":{"@id":"https:\/\/www.notibras.com\/site\/#website"},"primaryImageOfPage":{"@id":"https:\/\/www.notibras.com\/site\/bc-cria-roda-de-samba-com-crioulo-doido-e-o-bebado-e-a-equilibrista\/#primaryimage"},"image":{"@id":"https:\/\/www.notibras.com\/site\/bc-cria-roda-de-samba-com-crioulo-doido-e-o-bebado-e-a-equilibrista\/#primaryimage"},"thumbnailUrl":"https:\/\/www.notibras.com\/site\/wp-content\/uploads\/2025\/12\/0d9a9240.webp","datePublished":"2025-12-29T03:10:08+00:00","breadcrumb":{"@id":"https:\/\/www.notibras.com\/site\/bc-cria-roda-de-samba-com-crioulo-doido-e-o-bebado-e-a-equilibrista\/#breadcrumb"},"inLanguage":"pt-BR","potentialAction":[{"@type":"ReadAction","target":["https:\/\/www.notibras.com\/site\/bc-cria-roda-de-samba-com-crioulo-doido-e-o-bebado-e-a-equilibrista\/"]}]},{"@type":"ImageObject","inLanguage":"pt-BR","@id":"https:\/\/www.notibras.com\/site\/bc-cria-roda-de-samba-com-crioulo-doido-e-o-bebado-e-a-equilibrista\/#primaryimage","url":"https:\/\/www.notibras.com\/site\/wp-content\/uploads\/2025\/12\/0d9a9240.webp","contentUrl":"https:\/\/www.notibras.com\/site\/wp-content\/uploads\/2025\/12\/0d9a9240.webp","width":770,"height":543},{"@type":"BreadcrumbList","@id":"https:\/\/www.notibras.com\/site\/bc-cria-roda-de-samba-com-crioulo-doido-e-o-bebado-e-a-equilibrista\/#breadcrumb","itemListElement":[{"@type":"ListItem","position":1,"name":"In\u00edcio","item":"https:\/\/www.notibras.com\/site\/"},{"@type":"ListItem","position":2,"name":"BC cria roda de samba com Crioulo Doido e O B\u00eabado e a Equilibrista"}]},{"@type":"WebSite","@id":"https:\/\/www.notibras.com\/site\/#website","url":"https:\/\/www.notibras.com\/site\/","name":"Notibras","description":"Not\u00edcias de Bras\u00edlia, do Brasil e do Mundo","publisher":{"@id":"https:\/\/www.notibras.com\/site\/#organization"},"potentialAction":[{"@type":"SearchAction","target":{"@type":"EntryPoint","urlTemplate":"https:\/\/www.notibras.com\/site\/?s={search_term_string}"},"query-input":{"@type":"PropertyValueSpecification","valueRequired":true,"valueName":"search_term_string"}}],"inLanguage":"pt-BR"},{"@type":"Organization","@id":"https:\/\/www.notibras.com\/site\/#organization","name":"Grupo Notibras de Comunica\u00e7\u00e3o","url":"https:\/\/www.notibras.com\/site\/","logo":{"@type":"ImageObject","inLanguage":"pt-BR","@id":"https:\/\/www.notibras.com\/site\/#\/schema\/logo\/image\/","url":"https:\/\/www.notibras.com\/site\/wp-content\/uploads\/2023\/01\/notibras23.png","contentUrl":"https:\/\/www.notibras.com\/site\/wp-content\/uploads\/2023\/01\/notibras23.png","width":350,"height":87,"caption":"Grupo Notibras de Comunica\u00e7\u00e3o"},"image":{"@id":"https:\/\/www.notibras.com\/site\/#\/schema\/logo\/image\/"},"sameAs":["https:\/\/www.facebook.com\/notibras\/","https:\/\/x.com\/Notibras","https:\/\/www.instagram.com\/notibras\/"]},{"@type":"Person","@id":"https:\/\/www.notibras.com\/site\/#\/schema\/person\/36ab0979449956132d3e5b517ea76ac8","name":"Reda\u00e7\u00e3o","image":{"@type":"ImageObject","inLanguage":"pt-BR","@id":"https:\/\/secure.gravatar.com\/avatar\/e0a867bdedb85fd243eadf09663511f96fc81e0720a4a42581f334ad4303aa6b?s=96&d=mm&r=g","url":"https:\/\/secure.gravatar.com\/avatar\/e0a867bdedb85fd243eadf09663511f96fc81e0720a4a42581f334ad4303aa6b?s=96&d=mm&r=g","contentUrl":"https:\/\/secure.gravatar.com\/avatar\/e0a867bdedb85fd243eadf09663511f96fc81e0720a4a42581f334ad4303aa6b?s=96&d=mm&r=g","caption":"Reda\u00e7\u00e3o"}}]}},"amp_enabled":true,"_links":{"self":[{"href":"https:\/\/www.notibras.com\/site\/wp-json\/wp\/v2\/posts\/376754","targetHints":{"allow":["GET"]}}],"collection":[{"href":"https:\/\/www.notibras.com\/site\/wp-json\/wp\/v2\/posts"}],"about":[{"href":"https:\/\/www.notibras.com\/site\/wp-json\/wp\/v2\/types\/post"}],"author":[{"embeddable":true,"href":"https:\/\/www.notibras.com\/site\/wp-json\/wp\/v2\/users\/2"}],"replies":[{"embeddable":true,"href":"https:\/\/www.notibras.com\/site\/wp-json\/wp\/v2\/comments?post=376754"}],"version-history":[{"count":1,"href":"https:\/\/www.notibras.com\/site\/wp-json\/wp\/v2\/posts\/376754\/revisions"}],"predecessor-version":[{"id":376756,"href":"https:\/\/www.notibras.com\/site\/wp-json\/wp\/v2\/posts\/376754\/revisions\/376756"}],"wp:featuredmedia":[{"embeddable":true,"href":"https:\/\/www.notibras.com\/site\/wp-json\/wp\/v2\/media\/376755"}],"wp:attachment":[{"href":"https:\/\/www.notibras.com\/site\/wp-json\/wp\/v2\/media?parent=376754"}],"wp:term":[{"taxonomy":"category","embeddable":true,"href":"https:\/\/www.notibras.com\/site\/wp-json\/wp\/v2\/categories?post=376754"},{"taxonomy":"post_tag","embeddable":true,"href":"https:\/\/www.notibras.com\/site\/wp-json\/wp\/v2\/tags?post=376754"}],"curies":[{"name":"wp","href":"https:\/\/api.w.org\/{rel}","templated":true}]}}