{"id":376762,"date":"2025-12-29T02:15:35","date_gmt":"2025-12-29T05:15:35","guid":{"rendered":"https:\/\/www.notibras.com\/site\/?p=376762"},"modified":"2025-12-29T00:04:17","modified_gmt":"2025-12-29T03:04:17","slug":"apoiada-por-ibaneis-rocha-celina-leao-lidera-pesquisa-de-intencoes-de-votos","status":"publish","type":"post","link":"https:\/\/www.notibras.com\/site\/apoiada-por-ibaneis-rocha-celina-leao-lidera-pesquisa-de-intencoes-de-votos\/","title":{"rendered":"Apoiada por Ibaneis Rocha, Celina Le\u00e3o lidera pesquisa de inten\u00e7\u00f5es de votos"},"content":{"rendered":"<p>Tenho a impress\u00e3o de que, entre os pr\u00e9-candidatos ao Buriti, apenas Celina Le\u00e3o ir\u00e1 abrir um espumante e comemorar na virada de ano. Enquanto os demais lidam com incertezas, disputas internas e altos \u00edndices de rejei\u00e7\u00e3o, Celina aparece hoje como a figura mais confort\u00e1vel no tabuleiro eleitoral do Distrito Federal.<\/p>\n<p>A pesquisa Marca (TSE MG-04370\/2024), divulgada h\u00e1 poucos dias, ajuda a explicar esse cen\u00e1rio. Vice-governadora e sucessora natural de Ibaneis Rocha, Celina lidera com folga as inten\u00e7\u00f5es de voto. No cen\u00e1rio estimulado, ela alcan\u00e7a 39% das inten\u00e7\u00f5es, mais que o dobro do segundo colocado. Quanto ao \u00edndice de rejei\u00e7\u00e3o, um dado decisivo em elei\u00e7\u00f5es majorit\u00e1rias, Celina tamb\u00e9m aparece em posi\u00e7\u00e3o relativamente tranquila.<\/p>\n<p style=\"text-align: center;\"><img loading=\"lazy\" decoding=\"async\" class=\"alignnone wp-image-376763\" src=\"https:\/\/www.notibras.com\/site\/wp-content\/uploads\/2025\/12\/WhatsApp-Image-2025-12-28-at-22.46.09-300x169.jpeg\" alt=\"\" width=\"406\" height=\"229\" srcset=\"https:\/\/www.notibras.com\/site\/wp-content\/uploads\/2025\/12\/WhatsApp-Image-2025-12-28-at-22.46.09-300x169.jpeg 300w, https:\/\/www.notibras.com\/site\/wp-content\/uploads\/2025\/12\/WhatsApp-Image-2025-12-28-at-22.46.09-1024x579.jpeg 1024w, https:\/\/www.notibras.com\/site\/wp-content\/uploads\/2025\/12\/WhatsApp-Image-2025-12-28-at-22.46.09-768x434.jpeg 768w, https:\/\/www.notibras.com\/site\/wp-content\/uploads\/2025\/12\/WhatsApp-Image-2025-12-28-at-22.46.09.jpeg 1039w\" sizes=\"auto, (max-width: 406px) 100vw, 406px\" \/><\/p>\n<p>O segundo lugar, ocupado por Jos\u00e9 Roberto Arruda, com 19% das inten\u00e7\u00f5es de voto, vem acompanhado de um peso dif\u00edcil de ignorar: a forte rejei\u00e7\u00e3o junto ao eleitorado brasiliense. E isso faz toda a diferen\u00e7a. N\u00e3o basta pontuar bem; \u00e9 preciso tamb\u00e9m n\u00e3o ser amplamente rejeitado, algo que Celina, ao menos por ora, consegue administrar melhor que seus advers\u00e1rios.<\/p>\n<p style=\"text-align: center;\"><img loading=\"lazy\" decoding=\"async\" class=\"alignnone wp-image-376764\" src=\"https:\/\/www.notibras.com\/site\/wp-content\/uploads\/2025\/12\/WhatsApp-Image-2025-12-28-at-22.46.37-300x171.jpeg\" alt=\"\" width=\"404\" height=\"230\" srcset=\"https:\/\/www.notibras.com\/site\/wp-content\/uploads\/2025\/12\/WhatsApp-Image-2025-12-28-at-22.46.37-300x171.jpeg 300w, https:\/\/www.notibras.com\/site\/wp-content\/uploads\/2025\/12\/WhatsApp-Image-2025-12-28-at-22.46.37-1024x583.jpeg 1024w, https:\/\/www.notibras.com\/site\/wp-content\/uploads\/2025\/12\/WhatsApp-Image-2025-12-28-at-22.46.37-768x438.jpeg 768w, https:\/\/www.notibras.com\/site\/wp-content\/uploads\/2025\/12\/WhatsApp-Image-2025-12-28-at-22.46.37.jpeg 1039w\" sizes=\"auto, (max-width: 404px) 100vw, 404px\" \/><\/p>\n<p>Ali\u00e1s, quando se projeta um cen\u00e1rio sem Arruda, o caminho de Celina parece ainda mais tranquilo, inclusive com possibilidade de ser eleita no primeiro turno. Quanto a Arruda, apesar de estar afastado da pol\u00edtica h\u00e1 mais de uma d\u00e9cada, fica claro que a popula\u00e7\u00e3o do DF n\u00e3o esqueceu os esc\u00e2ndalos que marcaram a trajet\u00f3ria do ex-governador. A mem\u00f3ria pol\u00edtica do eleitor, ao contr\u00e1rio do que muitos acreditam, n\u00e3o \u00e9 t\u00e3o curta assim.<\/p>\n<p style=\"text-align: center;\"><img loading=\"lazy\" decoding=\"async\" class=\"alignnone wp-image-376765\" src=\"https:\/\/www.notibras.com\/site\/wp-content\/uploads\/2025\/12\/WhatsApp-Image-2025-12-28-at-22.47.13-300x169.jpeg\" alt=\"\" width=\"403\" height=\"227\" srcset=\"https:\/\/www.notibras.com\/site\/wp-content\/uploads\/2025\/12\/WhatsApp-Image-2025-12-28-at-22.47.13-300x169.jpeg 300w, https:\/\/www.notibras.com\/site\/wp-content\/uploads\/2025\/12\/WhatsApp-Image-2025-12-28-at-22.47.13-1024x576.jpeg 1024w, https:\/\/www.notibras.com\/site\/wp-content\/uploads\/2025\/12\/WhatsApp-Image-2025-12-28-at-22.47.13-768x432.jpeg 768w, https:\/\/www.notibras.com\/site\/wp-content\/uploads\/2025\/12\/WhatsApp-Image-2025-12-28-at-22.47.13.jpeg 1047w\" sizes=\"auto, (max-width: 403px) 100vw, 403px\" \/><\/p>\n<p>Apesar disso, \u00e9 preciso cautela. Falta muito para o pleito, e a pol\u00edtica \u00e9 din\u00e2mica por natureza. Rejei\u00e7\u00f5es altas podem ser atenuadas, dependendo das circunst\u00e2ncias, da narrativa constru\u00edda e do contexto eleitoral. Arruda \u00e9 um pol\u00edtico experiente, conhece bem os atalhos e armadilhas do jogo e sabe exatamente quais movimentos podem ser feitos para tentar reverter as situa\u00e7\u00f5es mais adversas.<\/p>\n<p>Mas, olhando o cen\u00e1rio de agora, n\u00e3o parece exagero dizer que, entre todos os nomes postos, Celina Le\u00e3o \u00e9 quem chega ao fim do ano em posi\u00e7\u00e3o mais confort\u00e1vel.<\/p>\n","protected":false},"excerpt":{"rendered":"<p>Tenho a impress\u00e3o de que, entre os pr\u00e9-candidatos ao Buriti, apenas Celina Le\u00e3o ir\u00e1 abrir um espumante e comemorar na virada de ano. Enquanto os demais lidam com incertezas, disputas internas e altos \u00edndices de rejei\u00e7\u00e3o, Celina aparece hoje como a figura mais confort\u00e1vel no tabuleiro eleitoral do Distrito Federal. A pesquisa Marca (TSE MG-04370\/2024), [&hellip;]<\/p>\n","protected":false},"author":21,"featured_media":376768,"comment_status":"closed","ping_status":"closed","sticky":false,"template":"","format":"standard","meta":{"_acf_changed":false,"footnotes":""},"categories":[235],"tags":[],"class_list":["post-376762","post","type-post","status-publish","format-standard","has-post-thumbnail","hentry","category-dona-irene"],"acf":[],"yoast_head":"<!-- This site is optimized with the Yoast SEO plugin v27.2 - https:\/\/yoast.com\/product\/yoast-seo-wordpress\/ -->\n<title>Apoiada por Ibaneis Rocha, Celina Le\u00e3o lidera pesquisa de inten\u00e7\u00f5es de votos - Notibras<\/title>\n<meta name=\"robots\" content=\"index, follow, max-snippet:-1, max-image-preview:large, max-video-preview:-1\" \/>\n<link rel=\"canonical\" href=\"https:\/\/www.notibras.com\/site\/apoiada-por-ibaneis-rocha-celina-leao-lidera-pesquisa-de-intencoes-de-votos\/\" \/>\n<meta property=\"og:locale\" content=\"pt_BR\" \/>\n<meta property=\"og:type\" content=\"article\" \/>\n<meta property=\"og:title\" content=\"Apoiada por Ibaneis Rocha, Celina Le\u00e3o lidera pesquisa de inten\u00e7\u00f5es de votos - Notibras\" \/>\n<meta property=\"og:description\" content=\"Tenho a impress\u00e3o de que, entre os pr\u00e9-candidatos ao Buriti, apenas Celina Le\u00e3o ir\u00e1 abrir um espumante e comemorar na virada de ano. Enquanto os demais lidam com incertezas, disputas internas e altos \u00edndices de rejei\u00e7\u00e3o, Celina aparece hoje como a figura mais confort\u00e1vel no tabuleiro eleitoral do Distrito Federal. A pesquisa Marca (TSE MG-04370\/2024), [&hellip;]\" \/>\n<meta property=\"og:url\" content=\"https:\/\/www.notibras.com\/site\/apoiada-por-ibaneis-rocha-celina-leao-lidera-pesquisa-de-intencoes-de-votos\/\" \/>\n<meta property=\"og:site_name\" content=\"Notibras\" \/>\n<meta property=\"article:publisher\" content=\"https:\/\/www.facebook.com\/notibras\/\" \/>\n<meta property=\"article:published_time\" content=\"2025-12-29T05:15:35+00:00\" \/>\n<meta property=\"og:image\" content=\"https:\/\/www.notibras.com\/site\/wp-content\/uploads\/2025\/12\/28665738-ibaneis-rocha-celina-leao-ft-acervo-pessoal-1-1.jpeg\" \/>\n\t<meta property=\"og:image:width\" content=\"750\" \/>\n\t<meta property=\"og:image:height\" content=\"588\" \/>\n\t<meta property=\"og:image:type\" content=\"image\/jpeg\" \/>\n<meta name=\"author\" content=\"Eduardo Mart\u00ednez\" \/>\n<meta name=\"twitter:card\" content=\"summary_large_image\" \/>\n<meta name=\"twitter:creator\" content=\"@Notibras\" \/>\n<meta name=\"twitter:site\" content=\"@Notibras\" \/>\n<meta name=\"twitter:label1\" content=\"Escrito por\" \/>\n\t<meta name=\"twitter:data1\" content=\"Eduardo Mart\u00ednez\" \/>\n\t<meta name=\"twitter:label2\" content=\"Est. tempo de leitura\" \/>\n\t<meta name=\"twitter:data2\" content=\"3 minutos\" \/>\n<script type=\"application\/ld+json\" class=\"yoast-schema-graph\">{\"@context\":\"https:\/\/schema.org\",\"@graph\":[{\"@type\":\"Article\",\"@id\":\"https:\/\/www.notibras.com\/site\/apoiada-por-ibaneis-rocha-celina-leao-lidera-pesquisa-de-intencoes-de-votos\/#article\",\"isPartOf\":{\"@id\":\"https:\/\/www.notibras.com\/site\/apoiada-por-ibaneis-rocha-celina-leao-lidera-pesquisa-de-intencoes-de-votos\/\"},\"author\":{\"name\":\"Eduardo Mart\u00ednez\",\"@id\":\"https:\/\/www.notibras.com\/site\/#\/schema\/person\/5b7fabf2aedc3ada2105f03b22b4d3dd\"},\"headline\":\"Apoiada por Ibaneis Rocha, Celina Le\u00e3o lidera pesquisa de inten\u00e7\u00f5es de votos\",\"datePublished\":\"2025-12-29T05:15:35+00:00\",\"mainEntityOfPage\":{\"@id\":\"https:\/\/www.notibras.com\/site\/apoiada-por-ibaneis-rocha-celina-leao-lidera-pesquisa-de-intencoes-de-votos\/\"},\"wordCount\":386,\"publisher\":{\"@id\":\"https:\/\/www.notibras.com\/site\/#organization\"},\"image\":{\"@id\":\"https:\/\/www.notibras.com\/site\/apoiada-por-ibaneis-rocha-celina-leao-lidera-pesquisa-de-intencoes-de-votos\/#primaryimage\"},\"thumbnailUrl\":\"https:\/\/www.notibras.com\/site\/wp-content\/uploads\/2025\/12\/28665738-ibaneis-rocha-celina-leao-ft-acervo-pessoal-1-1.jpeg\",\"articleSection\":[\"Dona Irene\"],\"inLanguage\":\"pt-BR\"},{\"@type\":\"WebPage\",\"@id\":\"https:\/\/www.notibras.com\/site\/apoiada-por-ibaneis-rocha-celina-leao-lidera-pesquisa-de-intencoes-de-votos\/\",\"url\":\"https:\/\/www.notibras.com\/site\/apoiada-por-ibaneis-rocha-celina-leao-lidera-pesquisa-de-intencoes-de-votos\/\",\"name\":\"Apoiada por Ibaneis Rocha, Celina Le\u00e3o lidera pesquisa de inten\u00e7\u00f5es de votos - Notibras\",\"isPartOf\":{\"@id\":\"https:\/\/www.notibras.com\/site\/#website\"},\"primaryImageOfPage\":{\"@id\":\"https:\/\/www.notibras.com\/site\/apoiada-por-ibaneis-rocha-celina-leao-lidera-pesquisa-de-intencoes-de-votos\/#primaryimage\"},\"image\":{\"@id\":\"https:\/\/www.notibras.com\/site\/apoiada-por-ibaneis-rocha-celina-leao-lidera-pesquisa-de-intencoes-de-votos\/#primaryimage\"},\"thumbnailUrl\":\"https:\/\/www.notibras.com\/site\/wp-content\/uploads\/2025\/12\/28665738-ibaneis-rocha-celina-leao-ft-acervo-pessoal-1-1.jpeg\",\"datePublished\":\"2025-12-29T05:15:35+00:00\",\"breadcrumb\":{\"@id\":\"https:\/\/www.notibras.com\/site\/apoiada-por-ibaneis-rocha-celina-leao-lidera-pesquisa-de-intencoes-de-votos\/#breadcrumb\"},\"inLanguage\":\"pt-BR\",\"potentialAction\":[{\"@type\":\"ReadAction\",\"target\":[\"https:\/\/www.notibras.com\/site\/apoiada-por-ibaneis-rocha-celina-leao-lidera-pesquisa-de-intencoes-de-votos\/\"]}]},{\"@type\":\"ImageObject\",\"inLanguage\":\"pt-BR\",\"@id\":\"https:\/\/www.notibras.com\/site\/apoiada-por-ibaneis-rocha-celina-leao-lidera-pesquisa-de-intencoes-de-votos\/#primaryimage\",\"url\":\"https:\/\/www.notibras.com\/site\/wp-content\/uploads\/2025\/12\/28665738-ibaneis-rocha-celina-leao-ft-acervo-pessoal-1-1.jpeg\",\"contentUrl\":\"https:\/\/www.notibras.com\/site\/wp-content\/uploads\/2025\/12\/28665738-ibaneis-rocha-celina-leao-ft-acervo-pessoal-1-1.jpeg\",\"width\":750,\"height\":588},{\"@type\":\"BreadcrumbList\",\"@id\":\"https:\/\/www.notibras.com\/site\/apoiada-por-ibaneis-rocha-celina-leao-lidera-pesquisa-de-intencoes-de-votos\/#breadcrumb\",\"itemListElement\":[{\"@type\":\"ListItem\",\"position\":1,\"name\":\"In\u00edcio\",\"item\":\"https:\/\/www.notibras.com\/site\/\"},{\"@type\":\"ListItem\",\"position\":2,\"name\":\"Apoiada por Ibaneis Rocha, Celina Le\u00e3o lidera pesquisa de inten\u00e7\u00f5es de votos\"}]},{\"@type\":\"WebSite\",\"@id\":\"https:\/\/www.notibras.com\/site\/#website\",\"url\":\"https:\/\/www.notibras.com\/site\/\",\"name\":\"Notibras\",\"description\":\"Not\u00edcias de Bras\u00edlia, do Brasil e do Mundo\",\"publisher\":{\"@id\":\"https:\/\/www.notibras.com\/site\/#organization\"},\"potentialAction\":[{\"@type\":\"SearchAction\",\"target\":{\"@type\":\"EntryPoint\",\"urlTemplate\":\"https:\/\/www.notibras.com\/site\/?s={search_term_string}\"},\"query-input\":{\"@type\":\"PropertyValueSpecification\",\"valueRequired\":true,\"valueName\":\"search_term_string\"}}],\"inLanguage\":\"pt-BR\"},{\"@type\":\"Organization\",\"@id\":\"https:\/\/www.notibras.com\/site\/#organization\",\"name\":\"Grupo Notibras de Comunica\u00e7\u00e3o\",\"url\":\"https:\/\/www.notibras.com\/site\/\",\"logo\":{\"@type\":\"ImageObject\",\"inLanguage\":\"pt-BR\",\"@id\":\"https:\/\/www.notibras.com\/site\/#\/schema\/logo\/image\/\",\"url\":\"https:\/\/www.notibras.com\/site\/wp-content\/uploads\/2023\/01\/notibras23.png\",\"contentUrl\":\"https:\/\/www.notibras.com\/site\/wp-content\/uploads\/2023\/01\/notibras23.png\",\"width\":350,\"height\":87,\"caption\":\"Grupo Notibras de Comunica\u00e7\u00e3o\"},\"image\":{\"@id\":\"https:\/\/www.notibras.com\/site\/#\/schema\/logo\/image\/\"},\"sameAs\":[\"https:\/\/www.facebook.com\/notibras\/\",\"https:\/\/x.com\/Notibras\",\"https:\/\/www.instagram.com\/notibras\/\"]},{\"@type\":\"Person\",\"@id\":\"https:\/\/www.notibras.com\/site\/#\/schema\/person\/5b7fabf2aedc3ada2105f03b22b4d3dd\",\"name\":\"Eduardo Mart\u00ednez\",\"image\":{\"@type\":\"ImageObject\",\"inLanguage\":\"pt-BR\",\"@id\":\"https:\/\/secure.gravatar.com\/avatar\/7902f906289926289cbcda644b5197c796b893c6ffd7b9a536a42d290f7704a0?s=96&d=mm&r=g\",\"url\":\"https:\/\/secure.gravatar.com\/avatar\/7902f906289926289cbcda644b5197c796b893c6ffd7b9a536a42d290f7704a0?s=96&d=mm&r=g\",\"contentUrl\":\"https:\/\/secure.gravatar.com\/avatar\/7902f906289926289cbcda644b5197c796b893c6ffd7b9a536a42d290f7704a0?s=96&d=mm&r=g\",\"caption\":\"Eduardo Mart\u00ednez\"}}]}<\/script>\n<!-- \/ Yoast SEO plugin. -->","yoast_head_json":{"title":"Apoiada por Ibaneis Rocha, Celina Le\u00e3o lidera pesquisa de inten\u00e7\u00f5es de votos - Notibras","robots":{"index":"index","follow":"follow","max-snippet":"max-snippet:-1","max-image-preview":"max-image-preview:large","max-video-preview":"max-video-preview:-1"},"canonical":"https:\/\/www.notibras.com\/site\/apoiada-por-ibaneis-rocha-celina-leao-lidera-pesquisa-de-intencoes-de-votos\/","og_locale":"pt_BR","og_type":"article","og_title":"Apoiada por Ibaneis Rocha, Celina Le\u00e3o lidera pesquisa de inten\u00e7\u00f5es de votos - Notibras","og_description":"Tenho a impress\u00e3o de que, entre os pr\u00e9-candidatos ao Buriti, apenas Celina Le\u00e3o ir\u00e1 abrir um espumante e comemorar na virada de ano. Enquanto os demais lidam com incertezas, disputas internas e altos \u00edndices de rejei\u00e7\u00e3o, Celina aparece hoje como a figura mais confort\u00e1vel no tabuleiro eleitoral do Distrito Federal. A pesquisa Marca (TSE MG-04370\/2024), [&hellip;]","og_url":"https:\/\/www.notibras.com\/site\/apoiada-por-ibaneis-rocha-celina-leao-lidera-pesquisa-de-intencoes-de-votos\/","og_site_name":"Notibras","article_publisher":"https:\/\/www.facebook.com\/notibras\/","article_published_time":"2025-12-29T05:15:35+00:00","og_image":[{"width":750,"height":588,"url":"https:\/\/www.notibras.com\/site\/wp-content\/uploads\/2025\/12\/28665738-ibaneis-rocha-celina-leao-ft-acervo-pessoal-1-1.jpeg","type":"image\/jpeg"}],"author":"Eduardo Mart\u00ednez","twitter_card":"summary_large_image","twitter_creator":"@Notibras","twitter_site":"@Notibras","twitter_misc":{"Escrito por":"Eduardo Mart\u00ednez","Est. tempo de leitura":"3 minutos"},"schema":{"@context":"https:\/\/schema.org","@graph":[{"@type":"Article","@id":"https:\/\/www.notibras.com\/site\/apoiada-por-ibaneis-rocha-celina-leao-lidera-pesquisa-de-intencoes-de-votos\/#article","isPartOf":{"@id":"https:\/\/www.notibras.com\/site\/apoiada-por-ibaneis-rocha-celina-leao-lidera-pesquisa-de-intencoes-de-votos\/"},"author":{"name":"Eduardo Mart\u00ednez","@id":"https:\/\/www.notibras.com\/site\/#\/schema\/person\/5b7fabf2aedc3ada2105f03b22b4d3dd"},"headline":"Apoiada por Ibaneis Rocha, Celina Le\u00e3o lidera pesquisa de inten\u00e7\u00f5es de votos","datePublished":"2025-12-29T05:15:35+00:00","mainEntityOfPage":{"@id":"https:\/\/www.notibras.com\/site\/apoiada-por-ibaneis-rocha-celina-leao-lidera-pesquisa-de-intencoes-de-votos\/"},"wordCount":386,"publisher":{"@id":"https:\/\/www.notibras.com\/site\/#organization"},"image":{"@id":"https:\/\/www.notibras.com\/site\/apoiada-por-ibaneis-rocha-celina-leao-lidera-pesquisa-de-intencoes-de-votos\/#primaryimage"},"thumbnailUrl":"https:\/\/www.notibras.com\/site\/wp-content\/uploads\/2025\/12\/28665738-ibaneis-rocha-celina-leao-ft-acervo-pessoal-1-1.jpeg","articleSection":["Dona Irene"],"inLanguage":"pt-BR"},{"@type":"WebPage","@id":"https:\/\/www.notibras.com\/site\/apoiada-por-ibaneis-rocha-celina-leao-lidera-pesquisa-de-intencoes-de-votos\/","url":"https:\/\/www.notibras.com\/site\/apoiada-por-ibaneis-rocha-celina-leao-lidera-pesquisa-de-intencoes-de-votos\/","name":"Apoiada por Ibaneis Rocha, Celina Le\u00e3o lidera pesquisa de inten\u00e7\u00f5es de votos - Notibras","isPartOf":{"@id":"https:\/\/www.notibras.com\/site\/#website"},"primaryImageOfPage":{"@id":"https:\/\/www.notibras.com\/site\/apoiada-por-ibaneis-rocha-celina-leao-lidera-pesquisa-de-intencoes-de-votos\/#primaryimage"},"image":{"@id":"https:\/\/www.notibras.com\/site\/apoiada-por-ibaneis-rocha-celina-leao-lidera-pesquisa-de-intencoes-de-votos\/#primaryimage"},"thumbnailUrl":"https:\/\/www.notibras.com\/site\/wp-content\/uploads\/2025\/12\/28665738-ibaneis-rocha-celina-leao-ft-acervo-pessoal-1-1.jpeg","datePublished":"2025-12-29T05:15:35+00:00","breadcrumb":{"@id":"https:\/\/www.notibras.com\/site\/apoiada-por-ibaneis-rocha-celina-leao-lidera-pesquisa-de-intencoes-de-votos\/#breadcrumb"},"inLanguage":"pt-BR","potentialAction":[{"@type":"ReadAction","target":["https:\/\/www.notibras.com\/site\/apoiada-por-ibaneis-rocha-celina-leao-lidera-pesquisa-de-intencoes-de-votos\/"]}]},{"@type":"ImageObject","inLanguage":"pt-BR","@id":"https:\/\/www.notibras.com\/site\/apoiada-por-ibaneis-rocha-celina-leao-lidera-pesquisa-de-intencoes-de-votos\/#primaryimage","url":"https:\/\/www.notibras.com\/site\/wp-content\/uploads\/2025\/12\/28665738-ibaneis-rocha-celina-leao-ft-acervo-pessoal-1-1.jpeg","contentUrl":"https:\/\/www.notibras.com\/site\/wp-content\/uploads\/2025\/12\/28665738-ibaneis-rocha-celina-leao-ft-acervo-pessoal-1-1.jpeg","width":750,"height":588},{"@type":"BreadcrumbList","@id":"https:\/\/www.notibras.com\/site\/apoiada-por-ibaneis-rocha-celina-leao-lidera-pesquisa-de-intencoes-de-votos\/#breadcrumb","itemListElement":[{"@type":"ListItem","position":1,"name":"In\u00edcio","item":"https:\/\/www.notibras.com\/site\/"},{"@type":"ListItem","position":2,"name":"Apoiada por Ibaneis Rocha, Celina Le\u00e3o lidera pesquisa de inten\u00e7\u00f5es de votos"}]},{"@type":"WebSite","@id":"https:\/\/www.notibras.com\/site\/#website","url":"https:\/\/www.notibras.com\/site\/","name":"Notibras","description":"Not\u00edcias de Bras\u00edlia, do Brasil e do Mundo","publisher":{"@id":"https:\/\/www.notibras.com\/site\/#organization"},"potentialAction":[{"@type":"SearchAction","target":{"@type":"EntryPoint","urlTemplate":"https:\/\/www.notibras.com\/site\/?s={search_term_string}"},"query-input":{"@type":"PropertyValueSpecification","valueRequired":true,"valueName":"search_term_string"}}],"inLanguage":"pt-BR"},{"@type":"Organization","@id":"https:\/\/www.notibras.com\/site\/#organization","name":"Grupo Notibras de Comunica\u00e7\u00e3o","url":"https:\/\/www.notibras.com\/site\/","logo":{"@type":"ImageObject","inLanguage":"pt-BR","@id":"https:\/\/www.notibras.com\/site\/#\/schema\/logo\/image\/","url":"https:\/\/www.notibras.com\/site\/wp-content\/uploads\/2023\/01\/notibras23.png","contentUrl":"https:\/\/www.notibras.com\/site\/wp-content\/uploads\/2023\/01\/notibras23.png","width":350,"height":87,"caption":"Grupo Notibras de Comunica\u00e7\u00e3o"},"image":{"@id":"https:\/\/www.notibras.com\/site\/#\/schema\/logo\/image\/"},"sameAs":["https:\/\/www.facebook.com\/notibras\/","https:\/\/x.com\/Notibras","https:\/\/www.instagram.com\/notibras\/"]},{"@type":"Person","@id":"https:\/\/www.notibras.com\/site\/#\/schema\/person\/5b7fabf2aedc3ada2105f03b22b4d3dd","name":"Eduardo Mart\u00ednez","image":{"@type":"ImageObject","inLanguage":"pt-BR","@id":"https:\/\/secure.gravatar.com\/avatar\/7902f906289926289cbcda644b5197c796b893c6ffd7b9a536a42d290f7704a0?s=96&d=mm&r=g","url":"https:\/\/secure.gravatar.com\/avatar\/7902f906289926289cbcda644b5197c796b893c6ffd7b9a536a42d290f7704a0?s=96&d=mm&r=g","contentUrl":"https:\/\/secure.gravatar.com\/avatar\/7902f906289926289cbcda644b5197c796b893c6ffd7b9a536a42d290f7704a0?s=96&d=mm&r=g","caption":"Eduardo Mart\u00ednez"}}]}},"amp_enabled":true,"_links":{"self":[{"href":"https:\/\/www.notibras.com\/site\/wp-json\/wp\/v2\/posts\/376762","targetHints":{"allow":["GET"]}}],"collection":[{"href":"https:\/\/www.notibras.com\/site\/wp-json\/wp\/v2\/posts"}],"about":[{"href":"https:\/\/www.notibras.com\/site\/wp-json\/wp\/v2\/types\/post"}],"author":[{"embeddable":true,"href":"https:\/\/www.notibras.com\/site\/wp-json\/wp\/v2\/users\/21"}],"replies":[{"embeddable":true,"href":"https:\/\/www.notibras.com\/site\/wp-json\/wp\/v2\/comments?post=376762"}],"version-history":[{"count":4,"href":"https:\/\/www.notibras.com\/site\/wp-json\/wp\/v2\/posts\/376762\/revisions"}],"predecessor-version":[{"id":376770,"href":"https:\/\/www.notibras.com\/site\/wp-json\/wp\/v2\/posts\/376762\/revisions\/376770"}],"wp:featuredmedia":[{"embeddable":true,"href":"https:\/\/www.notibras.com\/site\/wp-json\/wp\/v2\/media\/376768"}],"wp:attachment":[{"href":"https:\/\/www.notibras.com\/site\/wp-json\/wp\/v2\/media?parent=376762"}],"wp:term":[{"taxonomy":"category","embeddable":true,"href":"https:\/\/www.notibras.com\/site\/wp-json\/wp\/v2\/categories?post=376762"},{"taxonomy":"post_tag","embeddable":true,"href":"https:\/\/www.notibras.com\/site\/wp-json\/wp\/v2\/tags?post=376762"}],"curies":[{"name":"wp","href":"https:\/\/api.w.org\/{rel}","templated":true}]}}