{"id":37678,"date":"2015-02-20T16:17:04","date_gmt":"2015-02-20T19:17:04","guid":{"rendered":"http:\/\/www.notibras.com\/site\/?p=37678"},"modified":"2015-02-21T12:12:31","modified_gmt":"2015-02-21T15:12:31","slug":"policia-caca-trio-que-matou-familia-em-disputa-de-terra-no-para","status":"publish","type":"post","link":"https:\/\/www.notibras.com\/site\/policia-caca-trio-que-matou-familia-em-disputa-de-terra-no-para\/","title":{"rendered":"Pol\u00edcia ca\u00e7a trio que matou fam\u00edlia em briga por fazenda"},"content":{"rendered":"<div class=\"content\">\n<p>A Policia Civil do Par\u00e1 busca tr\u00eas suspeitos de participa\u00e7\u00e3o no assassinato de seis pessoas da mesma fam\u00edlia, a golpes de foice \u2013 entre elas uma crian\u00e7a de 10 anos e tr\u00eas adolescentes com idade entre 13 e 15 anos \u2013, na madrugada da ter\u00e7a-feira (17). A chacina ocorrida na zona rural da divisa entre os munic\u00edpios de Reden\u00e7\u00e3o e Concei\u00e7\u00e3o do Araguaia, a cerca de 1,1 mil quil\u00f4metros de Bel\u00e9m, capital do estado, e teria sido motivada por disputa de terra.<\/p>\n<p>Ap\u00f3s prender um suspeito de ter colaborado com os criminosos, desde ter\u00e7a-feira (17) os policiais fazem buscas na regi\u00e3o, de mata e igarap\u00e9s, para tentar cumprir os mandados de pris\u00e3o expedidos contra Dinho Santos, apontando como mandante do crime e ex-dono do terreno, e os irm\u00e3os identificados como Tonho e Jonhe, suspeitos de terem executado a chacina.<\/p>\n<p>De acordo com a pol\u00edcia, o antigo propriet\u00e1rio do lote localizado na Fazenda Estiva, em processo de desapropria\u00e7\u00e3o pelo Instituto Nacional de Coloniza\u00e7\u00e3o e Reforma Agr\u00e1ria (Incra) desde 2012, n\u00e3o aceitava perder a terra. Ele teria contratado dois capangas para retirar a fam\u00edlia do local. A pol\u00edcia n\u00e3o conseguiu esclarecer, ainda, porque a fam\u00edlia foi brutalmente assassinada em vez de ter sido expulsa do local.<\/p>\n<blockquote><p>Segundo as investiga\u00e7\u00f5es, os suspeitos de executarem a fam\u00edlia viviam pela cidade e desapareceram logo ap\u00f3s o crime. As v\u00edtimas moravam no lote, em um barraco de madeira, a cerca de duas semanas. De acordo com as investiga\u00e7\u00f5es, os suspeitos teriam invadido a casa, amarrado a fam\u00edlia e depois levado as v\u00edtimas para a mata pr\u00f3xima a um igarap\u00e9, onde executaram as v\u00edtimas. Preliminarmente, apenas o agricultor Washington da Silva, de 40 anos, tinha marcas de tiro pelo corpo.<\/p><\/blockquote>\n<p>Os corpos foram encontrados na madrugada de ter\u00e7a-feira (17) depois que agricultores da regi\u00e3o informaram a Pol\u00edcia Militar sobre o desaparecimento das seis pessoas. Os militares foram ao lote e encontraram o local abandonado. Ao iniciar as buscas, localizaram o corpo da agricultora Leidiane Soares, de 30 anos, com as m\u00e3os amarradas, na margem de um igarap\u00e9. Em seguida, os demais corpos foram localizados com o aux\u00edlio de homens do Corpo de Bombeiros.<\/p>\n<p>Em nota, o ouvidor Agr\u00e1rio Nacional e presidente da Comiss\u00e3o Nacional de Combate \u00e0 Viol\u00eancia no Campo, Gercino Jos\u00e9 da Silva Filho, repudiou o ato de viol\u00eancia e convocou, para o dia 4 de mar\u00e7o, reuni\u00e3o da comiss\u00e3o para tratar do assunto.<\/p>\n<p>\u201cA ouvidoria reitera que ir\u00e1 atuar em todas as inst\u00e2ncias necess\u00e1rias para que os respons\u00e1veis pelo ato criminoso, hediondo, sejam punidos na forma da lei\u201d, diz o trecho da nota divulgada pelo \u00f3rg\u00e3o. A comiss\u00e3o \u00e9 composta por representantes do Minist\u00e9rio P\u00fablico Federal, da Pol\u00edcia Federal, dos minist\u00e9rios da Justi\u00e7a, do Meio Ambiente, da Secretaria de Direitos Humanos, da Defensoria P\u00fablica da Uni\u00e3o, do Conselho Nacional de Procuradores Gerais, da Secretaria de Pol\u00edticas de Promo\u00e7\u00e3o da Igualdade Racial, da Ordem dos Advogados do Brasil (OAB) e do Incra.<\/p>\n<blockquote><p>De acordo com o Incra, a Fazenda Estiva, de propriedade de Ricardo Rocha Lima Paranhos, com \u00e1rea de 2.830 hectares, foi declarada de interesse social para fins de reforma agr\u00e1ria em 22 de dezembro de 2010. O valor da \u00e1rea, com as benfeitorias, foi calculado em R$ 5,6 milh\u00f5es.<\/p><\/blockquote>\n<p>Em 17 de dezembro de 2012, o Incra protocolou a\u00e7\u00e3o de desapropria\u00e7\u00e3o na Justi\u00e7a Federal da Subse\u00e7\u00e3o Judici\u00e1ria do munic\u00edpio de Reden\u00e7\u00e3o. Passados dois anos, ainda segundo o Incra, a Justi\u00e7a estadual homologou acordo entre o Estado e o dono da \u00e1rea. No in\u00edcio de fevereiro, o processo voltou para a sede do Incra, em Bras\u00edlia, para emiss\u00e3o do T\u00edtulo da D\u00edvida Agr\u00e1ria (TDA), documento que estabelece a forma como ser\u00e1 feito o pagamento pelo Estado ao propriet\u00e1rio da \u00e1rea.<\/p>\n<blockquote><p>Ivan Richard, ABr<\/p><\/blockquote>\n<\/div>\n","protected":false},"excerpt":{"rendered":"<p>A Policia Civil do Par\u00e1 busca tr\u00eas suspeitos de participa\u00e7\u00e3o no assassinato de seis pessoas da mesma fam\u00edlia, a golpes de foice \u2013 entre elas uma crian\u00e7a de 10 anos e tr\u00eas adolescentes com idade entre 13 e 15 anos \u2013, na madrugada da ter\u00e7a-feira (17). A chacina ocorrida na zona rural da divisa entre [&hellip;]<\/p>\n","protected":false},"author":2,"featured_media":37679,"comment_status":"open","ping_status":"closed","sticky":false,"template":"","format":"standard","meta":{"_acf_changed":false,"footnotes":""},"categories":[16],"tags":[],"class_list":["post-37678","post","type-post","status-publish","format-standard","has-post-thumbnail","hentry","category-brasil"],"acf":[],"yoast_head":"<!-- This site is optimized with the Yoast SEO plugin v27.2 - https:\/\/yoast.com\/product\/yoast-seo-wordpress\/ -->\n<title>Pol\u00edcia ca\u00e7a trio que matou fam\u00edlia em briga por fazenda - Notibras<\/title>\n<meta name=\"robots\" content=\"index, follow, max-snippet:-1, max-image-preview:large, max-video-preview:-1\" \/>\n<link rel=\"canonical\" href=\"https:\/\/www.notibras.com\/site\/policia-caca-trio-que-matou-familia-em-disputa-de-terra-no-para\/\" \/>\n<meta property=\"og:locale\" content=\"pt_BR\" \/>\n<meta property=\"og:type\" content=\"article\" \/>\n<meta property=\"og:title\" content=\"Pol\u00edcia ca\u00e7a trio que matou fam\u00edlia em briga por fazenda - Notibras\" \/>\n<meta property=\"og:description\" content=\"A Policia Civil do Par\u00e1 busca tr\u00eas suspeitos de participa\u00e7\u00e3o no assassinato de seis pessoas da mesma fam\u00edlia, a golpes de foice \u2013 entre elas uma crian\u00e7a de 10 anos e tr\u00eas adolescentes com idade entre 13 e 15 anos \u2013, na madrugada da ter\u00e7a-feira (17). A chacina ocorrida na zona rural da divisa entre [&hellip;]\" \/>\n<meta property=\"og:url\" content=\"https:\/\/www.notibras.com\/site\/policia-caca-trio-que-matou-familia-em-disputa-de-terra-no-para\/\" \/>\n<meta property=\"og:site_name\" content=\"Notibras\" \/>\n<meta property=\"article:publisher\" content=\"https:\/\/www.facebook.com\/notibras\/\" \/>\n<meta property=\"article:published_time\" content=\"2015-02-20T19:17:04+00:00\" \/>\n<meta property=\"article:modified_time\" content=\"2015-02-21T15:12:31+00:00\" \/>\n<meta property=\"og:image\" content=\"https:\/\/www.notibras.com\/site\/wp-content\/uploads\/2015\/02\/pa1.jpeg\" \/>\n\t<meta property=\"og:image:width\" content=\"228\" \/>\n\t<meta property=\"og:image:height\" content=\"221\" \/>\n\t<meta property=\"og:image:type\" content=\"image\/jpeg\" \/>\n<meta name=\"author\" content=\"Reda\u00e7\u00e3o\" \/>\n<meta name=\"twitter:card\" content=\"summary_large_image\" \/>\n<meta name=\"twitter:creator\" content=\"@Notibras\" \/>\n<meta name=\"twitter:site\" content=\"@Notibras\" \/>\n<meta name=\"twitter:label1\" content=\"Escrito por\" \/>\n\t<meta name=\"twitter:data1\" content=\"Reda\u00e7\u00e3o\" \/>\n\t<meta name=\"twitter:label2\" content=\"Est. tempo de leitura\" \/>\n\t<meta name=\"twitter:data2\" content=\"3 minutos\" \/>\n<script type=\"application\/ld+json\" class=\"yoast-schema-graph\">{\"@context\":\"https:\/\/schema.org\",\"@graph\":[{\"@type\":\"Article\",\"@id\":\"https:\/\/www.notibras.com\/site\/policia-caca-trio-que-matou-familia-em-disputa-de-terra-no-para\/#article\",\"isPartOf\":{\"@id\":\"https:\/\/www.notibras.com\/site\/policia-caca-trio-que-matou-familia-em-disputa-de-terra-no-para\/\"},\"author\":{\"name\":\"Reda\u00e7\u00e3o\",\"@id\":\"https:\/\/www.notibras.com\/site\/#\/schema\/person\/36ab0979449956132d3e5b517ea76ac8\"},\"headline\":\"Pol\u00edcia ca\u00e7a trio que matou fam\u00edlia em briga por fazenda\",\"datePublished\":\"2015-02-20T19:17:04+00:00\",\"dateModified\":\"2015-02-21T15:12:31+00:00\",\"mainEntityOfPage\":{\"@id\":\"https:\/\/www.notibras.com\/site\/policia-caca-trio-que-matou-familia-em-disputa-de-terra-no-para\/\"},\"wordCount\":689,\"commentCount\":0,\"publisher\":{\"@id\":\"https:\/\/www.notibras.com\/site\/#organization\"},\"image\":{\"@id\":\"https:\/\/www.notibras.com\/site\/policia-caca-trio-que-matou-familia-em-disputa-de-terra-no-para\/#primaryimage\"},\"thumbnailUrl\":\"https:\/\/www.notibras.com\/site\/wp-content\/uploads\/2015\/02\/pa1.jpeg\",\"articleSection\":[\"Brasil\"],\"inLanguage\":\"pt-BR\",\"potentialAction\":[{\"@type\":\"CommentAction\",\"name\":\"Comment\",\"target\":[\"https:\/\/www.notibras.com\/site\/policia-caca-trio-que-matou-familia-em-disputa-de-terra-no-para\/#respond\"]}]},{\"@type\":\"WebPage\",\"@id\":\"https:\/\/www.notibras.com\/site\/policia-caca-trio-que-matou-familia-em-disputa-de-terra-no-para\/\",\"url\":\"https:\/\/www.notibras.com\/site\/policia-caca-trio-que-matou-familia-em-disputa-de-terra-no-para\/\",\"name\":\"Pol\u00edcia ca\u00e7a trio que matou fam\u00edlia em briga por fazenda - Notibras\",\"isPartOf\":{\"@id\":\"https:\/\/www.notibras.com\/site\/#website\"},\"primaryImageOfPage\":{\"@id\":\"https:\/\/www.notibras.com\/site\/policia-caca-trio-que-matou-familia-em-disputa-de-terra-no-para\/#primaryimage\"},\"image\":{\"@id\":\"https:\/\/www.notibras.com\/site\/policia-caca-trio-que-matou-familia-em-disputa-de-terra-no-para\/#primaryimage\"},\"thumbnailUrl\":\"https:\/\/www.notibras.com\/site\/wp-content\/uploads\/2015\/02\/pa1.jpeg\",\"datePublished\":\"2015-02-20T19:17:04+00:00\",\"dateModified\":\"2015-02-21T15:12:31+00:00\",\"breadcrumb\":{\"@id\":\"https:\/\/www.notibras.com\/site\/policia-caca-trio-que-matou-familia-em-disputa-de-terra-no-para\/#breadcrumb\"},\"inLanguage\":\"pt-BR\",\"potentialAction\":[{\"@type\":\"ReadAction\",\"target\":[\"https:\/\/www.notibras.com\/site\/policia-caca-trio-que-matou-familia-em-disputa-de-terra-no-para\/\"]}]},{\"@type\":\"ImageObject\",\"inLanguage\":\"pt-BR\",\"@id\":\"https:\/\/www.notibras.com\/site\/policia-caca-trio-que-matou-familia-em-disputa-de-terra-no-para\/#primaryimage\",\"url\":\"https:\/\/www.notibras.com\/site\/wp-content\/uploads\/2015\/02\/pa1.jpeg\",\"contentUrl\":\"https:\/\/www.notibras.com\/site\/wp-content\/uploads\/2015\/02\/pa1.jpeg\",\"width\":228,\"height\":221},{\"@type\":\"BreadcrumbList\",\"@id\":\"https:\/\/www.notibras.com\/site\/policia-caca-trio-que-matou-familia-em-disputa-de-terra-no-para\/#breadcrumb\",\"itemListElement\":[{\"@type\":\"ListItem\",\"position\":1,\"name\":\"In\u00edcio\",\"item\":\"https:\/\/www.notibras.com\/site\/\"},{\"@type\":\"ListItem\",\"position\":2,\"name\":\"Pol\u00edcia ca\u00e7a trio que matou fam\u00edlia em briga por fazenda\"}]},{\"@type\":\"WebSite\",\"@id\":\"https:\/\/www.notibras.com\/site\/#website\",\"url\":\"https:\/\/www.notibras.com\/site\/\",\"name\":\"Notibras\",\"description\":\"Not\u00edcias de Bras\u00edlia, do Brasil e do Mundo\",\"publisher\":{\"@id\":\"https:\/\/www.notibras.com\/site\/#organization\"},\"potentialAction\":[{\"@type\":\"SearchAction\",\"target\":{\"@type\":\"EntryPoint\",\"urlTemplate\":\"https:\/\/www.notibras.com\/site\/?s={search_term_string}\"},\"query-input\":{\"@type\":\"PropertyValueSpecification\",\"valueRequired\":true,\"valueName\":\"search_term_string\"}}],\"inLanguage\":\"pt-BR\"},{\"@type\":\"Organization\",\"@id\":\"https:\/\/www.notibras.com\/site\/#organization\",\"name\":\"Grupo Notibras de Comunica\u00e7\u00e3o\",\"url\":\"https:\/\/www.notibras.com\/site\/\",\"logo\":{\"@type\":\"ImageObject\",\"inLanguage\":\"pt-BR\",\"@id\":\"https:\/\/www.notibras.com\/site\/#\/schema\/logo\/image\/\",\"url\":\"https:\/\/www.notibras.com\/site\/wp-content\/uploads\/2023\/01\/notibras23.png\",\"contentUrl\":\"https:\/\/www.notibras.com\/site\/wp-content\/uploads\/2023\/01\/notibras23.png\",\"width\":350,\"height\":87,\"caption\":\"Grupo Notibras de Comunica\u00e7\u00e3o\"},\"image\":{\"@id\":\"https:\/\/www.notibras.com\/site\/#\/schema\/logo\/image\/\"},\"sameAs\":[\"https:\/\/www.facebook.com\/notibras\/\",\"https:\/\/x.com\/Notibras\",\"https:\/\/www.instagram.com\/notibras\/\"]},{\"@type\":\"Person\",\"@id\":\"https:\/\/www.notibras.com\/site\/#\/schema\/person\/36ab0979449956132d3e5b517ea76ac8\",\"name\":\"Reda\u00e7\u00e3o\",\"image\":{\"@type\":\"ImageObject\",\"inLanguage\":\"pt-BR\",\"@id\":\"https:\/\/secure.gravatar.com\/avatar\/e0a867bdedb85fd243eadf09663511f96fc81e0720a4a42581f334ad4303aa6b?s=96&d=mm&r=g\",\"url\":\"https:\/\/secure.gravatar.com\/avatar\/e0a867bdedb85fd243eadf09663511f96fc81e0720a4a42581f334ad4303aa6b?s=96&d=mm&r=g\",\"contentUrl\":\"https:\/\/secure.gravatar.com\/avatar\/e0a867bdedb85fd243eadf09663511f96fc81e0720a4a42581f334ad4303aa6b?s=96&d=mm&r=g\",\"caption\":\"Reda\u00e7\u00e3o\"}}]}<\/script>\n<!-- \/ Yoast SEO plugin. -->","yoast_head_json":{"title":"Pol\u00edcia ca\u00e7a trio que matou fam\u00edlia em briga por fazenda - Notibras","robots":{"index":"index","follow":"follow","max-snippet":"max-snippet:-1","max-image-preview":"max-image-preview:large","max-video-preview":"max-video-preview:-1"},"canonical":"https:\/\/www.notibras.com\/site\/policia-caca-trio-que-matou-familia-em-disputa-de-terra-no-para\/","og_locale":"pt_BR","og_type":"article","og_title":"Pol\u00edcia ca\u00e7a trio que matou fam\u00edlia em briga por fazenda - Notibras","og_description":"A Policia Civil do Par\u00e1 busca tr\u00eas suspeitos de participa\u00e7\u00e3o no assassinato de seis pessoas da mesma fam\u00edlia, a golpes de foice \u2013 entre elas uma crian\u00e7a de 10 anos e tr\u00eas adolescentes com idade entre 13 e 15 anos \u2013, na madrugada da ter\u00e7a-feira (17). A chacina ocorrida na zona rural da divisa entre [&hellip;]","og_url":"https:\/\/www.notibras.com\/site\/policia-caca-trio-que-matou-familia-em-disputa-de-terra-no-para\/","og_site_name":"Notibras","article_publisher":"https:\/\/www.facebook.com\/notibras\/","article_published_time":"2015-02-20T19:17:04+00:00","article_modified_time":"2015-02-21T15:12:31+00:00","og_image":[{"width":228,"height":221,"url":"https:\/\/www.notibras.com\/site\/wp-content\/uploads\/2015\/02\/pa1.jpeg","type":"image\/jpeg"}],"author":"Reda\u00e7\u00e3o","twitter_card":"summary_large_image","twitter_creator":"@Notibras","twitter_site":"@Notibras","twitter_misc":{"Escrito por":"Reda\u00e7\u00e3o","Est. tempo de leitura":"3 minutos"},"schema":{"@context":"https:\/\/schema.org","@graph":[{"@type":"Article","@id":"https:\/\/www.notibras.com\/site\/policia-caca-trio-que-matou-familia-em-disputa-de-terra-no-para\/#article","isPartOf":{"@id":"https:\/\/www.notibras.com\/site\/policia-caca-trio-que-matou-familia-em-disputa-de-terra-no-para\/"},"author":{"name":"Reda\u00e7\u00e3o","@id":"https:\/\/www.notibras.com\/site\/#\/schema\/person\/36ab0979449956132d3e5b517ea76ac8"},"headline":"Pol\u00edcia ca\u00e7a trio que matou fam\u00edlia em briga por fazenda","datePublished":"2015-02-20T19:17:04+00:00","dateModified":"2015-02-21T15:12:31+00:00","mainEntityOfPage":{"@id":"https:\/\/www.notibras.com\/site\/policia-caca-trio-que-matou-familia-em-disputa-de-terra-no-para\/"},"wordCount":689,"commentCount":0,"publisher":{"@id":"https:\/\/www.notibras.com\/site\/#organization"},"image":{"@id":"https:\/\/www.notibras.com\/site\/policia-caca-trio-que-matou-familia-em-disputa-de-terra-no-para\/#primaryimage"},"thumbnailUrl":"https:\/\/www.notibras.com\/site\/wp-content\/uploads\/2015\/02\/pa1.jpeg","articleSection":["Brasil"],"inLanguage":"pt-BR","potentialAction":[{"@type":"CommentAction","name":"Comment","target":["https:\/\/www.notibras.com\/site\/policia-caca-trio-que-matou-familia-em-disputa-de-terra-no-para\/#respond"]}]},{"@type":"WebPage","@id":"https:\/\/www.notibras.com\/site\/policia-caca-trio-que-matou-familia-em-disputa-de-terra-no-para\/","url":"https:\/\/www.notibras.com\/site\/policia-caca-trio-que-matou-familia-em-disputa-de-terra-no-para\/","name":"Pol\u00edcia ca\u00e7a trio que matou fam\u00edlia em briga por fazenda - Notibras","isPartOf":{"@id":"https:\/\/www.notibras.com\/site\/#website"},"primaryImageOfPage":{"@id":"https:\/\/www.notibras.com\/site\/policia-caca-trio-que-matou-familia-em-disputa-de-terra-no-para\/#primaryimage"},"image":{"@id":"https:\/\/www.notibras.com\/site\/policia-caca-trio-que-matou-familia-em-disputa-de-terra-no-para\/#primaryimage"},"thumbnailUrl":"https:\/\/www.notibras.com\/site\/wp-content\/uploads\/2015\/02\/pa1.jpeg","datePublished":"2015-02-20T19:17:04+00:00","dateModified":"2015-02-21T15:12:31+00:00","breadcrumb":{"@id":"https:\/\/www.notibras.com\/site\/policia-caca-trio-que-matou-familia-em-disputa-de-terra-no-para\/#breadcrumb"},"inLanguage":"pt-BR","potentialAction":[{"@type":"ReadAction","target":["https:\/\/www.notibras.com\/site\/policia-caca-trio-que-matou-familia-em-disputa-de-terra-no-para\/"]}]},{"@type":"ImageObject","inLanguage":"pt-BR","@id":"https:\/\/www.notibras.com\/site\/policia-caca-trio-que-matou-familia-em-disputa-de-terra-no-para\/#primaryimage","url":"https:\/\/www.notibras.com\/site\/wp-content\/uploads\/2015\/02\/pa1.jpeg","contentUrl":"https:\/\/www.notibras.com\/site\/wp-content\/uploads\/2015\/02\/pa1.jpeg","width":228,"height":221},{"@type":"BreadcrumbList","@id":"https:\/\/www.notibras.com\/site\/policia-caca-trio-que-matou-familia-em-disputa-de-terra-no-para\/#breadcrumb","itemListElement":[{"@type":"ListItem","position":1,"name":"In\u00edcio","item":"https:\/\/www.notibras.com\/site\/"},{"@type":"ListItem","position":2,"name":"Pol\u00edcia ca\u00e7a trio que matou fam\u00edlia em briga por fazenda"}]},{"@type":"WebSite","@id":"https:\/\/www.notibras.com\/site\/#website","url":"https:\/\/www.notibras.com\/site\/","name":"Notibras","description":"Not\u00edcias de Bras\u00edlia, do Brasil e do Mundo","publisher":{"@id":"https:\/\/www.notibras.com\/site\/#organization"},"potentialAction":[{"@type":"SearchAction","target":{"@type":"EntryPoint","urlTemplate":"https:\/\/www.notibras.com\/site\/?s={search_term_string}"},"query-input":{"@type":"PropertyValueSpecification","valueRequired":true,"valueName":"search_term_string"}}],"inLanguage":"pt-BR"},{"@type":"Organization","@id":"https:\/\/www.notibras.com\/site\/#organization","name":"Grupo Notibras de Comunica\u00e7\u00e3o","url":"https:\/\/www.notibras.com\/site\/","logo":{"@type":"ImageObject","inLanguage":"pt-BR","@id":"https:\/\/www.notibras.com\/site\/#\/schema\/logo\/image\/","url":"https:\/\/www.notibras.com\/site\/wp-content\/uploads\/2023\/01\/notibras23.png","contentUrl":"https:\/\/www.notibras.com\/site\/wp-content\/uploads\/2023\/01\/notibras23.png","width":350,"height":87,"caption":"Grupo Notibras de Comunica\u00e7\u00e3o"},"image":{"@id":"https:\/\/www.notibras.com\/site\/#\/schema\/logo\/image\/"},"sameAs":["https:\/\/www.facebook.com\/notibras\/","https:\/\/x.com\/Notibras","https:\/\/www.instagram.com\/notibras\/"]},{"@type":"Person","@id":"https:\/\/www.notibras.com\/site\/#\/schema\/person\/36ab0979449956132d3e5b517ea76ac8","name":"Reda\u00e7\u00e3o","image":{"@type":"ImageObject","inLanguage":"pt-BR","@id":"https:\/\/secure.gravatar.com\/avatar\/e0a867bdedb85fd243eadf09663511f96fc81e0720a4a42581f334ad4303aa6b?s=96&d=mm&r=g","url":"https:\/\/secure.gravatar.com\/avatar\/e0a867bdedb85fd243eadf09663511f96fc81e0720a4a42581f334ad4303aa6b?s=96&d=mm&r=g","contentUrl":"https:\/\/secure.gravatar.com\/avatar\/e0a867bdedb85fd243eadf09663511f96fc81e0720a4a42581f334ad4303aa6b?s=96&d=mm&r=g","caption":"Reda\u00e7\u00e3o"}}]}},"amp_enabled":true,"_links":{"self":[{"href":"https:\/\/www.notibras.com\/site\/wp-json\/wp\/v2\/posts\/37678","targetHints":{"allow":["GET"]}}],"collection":[{"href":"https:\/\/www.notibras.com\/site\/wp-json\/wp\/v2\/posts"}],"about":[{"href":"https:\/\/www.notibras.com\/site\/wp-json\/wp\/v2\/types\/post"}],"author":[{"embeddable":true,"href":"https:\/\/www.notibras.com\/site\/wp-json\/wp\/v2\/users\/2"}],"replies":[{"embeddable":true,"href":"https:\/\/www.notibras.com\/site\/wp-json\/wp\/v2\/comments?post=37678"}],"version-history":[{"count":0,"href":"https:\/\/www.notibras.com\/site\/wp-json\/wp\/v2\/posts\/37678\/revisions"}],"wp:featuredmedia":[{"embeddable":true,"href":"https:\/\/www.notibras.com\/site\/wp-json\/wp\/v2\/media\/37679"}],"wp:attachment":[{"href":"https:\/\/www.notibras.com\/site\/wp-json\/wp\/v2\/media?parent=37678"}],"wp:term":[{"taxonomy":"category","embeddable":true,"href":"https:\/\/www.notibras.com\/site\/wp-json\/wp\/v2\/categories?post=37678"},{"taxonomy":"post_tag","embeddable":true,"href":"https:\/\/www.notibras.com\/site\/wp-json\/wp\/v2\/tags?post=37678"}],"curies":[{"name":"wp","href":"https:\/\/api.w.org\/{rel}","templated":true}]}}