{"id":376782,"date":"2025-12-29T00:51:10","date_gmt":"2025-12-29T03:51:10","guid":{"rendered":"https:\/\/www.notibras.com\/site\/?p=376782"},"modified":"2025-12-29T00:51:10","modified_gmt":"2025-12-29T03:51:10","slug":"trump-fala-em-paz-na-ucrania-mas-tudo-passa-antes-pelas-maos-de-putin","status":"publish","type":"post","link":"https:\/\/www.notibras.com\/site\/trump-fala-em-paz-na-ucrania-mas-tudo-passa-antes-pelas-maos-de-putin\/","title":{"rendered":"Trump fala em paz na Ucr\u00e2nia, mas tudo passa antes pelas m\u00e3os de Putin"},"content":{"rendered":"<p>Declara\u00e7\u00e3o ap\u00f3s encontro com Zelensky reacende debate sobre negocia\u00e7\u00f5es; ex-presidente dos EUA conversou com Vladimir Putin antes da reuni\u00e3o<\/p>\n<p>A guerra da Ucr\u00e2nia, que se aproxima de quatro anos, voltou ao centro da agenda internacional ap\u00f3s declara\u00e7\u00e3o de Donald Trump no domingo, 28. Depois de se reunir presencialmente com o presidente ucraniano, Volodymyr Zelensky, o ex-presidente dos Estados Unidos afirmou que o conflito \u201cest\u00e1 com os dias contados\u201d.<\/p>\n<p>A fala, de forte impacto pol\u00edtico, foi recebida com cautela por analistas e governos aliados. Apesar do tom otimista, n\u00e3o h\u00e1, at\u00e9 o momento, acordo de paz, cessar-fogo formal ou cronograma definido para o fim das hostilidades.<\/p>\n<p><strong>Trump falou com Putin? Sim<\/strong><br \/>\nAntes do encontro com Zelensky, Trump manteve uma conversa telef\u00f4nica com o presidente russo, Vladimir Putin. A liga\u00e7\u00e3o foi confirmada pelo Kremlin e descrita como \u201cprodutiva\u201d.<\/p>\n<p>Embora n\u00e3o tenha resultado em an\u00fancio concreto, o contato direto indica uma tentativa de reposicionar Washington como mediador central do conflito.<\/p>\n<p>Ainda assim, n\u00e3o houve reuni\u00e3o trilateral nem divulga\u00e7\u00e3o de compromissos assumidos por Moscou.<\/p>\n<p><strong>Os principais entraves \u00e0 paz<\/strong><br \/>\nApesar da retomada do di\u00e1logo diplom\u00e1tico, os pontos centrais da guerra seguem sem solu\u00e7\u00e3o:<\/p>\n<p>Territ\u00f3rio \u2013 A R\u00fassia exige o reconhecimento do controle sobre \u00e1reas ocupadas no leste da Ucr\u00e2nia e a Crimeia, anexada em 2014. Kiev rejeita qualquer acordo que consolide perdas territoriais sem respaldo internacional.<\/p>\n<p>Garantias de seguran\u00e7a \u2013 A Ucr\u00e2nia cobra garantias robustas para evitar novos ataques. Moscou, por outro lado, v\u00ea esse ponto como amea\u00e7a \u00e0 sua seguran\u00e7a estrat\u00e9gica.<\/p>\n<p>Europa no jogo \u2013 Pa\u00edses europeus defendem participa\u00e7\u00e3o ativa nas negocia\u00e7\u00f5es e alertam que um acordo sem envolvimento do continente pode ser politicamente fr\u00e1gil.<\/p>\n<p><strong>\u201cDias contados\u201d ainda n\u00e3o s\u00e3o prazo<\/strong><br \/>\nA express\u00e3o usada por Trump \u00e9 interpretada mais como sinal pol\u00edtico do que como previs\u00e3o concreta. No terreno, os combates continuam, e nenhuma das partes anunciou concess\u00f5es decisivas.<\/p>\n<p>A declara\u00e7\u00e3o, no entanto, aumenta a press\u00e3o diplom\u00e1tica sobre Kiev e testa a disposi\u00e7\u00e3o russa para avan\u00e7ar al\u00e9m do discurso.<\/p>\n<p>Uma nova rodada de negocia\u00e7\u00f5es est\u00e1 prevista para janeiro, \u00e0s v\u00e9speras do quarto anivers\u00e1rio da guerra. O objetivo \u00e9 transformar conversas preliminares em textos negoci\u00e1veis e envolver aliados europeus de forma mais direta.<\/p>\n<p>Se houver avan\u00e7o documental, o conflito pode entrar em uma nova fase. Caso contr\u00e1rio, a guerra tende a seguir sem solu\u00e7\u00e3o imediata.<\/p>\n<p>O cen\u00e1rio atual indica mais movimento diplom\u00e1tico, mas pouca mudan\u00e7a estrutural. Trump abriu canais e reacendeu negocia\u00e7\u00f5es, mas o fim da guerra depende de decis\u00f5es dif\u00edceis em Moscou, Kiev e nas capitais europeias.<\/p>\n<p>Por enquanto, a paz segue no campo das possibilidades, mas n\u00e3o das certezas.<\/p>\n","protected":false},"excerpt":{"rendered":"<p>Declara\u00e7\u00e3o ap\u00f3s encontro com Zelensky reacende debate sobre negocia\u00e7\u00f5es; ex-presidente dos EUA conversou com Vladimir Putin antes da reuni\u00e3o A guerra da Ucr\u00e2nia, que se aproxima de quatro anos, voltou ao centro da agenda internacional ap\u00f3s declara\u00e7\u00e3o de Donald Trump no domingo, 28. Depois de se reunir presencialmente com o presidente ucraniano, Volodymyr Zelensky, o [&hellip;]<\/p>\n","protected":false},"author":2,"featured_media":376783,"comment_status":"closed","ping_status":"closed","sticky":false,"template":"","format":"standard","meta":{"_acf_changed":false,"footnotes":""},"categories":[159],"tags":[],"class_list":["post-376782","post","type-post","status-publish","format-standard","has-post-thumbnail","hentry","category-apocalipse"],"acf":[],"yoast_head":"<!-- This site is optimized with the Yoast SEO plugin v27.2 - https:\/\/yoast.com\/product\/yoast-seo-wordpress\/ -->\n<title>Trump fala em paz na Ucr\u00e2nia, mas tudo passa antes pelas m\u00e3os de Putin - Notibras<\/title>\n<meta name=\"robots\" content=\"index, follow, max-snippet:-1, max-image-preview:large, max-video-preview:-1\" \/>\n<link rel=\"canonical\" href=\"https:\/\/www.notibras.com\/site\/trump-fala-em-paz-na-ucrania-mas-tudo-passa-antes-pelas-maos-de-putin\/\" \/>\n<meta property=\"og:locale\" content=\"pt_BR\" \/>\n<meta property=\"og:type\" content=\"article\" \/>\n<meta property=\"og:title\" content=\"Trump fala em paz na Ucr\u00e2nia, mas tudo passa antes pelas m\u00e3os de Putin - Notibras\" \/>\n<meta property=\"og:description\" content=\"Declara\u00e7\u00e3o ap\u00f3s encontro com Zelensky reacende debate sobre negocia\u00e7\u00f5es; ex-presidente dos EUA conversou com Vladimir Putin antes da reuni\u00e3o A guerra da Ucr\u00e2nia, que se aproxima de quatro anos, voltou ao centro da agenda internacional ap\u00f3s declara\u00e7\u00e3o de Donald Trump no domingo, 28. Depois de se reunir presencialmente com o presidente ucraniano, Volodymyr Zelensky, o [&hellip;]\" \/>\n<meta property=\"og:url\" content=\"https:\/\/www.notibras.com\/site\/trump-fala-em-paz-na-ucrania-mas-tudo-passa-antes-pelas-maos-de-putin\/\" \/>\n<meta property=\"og:site_name\" content=\"Notibras\" \/>\n<meta property=\"article:publisher\" content=\"https:\/\/www.facebook.com\/notibras\/\" \/>\n<meta property=\"article:published_time\" content=\"2025-12-29T03:51:10+00:00\" \/>\n<meta name=\"author\" content=\"Reda\u00e7\u00e3o\" \/>\n<meta name=\"twitter:card\" content=\"summary_large_image\" \/>\n<meta name=\"twitter:creator\" content=\"@Notibras\" \/>\n<meta name=\"twitter:site\" content=\"@Notibras\" \/>\n<meta name=\"twitter:label1\" content=\"Escrito por\" \/>\n\t<meta name=\"twitter:data1\" content=\"Reda\u00e7\u00e3o\" \/>\n\t<meta name=\"twitter:label2\" content=\"Est. tempo de leitura\" \/>\n\t<meta name=\"twitter:data2\" content=\"3 minutos\" \/>\n<script type=\"application\/ld+json\" class=\"yoast-schema-graph\">{\"@context\":\"https:\/\/schema.org\",\"@graph\":[{\"@type\":\"Article\",\"@id\":\"https:\/\/www.notibras.com\/site\/trump-fala-em-paz-na-ucrania-mas-tudo-passa-antes-pelas-maos-de-putin\/#article\",\"isPartOf\":{\"@id\":\"https:\/\/www.notibras.com\/site\/trump-fala-em-paz-na-ucrania-mas-tudo-passa-antes-pelas-maos-de-putin\/\"},\"author\":{\"name\":\"Reda\u00e7\u00e3o\",\"@id\":\"https:\/\/www.notibras.com\/site\/#\/schema\/person\/36ab0979449956132d3e5b517ea76ac8\"},\"headline\":\"Trump fala em paz na Ucr\u00e2nia, mas tudo passa antes pelas m\u00e3os de Putin\",\"datePublished\":\"2025-12-29T03:51:10+00:00\",\"mainEntityOfPage\":{\"@id\":\"https:\/\/www.notibras.com\/site\/trump-fala-em-paz-na-ucrania-mas-tudo-passa-antes-pelas-maos-de-putin\/\"},\"wordCount\":491,\"publisher\":{\"@id\":\"https:\/\/www.notibras.com\/site\/#organization\"},\"image\":{\"@id\":\"https:\/\/www.notibras.com\/site\/trump-fala-em-paz-na-ucrania-mas-tudo-passa-antes-pelas-maos-de-putin\/#primaryimage\"},\"thumbnailUrl\":\"https:\/\/www.notibras.com\/site\/wp-content\/uploads\/2025\/12\/paznaucrania.avif\",\"articleSection\":[\"Apocalipse\"],\"inLanguage\":\"pt-BR\"},{\"@type\":\"WebPage\",\"@id\":\"https:\/\/www.notibras.com\/site\/trump-fala-em-paz-na-ucrania-mas-tudo-passa-antes-pelas-maos-de-putin\/\",\"url\":\"https:\/\/www.notibras.com\/site\/trump-fala-em-paz-na-ucrania-mas-tudo-passa-antes-pelas-maos-de-putin\/\",\"name\":\"Trump fala em paz na Ucr\u00e2nia, mas tudo passa antes pelas m\u00e3os de Putin - Notibras\",\"isPartOf\":{\"@id\":\"https:\/\/www.notibras.com\/site\/#website\"},\"primaryImageOfPage\":{\"@id\":\"https:\/\/www.notibras.com\/site\/trump-fala-em-paz-na-ucrania-mas-tudo-passa-antes-pelas-maos-de-putin\/#primaryimage\"},\"image\":{\"@id\":\"https:\/\/www.notibras.com\/site\/trump-fala-em-paz-na-ucrania-mas-tudo-passa-antes-pelas-maos-de-putin\/#primaryimage\"},\"thumbnailUrl\":\"https:\/\/www.notibras.com\/site\/wp-content\/uploads\/2025\/12\/paznaucrania.avif\",\"datePublished\":\"2025-12-29T03:51:10+00:00\",\"breadcrumb\":{\"@id\":\"https:\/\/www.notibras.com\/site\/trump-fala-em-paz-na-ucrania-mas-tudo-passa-antes-pelas-maos-de-putin\/#breadcrumb\"},\"inLanguage\":\"pt-BR\",\"potentialAction\":[{\"@type\":\"ReadAction\",\"target\":[\"https:\/\/www.notibras.com\/site\/trump-fala-em-paz-na-ucrania-mas-tudo-passa-antes-pelas-maos-de-putin\/\"]}]},{\"@type\":\"ImageObject\",\"inLanguage\":\"pt-BR\",\"@id\":\"https:\/\/www.notibras.com\/site\/trump-fala-em-paz-na-ucrania-mas-tudo-passa-antes-pelas-maos-de-putin\/#primaryimage\",\"url\":\"https:\/\/www.notibras.com\/site\/wp-content\/uploads\/2025\/12\/paznaucrania.avif\",\"contentUrl\":\"https:\/\/www.notibras.com\/site\/wp-content\/uploads\/2025\/12\/paznaucrania.avif\",\"width\":1000,\"height\":500},{\"@type\":\"BreadcrumbList\",\"@id\":\"https:\/\/www.notibras.com\/site\/trump-fala-em-paz-na-ucrania-mas-tudo-passa-antes-pelas-maos-de-putin\/#breadcrumb\",\"itemListElement\":[{\"@type\":\"ListItem\",\"position\":1,\"name\":\"In\u00edcio\",\"item\":\"https:\/\/www.notibras.com\/site\/\"},{\"@type\":\"ListItem\",\"position\":2,\"name\":\"Trump fala em paz na Ucr\u00e2nia, mas tudo passa antes pelas m\u00e3os de Putin\"}]},{\"@type\":\"WebSite\",\"@id\":\"https:\/\/www.notibras.com\/site\/#website\",\"url\":\"https:\/\/www.notibras.com\/site\/\",\"name\":\"Notibras\",\"description\":\"Not\u00edcias de Bras\u00edlia, do Brasil e do Mundo\",\"publisher\":{\"@id\":\"https:\/\/www.notibras.com\/site\/#organization\"},\"potentialAction\":[{\"@type\":\"SearchAction\",\"target\":{\"@type\":\"EntryPoint\",\"urlTemplate\":\"https:\/\/www.notibras.com\/site\/?s={search_term_string}\"},\"query-input\":{\"@type\":\"PropertyValueSpecification\",\"valueRequired\":true,\"valueName\":\"search_term_string\"}}],\"inLanguage\":\"pt-BR\"},{\"@type\":\"Organization\",\"@id\":\"https:\/\/www.notibras.com\/site\/#organization\",\"name\":\"Grupo Notibras de Comunica\u00e7\u00e3o\",\"url\":\"https:\/\/www.notibras.com\/site\/\",\"logo\":{\"@type\":\"ImageObject\",\"inLanguage\":\"pt-BR\",\"@id\":\"https:\/\/www.notibras.com\/site\/#\/schema\/logo\/image\/\",\"url\":\"https:\/\/www.notibras.com\/site\/wp-content\/uploads\/2023\/01\/notibras23.png\",\"contentUrl\":\"https:\/\/www.notibras.com\/site\/wp-content\/uploads\/2023\/01\/notibras23.png\",\"width\":350,\"height\":87,\"caption\":\"Grupo Notibras de Comunica\u00e7\u00e3o\"},\"image\":{\"@id\":\"https:\/\/www.notibras.com\/site\/#\/schema\/logo\/image\/\"},\"sameAs\":[\"https:\/\/www.facebook.com\/notibras\/\",\"https:\/\/x.com\/Notibras\",\"https:\/\/www.instagram.com\/notibras\/\"]},{\"@type\":\"Person\",\"@id\":\"https:\/\/www.notibras.com\/site\/#\/schema\/person\/36ab0979449956132d3e5b517ea76ac8\",\"name\":\"Reda\u00e7\u00e3o\",\"image\":{\"@type\":\"ImageObject\",\"inLanguage\":\"pt-BR\",\"@id\":\"https:\/\/secure.gravatar.com\/avatar\/e0a867bdedb85fd243eadf09663511f96fc81e0720a4a42581f334ad4303aa6b?s=96&d=mm&r=g\",\"url\":\"https:\/\/secure.gravatar.com\/avatar\/e0a867bdedb85fd243eadf09663511f96fc81e0720a4a42581f334ad4303aa6b?s=96&d=mm&r=g\",\"contentUrl\":\"https:\/\/secure.gravatar.com\/avatar\/e0a867bdedb85fd243eadf09663511f96fc81e0720a4a42581f334ad4303aa6b?s=96&d=mm&r=g\",\"caption\":\"Reda\u00e7\u00e3o\"}}]}<\/script>\n<!-- \/ Yoast SEO plugin. -->","yoast_head_json":{"title":"Trump fala em paz na Ucr\u00e2nia, mas tudo passa antes pelas m\u00e3os de Putin - Notibras","robots":{"index":"index","follow":"follow","max-snippet":"max-snippet:-1","max-image-preview":"max-image-preview:large","max-video-preview":"max-video-preview:-1"},"canonical":"https:\/\/www.notibras.com\/site\/trump-fala-em-paz-na-ucrania-mas-tudo-passa-antes-pelas-maos-de-putin\/","og_locale":"pt_BR","og_type":"article","og_title":"Trump fala em paz na Ucr\u00e2nia, mas tudo passa antes pelas m\u00e3os de Putin - Notibras","og_description":"Declara\u00e7\u00e3o ap\u00f3s encontro com Zelensky reacende debate sobre negocia\u00e7\u00f5es; ex-presidente dos EUA conversou com Vladimir Putin antes da reuni\u00e3o A guerra da Ucr\u00e2nia, que se aproxima de quatro anos, voltou ao centro da agenda internacional ap\u00f3s declara\u00e7\u00e3o de Donald Trump no domingo, 28. Depois de se reunir presencialmente com o presidente ucraniano, Volodymyr Zelensky, o [&hellip;]","og_url":"https:\/\/www.notibras.com\/site\/trump-fala-em-paz-na-ucrania-mas-tudo-passa-antes-pelas-maos-de-putin\/","og_site_name":"Notibras","article_publisher":"https:\/\/www.facebook.com\/notibras\/","article_published_time":"2025-12-29T03:51:10+00:00","author":"Reda\u00e7\u00e3o","twitter_card":"summary_large_image","twitter_creator":"@Notibras","twitter_site":"@Notibras","twitter_misc":{"Escrito por":"Reda\u00e7\u00e3o","Est. tempo de leitura":"3 minutos"},"schema":{"@context":"https:\/\/schema.org","@graph":[{"@type":"Article","@id":"https:\/\/www.notibras.com\/site\/trump-fala-em-paz-na-ucrania-mas-tudo-passa-antes-pelas-maos-de-putin\/#article","isPartOf":{"@id":"https:\/\/www.notibras.com\/site\/trump-fala-em-paz-na-ucrania-mas-tudo-passa-antes-pelas-maos-de-putin\/"},"author":{"name":"Reda\u00e7\u00e3o","@id":"https:\/\/www.notibras.com\/site\/#\/schema\/person\/36ab0979449956132d3e5b517ea76ac8"},"headline":"Trump fala em paz na Ucr\u00e2nia, mas tudo passa antes pelas m\u00e3os de Putin","datePublished":"2025-12-29T03:51:10+00:00","mainEntityOfPage":{"@id":"https:\/\/www.notibras.com\/site\/trump-fala-em-paz-na-ucrania-mas-tudo-passa-antes-pelas-maos-de-putin\/"},"wordCount":491,"publisher":{"@id":"https:\/\/www.notibras.com\/site\/#organization"},"image":{"@id":"https:\/\/www.notibras.com\/site\/trump-fala-em-paz-na-ucrania-mas-tudo-passa-antes-pelas-maos-de-putin\/#primaryimage"},"thumbnailUrl":"https:\/\/www.notibras.com\/site\/wp-content\/uploads\/2025\/12\/paznaucrania.avif","articleSection":["Apocalipse"],"inLanguage":"pt-BR"},{"@type":"WebPage","@id":"https:\/\/www.notibras.com\/site\/trump-fala-em-paz-na-ucrania-mas-tudo-passa-antes-pelas-maos-de-putin\/","url":"https:\/\/www.notibras.com\/site\/trump-fala-em-paz-na-ucrania-mas-tudo-passa-antes-pelas-maos-de-putin\/","name":"Trump fala em paz na Ucr\u00e2nia, mas tudo passa antes pelas m\u00e3os de Putin - Notibras","isPartOf":{"@id":"https:\/\/www.notibras.com\/site\/#website"},"primaryImageOfPage":{"@id":"https:\/\/www.notibras.com\/site\/trump-fala-em-paz-na-ucrania-mas-tudo-passa-antes-pelas-maos-de-putin\/#primaryimage"},"image":{"@id":"https:\/\/www.notibras.com\/site\/trump-fala-em-paz-na-ucrania-mas-tudo-passa-antes-pelas-maos-de-putin\/#primaryimage"},"thumbnailUrl":"https:\/\/www.notibras.com\/site\/wp-content\/uploads\/2025\/12\/paznaucrania.avif","datePublished":"2025-12-29T03:51:10+00:00","breadcrumb":{"@id":"https:\/\/www.notibras.com\/site\/trump-fala-em-paz-na-ucrania-mas-tudo-passa-antes-pelas-maos-de-putin\/#breadcrumb"},"inLanguage":"pt-BR","potentialAction":[{"@type":"ReadAction","target":["https:\/\/www.notibras.com\/site\/trump-fala-em-paz-na-ucrania-mas-tudo-passa-antes-pelas-maos-de-putin\/"]}]},{"@type":"ImageObject","inLanguage":"pt-BR","@id":"https:\/\/www.notibras.com\/site\/trump-fala-em-paz-na-ucrania-mas-tudo-passa-antes-pelas-maos-de-putin\/#primaryimage","url":"https:\/\/www.notibras.com\/site\/wp-content\/uploads\/2025\/12\/paznaucrania.avif","contentUrl":"https:\/\/www.notibras.com\/site\/wp-content\/uploads\/2025\/12\/paznaucrania.avif","width":1000,"height":500},{"@type":"BreadcrumbList","@id":"https:\/\/www.notibras.com\/site\/trump-fala-em-paz-na-ucrania-mas-tudo-passa-antes-pelas-maos-de-putin\/#breadcrumb","itemListElement":[{"@type":"ListItem","position":1,"name":"In\u00edcio","item":"https:\/\/www.notibras.com\/site\/"},{"@type":"ListItem","position":2,"name":"Trump fala em paz na Ucr\u00e2nia, mas tudo passa antes pelas m\u00e3os de Putin"}]},{"@type":"WebSite","@id":"https:\/\/www.notibras.com\/site\/#website","url":"https:\/\/www.notibras.com\/site\/","name":"Notibras","description":"Not\u00edcias de Bras\u00edlia, do Brasil e do Mundo","publisher":{"@id":"https:\/\/www.notibras.com\/site\/#organization"},"potentialAction":[{"@type":"SearchAction","target":{"@type":"EntryPoint","urlTemplate":"https:\/\/www.notibras.com\/site\/?s={search_term_string}"},"query-input":{"@type":"PropertyValueSpecification","valueRequired":true,"valueName":"search_term_string"}}],"inLanguage":"pt-BR"},{"@type":"Organization","@id":"https:\/\/www.notibras.com\/site\/#organization","name":"Grupo Notibras de Comunica\u00e7\u00e3o","url":"https:\/\/www.notibras.com\/site\/","logo":{"@type":"ImageObject","inLanguage":"pt-BR","@id":"https:\/\/www.notibras.com\/site\/#\/schema\/logo\/image\/","url":"https:\/\/www.notibras.com\/site\/wp-content\/uploads\/2023\/01\/notibras23.png","contentUrl":"https:\/\/www.notibras.com\/site\/wp-content\/uploads\/2023\/01\/notibras23.png","width":350,"height":87,"caption":"Grupo Notibras de Comunica\u00e7\u00e3o"},"image":{"@id":"https:\/\/www.notibras.com\/site\/#\/schema\/logo\/image\/"},"sameAs":["https:\/\/www.facebook.com\/notibras\/","https:\/\/x.com\/Notibras","https:\/\/www.instagram.com\/notibras\/"]},{"@type":"Person","@id":"https:\/\/www.notibras.com\/site\/#\/schema\/person\/36ab0979449956132d3e5b517ea76ac8","name":"Reda\u00e7\u00e3o","image":{"@type":"ImageObject","inLanguage":"pt-BR","@id":"https:\/\/secure.gravatar.com\/avatar\/e0a867bdedb85fd243eadf09663511f96fc81e0720a4a42581f334ad4303aa6b?s=96&d=mm&r=g","url":"https:\/\/secure.gravatar.com\/avatar\/e0a867bdedb85fd243eadf09663511f96fc81e0720a4a42581f334ad4303aa6b?s=96&d=mm&r=g","contentUrl":"https:\/\/secure.gravatar.com\/avatar\/e0a867bdedb85fd243eadf09663511f96fc81e0720a4a42581f334ad4303aa6b?s=96&d=mm&r=g","caption":"Reda\u00e7\u00e3o"}}]}},"amp_enabled":true,"_links":{"self":[{"href":"https:\/\/www.notibras.com\/site\/wp-json\/wp\/v2\/posts\/376782","targetHints":{"allow":["GET"]}}],"collection":[{"href":"https:\/\/www.notibras.com\/site\/wp-json\/wp\/v2\/posts"}],"about":[{"href":"https:\/\/www.notibras.com\/site\/wp-json\/wp\/v2\/types\/post"}],"author":[{"embeddable":true,"href":"https:\/\/www.notibras.com\/site\/wp-json\/wp\/v2\/users\/2"}],"replies":[{"embeddable":true,"href":"https:\/\/www.notibras.com\/site\/wp-json\/wp\/v2\/comments?post=376782"}],"version-history":[{"count":1,"href":"https:\/\/www.notibras.com\/site\/wp-json\/wp\/v2\/posts\/376782\/revisions"}],"predecessor-version":[{"id":376784,"href":"https:\/\/www.notibras.com\/site\/wp-json\/wp\/v2\/posts\/376782\/revisions\/376784"}],"wp:featuredmedia":[{"embeddable":true,"href":"https:\/\/www.notibras.com\/site\/wp-json\/wp\/v2\/media\/376783"}],"wp:attachment":[{"href":"https:\/\/www.notibras.com\/site\/wp-json\/wp\/v2\/media?parent=376782"}],"wp:term":[{"taxonomy":"category","embeddable":true,"href":"https:\/\/www.notibras.com\/site\/wp-json\/wp\/v2\/categories?post=376782"},{"taxonomy":"post_tag","embeddable":true,"href":"https:\/\/www.notibras.com\/site\/wp-json\/wp\/v2\/tags?post=376782"}],"curies":[{"name":"wp","href":"https:\/\/api.w.org\/{rel}","templated":true}]}}