{"id":376802,"date":"2025-12-31T00:00:38","date_gmt":"2025-12-31T03:00:38","guid":{"rendered":"https:\/\/www.notibras.com\/site\/?p=376802"},"modified":"2025-12-29T01:48:10","modified_gmt":"2025-12-29T04:48:10","slug":"helena-a-menina-do-sorriso-vermelho","status":"publish","type":"post","link":"https:\/\/www.notibras.com\/site\/helena-a-menina-do-sorriso-vermelho\/","title":{"rendered":"Helena, a menina do sorriso vermelho"},"content":{"rendered":"<p>H\u00e1 muito n\u00e3o me esbarrava com aqueles olhos. Ter\u00e1 sido em 1977? N\u00e3o sei exatamente, mesmo porque nunca fui de anotar as coisas. Falta de h\u00e1bito ou, ent\u00e3o, era muito jovem para entender que a falta de mem\u00f3ria iria me cobrar um dia.<\/p>\n<p>Finjamos que tal data n\u00e3o importa e voltemos para o almo\u00e7o que tive com meus netos, todos j\u00e1 cheios de idades. A mais nova, por acaso, possui o mesmo nome da dona daqueles olhos. N\u00e3o serei hip\u00f3crita e, por isso, vou confessar. Minha nora me perguntou se eu gostava de Helo\u00edsa, quando respondi que Helena era mais bonito. Talvez por eu ter proporcionado uma lua de mel para ela e meu filho na espl\u00eandida Jo\u00e3o Pessoa, minha neta se tornou xar\u00e1 do meu primeiro grande amor.<\/p>\n<p>Helena! Ainda me lembro da primeira vez que a vi, quando acabara de cair de joelhos na terra. Helena, antes de se levantar, soltou uma gargalhada ainda mais vermelha do que a terra de Bras\u00edlia. Levantou-se, deu uns tapas nos joelhos e voltou a correr que nem menina, cujo tempo logo se despediria.<\/p>\n<p>N\u00e3o sei se a minha musa me notou naquele dia. T\u00edmido que era, continuei jogando bolinha de gude com meus amigos. Lembro que perdi todas, mas n\u00e3o liguei. Meu tempo de menino come\u00e7ou a se findar naquele instante.<\/p>\n<p>Mor\u00e1vamos na mesma quadra na Asa Norte, que, naquele tempo, era recheada de vazios. Hoje est\u00e1 tudo mudado, j\u00e1 que os pr\u00e9dios brotaram que nem erva daninha. Bom para as construtoras e imobili\u00e1rias, que encheram a burra de dinheiro. No final das contas, todos crescemos.<\/p>\n<p>Nessa \u00e9poca, passei a cultivar uma penugem abaixo do nariz. N\u00e3o havia chegado aos 14 quando, ao entardecer, Helena veio conversar comigo pela primeira vez.<\/p>\n<p>\u2014 Voc\u00ea \u00e9 o Roberto, n\u00e9?<\/p>\n<p>\u2014 Sou.<\/p>\n<p>\u2014 Posso te chamar de Beto?<\/p>\n<p>\u2014 Pode, sim. Todos me chamam assim. Quer dizer, menos a minha av\u00f3.<\/p>\n<p>Consegui arrancar um sorriso de Helena, que estendeu a m\u00e3o.<\/p>\n<p>\u2014 Prazer, Beto! Sou a Helena.<\/p>\n<p>De t\u00e3o nervoso fiquei, a garota precisou pegar na minha m\u00e3o para, enfim, nos cumprimentarmos. Em seguida, ela disse que queria me ver na festa da Glorinha, outra menina da rua. Recordo que os garotos, que estavam ao redor, come\u00e7aram a rir assim que Helena deu as costas e voltou para perto das amigas.<\/p>\n<p>Foi no s\u00e1bado, in\u00edcio da noite, que cheguei ao apartamento da Glorinha, que estava fazendo anos. Entrei t\u00edmido, apesar de ter treinado a entrada por mais de uma hora em frente ao espelho da sala. Iria estrear minha cal\u00e7a xadrez, que mam\u00e3e precisou dar uns pontos na cintura para n\u00e3o cair. Pensei at\u00e9 em pedir emprestado o cinto do papai, mas desisti, pois iria precisar dar um furo praticamente no meio. Gente, como eu era magricela!<\/p>\n<p>A vitrola tocava &#8220;A Lua e eu&#8221;, do Cassiano. Eu estava encostado numa das paredes da sala, quando Helena estendeu novamente a m\u00e3o em minha dire\u00e7\u00e3o. Minhas pernas tremiam. Ela sorriu aquele sorriso vermelho e me puxou pela m\u00e3o.<\/p>\n<p>Dan\u00e7amos agarradinhos e, no meio da m\u00fasica, os l\u00e1bios da menina tocaram os meus. N\u00e3o sei se ela j\u00e1 havia feito isso, mas era a minha primeira vez. Certamente, ela percebeu a minha inexperi\u00eancia e se fez de minha professora.<\/p>\n<p>Passamos o resto da festa grudados, sob os olhares do pessoal da rua. Foi dif\u00edcil me despedir da minha paix\u00e3o naquela noite, mas precis\u00e1vamos voltar para casa. Fiz quest\u00e3o de lev\u00e1-la at\u00e9 a portaria do seu edif\u00edcio. Ela me beijou pela \u00faltima vez antes de se virar e desaparecer pela escada.<\/p>\n<p>N\u00e3o sei como voltei para casa naquele dia. S\u00f3 me recordo de estar na cama, luz apagada, repassando cada instante vivido ao lado da Helena. Ir\u00edamos nos casar, imaginei. Obviamente que isso n\u00e3o aconteceu, ainda mais porque o primeiro grande amor da minha vida se mudou da capital para n\u00e3o sei onde. Alguns falavam que havia retornado para Fortaleza, outros juravam que ela teria ido para o Uruguai.<\/p>\n<p>Eis que, anteontem, reencontrei a minha Helena. O restaurante estava apinhado, mas trocamos olhares. Ela, n\u00e3o descarto tal possibilidade, se lembrou de uma dan\u00e7a que tivemos ao som de Cassiano ou, ent\u00e3o, aquilo seja algo inerente \u00e0quela mulher. Helena me sorriu aquele sorriso vermelho. N\u00e3o tive coragem ou, o que \u00e9 mais prov\u00e1vel, faltou-me cor de retribuir da mesma forma. Meu sorriso qui\u00e7\u00e1 \u00e9 amarelo. Bege, talvez.<\/p>\n<p><strong>\u2026\u2026\u2026\u2026\u2026\u2026\u2026\u2026<\/strong><\/p>\n<p><strong>Eduardo Mart\u00ednez \u00e9 autor do livro \u201957 Contos e Cr\u00f4nicas por um Autor Muito Velho\u2019 (Vencedor do Pr\u00eamio Liter\u00e1rio Clarice Lispector \u2013 2025 na categoria livro de contos).<\/strong><\/p>\n<p><strong>Compre aqui<\/strong><\/p>\n<p><a href=\"https:\/\/www.joanineditora.com.br\/57-contos-e-cronicas-por-um-autor-muito-velho\"><strong>https:\/\/www.joanineditora.com.br\/57-contos-e-cronicas-por-um-autor-muito-velho<\/strong><\/a><\/p>\n","protected":false},"excerpt":{"rendered":"<p>H\u00e1 muito n\u00e3o me esbarrava com aqueles olhos. Ter\u00e1 sido em 1977? N\u00e3o sei exatamente, mesmo porque nunca fui de anotar as coisas. Falta de h\u00e1bito ou, ent\u00e3o, era muito jovem para entender que a falta de mem\u00f3ria iria me cobrar um dia. Finjamos que tal data n\u00e3o importa e voltemos para o almo\u00e7o que [&hellip;]<\/p>\n","protected":false},"author":21,"featured_media":376803,"comment_status":"closed","ping_status":"closed","sticky":false,"template":"","format":"standard","meta":{"_acf_changed":false,"footnotes":""},"categories":[234],"tags":[],"class_list":["post-376802","post","type-post","status-publish","format-standard","has-post-thumbnail","hentry","category-cafe-literario"],"acf":[],"yoast_head":"<!-- This site is optimized with the Yoast SEO plugin v27.2 - https:\/\/yoast.com\/product\/yoast-seo-wordpress\/ -->\n<title>Helena, a menina do sorriso vermelho - Notibras<\/title>\n<meta name=\"robots\" content=\"index, follow, max-snippet:-1, max-image-preview:large, max-video-preview:-1\" \/>\n<link rel=\"canonical\" href=\"https:\/\/www.notibras.com\/site\/helena-a-menina-do-sorriso-vermelho\/\" \/>\n<meta property=\"og:locale\" content=\"pt_BR\" \/>\n<meta property=\"og:type\" content=\"article\" \/>\n<meta property=\"og:title\" content=\"Helena, a menina do sorriso vermelho - Notibras\" \/>\n<meta property=\"og:description\" content=\"H\u00e1 muito n\u00e3o me esbarrava com aqueles olhos. Ter\u00e1 sido em 1977? N\u00e3o sei exatamente, mesmo porque nunca fui de anotar as coisas. Falta de h\u00e1bito ou, ent\u00e3o, era muito jovem para entender que a falta de mem\u00f3ria iria me cobrar um dia. Finjamos que tal data n\u00e3o importa e voltemos para o almo\u00e7o que [&hellip;]\" \/>\n<meta property=\"og:url\" content=\"https:\/\/www.notibras.com\/site\/helena-a-menina-do-sorriso-vermelho\/\" \/>\n<meta property=\"og:site_name\" content=\"Notibras\" \/>\n<meta property=\"article:publisher\" content=\"https:\/\/www.facebook.com\/notibras\/\" \/>\n<meta property=\"article:published_time\" content=\"2025-12-31T03:00:38+00:00\" \/>\n<meta property=\"og:image\" content=\"https:\/\/www.notibras.com\/site\/wp-content\/uploads\/2025\/12\/IMG_9888.jpg\" \/>\n\t<meta property=\"og:image:width\" content=\"1023\" \/>\n\t<meta property=\"og:image:height\" content=\"935\" \/>\n\t<meta property=\"og:image:type\" content=\"image\/jpeg\" \/>\n<meta name=\"author\" content=\"Eduardo Mart\u00ednez\" \/>\n<meta name=\"twitter:card\" content=\"summary_large_image\" \/>\n<meta name=\"twitter:creator\" content=\"@Notibras\" \/>\n<meta name=\"twitter:site\" content=\"@Notibras\" \/>\n<meta name=\"twitter:label1\" content=\"Escrito por\" \/>\n\t<meta name=\"twitter:data1\" content=\"Eduardo Mart\u00ednez\" \/>\n\t<meta name=\"twitter:label2\" content=\"Est. tempo de leitura\" \/>\n\t<meta name=\"twitter:data2\" content=\"5 minutos\" \/>\n<script type=\"application\/ld+json\" class=\"yoast-schema-graph\">{\"@context\":\"https:\/\/schema.org\",\"@graph\":[{\"@type\":\"Article\",\"@id\":\"https:\/\/www.notibras.com\/site\/helena-a-menina-do-sorriso-vermelho\/#article\",\"isPartOf\":{\"@id\":\"https:\/\/www.notibras.com\/site\/helena-a-menina-do-sorriso-vermelho\/\"},\"author\":{\"name\":\"Eduardo Mart\u00ednez\",\"@id\":\"https:\/\/www.notibras.com\/site\/#\/schema\/person\/5b7fabf2aedc3ada2105f03b22b4d3dd\"},\"headline\":\"Helena, a menina do sorriso vermelho\",\"datePublished\":\"2025-12-31T03:00:38+00:00\",\"mainEntityOfPage\":{\"@id\":\"https:\/\/www.notibras.com\/site\/helena-a-menina-do-sorriso-vermelho\/\"},\"wordCount\":814,\"publisher\":{\"@id\":\"https:\/\/www.notibras.com\/site\/#organization\"},\"image\":{\"@id\":\"https:\/\/www.notibras.com\/site\/helena-a-menina-do-sorriso-vermelho\/#primaryimage\"},\"thumbnailUrl\":\"https:\/\/www.notibras.com\/site\/wp-content\/uploads\/2025\/12\/IMG_9888.jpg\",\"articleSection\":[\"Caf\u00e9 Liter\u00e1rio\"],\"inLanguage\":\"pt-BR\"},{\"@type\":\"WebPage\",\"@id\":\"https:\/\/www.notibras.com\/site\/helena-a-menina-do-sorriso-vermelho\/\",\"url\":\"https:\/\/www.notibras.com\/site\/helena-a-menina-do-sorriso-vermelho\/\",\"name\":\"Helena, a menina do sorriso vermelho - Notibras\",\"isPartOf\":{\"@id\":\"https:\/\/www.notibras.com\/site\/#website\"},\"primaryImageOfPage\":{\"@id\":\"https:\/\/www.notibras.com\/site\/helena-a-menina-do-sorriso-vermelho\/#primaryimage\"},\"image\":{\"@id\":\"https:\/\/www.notibras.com\/site\/helena-a-menina-do-sorriso-vermelho\/#primaryimage\"},\"thumbnailUrl\":\"https:\/\/www.notibras.com\/site\/wp-content\/uploads\/2025\/12\/IMG_9888.jpg\",\"datePublished\":\"2025-12-31T03:00:38+00:00\",\"breadcrumb\":{\"@id\":\"https:\/\/www.notibras.com\/site\/helena-a-menina-do-sorriso-vermelho\/#breadcrumb\"},\"inLanguage\":\"pt-BR\",\"potentialAction\":[{\"@type\":\"ReadAction\",\"target\":[\"https:\/\/www.notibras.com\/site\/helena-a-menina-do-sorriso-vermelho\/\"]}]},{\"@type\":\"ImageObject\",\"inLanguage\":\"pt-BR\",\"@id\":\"https:\/\/www.notibras.com\/site\/helena-a-menina-do-sorriso-vermelho\/#primaryimage\",\"url\":\"https:\/\/www.notibras.com\/site\/wp-content\/uploads\/2025\/12\/IMG_9888.jpg\",\"contentUrl\":\"https:\/\/www.notibras.com\/site\/wp-content\/uploads\/2025\/12\/IMG_9888.jpg\",\"width\":1023,\"height\":935},{\"@type\":\"BreadcrumbList\",\"@id\":\"https:\/\/www.notibras.com\/site\/helena-a-menina-do-sorriso-vermelho\/#breadcrumb\",\"itemListElement\":[{\"@type\":\"ListItem\",\"position\":1,\"name\":\"In\u00edcio\",\"item\":\"https:\/\/www.notibras.com\/site\/\"},{\"@type\":\"ListItem\",\"position\":2,\"name\":\"Helena, a menina do sorriso vermelho\"}]},{\"@type\":\"WebSite\",\"@id\":\"https:\/\/www.notibras.com\/site\/#website\",\"url\":\"https:\/\/www.notibras.com\/site\/\",\"name\":\"Notibras\",\"description\":\"Not\u00edcias de Bras\u00edlia, do Brasil e do Mundo\",\"publisher\":{\"@id\":\"https:\/\/www.notibras.com\/site\/#organization\"},\"potentialAction\":[{\"@type\":\"SearchAction\",\"target\":{\"@type\":\"EntryPoint\",\"urlTemplate\":\"https:\/\/www.notibras.com\/site\/?s={search_term_string}\"},\"query-input\":{\"@type\":\"PropertyValueSpecification\",\"valueRequired\":true,\"valueName\":\"search_term_string\"}}],\"inLanguage\":\"pt-BR\"},{\"@type\":\"Organization\",\"@id\":\"https:\/\/www.notibras.com\/site\/#organization\",\"name\":\"Grupo Notibras de Comunica\u00e7\u00e3o\",\"url\":\"https:\/\/www.notibras.com\/site\/\",\"logo\":{\"@type\":\"ImageObject\",\"inLanguage\":\"pt-BR\",\"@id\":\"https:\/\/www.notibras.com\/site\/#\/schema\/logo\/image\/\",\"url\":\"https:\/\/www.notibras.com\/site\/wp-content\/uploads\/2023\/01\/notibras23.png\",\"contentUrl\":\"https:\/\/www.notibras.com\/site\/wp-content\/uploads\/2023\/01\/notibras23.png\",\"width\":350,\"height\":87,\"caption\":\"Grupo Notibras de Comunica\u00e7\u00e3o\"},\"image\":{\"@id\":\"https:\/\/www.notibras.com\/site\/#\/schema\/logo\/image\/\"},\"sameAs\":[\"https:\/\/www.facebook.com\/notibras\/\",\"https:\/\/x.com\/Notibras\",\"https:\/\/www.instagram.com\/notibras\/\"]},{\"@type\":\"Person\",\"@id\":\"https:\/\/www.notibras.com\/site\/#\/schema\/person\/5b7fabf2aedc3ada2105f03b22b4d3dd\",\"name\":\"Eduardo Mart\u00ednez\",\"image\":{\"@type\":\"ImageObject\",\"inLanguage\":\"pt-BR\",\"@id\":\"https:\/\/secure.gravatar.com\/avatar\/7902f906289926289cbcda644b5197c796b893c6ffd7b9a536a42d290f7704a0?s=96&d=mm&r=g\",\"url\":\"https:\/\/secure.gravatar.com\/avatar\/7902f906289926289cbcda644b5197c796b893c6ffd7b9a536a42d290f7704a0?s=96&d=mm&r=g\",\"contentUrl\":\"https:\/\/secure.gravatar.com\/avatar\/7902f906289926289cbcda644b5197c796b893c6ffd7b9a536a42d290f7704a0?s=96&d=mm&r=g\",\"caption\":\"Eduardo Mart\u00ednez\"}}]}<\/script>\n<!-- \/ Yoast SEO plugin. -->","yoast_head_json":{"title":"Helena, a menina do sorriso vermelho - Notibras","robots":{"index":"index","follow":"follow","max-snippet":"max-snippet:-1","max-image-preview":"max-image-preview:large","max-video-preview":"max-video-preview:-1"},"canonical":"https:\/\/www.notibras.com\/site\/helena-a-menina-do-sorriso-vermelho\/","og_locale":"pt_BR","og_type":"article","og_title":"Helena, a menina do sorriso vermelho - Notibras","og_description":"H\u00e1 muito n\u00e3o me esbarrava com aqueles olhos. Ter\u00e1 sido em 1977? N\u00e3o sei exatamente, mesmo porque nunca fui de anotar as coisas. Falta de h\u00e1bito ou, ent\u00e3o, era muito jovem para entender que a falta de mem\u00f3ria iria me cobrar um dia. Finjamos que tal data n\u00e3o importa e voltemos para o almo\u00e7o que [&hellip;]","og_url":"https:\/\/www.notibras.com\/site\/helena-a-menina-do-sorriso-vermelho\/","og_site_name":"Notibras","article_publisher":"https:\/\/www.facebook.com\/notibras\/","article_published_time":"2025-12-31T03:00:38+00:00","og_image":[{"width":1023,"height":935,"url":"https:\/\/www.notibras.com\/site\/wp-content\/uploads\/2025\/12\/IMG_9888.jpg","type":"image\/jpeg"}],"author":"Eduardo Mart\u00ednez","twitter_card":"summary_large_image","twitter_creator":"@Notibras","twitter_site":"@Notibras","twitter_misc":{"Escrito por":"Eduardo Mart\u00ednez","Est. tempo de leitura":"5 minutos"},"schema":{"@context":"https:\/\/schema.org","@graph":[{"@type":"Article","@id":"https:\/\/www.notibras.com\/site\/helena-a-menina-do-sorriso-vermelho\/#article","isPartOf":{"@id":"https:\/\/www.notibras.com\/site\/helena-a-menina-do-sorriso-vermelho\/"},"author":{"name":"Eduardo Mart\u00ednez","@id":"https:\/\/www.notibras.com\/site\/#\/schema\/person\/5b7fabf2aedc3ada2105f03b22b4d3dd"},"headline":"Helena, a menina do sorriso vermelho","datePublished":"2025-12-31T03:00:38+00:00","mainEntityOfPage":{"@id":"https:\/\/www.notibras.com\/site\/helena-a-menina-do-sorriso-vermelho\/"},"wordCount":814,"publisher":{"@id":"https:\/\/www.notibras.com\/site\/#organization"},"image":{"@id":"https:\/\/www.notibras.com\/site\/helena-a-menina-do-sorriso-vermelho\/#primaryimage"},"thumbnailUrl":"https:\/\/www.notibras.com\/site\/wp-content\/uploads\/2025\/12\/IMG_9888.jpg","articleSection":["Caf\u00e9 Liter\u00e1rio"],"inLanguage":"pt-BR"},{"@type":"WebPage","@id":"https:\/\/www.notibras.com\/site\/helena-a-menina-do-sorriso-vermelho\/","url":"https:\/\/www.notibras.com\/site\/helena-a-menina-do-sorriso-vermelho\/","name":"Helena, a menina do sorriso vermelho - Notibras","isPartOf":{"@id":"https:\/\/www.notibras.com\/site\/#website"},"primaryImageOfPage":{"@id":"https:\/\/www.notibras.com\/site\/helena-a-menina-do-sorriso-vermelho\/#primaryimage"},"image":{"@id":"https:\/\/www.notibras.com\/site\/helena-a-menina-do-sorriso-vermelho\/#primaryimage"},"thumbnailUrl":"https:\/\/www.notibras.com\/site\/wp-content\/uploads\/2025\/12\/IMG_9888.jpg","datePublished":"2025-12-31T03:00:38+00:00","breadcrumb":{"@id":"https:\/\/www.notibras.com\/site\/helena-a-menina-do-sorriso-vermelho\/#breadcrumb"},"inLanguage":"pt-BR","potentialAction":[{"@type":"ReadAction","target":["https:\/\/www.notibras.com\/site\/helena-a-menina-do-sorriso-vermelho\/"]}]},{"@type":"ImageObject","inLanguage":"pt-BR","@id":"https:\/\/www.notibras.com\/site\/helena-a-menina-do-sorriso-vermelho\/#primaryimage","url":"https:\/\/www.notibras.com\/site\/wp-content\/uploads\/2025\/12\/IMG_9888.jpg","contentUrl":"https:\/\/www.notibras.com\/site\/wp-content\/uploads\/2025\/12\/IMG_9888.jpg","width":1023,"height":935},{"@type":"BreadcrumbList","@id":"https:\/\/www.notibras.com\/site\/helena-a-menina-do-sorriso-vermelho\/#breadcrumb","itemListElement":[{"@type":"ListItem","position":1,"name":"In\u00edcio","item":"https:\/\/www.notibras.com\/site\/"},{"@type":"ListItem","position":2,"name":"Helena, a menina do sorriso vermelho"}]},{"@type":"WebSite","@id":"https:\/\/www.notibras.com\/site\/#website","url":"https:\/\/www.notibras.com\/site\/","name":"Notibras","description":"Not\u00edcias de Bras\u00edlia, do Brasil e do Mundo","publisher":{"@id":"https:\/\/www.notibras.com\/site\/#organization"},"potentialAction":[{"@type":"SearchAction","target":{"@type":"EntryPoint","urlTemplate":"https:\/\/www.notibras.com\/site\/?s={search_term_string}"},"query-input":{"@type":"PropertyValueSpecification","valueRequired":true,"valueName":"search_term_string"}}],"inLanguage":"pt-BR"},{"@type":"Organization","@id":"https:\/\/www.notibras.com\/site\/#organization","name":"Grupo Notibras de Comunica\u00e7\u00e3o","url":"https:\/\/www.notibras.com\/site\/","logo":{"@type":"ImageObject","inLanguage":"pt-BR","@id":"https:\/\/www.notibras.com\/site\/#\/schema\/logo\/image\/","url":"https:\/\/www.notibras.com\/site\/wp-content\/uploads\/2023\/01\/notibras23.png","contentUrl":"https:\/\/www.notibras.com\/site\/wp-content\/uploads\/2023\/01\/notibras23.png","width":350,"height":87,"caption":"Grupo Notibras de Comunica\u00e7\u00e3o"},"image":{"@id":"https:\/\/www.notibras.com\/site\/#\/schema\/logo\/image\/"},"sameAs":["https:\/\/www.facebook.com\/notibras\/","https:\/\/x.com\/Notibras","https:\/\/www.instagram.com\/notibras\/"]},{"@type":"Person","@id":"https:\/\/www.notibras.com\/site\/#\/schema\/person\/5b7fabf2aedc3ada2105f03b22b4d3dd","name":"Eduardo Mart\u00ednez","image":{"@type":"ImageObject","inLanguage":"pt-BR","@id":"https:\/\/secure.gravatar.com\/avatar\/7902f906289926289cbcda644b5197c796b893c6ffd7b9a536a42d290f7704a0?s=96&d=mm&r=g","url":"https:\/\/secure.gravatar.com\/avatar\/7902f906289926289cbcda644b5197c796b893c6ffd7b9a536a42d290f7704a0?s=96&d=mm&r=g","contentUrl":"https:\/\/secure.gravatar.com\/avatar\/7902f906289926289cbcda644b5197c796b893c6ffd7b9a536a42d290f7704a0?s=96&d=mm&r=g","caption":"Eduardo Mart\u00ednez"}}]}},"amp_enabled":true,"_links":{"self":[{"href":"https:\/\/www.notibras.com\/site\/wp-json\/wp\/v2\/posts\/376802","targetHints":{"allow":["GET"]}}],"collection":[{"href":"https:\/\/www.notibras.com\/site\/wp-json\/wp\/v2\/posts"}],"about":[{"href":"https:\/\/www.notibras.com\/site\/wp-json\/wp\/v2\/types\/post"}],"author":[{"embeddable":true,"href":"https:\/\/www.notibras.com\/site\/wp-json\/wp\/v2\/users\/21"}],"replies":[{"embeddable":true,"href":"https:\/\/www.notibras.com\/site\/wp-json\/wp\/v2\/comments?post=376802"}],"version-history":[{"count":2,"href":"https:\/\/www.notibras.com\/site\/wp-json\/wp\/v2\/posts\/376802\/revisions"}],"predecessor-version":[{"id":376806,"href":"https:\/\/www.notibras.com\/site\/wp-json\/wp\/v2\/posts\/376802\/revisions\/376806"}],"wp:featuredmedia":[{"embeddable":true,"href":"https:\/\/www.notibras.com\/site\/wp-json\/wp\/v2\/media\/376803"}],"wp:attachment":[{"href":"https:\/\/www.notibras.com\/site\/wp-json\/wp\/v2\/media?parent=376802"}],"wp:term":[{"taxonomy":"category","embeddable":true,"href":"https:\/\/www.notibras.com\/site\/wp-json\/wp\/v2\/categories?post=376802"},{"taxonomy":"post_tag","embeddable":true,"href":"https:\/\/www.notibras.com\/site\/wp-json\/wp\/v2\/tags?post=376802"}],"curies":[{"name":"wp","href":"https:\/\/api.w.org\/{rel}","templated":true}]}}