{"id":376825,"date":"2025-12-29T07:37:50","date_gmt":"2025-12-29T10:37:50","guid":{"rendered":"https:\/\/www.notibras.com\/site\/?p=376825"},"modified":"2025-12-29T07:37:50","modified_gmt":"2025-12-29T10:37:50","slug":"areas-de-protecao-ambiental-viram-verdadeiros-santuarios-no-nordeste","status":"publish","type":"post","link":"https:\/\/www.notibras.com\/site\/areas-de-protecao-ambiental-viram-verdadeiros-santuarios-no-nordeste\/","title":{"rendered":"\u00c1reas de prote\u00e7\u00e3o ambiental viram verdadeiros santu\u00e1rios no Nordeste"},"content":{"rendered":"<p>O Nordeste brasileiro, frequentemente lembrado por suas paisagens \u00e1ridas e desafios socioambientais, abriga tamb\u00e9m alguns dos mais importantes santu\u00e1rios de biodiversidade do pa\u00eds. Espalhadas entre o litoral, a zona da mata, o agreste e o sert\u00e3o, as \u00c1reas de Prote\u00e7\u00e3o Ambiental (APAs), parques nacionais, reservas biol\u00f3gicas e outras unidades de conserva\u00e7\u00e3o cumprem um papel estrat\u00e9gico na preserva\u00e7\u00e3o de ecossistemas \u00fanicos, muitos deles amea\u00e7ados pela a\u00e7\u00e3o humana e pelas mudan\u00e7as clim\u00e1ticas.<\/p>\n<p>A regi\u00e3o nordestina concentra tr\u00eas grandes biomas: a Caatinga, a Mata Atl\u00e2ntica e os ecossistemas costeiros e marinhos. Cada um deles possui \u00e1reas legalmente protegidas que funcionam como verdadeiros ref\u00fagios naturais.<\/p>\n<p>A Caatinga, bioma exclusivamente brasileiro, encontra prote\u00e7\u00e3o em unidades como o Parque Nacional do Catimbau (PE) e a Esta\u00e7\u00e3o Ecol\u00f3gica de Aiuaba (CE). Nesses espa\u00e7os, esp\u00e9cies adaptadas ao clima semi\u00e1rido \u2014 como o soldadinho-do-araripe, o tatu-bola e diversas plantas xer\u00f3fitas \u2014 encontram condi\u00e7\u00f5es para sobreviver longe do desmatamento e da ca\u00e7a predat\u00f3ria.<\/p>\n<p>J\u00e1 a Mata Atl\u00e2ntica, extremamente fragmentada no Nordeste, resiste em \u00e1reas como a Reserva Biol\u00f3gica de Una (BA) e o Parque Estadual de Dois Irm\u00e3os (PE). Esses remanescentes preservam nascentes, regulam o clima local e abrigam esp\u00e9cies amea\u00e7adas, como o mico-le\u00e3o-da-cara-dourada e in\u00fameras aves end\u00eamicas.<\/p>\n<p>No litoral, APAs marinhas e costeiras \u2014 a exemplo da APA Costa dos Corais (AL e PE) \u2014 protegem recifes, manguezais e \u00e1reas de reprodu\u00e7\u00e3o de esp\u00e9cies como o peixe-boi-marinho e as tartarugas marinhas, fundamentais para o equil\u00edbrio dos oceanos.<\/p>\n<p>Al\u00e9m de conservar a fauna e a flora, as \u00e1reas protegidas do Nordeste desempenham fun\u00e7\u00f5es vitais para as comunidades humanas. Elas contribuem para a seguran\u00e7a h\u00eddrica, evitam a eros\u00e3o dos solos, ajudam a conter o avan\u00e7o da desertifica\u00e7\u00e3o e sustentam atividades econ\u00f4micas como o turismo ecol\u00f3gico e a pesca artesanal.<\/p>\n<p>Em muitos munic\u00edpios, essas unidades tamb\u00e9m se tornam espa\u00e7os de educa\u00e7\u00e3o ambiental, onde escolas e universidades desenvolvem pesquisas e a\u00e7\u00f5es de conscientiza\u00e7\u00e3o. Para popula\u00e7\u00f5es tradicionais \u2014 ind\u00edgenas, quilombolas e comunidades ribeirinhas \u2014, a preserva\u00e7\u00e3o do territ\u00f3rio est\u00e1 diretamente ligada \u00e0 manuten\u00e7\u00e3o de seus modos de vida.<\/p>\n<p>Apesar de sua relev\u00e2ncia, as \u00e1reas de prote\u00e7\u00e3o do Nordeste enfrentam amea\u00e7as constantes. O desmatamento ilegal, a expans\u00e3o urbana desordenada, a grilagem de terras, a polui\u00e7\u00e3o e a redu\u00e7\u00e3o de recursos para fiscaliza\u00e7\u00e3o comprometem a efetividade dessas unidades.<\/p>\n<p>Especialistas alertam que a simples cria\u00e7\u00e3o de uma \u00e1rea protegida n\u00e3o garante sua conserva\u00e7\u00e3o. \u00c9 necess\u00e1rio investimento cont\u00ednuo, participa\u00e7\u00e3o comunit\u00e1ria e pol\u00edticas p\u00fablicas integradas que conciliem preserva\u00e7\u00e3o ambiental e desenvolvimento sustent\u00e1vel.<\/p>\n<p>Em um cen\u00e1rio de intensifica\u00e7\u00e3o das mudan\u00e7as clim\u00e1ticas, as \u00e1reas de prote\u00e7\u00e3o do Nordeste assumem um papel ainda mais estrat\u00e9gico. Elas funcionam como barreiras naturais contra eventos extremos, armazenam carbono e preservam a diversidade gen\u00e9tica necess\u00e1ria para a adapta\u00e7\u00e3o dos ecossistemas.<\/p>\n<p>Mais do que paisagens intocadas, esses santu\u00e1rios de biodiversidade s\u00e3o patrim\u00f4nios vivos do Brasil. Proteger o que resta \u2014 e recuperar o que foi degradado \u2014 \u00e9 um compromisso n\u00e3o apenas com o Nordeste, mas com as futuras gera\u00e7\u00f5es que depender\u00e3o desses ambientes para viver, produzir e existir em equil\u00edbrio com a natureza.<\/p>\n","protected":false},"excerpt":{"rendered":"<p>O Nordeste brasileiro, frequentemente lembrado por suas paisagens \u00e1ridas e desafios socioambientais, abriga tamb\u00e9m alguns dos mais importantes santu\u00e1rios de biodiversidade do pa\u00eds. Espalhadas entre o litoral, a zona da mata, o agreste e o sert\u00e3o, as \u00c1reas de Prote\u00e7\u00e3o Ambiental (APAs), parques nacionais, reservas biol\u00f3gicas e outras unidades de conserva\u00e7\u00e3o cumprem um papel estrat\u00e9gico [&hellip;]<\/p>\n","protected":false},"author":2,"featured_media":376826,"comment_status":"closed","ping_status":"closed","sticky":false,"template":"","format":"standard","meta":{"_acf_changed":false,"footnotes":""},"categories":[165],"tags":[],"class_list":["post-376825","post","type-post","status-publish","format-standard","has-post-thumbnail","hentry","category-nordeste"],"acf":[],"yoast_head":"<!-- This site is optimized with the Yoast SEO plugin v27.5 - https:\/\/yoast.com\/product\/yoast-seo-wordpress\/ -->\n<title>\u00c1reas de prote\u00e7\u00e3o ambiental viram verdadeiros santu\u00e1rios no Nordeste - Notibras<\/title>\n<meta name=\"robots\" content=\"index, follow, max-snippet:-1, max-image-preview:large, max-video-preview:-1\" \/>\n<link rel=\"canonical\" href=\"https:\/\/www.notibras.com\/site\/areas-de-protecao-ambiental-viram-verdadeiros-santuarios-no-nordeste\/\" \/>\n<meta property=\"og:locale\" content=\"pt_BR\" \/>\n<meta property=\"og:type\" content=\"article\" \/>\n<meta property=\"og:title\" content=\"\u00c1reas de prote\u00e7\u00e3o ambiental viram verdadeiros santu\u00e1rios no Nordeste - Notibras\" \/>\n<meta property=\"og:description\" content=\"O Nordeste brasileiro, frequentemente lembrado por suas paisagens \u00e1ridas e desafios socioambientais, abriga tamb\u00e9m alguns dos mais importantes santu\u00e1rios de biodiversidade do pa\u00eds. Espalhadas entre o litoral, a zona da mata, o agreste e o sert\u00e3o, as \u00c1reas de Prote\u00e7\u00e3o Ambiental (APAs), parques nacionais, reservas biol\u00f3gicas e outras unidades de conserva\u00e7\u00e3o cumprem um papel estrat\u00e9gico [&hellip;]\" \/>\n<meta property=\"og:url\" content=\"https:\/\/www.notibras.com\/site\/areas-de-protecao-ambiental-viram-verdadeiros-santuarios-no-nordeste\/\" \/>\n<meta property=\"og:site_name\" content=\"Notibras\" \/>\n<meta property=\"article:publisher\" content=\"https:\/\/www.facebook.com\/notibras\/\" \/>\n<meta property=\"article:published_time\" content=\"2025-12-29T10:37:50+00:00\" \/>\n<meta property=\"og:image\" content=\"https:\/\/www.notibras.com\/site\/wp-content\/uploads\/2025\/12\/25e90f76-af9b-4279-a6b0-c9de39035e19.jpg\" \/>\n\t<meta property=\"og:image:width\" content=\"900\" \/>\n\t<meta property=\"og:image:height\" content=\"577\" \/>\n\t<meta property=\"og:image:type\" content=\"image\/jpeg\" \/>\n<meta name=\"author\" content=\"Reda\u00e7\u00e3o\" \/>\n<meta name=\"twitter:card\" content=\"summary_large_image\" \/>\n<meta name=\"twitter:creator\" content=\"@Notibras\" \/>\n<meta name=\"twitter:site\" content=\"@Notibras\" \/>\n<meta name=\"twitter:label1\" content=\"Escrito por\" \/>\n\t<meta name=\"twitter:data1\" content=\"Reda\u00e7\u00e3o\" \/>\n\t<meta name=\"twitter:label2\" content=\"Est. tempo de leitura\" \/>\n\t<meta name=\"twitter:data2\" content=\"3 minutos\" \/>\n<script type=\"application\/ld+json\" class=\"yoast-schema-graph\">{\"@context\":\"https:\\\/\\\/schema.org\",\"@graph\":[{\"@type\":\"Article\",\"@id\":\"https:\\\/\\\/www.notibras.com\\\/site\\\/areas-de-protecao-ambiental-viram-verdadeiros-santuarios-no-nordeste\\\/#article\",\"isPartOf\":{\"@id\":\"https:\\\/\\\/www.notibras.com\\\/site\\\/areas-de-protecao-ambiental-viram-verdadeiros-santuarios-no-nordeste\\\/\"},\"author\":{\"name\":\"Reda\u00e7\u00e3o\",\"@id\":\"https:\\\/\\\/www.notibras.com\\\/site\\\/#\\\/schema\\\/person\\\/36ab0979449956132d3e5b517ea76ac8\"},\"headline\":\"\u00c1reas de prote\u00e7\u00e3o ambiental viram verdadeiros santu\u00e1rios no Nordeste\",\"datePublished\":\"2025-12-29T10:37:50+00:00\",\"mainEntityOfPage\":{\"@id\":\"https:\\\/\\\/www.notibras.com\\\/site\\\/areas-de-protecao-ambiental-viram-verdadeiros-santuarios-no-nordeste\\\/\"},\"wordCount\":589,\"publisher\":{\"@id\":\"https:\\\/\\\/www.notibras.com\\\/site\\\/#organization\"},\"image\":{\"@id\":\"https:\\\/\\\/www.notibras.com\\\/site\\\/areas-de-protecao-ambiental-viram-verdadeiros-santuarios-no-nordeste\\\/#primaryimage\"},\"thumbnailUrl\":\"https:\\\/\\\/www.notibras.com\\\/site\\\/wp-content\\\/uploads\\\/2025\\\/12\\\/25e90f76-af9b-4279-a6b0-c9de39035e19.jpg\",\"articleSection\":[\"Nordeste\"],\"inLanguage\":\"pt-BR\"},{\"@type\":\"WebPage\",\"@id\":\"https:\\\/\\\/www.notibras.com\\\/site\\\/areas-de-protecao-ambiental-viram-verdadeiros-santuarios-no-nordeste\\\/\",\"url\":\"https:\\\/\\\/www.notibras.com\\\/site\\\/areas-de-protecao-ambiental-viram-verdadeiros-santuarios-no-nordeste\\\/\",\"name\":\"\u00c1reas de prote\u00e7\u00e3o ambiental viram verdadeiros santu\u00e1rios no Nordeste - Notibras\",\"isPartOf\":{\"@id\":\"https:\\\/\\\/www.notibras.com\\\/site\\\/#website\"},\"primaryImageOfPage\":{\"@id\":\"https:\\\/\\\/www.notibras.com\\\/site\\\/areas-de-protecao-ambiental-viram-verdadeiros-santuarios-no-nordeste\\\/#primaryimage\"},\"image\":{\"@id\":\"https:\\\/\\\/www.notibras.com\\\/site\\\/areas-de-protecao-ambiental-viram-verdadeiros-santuarios-no-nordeste\\\/#primaryimage\"},\"thumbnailUrl\":\"https:\\\/\\\/www.notibras.com\\\/site\\\/wp-content\\\/uploads\\\/2025\\\/12\\\/25e90f76-af9b-4279-a6b0-c9de39035e19.jpg\",\"datePublished\":\"2025-12-29T10:37:50+00:00\",\"breadcrumb\":{\"@id\":\"https:\\\/\\\/www.notibras.com\\\/site\\\/areas-de-protecao-ambiental-viram-verdadeiros-santuarios-no-nordeste\\\/#breadcrumb\"},\"inLanguage\":\"pt-BR\",\"potentialAction\":[{\"@type\":\"ReadAction\",\"target\":[\"https:\\\/\\\/www.notibras.com\\\/site\\\/areas-de-protecao-ambiental-viram-verdadeiros-santuarios-no-nordeste\\\/\"]}]},{\"@type\":\"ImageObject\",\"inLanguage\":\"pt-BR\",\"@id\":\"https:\\\/\\\/www.notibras.com\\\/site\\\/areas-de-protecao-ambiental-viram-verdadeiros-santuarios-no-nordeste\\\/#primaryimage\",\"url\":\"https:\\\/\\\/www.notibras.com\\\/site\\\/wp-content\\\/uploads\\\/2025\\\/12\\\/25e90f76-af9b-4279-a6b0-c9de39035e19.jpg\",\"contentUrl\":\"https:\\\/\\\/www.notibras.com\\\/site\\\/wp-content\\\/uploads\\\/2025\\\/12\\\/25e90f76-af9b-4279-a6b0-c9de39035e19.jpg\",\"width\":900,\"height\":577},{\"@type\":\"BreadcrumbList\",\"@id\":\"https:\\\/\\\/www.notibras.com\\\/site\\\/areas-de-protecao-ambiental-viram-verdadeiros-santuarios-no-nordeste\\\/#breadcrumb\",\"itemListElement\":[{\"@type\":\"ListItem\",\"position\":1,\"name\":\"In\u00edcio\",\"item\":\"https:\\\/\\\/www.notibras.com\\\/site\\\/\"},{\"@type\":\"ListItem\",\"position\":2,\"name\":\"\u00c1reas de prote\u00e7\u00e3o ambiental viram verdadeiros santu\u00e1rios no Nordeste\"}]},{\"@type\":\"WebSite\",\"@id\":\"https:\\\/\\\/www.notibras.com\\\/site\\\/#website\",\"url\":\"https:\\\/\\\/www.notibras.com\\\/site\\\/\",\"name\":\"Notibras\",\"description\":\"Not\u00edcias de Bras\u00edlia, do Brasil e do Mundo\",\"publisher\":{\"@id\":\"https:\\\/\\\/www.notibras.com\\\/site\\\/#organization\"},\"potentialAction\":[{\"@type\":\"SearchAction\",\"target\":{\"@type\":\"EntryPoint\",\"urlTemplate\":\"https:\\\/\\\/www.notibras.com\\\/site\\\/?s={search_term_string}\"},\"query-input\":{\"@type\":\"PropertyValueSpecification\",\"valueRequired\":true,\"valueName\":\"search_term_string\"}}],\"inLanguage\":\"pt-BR\"},{\"@type\":\"Organization\",\"@id\":\"https:\\\/\\\/www.notibras.com\\\/site\\\/#organization\",\"name\":\"Grupo Notibras de Comunica\u00e7\u00e3o\",\"url\":\"https:\\\/\\\/www.notibras.com\\\/site\\\/\",\"logo\":{\"@type\":\"ImageObject\",\"inLanguage\":\"pt-BR\",\"@id\":\"https:\\\/\\\/www.notibras.com\\\/site\\\/#\\\/schema\\\/logo\\\/image\\\/\",\"url\":\"https:\\\/\\\/www.notibras.com\\\/site\\\/wp-content\\\/uploads\\\/2023\\\/01\\\/notibras23.png\",\"contentUrl\":\"https:\\\/\\\/www.notibras.com\\\/site\\\/wp-content\\\/uploads\\\/2023\\\/01\\\/notibras23.png\",\"width\":350,\"height\":87,\"caption\":\"Grupo Notibras de Comunica\u00e7\u00e3o\"},\"image\":{\"@id\":\"https:\\\/\\\/www.notibras.com\\\/site\\\/#\\\/schema\\\/logo\\\/image\\\/\"},\"sameAs\":[\"https:\\\/\\\/www.facebook.com\\\/notibras\\\/\",\"https:\\\/\\\/x.com\\\/Notibras\",\"https:\\\/\\\/www.instagram.com\\\/notibras\\\/\"]},{\"@type\":\"Person\",\"@id\":\"https:\\\/\\\/www.notibras.com\\\/site\\\/#\\\/schema\\\/person\\\/36ab0979449956132d3e5b517ea76ac8\",\"name\":\"Reda\u00e7\u00e3o\",\"image\":{\"@type\":\"ImageObject\",\"inLanguage\":\"pt-BR\",\"@id\":\"https:\\\/\\\/secure.gravatar.com\\\/avatar\\\/e0a867bdedb85fd243eadf09663511f96fc81e0720a4a42581f334ad4303aa6b?s=96&d=mm&r=g\",\"url\":\"https:\\\/\\\/secure.gravatar.com\\\/avatar\\\/e0a867bdedb85fd243eadf09663511f96fc81e0720a4a42581f334ad4303aa6b?s=96&d=mm&r=g\",\"contentUrl\":\"https:\\\/\\\/secure.gravatar.com\\\/avatar\\\/e0a867bdedb85fd243eadf09663511f96fc81e0720a4a42581f334ad4303aa6b?s=96&d=mm&r=g\",\"caption\":\"Reda\u00e7\u00e3o\"}}]}<\/script>\n<!-- \/ Yoast SEO plugin. -->","yoast_head_json":{"title":"\u00c1reas de prote\u00e7\u00e3o ambiental viram verdadeiros santu\u00e1rios no Nordeste - Notibras","robots":{"index":"index","follow":"follow","max-snippet":"max-snippet:-1","max-image-preview":"max-image-preview:large","max-video-preview":"max-video-preview:-1"},"canonical":"https:\/\/www.notibras.com\/site\/areas-de-protecao-ambiental-viram-verdadeiros-santuarios-no-nordeste\/","og_locale":"pt_BR","og_type":"article","og_title":"\u00c1reas de prote\u00e7\u00e3o ambiental viram verdadeiros santu\u00e1rios no Nordeste - Notibras","og_description":"O Nordeste brasileiro, frequentemente lembrado por suas paisagens \u00e1ridas e desafios socioambientais, abriga tamb\u00e9m alguns dos mais importantes santu\u00e1rios de biodiversidade do pa\u00eds. Espalhadas entre o litoral, a zona da mata, o agreste e o sert\u00e3o, as \u00c1reas de Prote\u00e7\u00e3o Ambiental (APAs), parques nacionais, reservas biol\u00f3gicas e outras unidades de conserva\u00e7\u00e3o cumprem um papel estrat\u00e9gico [&hellip;]","og_url":"https:\/\/www.notibras.com\/site\/areas-de-protecao-ambiental-viram-verdadeiros-santuarios-no-nordeste\/","og_site_name":"Notibras","article_publisher":"https:\/\/www.facebook.com\/notibras\/","article_published_time":"2025-12-29T10:37:50+00:00","og_image":[{"width":900,"height":577,"url":"https:\/\/www.notibras.com\/site\/wp-content\/uploads\/2025\/12\/25e90f76-af9b-4279-a6b0-c9de39035e19.jpg","type":"image\/jpeg"}],"author":"Reda\u00e7\u00e3o","twitter_card":"summary_large_image","twitter_creator":"@Notibras","twitter_site":"@Notibras","twitter_misc":{"Escrito por":"Reda\u00e7\u00e3o","Est. tempo de leitura":"3 minutos"},"schema":{"@context":"https:\/\/schema.org","@graph":[{"@type":"Article","@id":"https:\/\/www.notibras.com\/site\/areas-de-protecao-ambiental-viram-verdadeiros-santuarios-no-nordeste\/#article","isPartOf":{"@id":"https:\/\/www.notibras.com\/site\/areas-de-protecao-ambiental-viram-verdadeiros-santuarios-no-nordeste\/"},"author":{"name":"Reda\u00e7\u00e3o","@id":"https:\/\/www.notibras.com\/site\/#\/schema\/person\/36ab0979449956132d3e5b517ea76ac8"},"headline":"\u00c1reas de prote\u00e7\u00e3o ambiental viram verdadeiros santu\u00e1rios no Nordeste","datePublished":"2025-12-29T10:37:50+00:00","mainEntityOfPage":{"@id":"https:\/\/www.notibras.com\/site\/areas-de-protecao-ambiental-viram-verdadeiros-santuarios-no-nordeste\/"},"wordCount":589,"publisher":{"@id":"https:\/\/www.notibras.com\/site\/#organization"},"image":{"@id":"https:\/\/www.notibras.com\/site\/areas-de-protecao-ambiental-viram-verdadeiros-santuarios-no-nordeste\/#primaryimage"},"thumbnailUrl":"https:\/\/www.notibras.com\/site\/wp-content\/uploads\/2025\/12\/25e90f76-af9b-4279-a6b0-c9de39035e19.jpg","articleSection":["Nordeste"],"inLanguage":"pt-BR"},{"@type":"WebPage","@id":"https:\/\/www.notibras.com\/site\/areas-de-protecao-ambiental-viram-verdadeiros-santuarios-no-nordeste\/","url":"https:\/\/www.notibras.com\/site\/areas-de-protecao-ambiental-viram-verdadeiros-santuarios-no-nordeste\/","name":"\u00c1reas de prote\u00e7\u00e3o ambiental viram verdadeiros santu\u00e1rios no Nordeste - Notibras","isPartOf":{"@id":"https:\/\/www.notibras.com\/site\/#website"},"primaryImageOfPage":{"@id":"https:\/\/www.notibras.com\/site\/areas-de-protecao-ambiental-viram-verdadeiros-santuarios-no-nordeste\/#primaryimage"},"image":{"@id":"https:\/\/www.notibras.com\/site\/areas-de-protecao-ambiental-viram-verdadeiros-santuarios-no-nordeste\/#primaryimage"},"thumbnailUrl":"https:\/\/www.notibras.com\/site\/wp-content\/uploads\/2025\/12\/25e90f76-af9b-4279-a6b0-c9de39035e19.jpg","datePublished":"2025-12-29T10:37:50+00:00","breadcrumb":{"@id":"https:\/\/www.notibras.com\/site\/areas-de-protecao-ambiental-viram-verdadeiros-santuarios-no-nordeste\/#breadcrumb"},"inLanguage":"pt-BR","potentialAction":[{"@type":"ReadAction","target":["https:\/\/www.notibras.com\/site\/areas-de-protecao-ambiental-viram-verdadeiros-santuarios-no-nordeste\/"]}]},{"@type":"ImageObject","inLanguage":"pt-BR","@id":"https:\/\/www.notibras.com\/site\/areas-de-protecao-ambiental-viram-verdadeiros-santuarios-no-nordeste\/#primaryimage","url":"https:\/\/www.notibras.com\/site\/wp-content\/uploads\/2025\/12\/25e90f76-af9b-4279-a6b0-c9de39035e19.jpg","contentUrl":"https:\/\/www.notibras.com\/site\/wp-content\/uploads\/2025\/12\/25e90f76-af9b-4279-a6b0-c9de39035e19.jpg","width":900,"height":577},{"@type":"BreadcrumbList","@id":"https:\/\/www.notibras.com\/site\/areas-de-protecao-ambiental-viram-verdadeiros-santuarios-no-nordeste\/#breadcrumb","itemListElement":[{"@type":"ListItem","position":1,"name":"In\u00edcio","item":"https:\/\/www.notibras.com\/site\/"},{"@type":"ListItem","position":2,"name":"\u00c1reas de prote\u00e7\u00e3o ambiental viram verdadeiros santu\u00e1rios no Nordeste"}]},{"@type":"WebSite","@id":"https:\/\/www.notibras.com\/site\/#website","url":"https:\/\/www.notibras.com\/site\/","name":"Notibras","description":"Not\u00edcias de Bras\u00edlia, do Brasil e do Mundo","publisher":{"@id":"https:\/\/www.notibras.com\/site\/#organization"},"potentialAction":[{"@type":"SearchAction","target":{"@type":"EntryPoint","urlTemplate":"https:\/\/www.notibras.com\/site\/?s={search_term_string}"},"query-input":{"@type":"PropertyValueSpecification","valueRequired":true,"valueName":"search_term_string"}}],"inLanguage":"pt-BR"},{"@type":"Organization","@id":"https:\/\/www.notibras.com\/site\/#organization","name":"Grupo Notibras de Comunica\u00e7\u00e3o","url":"https:\/\/www.notibras.com\/site\/","logo":{"@type":"ImageObject","inLanguage":"pt-BR","@id":"https:\/\/www.notibras.com\/site\/#\/schema\/logo\/image\/","url":"https:\/\/www.notibras.com\/site\/wp-content\/uploads\/2023\/01\/notibras23.png","contentUrl":"https:\/\/www.notibras.com\/site\/wp-content\/uploads\/2023\/01\/notibras23.png","width":350,"height":87,"caption":"Grupo Notibras de Comunica\u00e7\u00e3o"},"image":{"@id":"https:\/\/www.notibras.com\/site\/#\/schema\/logo\/image\/"},"sameAs":["https:\/\/www.facebook.com\/notibras\/","https:\/\/x.com\/Notibras","https:\/\/www.instagram.com\/notibras\/"]},{"@type":"Person","@id":"https:\/\/www.notibras.com\/site\/#\/schema\/person\/36ab0979449956132d3e5b517ea76ac8","name":"Reda\u00e7\u00e3o","image":{"@type":"ImageObject","inLanguage":"pt-BR","@id":"https:\/\/secure.gravatar.com\/avatar\/e0a867bdedb85fd243eadf09663511f96fc81e0720a4a42581f334ad4303aa6b?s=96&d=mm&r=g","url":"https:\/\/secure.gravatar.com\/avatar\/e0a867bdedb85fd243eadf09663511f96fc81e0720a4a42581f334ad4303aa6b?s=96&d=mm&r=g","contentUrl":"https:\/\/secure.gravatar.com\/avatar\/e0a867bdedb85fd243eadf09663511f96fc81e0720a4a42581f334ad4303aa6b?s=96&d=mm&r=g","caption":"Reda\u00e7\u00e3o"}}]}},"amp_enabled":true,"_links":{"self":[{"href":"https:\/\/www.notibras.com\/site\/wp-json\/wp\/v2\/posts\/376825","targetHints":{"allow":["GET"]}}],"collection":[{"href":"https:\/\/www.notibras.com\/site\/wp-json\/wp\/v2\/posts"}],"about":[{"href":"https:\/\/www.notibras.com\/site\/wp-json\/wp\/v2\/types\/post"}],"author":[{"embeddable":true,"href":"https:\/\/www.notibras.com\/site\/wp-json\/wp\/v2\/users\/2"}],"replies":[{"embeddable":true,"href":"https:\/\/www.notibras.com\/site\/wp-json\/wp\/v2\/comments?post=376825"}],"version-history":[{"count":1,"href":"https:\/\/www.notibras.com\/site\/wp-json\/wp\/v2\/posts\/376825\/revisions"}],"predecessor-version":[{"id":376827,"href":"https:\/\/www.notibras.com\/site\/wp-json\/wp\/v2\/posts\/376825\/revisions\/376827"}],"wp:featuredmedia":[{"embeddable":true,"href":"https:\/\/www.notibras.com\/site\/wp-json\/wp\/v2\/media\/376826"}],"wp:attachment":[{"href":"https:\/\/www.notibras.com\/site\/wp-json\/wp\/v2\/media?parent=376825"}],"wp:term":[{"taxonomy":"category","embeddable":true,"href":"https:\/\/www.notibras.com\/site\/wp-json\/wp\/v2\/categories?post=376825"},{"taxonomy":"post_tag","embeddable":true,"href":"https:\/\/www.notibras.com\/site\/wp-json\/wp\/v2\/tags?post=376825"}],"curies":[{"name":"wp","href":"https:\/\/api.w.org\/{rel}","templated":true}]}}