{"id":376832,"date":"2025-12-29T11:46:16","date_gmt":"2025-12-29T14:46:16","guid":{"rendered":"https:\/\/www.notibras.com\/site\/?p=376832"},"modified":"2025-12-29T13:52:11","modified_gmt":"2025-12-29T16:52:11","slug":"ano-chega-ao-fim-com-clima-louco-misturando-calor-e-tempestades","status":"publish","type":"post","link":"https:\/\/www.notibras.com\/site\/ano-chega-ao-fim-com-clima-louco-misturando-calor-e-tempestades\/","title":{"rendered":"Ano chega ao fim com clima louco misturando calor e tempestades"},"content":{"rendered":"<p>O Instituto Nacional de Meteorologia (Inmet) destaca para os \u00faltimos dias do ano um cen\u00e1rio de calor extremo (alerta vermelho) e pancadas de chuva sobretudo para as regi\u00f5es Sudeste e Sul do pa\u00eds.<\/p>\n<p>O Sistema de Avisos de Meteorologia do Inmet emite alertas por cores (amarelo, laranja e vermelho), conforme o potencial de risco.<\/p>\n<p>Para os \u00faltimos dias de 2025, o Inmet mant\u00e9m um alerta vermelho, ou seja, de grande perigo \u00e0 sa\u00fade, devido \u00e0 onda de calor ativo at\u00e9 as 18 horas desta ter\u00e7a-feira (30), para seis estados: S\u00e3o Paulo, Rio de Janeiro, Minas Gerais, Esp\u00edrito Santo, Goi\u00e1s e Mato Grosso do Sul.<\/p>\n<p>Nessas localidades, as ondas de calor s\u00e3o caracterizadas por temperaturas at\u00e9 5 graus Celsius (\u00b0C) acima da m\u00e9dia hist\u00f3rica por um per\u00edodo maior do que cinco dias.<\/p>\n<p>A cidade de S\u00e3o Paulo registrou neste domingo (28) 37,2\u00b0C, a maior temperatura para dezembro desde 1961. Algumas cidades do interior paulista ultrapassaram os 42\u00b0C.<\/p>\n<p>Nos \u00faltimos dias, a regi\u00e3o Sudeste tem enfrentado uma onda de calor devido a uma massa de ar quente estacionada em toda a regi\u00e3o, que abrange tamb\u00e9m partes de Minas Gerais, Mato Grosso do Sul, Rio de Janeiro e impede a chegada de frentes frias.<\/p>\n<p>Na Regi\u00e3o Centro-Oeste, o calor intenso continua com m\u00e1ximas pr\u00f3ximas de 39\u00b0C no Mato Grosso do Sul e Mato Grosso, acompanhadas de pancadas isoladas de chuva.<\/p>\n<p>Nas por\u00e7\u00f5es do sert\u00e3o e do agreste de diversos estados da Regi\u00e3o Nordeste, o risco \u00e0 sa\u00fade \u00e9 provocado pela baixa umidade relativa do ar que, de acordo com Inmet, pode variar entre 30% e 20%.<\/p>\n<p><strong>Tempestades<\/strong><br \/>\nPara os \u00faltimos dias do ano, a tend\u00eancia \u00e9 de que o calor perca um pouco a intensidade com a chegada de uma frente fria com fortes chuvas, o que deve provocar instabilidades em diversas partes do pa\u00eds.<\/p>\n<p>Todo o estado de S\u00e3o Paulo, o Sul do Rio de Janeiro e Sul\/Sudoeste de Minas Gerais est\u00e3o sob alerta amarelo de tempestades at\u00e9 \u00e0s 10h desta ter\u00e7a-feira (30).<\/p>\n<p>O volume de chuvas pode variar at\u00e9 50 mil\u00edmetros por dia (mm\/dia), acompanhadas de ventos intensos (40-60 km\/h) e de queda de granizo.<\/p>\n<p>O risco de corte de energia el\u00e9trica, estragos em planta\u00e7\u00f5es, queda de galhos de \u00e1rvores e de alagamentos \u00e9 baixo.<\/p>\n<p>As chuvas intensas ainda v\u00e3o atingir grandes partes do Norte, desde o Norte do Amap\u00e1, abrangendo o Amazonas, Par\u00e1, Maranh\u00e3o e todo o estado de Tocantins. A \u00e1rea chuvosa engloba a regi\u00e3o Centro-Oeste (Distrito Federal, Goi\u00e1s), e desce at\u00e9 a regi\u00e3o Sudoeste do pa\u00eds.<\/p>\n<p>As tempestades devem ser mais cr\u00edticas nos tr\u00eas estados da Regi\u00e3o Sul (Paran\u00e1, Santa Catarina e Rio Grande do Sul), al\u00e9m do litoral Sul paulista e do Sudoeste de Mato Grosso do Sul. Para estes estados, o Inmet tamb\u00e9m emitiu alerta laranja para tempestades at\u00e9 23h59 desta ter\u00e7a-feira.<\/p>\n<p>Nestas localidades, as chuvas podem chegar a 100 mm\/dia, com ventos intensos (60-100 km\/h), e queda de granizo. O Inmet avisa que h\u00e1 risco de corte de energia el\u00e9trica, estragos em planta\u00e7\u00f5es, queda de \u00e1rvores e de alagamentos.<\/p>\n<p><strong>R\u00e9veillon<\/strong><br \/>\nNa Regi\u00e3o Sudeste, o dia da virada deve ser abafado, com previs\u00e3o de pancadas de chuva t\u00edpicas de ver\u00e3o entre o fim da tarde e o hor\u00e1rio da virada. H\u00e1 risco de temporais isolados com raios e rajadas de vento nos estados de S\u00e3o Paulo, Rio de Janeiro e Minas Gerais.<\/p>\n<p>No Sul, a instabilidade persiste, especialmente na metade Norte do Rio Grande do Sul e em Santa Catarina, onde o ano deve terminar com chuvas e risco de temporais. No Sul ga\u00facho, o tempo tende a ficar mais firme.<\/p>\n<p>No Norte e Nordeste, permanece o padr\u00e3o de ver\u00e3o, com sol e calor. O litoral nordestino \u00e9 a regi\u00e3o com menor risco de chuva para o hor\u00e1rio da queima de fogos.<\/p>\n<p><strong>Instru\u00e7\u00f5es<\/strong><br \/>\nEm caso de rajadas de vento, o Inmet orienta o cidad\u00e3o a n\u00e3o se abrigar embaixo de \u00e1rvores, pois h\u00e1 risco de queda e descargas el\u00e9tricas e n\u00e3o estacionar ve\u00edculos pr\u00f3ximos a torres de transmiss\u00e3o e placas de propaganda.<\/p>\n<p>Se poss\u00edvel, desligar aparelhos el\u00e9tricos e quadro geral de energia.<\/p>\n<p>Mais informa\u00e7\u00f5es podem ser obtidas na Defesa Civil local (telefone 199) e no Corpo de Bombeiros (telefone 193).<\/p>\n<p>Nos casos de ondas de calor e de baixa umidade relativa do ar, o Inmet orienta a ingest\u00e3o de bastante l\u00edquido e evitar desgaste f\u00edsico nas horas mais secas e n\u00e3o se expor ao sol nas horas mais quentes do dia.<\/p>\n","protected":false},"excerpt":{"rendered":"<p>O Instituto Nacional de Meteorologia (Inmet) destaca para os \u00faltimos dias do ano um cen\u00e1rio de calor extremo (alerta vermelho) e pancadas de chuva sobretudo para as regi\u00f5es Sudeste e Sul do pa\u00eds. O Sistema de Avisos de Meteorologia do Inmet emite alertas por cores (amarelo, laranja e vermelho), conforme o potencial de risco. Para [&hellip;]<\/p>\n","protected":false},"author":2,"featured_media":376833,"comment_status":"closed","ping_status":"closed","sticky":false,"template":"","format":"standard","meta":{"_acf_changed":false,"footnotes":""},"categories":[16],"tags":[95],"class_list":["post-376832","post","type-post","status-publish","format-standard","has-post-thumbnail","hentry","category-brasil","tag-capa"],"acf":[],"yoast_head":"<!-- This site is optimized with the Yoast SEO plugin v27.2 - https:\/\/yoast.com\/product\/yoast-seo-wordpress\/ -->\n<title>Ano chega ao fim com clima louco misturando calor e tempestades - Notibras<\/title>\n<meta name=\"robots\" content=\"index, follow, max-snippet:-1, max-image-preview:large, max-video-preview:-1\" \/>\n<link rel=\"canonical\" href=\"https:\/\/www.notibras.com\/site\/ano-chega-ao-fim-com-clima-louco-misturando-calor-e-tempestades\/\" \/>\n<meta property=\"og:locale\" content=\"pt_BR\" \/>\n<meta property=\"og:type\" content=\"article\" \/>\n<meta property=\"og:title\" content=\"Ano chega ao fim com clima louco misturando calor e tempestades - Notibras\" \/>\n<meta property=\"og:description\" content=\"O Instituto Nacional de Meteorologia (Inmet) destaca para os \u00faltimos dias do ano um cen\u00e1rio de calor extremo (alerta vermelho) e pancadas de chuva sobretudo para as regi\u00f5es Sudeste e Sul do pa\u00eds. O Sistema de Avisos de Meteorologia do Inmet emite alertas por cores (amarelo, laranja e vermelho), conforme o potencial de risco. Para [&hellip;]\" \/>\n<meta property=\"og:url\" content=\"https:\/\/www.notibras.com\/site\/ano-chega-ao-fim-com-clima-louco-misturando-calor-e-tempestades\/\" \/>\n<meta property=\"og:site_name\" content=\"Notibras\" \/>\n<meta property=\"article:publisher\" content=\"https:\/\/www.facebook.com\/notibras\/\" \/>\n<meta property=\"article:published_time\" content=\"2025-12-29T14:46:16+00:00\" \/>\n<meta property=\"article:modified_time\" content=\"2025-12-29T16:52:11+00:00\" \/>\n<meta property=\"og:image\" content=\"https:\/\/www.notibras.com\/site\/wp-content\/uploads\/2025\/12\/raf00344_0.webp\" \/>\n\t<meta property=\"og:image:width\" content=\"770\" \/>\n\t<meta property=\"og:image:height\" content=\"513\" \/>\n\t<meta property=\"og:image:type\" content=\"image\/webp\" \/>\n<meta name=\"author\" content=\"Reda\u00e7\u00e3o\" \/>\n<meta name=\"twitter:card\" content=\"summary_large_image\" \/>\n<meta name=\"twitter:creator\" content=\"@Notibras\" \/>\n<meta name=\"twitter:site\" content=\"@Notibras\" \/>\n<meta name=\"twitter:label1\" content=\"Escrito por\" \/>\n\t<meta name=\"twitter:data1\" content=\"Reda\u00e7\u00e3o\" \/>\n\t<meta name=\"twitter:label2\" content=\"Est. tempo de leitura\" \/>\n\t<meta name=\"twitter:data2\" content=\"5 minutos\" \/>\n<script type=\"application\/ld+json\" class=\"yoast-schema-graph\">{\"@context\":\"https:\/\/schema.org\",\"@graph\":[{\"@type\":\"Article\",\"@id\":\"https:\/\/www.notibras.com\/site\/ano-chega-ao-fim-com-clima-louco-misturando-calor-e-tempestades\/#article\",\"isPartOf\":{\"@id\":\"https:\/\/www.notibras.com\/site\/ano-chega-ao-fim-com-clima-louco-misturando-calor-e-tempestades\/\"},\"author\":{\"name\":\"Reda\u00e7\u00e3o\",\"@id\":\"https:\/\/www.notibras.com\/site\/#\/schema\/person\/36ab0979449956132d3e5b517ea76ac8\"},\"headline\":\"Ano chega ao fim com clima louco misturando calor e tempestades\",\"datePublished\":\"2025-12-29T14:46:16+00:00\",\"dateModified\":\"2025-12-29T16:52:11+00:00\",\"mainEntityOfPage\":{\"@id\":\"https:\/\/www.notibras.com\/site\/ano-chega-ao-fim-com-clima-louco-misturando-calor-e-tempestades\/\"},\"wordCount\":804,\"publisher\":{\"@id\":\"https:\/\/www.notibras.com\/site\/#organization\"},\"image\":{\"@id\":\"https:\/\/www.notibras.com\/site\/ano-chega-ao-fim-com-clima-louco-misturando-calor-e-tempestades\/#primaryimage\"},\"thumbnailUrl\":\"https:\/\/www.notibras.com\/site\/wp-content\/uploads\/2025\/12\/raf00344_0.webp\",\"keywords\":[\"capa\"],\"articleSection\":[\"Brasil\"],\"inLanguage\":\"pt-BR\"},{\"@type\":\"WebPage\",\"@id\":\"https:\/\/www.notibras.com\/site\/ano-chega-ao-fim-com-clima-louco-misturando-calor-e-tempestades\/\",\"url\":\"https:\/\/www.notibras.com\/site\/ano-chega-ao-fim-com-clima-louco-misturando-calor-e-tempestades\/\",\"name\":\"Ano chega ao fim com clima louco misturando calor e tempestades - Notibras\",\"isPartOf\":{\"@id\":\"https:\/\/www.notibras.com\/site\/#website\"},\"primaryImageOfPage\":{\"@id\":\"https:\/\/www.notibras.com\/site\/ano-chega-ao-fim-com-clima-louco-misturando-calor-e-tempestades\/#primaryimage\"},\"image\":{\"@id\":\"https:\/\/www.notibras.com\/site\/ano-chega-ao-fim-com-clima-louco-misturando-calor-e-tempestades\/#primaryimage\"},\"thumbnailUrl\":\"https:\/\/www.notibras.com\/site\/wp-content\/uploads\/2025\/12\/raf00344_0.webp\",\"datePublished\":\"2025-12-29T14:46:16+00:00\",\"dateModified\":\"2025-12-29T16:52:11+00:00\",\"breadcrumb\":{\"@id\":\"https:\/\/www.notibras.com\/site\/ano-chega-ao-fim-com-clima-louco-misturando-calor-e-tempestades\/#breadcrumb\"},\"inLanguage\":\"pt-BR\",\"potentialAction\":[{\"@type\":\"ReadAction\",\"target\":[\"https:\/\/www.notibras.com\/site\/ano-chega-ao-fim-com-clima-louco-misturando-calor-e-tempestades\/\"]}]},{\"@type\":\"ImageObject\",\"inLanguage\":\"pt-BR\",\"@id\":\"https:\/\/www.notibras.com\/site\/ano-chega-ao-fim-com-clima-louco-misturando-calor-e-tempestades\/#primaryimage\",\"url\":\"https:\/\/www.notibras.com\/site\/wp-content\/uploads\/2025\/12\/raf00344_0.webp\",\"contentUrl\":\"https:\/\/www.notibras.com\/site\/wp-content\/uploads\/2025\/12\/raf00344_0.webp\",\"width\":770,\"height\":513},{\"@type\":\"BreadcrumbList\",\"@id\":\"https:\/\/www.notibras.com\/site\/ano-chega-ao-fim-com-clima-louco-misturando-calor-e-tempestades\/#breadcrumb\",\"itemListElement\":[{\"@type\":\"ListItem\",\"position\":1,\"name\":\"In\u00edcio\",\"item\":\"https:\/\/www.notibras.com\/site\/\"},{\"@type\":\"ListItem\",\"position\":2,\"name\":\"Ano chega ao fim com clima louco misturando calor e tempestades\"}]},{\"@type\":\"WebSite\",\"@id\":\"https:\/\/www.notibras.com\/site\/#website\",\"url\":\"https:\/\/www.notibras.com\/site\/\",\"name\":\"Notibras\",\"description\":\"Not\u00edcias de Bras\u00edlia, do Brasil e do Mundo\",\"publisher\":{\"@id\":\"https:\/\/www.notibras.com\/site\/#organization\"},\"potentialAction\":[{\"@type\":\"SearchAction\",\"target\":{\"@type\":\"EntryPoint\",\"urlTemplate\":\"https:\/\/www.notibras.com\/site\/?s={search_term_string}\"},\"query-input\":{\"@type\":\"PropertyValueSpecification\",\"valueRequired\":true,\"valueName\":\"search_term_string\"}}],\"inLanguage\":\"pt-BR\"},{\"@type\":\"Organization\",\"@id\":\"https:\/\/www.notibras.com\/site\/#organization\",\"name\":\"Grupo Notibras de Comunica\u00e7\u00e3o\",\"url\":\"https:\/\/www.notibras.com\/site\/\",\"logo\":{\"@type\":\"ImageObject\",\"inLanguage\":\"pt-BR\",\"@id\":\"https:\/\/www.notibras.com\/site\/#\/schema\/logo\/image\/\",\"url\":\"https:\/\/www.notibras.com\/site\/wp-content\/uploads\/2023\/01\/notibras23.png\",\"contentUrl\":\"https:\/\/www.notibras.com\/site\/wp-content\/uploads\/2023\/01\/notibras23.png\",\"width\":350,\"height\":87,\"caption\":\"Grupo Notibras de Comunica\u00e7\u00e3o\"},\"image\":{\"@id\":\"https:\/\/www.notibras.com\/site\/#\/schema\/logo\/image\/\"},\"sameAs\":[\"https:\/\/www.facebook.com\/notibras\/\",\"https:\/\/x.com\/Notibras\",\"https:\/\/www.instagram.com\/notibras\/\"]},{\"@type\":\"Person\",\"@id\":\"https:\/\/www.notibras.com\/site\/#\/schema\/person\/36ab0979449956132d3e5b517ea76ac8\",\"name\":\"Reda\u00e7\u00e3o\",\"image\":{\"@type\":\"ImageObject\",\"inLanguage\":\"pt-BR\",\"@id\":\"https:\/\/secure.gravatar.com\/avatar\/e0a867bdedb85fd243eadf09663511f96fc81e0720a4a42581f334ad4303aa6b?s=96&d=mm&r=g\",\"url\":\"https:\/\/secure.gravatar.com\/avatar\/e0a867bdedb85fd243eadf09663511f96fc81e0720a4a42581f334ad4303aa6b?s=96&d=mm&r=g\",\"contentUrl\":\"https:\/\/secure.gravatar.com\/avatar\/e0a867bdedb85fd243eadf09663511f96fc81e0720a4a42581f334ad4303aa6b?s=96&d=mm&r=g\",\"caption\":\"Reda\u00e7\u00e3o\"}}]}<\/script>\n<!-- \/ Yoast SEO plugin. -->","yoast_head_json":{"title":"Ano chega ao fim com clima louco misturando calor e tempestades - Notibras","robots":{"index":"index","follow":"follow","max-snippet":"max-snippet:-1","max-image-preview":"max-image-preview:large","max-video-preview":"max-video-preview:-1"},"canonical":"https:\/\/www.notibras.com\/site\/ano-chega-ao-fim-com-clima-louco-misturando-calor-e-tempestades\/","og_locale":"pt_BR","og_type":"article","og_title":"Ano chega ao fim com clima louco misturando calor e tempestades - Notibras","og_description":"O Instituto Nacional de Meteorologia (Inmet) destaca para os \u00faltimos dias do ano um cen\u00e1rio de calor extremo (alerta vermelho) e pancadas de chuva sobretudo para as regi\u00f5es Sudeste e Sul do pa\u00eds. O Sistema de Avisos de Meteorologia do Inmet emite alertas por cores (amarelo, laranja e vermelho), conforme o potencial de risco. Para [&hellip;]","og_url":"https:\/\/www.notibras.com\/site\/ano-chega-ao-fim-com-clima-louco-misturando-calor-e-tempestades\/","og_site_name":"Notibras","article_publisher":"https:\/\/www.facebook.com\/notibras\/","article_published_time":"2025-12-29T14:46:16+00:00","article_modified_time":"2025-12-29T16:52:11+00:00","og_image":[{"width":770,"height":513,"url":"https:\/\/www.notibras.com\/site\/wp-content\/uploads\/2025\/12\/raf00344_0.webp","type":"image\/webp"}],"author":"Reda\u00e7\u00e3o","twitter_card":"summary_large_image","twitter_creator":"@Notibras","twitter_site":"@Notibras","twitter_misc":{"Escrito por":"Reda\u00e7\u00e3o","Est. tempo de leitura":"5 minutos"},"schema":{"@context":"https:\/\/schema.org","@graph":[{"@type":"Article","@id":"https:\/\/www.notibras.com\/site\/ano-chega-ao-fim-com-clima-louco-misturando-calor-e-tempestades\/#article","isPartOf":{"@id":"https:\/\/www.notibras.com\/site\/ano-chega-ao-fim-com-clima-louco-misturando-calor-e-tempestades\/"},"author":{"name":"Reda\u00e7\u00e3o","@id":"https:\/\/www.notibras.com\/site\/#\/schema\/person\/36ab0979449956132d3e5b517ea76ac8"},"headline":"Ano chega ao fim com clima louco misturando calor e tempestades","datePublished":"2025-12-29T14:46:16+00:00","dateModified":"2025-12-29T16:52:11+00:00","mainEntityOfPage":{"@id":"https:\/\/www.notibras.com\/site\/ano-chega-ao-fim-com-clima-louco-misturando-calor-e-tempestades\/"},"wordCount":804,"publisher":{"@id":"https:\/\/www.notibras.com\/site\/#organization"},"image":{"@id":"https:\/\/www.notibras.com\/site\/ano-chega-ao-fim-com-clima-louco-misturando-calor-e-tempestades\/#primaryimage"},"thumbnailUrl":"https:\/\/www.notibras.com\/site\/wp-content\/uploads\/2025\/12\/raf00344_0.webp","keywords":["capa"],"articleSection":["Brasil"],"inLanguage":"pt-BR"},{"@type":"WebPage","@id":"https:\/\/www.notibras.com\/site\/ano-chega-ao-fim-com-clima-louco-misturando-calor-e-tempestades\/","url":"https:\/\/www.notibras.com\/site\/ano-chega-ao-fim-com-clima-louco-misturando-calor-e-tempestades\/","name":"Ano chega ao fim com clima louco misturando calor e tempestades - Notibras","isPartOf":{"@id":"https:\/\/www.notibras.com\/site\/#website"},"primaryImageOfPage":{"@id":"https:\/\/www.notibras.com\/site\/ano-chega-ao-fim-com-clima-louco-misturando-calor-e-tempestades\/#primaryimage"},"image":{"@id":"https:\/\/www.notibras.com\/site\/ano-chega-ao-fim-com-clima-louco-misturando-calor-e-tempestades\/#primaryimage"},"thumbnailUrl":"https:\/\/www.notibras.com\/site\/wp-content\/uploads\/2025\/12\/raf00344_0.webp","datePublished":"2025-12-29T14:46:16+00:00","dateModified":"2025-12-29T16:52:11+00:00","breadcrumb":{"@id":"https:\/\/www.notibras.com\/site\/ano-chega-ao-fim-com-clima-louco-misturando-calor-e-tempestades\/#breadcrumb"},"inLanguage":"pt-BR","potentialAction":[{"@type":"ReadAction","target":["https:\/\/www.notibras.com\/site\/ano-chega-ao-fim-com-clima-louco-misturando-calor-e-tempestades\/"]}]},{"@type":"ImageObject","inLanguage":"pt-BR","@id":"https:\/\/www.notibras.com\/site\/ano-chega-ao-fim-com-clima-louco-misturando-calor-e-tempestades\/#primaryimage","url":"https:\/\/www.notibras.com\/site\/wp-content\/uploads\/2025\/12\/raf00344_0.webp","contentUrl":"https:\/\/www.notibras.com\/site\/wp-content\/uploads\/2025\/12\/raf00344_0.webp","width":770,"height":513},{"@type":"BreadcrumbList","@id":"https:\/\/www.notibras.com\/site\/ano-chega-ao-fim-com-clima-louco-misturando-calor-e-tempestades\/#breadcrumb","itemListElement":[{"@type":"ListItem","position":1,"name":"In\u00edcio","item":"https:\/\/www.notibras.com\/site\/"},{"@type":"ListItem","position":2,"name":"Ano chega ao fim com clima louco misturando calor e tempestades"}]},{"@type":"WebSite","@id":"https:\/\/www.notibras.com\/site\/#website","url":"https:\/\/www.notibras.com\/site\/","name":"Notibras","description":"Not\u00edcias de Bras\u00edlia, do Brasil e do Mundo","publisher":{"@id":"https:\/\/www.notibras.com\/site\/#organization"},"potentialAction":[{"@type":"SearchAction","target":{"@type":"EntryPoint","urlTemplate":"https:\/\/www.notibras.com\/site\/?s={search_term_string}"},"query-input":{"@type":"PropertyValueSpecification","valueRequired":true,"valueName":"search_term_string"}}],"inLanguage":"pt-BR"},{"@type":"Organization","@id":"https:\/\/www.notibras.com\/site\/#organization","name":"Grupo Notibras de Comunica\u00e7\u00e3o","url":"https:\/\/www.notibras.com\/site\/","logo":{"@type":"ImageObject","inLanguage":"pt-BR","@id":"https:\/\/www.notibras.com\/site\/#\/schema\/logo\/image\/","url":"https:\/\/www.notibras.com\/site\/wp-content\/uploads\/2023\/01\/notibras23.png","contentUrl":"https:\/\/www.notibras.com\/site\/wp-content\/uploads\/2023\/01\/notibras23.png","width":350,"height":87,"caption":"Grupo Notibras de Comunica\u00e7\u00e3o"},"image":{"@id":"https:\/\/www.notibras.com\/site\/#\/schema\/logo\/image\/"},"sameAs":["https:\/\/www.facebook.com\/notibras\/","https:\/\/x.com\/Notibras","https:\/\/www.instagram.com\/notibras\/"]},{"@type":"Person","@id":"https:\/\/www.notibras.com\/site\/#\/schema\/person\/36ab0979449956132d3e5b517ea76ac8","name":"Reda\u00e7\u00e3o","image":{"@type":"ImageObject","inLanguage":"pt-BR","@id":"https:\/\/secure.gravatar.com\/avatar\/e0a867bdedb85fd243eadf09663511f96fc81e0720a4a42581f334ad4303aa6b?s=96&d=mm&r=g","url":"https:\/\/secure.gravatar.com\/avatar\/e0a867bdedb85fd243eadf09663511f96fc81e0720a4a42581f334ad4303aa6b?s=96&d=mm&r=g","contentUrl":"https:\/\/secure.gravatar.com\/avatar\/e0a867bdedb85fd243eadf09663511f96fc81e0720a4a42581f334ad4303aa6b?s=96&d=mm&r=g","caption":"Reda\u00e7\u00e3o"}}]}},"amp_enabled":true,"_links":{"self":[{"href":"https:\/\/www.notibras.com\/site\/wp-json\/wp\/v2\/posts\/376832","targetHints":{"allow":["GET"]}}],"collection":[{"href":"https:\/\/www.notibras.com\/site\/wp-json\/wp\/v2\/posts"}],"about":[{"href":"https:\/\/www.notibras.com\/site\/wp-json\/wp\/v2\/types\/post"}],"author":[{"embeddable":true,"href":"https:\/\/www.notibras.com\/site\/wp-json\/wp\/v2\/users\/2"}],"replies":[{"embeddable":true,"href":"https:\/\/www.notibras.com\/site\/wp-json\/wp\/v2\/comments?post=376832"}],"version-history":[{"count":3,"href":"https:\/\/www.notibras.com\/site\/wp-json\/wp\/v2\/posts\/376832\/revisions"}],"predecessor-version":[{"id":376836,"href":"https:\/\/www.notibras.com\/site\/wp-json\/wp\/v2\/posts\/376832\/revisions\/376836"}],"wp:featuredmedia":[{"embeddable":true,"href":"https:\/\/www.notibras.com\/site\/wp-json\/wp\/v2\/media\/376833"}],"wp:attachment":[{"href":"https:\/\/www.notibras.com\/site\/wp-json\/wp\/v2\/media?parent=376832"}],"wp:term":[{"taxonomy":"category","embeddable":true,"href":"https:\/\/www.notibras.com\/site\/wp-json\/wp\/v2\/categories?post=376832"},{"taxonomy":"post_tag","embeddable":true,"href":"https:\/\/www.notibras.com\/site\/wp-json\/wp\/v2\/tags?post=376832"}],"curies":[{"name":"wp","href":"https:\/\/api.w.org\/{rel}","templated":true}]}}