{"id":376843,"date":"2025-12-29T13:11:23","date_gmt":"2025-12-29T16:11:23","guid":{"rendered":"https:\/\/www.notibras.com\/site\/?p=376843"},"modified":"2025-12-29T14:53:43","modified_gmt":"2025-12-29T17:53:43","slug":"correios-preve-fechar-mil-agencias-e-15-mil-demissoes-voluntarias","status":"publish","type":"post","link":"https:\/\/www.notibras.com\/site\/correios-preve-fechar-mil-agencias-e-15-mil-demissoes-voluntarias\/","title":{"rendered":"Correios prev\u00ea fechar mil ag\u00eancias e 15 mil demiss\u00f5es volunt\u00e1rias"},"content":{"rendered":"<p>Com o objetivo de reduzir os d\u00e9ficits registrados desde 2022, os Correios divulgaram nesta segunda-feira (29) um plano de reestrutura\u00e7\u00e3o da companhia com previs\u00e3o de fechar 16% das ag\u00eancias da estatal, o que representa cerca de mil das 6 mil unidades pr\u00f3prias em todo o pa\u00eds.<\/p>\n<p>A estatal espera economizar R$ 2,1 bilh\u00f5es com o fechamento de unidades. Considerando outros pontos de atendimento realizados por parceria, s\u00e3o 10 mil unidades que prestam servi\u00e7os para os Correios no Brasil. Como a empresa p\u00fablica tem a obriga\u00e7\u00e3o de cobrir todo o territ\u00f3rio nacional, o presidente da estatal, Emmanoel Rondon, destacou que o fechamento dessas ag\u00eancias ser\u00e1 realizado sem violar o princ\u00edpio da universaliza\u00e7\u00e3o do servi\u00e7o postal.<\/p>\n<p>\u201cA gente vai fazer a pondera\u00e7\u00e3o entre resultado [financeiro das ag\u00eancias] e o cumprimento da universaliza\u00e7\u00e3o para a gente n\u00e3o ferir a universaliza\u00e7\u00e3o ao fecharmos pontos de venda da empresa\u201d, explicou o presidente dos Correios em coletiva de imprensa, em Bras\u00edlia (DF).<\/p>\n<p><strong>Demiss\u00e3o Volunt\u00e1ria<\/strong><br \/>\nO plano dos Correios prev\u00ea ainda cortes de despesas da ordem de R$ 5 bilh\u00f5es at\u00e9 2028, com venda de im\u00f3veis e dois planos de demiss\u00e3o volunt\u00e1ria (PDVs) previstos para reduzir o n\u00famero de funcion\u00e1rios em 15 mil at\u00e9 2027.<\/p>\n<p>\u201cA gente tem 90% das despesas com perfil de despesa fixa. Isso gera uma rigidez para a gente fazer alguma corre\u00e7\u00e3o de rota quando a din\u00e2mica de mercado assim exige\u201d, disse.<\/p>\n<p>O plano de reestrutura\u00e7\u00e3o era esperado devido aos sucessivos resultados negativos que a estatal vem acumulando desde 2022, com um d\u00e9ficit estrutural de R$ 4 bilh\u00f5es anuais \u201cpor causa do cumprimento da regra de universaliza\u00e7\u00e3o\u201d, segundo justificou o presidente Rondon.<\/p>\n<p>Neste 2025, a estatal registra um saldo negativo de R$ 6 bilh\u00f5es nos nove primeiros meses do ano e est\u00e1 com um patrim\u00f4nio l\u00edquido negativo de R$ 10,4 bilh\u00f5es.<\/p>\n<p><strong>Empr\u00e9stimo e abertura de capital <\/strong><br \/>\nA companhia informou ainda que tomou um empr\u00e9stimo de R$ 12 bilh\u00f5es com bancos para refor\u00e7ar o caixa da companhia, assinado na \u00faltima sexta-feira (26). Por\u00e9m, a dire\u00e7\u00e3o dos Correios ainda trabalha para encontrar outros R$ 8 bilh\u00f5es necess\u00e1rios para equilibrar as contas em 2026.<\/p>\n<p>A estatal estuda ainda, a partir de 2027, uma mudan\u00e7a societ\u00e1ria nos Correios. Atualmente, a companhia \u00e9 100% p\u00fablica, mas avalia a possibilidade de abrir seu capital transformando-a, por exemplo, em uma companhia de economia mista, como \u00e9 hoje a Petrobras e o Banco do Brasil.<\/p>\n<p><strong>Corte de pessoal e benef\u00edcios<\/strong><br \/>\nO plano apresentado pelos Correios prev\u00ea medidas para serem implementadas entre 2026 e 2027, incluindo os PDVs, sendo um no pr\u00f3ximo ano e outro em 2027.<\/p>\n<p>Outros alvos da dire\u00e7\u00e3o dos Correios s\u00e3o os planos de sa\u00fade e de previd\u00eancia dos servidores, que devem ter cortes nos aportes feitos pela estatal.<\/p>\n<p>\u201cO plano [de sa\u00fade] tem que ser completamente revisto e a gente tem que mudar a l\u00f3gica dele porque hoje ele onera bastante. Ele tem uma cobertura boa para o empregado, mas, ao mesmo tempo, financeiramente insustent\u00e1vel para a empresa\u201d, justificou o presidente.<\/p>\n<p>Com as demiss\u00f5es volunt\u00e1rias e os cortes de benef\u00edcios, os Correios esperam reduzir as despesas com pessoal em R$ 2,1 bilh\u00f5es anuais. Al\u00e9m disso, o plano estima vender im\u00f3veis da companhia para gerar R$ 1,5 bilh\u00e3o em receita.<\/p>\n<p>\u201cEsse plano vai al\u00e9m da recupera\u00e7\u00e3o financeira. Ele reafirma os Correios como um ativo estrat\u00e9gico do estado brasileiro, essencial para integrar o territ\u00f3rio nacional, garantir acesso igualit\u00e1rio a servi\u00e7os log\u00edsticos e assegurar efici\u00eancia operacional em cada regi\u00e3o do pa\u00eds, especialmente onde ningu\u00e9m mais chega\u201d, concluiu o presidente dos Correios.<\/p>\n<p><strong>Crise no setor postal<\/strong><br \/>\nOs Correios enfrentam uma crise financeira que, segundo a dire\u00e7\u00e3o da companhia, vem desde 2016, motivada pelas mudan\u00e7as no mercado postal em raz\u00e3o da digitaliza\u00e7\u00e3o das comunica\u00e7\u00f5es, que substituiu as cartas, reduzindo a principal fonte de receita dos Correios.<\/p>\n<p>A estatal tamb\u00e9m atribui dificuldades financeiras a entrada de novos competidores no com\u00e9rcio eletr\u00f4nico como um dos motivos da atual crise do setor.<\/p>\n<p>\u201c\u00c9 uma din\u00e2mica de mercado que aconteceu no mundo inteiro e algumas empresas de correios conseguiram se adaptar. V\u00e1rias dessas empresas ainda registram preju\u00edzos. Um exemplo \u00e9 a empresa americana de correios que est\u00e1 reportando preju\u00edzo da ordem de US$ 9 bilh\u00f5es\u201d, comparou Emmanoel.<\/p>\n<p>O presidente da estatal brasileira se referiu a empresa p\u00fablica dos Estados Unidos (EUA) Unit States Posta Service (USPS), que tamb\u00e9m anunciou recentemente medidas para enfrentar os d\u00e9ficits financeiros.<\/p>\n","protected":false},"excerpt":{"rendered":"<p>Com o objetivo de reduzir os d\u00e9ficits registrados desde 2022, os Correios divulgaram nesta segunda-feira (29) um plano de reestrutura\u00e7\u00e3o da companhia com previs\u00e3o de fechar 16% das ag\u00eancias da estatal, o que representa cerca de mil das 6 mil unidades pr\u00f3prias em todo o pa\u00eds. A estatal espera economizar R$ 2,1 bilh\u00f5es com o [&hellip;]<\/p>\n","protected":false},"author":2,"featured_media":376844,"comment_status":"closed","ping_status":"closed","sticky":false,"template":"","format":"standard","meta":{"_acf_changed":false,"footnotes":""},"categories":[16],"tags":[],"class_list":["post-376843","post","type-post","status-publish","format-standard","has-post-thumbnail","hentry","category-brasil"],"acf":[],"yoast_head":"<!-- This site is optimized with the Yoast SEO plugin v27.2 - https:\/\/yoast.com\/product\/yoast-seo-wordpress\/ -->\n<title>Correios prev\u00ea fechar mil ag\u00eancias e 15 mil demiss\u00f5es volunt\u00e1rias - Notibras<\/title>\n<meta name=\"robots\" content=\"index, follow, max-snippet:-1, max-image-preview:large, max-video-preview:-1\" \/>\n<link rel=\"canonical\" href=\"https:\/\/www.notibras.com\/site\/correios-preve-fechar-mil-agencias-e-15-mil-demissoes-voluntarias\/\" \/>\n<meta property=\"og:locale\" content=\"pt_BR\" \/>\n<meta property=\"og:type\" content=\"article\" \/>\n<meta property=\"og:title\" content=\"Correios prev\u00ea fechar mil ag\u00eancias e 15 mil demiss\u00f5es volunt\u00e1rias - Notibras\" \/>\n<meta property=\"og:description\" content=\"Com o objetivo de reduzir os d\u00e9ficits registrados desde 2022, os Correios divulgaram nesta segunda-feira (29) um plano de reestrutura\u00e7\u00e3o da companhia com previs\u00e3o de fechar 16% das ag\u00eancias da estatal, o que representa cerca de mil das 6 mil unidades pr\u00f3prias em todo o pa\u00eds. A estatal espera economizar R$ 2,1 bilh\u00f5es com o [&hellip;]\" \/>\n<meta property=\"og:url\" content=\"https:\/\/www.notibras.com\/site\/correios-preve-fechar-mil-agencias-e-15-mil-demissoes-voluntarias\/\" \/>\n<meta property=\"og:site_name\" content=\"Notibras\" \/>\n<meta property=\"article:publisher\" content=\"https:\/\/www.facebook.com\/notibras\/\" \/>\n<meta property=\"article:published_time\" content=\"2025-12-29T16:11:23+00:00\" \/>\n<meta property=\"article:modified_time\" content=\"2025-12-29T17:53:43+00:00\" \/>\n<meta property=\"og:image\" content=\"https:\/\/www.notibras.com\/site\/wp-content\/uploads\/2025\/12\/pzzb6214.webp\" \/>\n\t<meta property=\"og:image:width\" content=\"1170\" \/>\n\t<meta property=\"og:image:height\" content=\"700\" \/>\n\t<meta property=\"og:image:type\" content=\"image\/webp\" \/>\n<meta name=\"author\" content=\"Reda\u00e7\u00e3o\" \/>\n<meta name=\"twitter:card\" content=\"summary_large_image\" \/>\n<meta name=\"twitter:creator\" content=\"@Notibras\" \/>\n<meta name=\"twitter:site\" content=\"@Notibras\" \/>\n<meta name=\"twitter:label1\" content=\"Escrito por\" \/>\n\t<meta name=\"twitter:data1\" content=\"Reda\u00e7\u00e3o\" \/>\n\t<meta name=\"twitter:label2\" content=\"Est. tempo de leitura\" \/>\n\t<meta name=\"twitter:data2\" content=\"5 minutos\" \/>\n<script type=\"application\/ld+json\" class=\"yoast-schema-graph\">{\"@context\":\"https:\/\/schema.org\",\"@graph\":[{\"@type\":\"Article\",\"@id\":\"https:\/\/www.notibras.com\/site\/correios-preve-fechar-mil-agencias-e-15-mil-demissoes-voluntarias\/#article\",\"isPartOf\":{\"@id\":\"https:\/\/www.notibras.com\/site\/correios-preve-fechar-mil-agencias-e-15-mil-demissoes-voluntarias\/\"},\"author\":{\"name\":\"Reda\u00e7\u00e3o\",\"@id\":\"https:\/\/www.notibras.com\/site\/#\/schema\/person\/36ab0979449956132d3e5b517ea76ac8\"},\"headline\":\"Correios prev\u00ea fechar mil ag\u00eancias e 15 mil demiss\u00f5es volunt\u00e1rias\",\"datePublished\":\"2025-12-29T16:11:23+00:00\",\"dateModified\":\"2025-12-29T17:53:43+00:00\",\"mainEntityOfPage\":{\"@id\":\"https:\/\/www.notibras.com\/site\/correios-preve-fechar-mil-agencias-e-15-mil-demissoes-voluntarias\/\"},\"wordCount\":792,\"publisher\":{\"@id\":\"https:\/\/www.notibras.com\/site\/#organization\"},\"image\":{\"@id\":\"https:\/\/www.notibras.com\/site\/correios-preve-fechar-mil-agencias-e-15-mil-demissoes-voluntarias\/#primaryimage\"},\"thumbnailUrl\":\"https:\/\/www.notibras.com\/site\/wp-content\/uploads\/2025\/12\/pzzb6214.webp\",\"articleSection\":[\"Brasil\"],\"inLanguage\":\"pt-BR\"},{\"@type\":\"WebPage\",\"@id\":\"https:\/\/www.notibras.com\/site\/correios-preve-fechar-mil-agencias-e-15-mil-demissoes-voluntarias\/\",\"url\":\"https:\/\/www.notibras.com\/site\/correios-preve-fechar-mil-agencias-e-15-mil-demissoes-voluntarias\/\",\"name\":\"Correios prev\u00ea fechar mil ag\u00eancias e 15 mil demiss\u00f5es volunt\u00e1rias - Notibras\",\"isPartOf\":{\"@id\":\"https:\/\/www.notibras.com\/site\/#website\"},\"primaryImageOfPage\":{\"@id\":\"https:\/\/www.notibras.com\/site\/correios-preve-fechar-mil-agencias-e-15-mil-demissoes-voluntarias\/#primaryimage\"},\"image\":{\"@id\":\"https:\/\/www.notibras.com\/site\/correios-preve-fechar-mil-agencias-e-15-mil-demissoes-voluntarias\/#primaryimage\"},\"thumbnailUrl\":\"https:\/\/www.notibras.com\/site\/wp-content\/uploads\/2025\/12\/pzzb6214.webp\",\"datePublished\":\"2025-12-29T16:11:23+00:00\",\"dateModified\":\"2025-12-29T17:53:43+00:00\",\"breadcrumb\":{\"@id\":\"https:\/\/www.notibras.com\/site\/correios-preve-fechar-mil-agencias-e-15-mil-demissoes-voluntarias\/#breadcrumb\"},\"inLanguage\":\"pt-BR\",\"potentialAction\":[{\"@type\":\"ReadAction\",\"target\":[\"https:\/\/www.notibras.com\/site\/correios-preve-fechar-mil-agencias-e-15-mil-demissoes-voluntarias\/\"]}]},{\"@type\":\"ImageObject\",\"inLanguage\":\"pt-BR\",\"@id\":\"https:\/\/www.notibras.com\/site\/correios-preve-fechar-mil-agencias-e-15-mil-demissoes-voluntarias\/#primaryimage\",\"url\":\"https:\/\/www.notibras.com\/site\/wp-content\/uploads\/2025\/12\/pzzb6214.webp\",\"contentUrl\":\"https:\/\/www.notibras.com\/site\/wp-content\/uploads\/2025\/12\/pzzb6214.webp\",\"width\":1170,\"height\":700},{\"@type\":\"BreadcrumbList\",\"@id\":\"https:\/\/www.notibras.com\/site\/correios-preve-fechar-mil-agencias-e-15-mil-demissoes-voluntarias\/#breadcrumb\",\"itemListElement\":[{\"@type\":\"ListItem\",\"position\":1,\"name\":\"In\u00edcio\",\"item\":\"https:\/\/www.notibras.com\/site\/\"},{\"@type\":\"ListItem\",\"position\":2,\"name\":\"Correios prev\u00ea fechar mil ag\u00eancias e 15 mil demiss\u00f5es volunt\u00e1rias\"}]},{\"@type\":\"WebSite\",\"@id\":\"https:\/\/www.notibras.com\/site\/#website\",\"url\":\"https:\/\/www.notibras.com\/site\/\",\"name\":\"Notibras\",\"description\":\"Not\u00edcias de Bras\u00edlia, do Brasil e do Mundo\",\"publisher\":{\"@id\":\"https:\/\/www.notibras.com\/site\/#organization\"},\"potentialAction\":[{\"@type\":\"SearchAction\",\"target\":{\"@type\":\"EntryPoint\",\"urlTemplate\":\"https:\/\/www.notibras.com\/site\/?s={search_term_string}\"},\"query-input\":{\"@type\":\"PropertyValueSpecification\",\"valueRequired\":true,\"valueName\":\"search_term_string\"}}],\"inLanguage\":\"pt-BR\"},{\"@type\":\"Organization\",\"@id\":\"https:\/\/www.notibras.com\/site\/#organization\",\"name\":\"Grupo Notibras de Comunica\u00e7\u00e3o\",\"url\":\"https:\/\/www.notibras.com\/site\/\",\"logo\":{\"@type\":\"ImageObject\",\"inLanguage\":\"pt-BR\",\"@id\":\"https:\/\/www.notibras.com\/site\/#\/schema\/logo\/image\/\",\"url\":\"https:\/\/www.notibras.com\/site\/wp-content\/uploads\/2023\/01\/notibras23.png\",\"contentUrl\":\"https:\/\/www.notibras.com\/site\/wp-content\/uploads\/2023\/01\/notibras23.png\",\"width\":350,\"height\":87,\"caption\":\"Grupo Notibras de Comunica\u00e7\u00e3o\"},\"image\":{\"@id\":\"https:\/\/www.notibras.com\/site\/#\/schema\/logo\/image\/\"},\"sameAs\":[\"https:\/\/www.facebook.com\/notibras\/\",\"https:\/\/x.com\/Notibras\",\"https:\/\/www.instagram.com\/notibras\/\"]},{\"@type\":\"Person\",\"@id\":\"https:\/\/www.notibras.com\/site\/#\/schema\/person\/36ab0979449956132d3e5b517ea76ac8\",\"name\":\"Reda\u00e7\u00e3o\",\"image\":{\"@type\":\"ImageObject\",\"inLanguage\":\"pt-BR\",\"@id\":\"https:\/\/secure.gravatar.com\/avatar\/e0a867bdedb85fd243eadf09663511f96fc81e0720a4a42581f334ad4303aa6b?s=96&d=mm&r=g\",\"url\":\"https:\/\/secure.gravatar.com\/avatar\/e0a867bdedb85fd243eadf09663511f96fc81e0720a4a42581f334ad4303aa6b?s=96&d=mm&r=g\",\"contentUrl\":\"https:\/\/secure.gravatar.com\/avatar\/e0a867bdedb85fd243eadf09663511f96fc81e0720a4a42581f334ad4303aa6b?s=96&d=mm&r=g\",\"caption\":\"Reda\u00e7\u00e3o\"}}]}<\/script>\n<!-- \/ Yoast SEO plugin. -->","yoast_head_json":{"title":"Correios prev\u00ea fechar mil ag\u00eancias e 15 mil demiss\u00f5es volunt\u00e1rias - Notibras","robots":{"index":"index","follow":"follow","max-snippet":"max-snippet:-1","max-image-preview":"max-image-preview:large","max-video-preview":"max-video-preview:-1"},"canonical":"https:\/\/www.notibras.com\/site\/correios-preve-fechar-mil-agencias-e-15-mil-demissoes-voluntarias\/","og_locale":"pt_BR","og_type":"article","og_title":"Correios prev\u00ea fechar mil ag\u00eancias e 15 mil demiss\u00f5es volunt\u00e1rias - Notibras","og_description":"Com o objetivo de reduzir os d\u00e9ficits registrados desde 2022, os Correios divulgaram nesta segunda-feira (29) um plano de reestrutura\u00e7\u00e3o da companhia com previs\u00e3o de fechar 16% das ag\u00eancias da estatal, o que representa cerca de mil das 6 mil unidades pr\u00f3prias em todo o pa\u00eds. A estatal espera economizar R$ 2,1 bilh\u00f5es com o [&hellip;]","og_url":"https:\/\/www.notibras.com\/site\/correios-preve-fechar-mil-agencias-e-15-mil-demissoes-voluntarias\/","og_site_name":"Notibras","article_publisher":"https:\/\/www.facebook.com\/notibras\/","article_published_time":"2025-12-29T16:11:23+00:00","article_modified_time":"2025-12-29T17:53:43+00:00","og_image":[{"width":1170,"height":700,"url":"https:\/\/www.notibras.com\/site\/wp-content\/uploads\/2025\/12\/pzzb6214.webp","type":"image\/webp"}],"author":"Reda\u00e7\u00e3o","twitter_card":"summary_large_image","twitter_creator":"@Notibras","twitter_site":"@Notibras","twitter_misc":{"Escrito por":"Reda\u00e7\u00e3o","Est. tempo de leitura":"5 minutos"},"schema":{"@context":"https:\/\/schema.org","@graph":[{"@type":"Article","@id":"https:\/\/www.notibras.com\/site\/correios-preve-fechar-mil-agencias-e-15-mil-demissoes-voluntarias\/#article","isPartOf":{"@id":"https:\/\/www.notibras.com\/site\/correios-preve-fechar-mil-agencias-e-15-mil-demissoes-voluntarias\/"},"author":{"name":"Reda\u00e7\u00e3o","@id":"https:\/\/www.notibras.com\/site\/#\/schema\/person\/36ab0979449956132d3e5b517ea76ac8"},"headline":"Correios prev\u00ea fechar mil ag\u00eancias e 15 mil demiss\u00f5es volunt\u00e1rias","datePublished":"2025-12-29T16:11:23+00:00","dateModified":"2025-12-29T17:53:43+00:00","mainEntityOfPage":{"@id":"https:\/\/www.notibras.com\/site\/correios-preve-fechar-mil-agencias-e-15-mil-demissoes-voluntarias\/"},"wordCount":792,"publisher":{"@id":"https:\/\/www.notibras.com\/site\/#organization"},"image":{"@id":"https:\/\/www.notibras.com\/site\/correios-preve-fechar-mil-agencias-e-15-mil-demissoes-voluntarias\/#primaryimage"},"thumbnailUrl":"https:\/\/www.notibras.com\/site\/wp-content\/uploads\/2025\/12\/pzzb6214.webp","articleSection":["Brasil"],"inLanguage":"pt-BR"},{"@type":"WebPage","@id":"https:\/\/www.notibras.com\/site\/correios-preve-fechar-mil-agencias-e-15-mil-demissoes-voluntarias\/","url":"https:\/\/www.notibras.com\/site\/correios-preve-fechar-mil-agencias-e-15-mil-demissoes-voluntarias\/","name":"Correios prev\u00ea fechar mil ag\u00eancias e 15 mil demiss\u00f5es volunt\u00e1rias - Notibras","isPartOf":{"@id":"https:\/\/www.notibras.com\/site\/#website"},"primaryImageOfPage":{"@id":"https:\/\/www.notibras.com\/site\/correios-preve-fechar-mil-agencias-e-15-mil-demissoes-voluntarias\/#primaryimage"},"image":{"@id":"https:\/\/www.notibras.com\/site\/correios-preve-fechar-mil-agencias-e-15-mil-demissoes-voluntarias\/#primaryimage"},"thumbnailUrl":"https:\/\/www.notibras.com\/site\/wp-content\/uploads\/2025\/12\/pzzb6214.webp","datePublished":"2025-12-29T16:11:23+00:00","dateModified":"2025-12-29T17:53:43+00:00","breadcrumb":{"@id":"https:\/\/www.notibras.com\/site\/correios-preve-fechar-mil-agencias-e-15-mil-demissoes-voluntarias\/#breadcrumb"},"inLanguage":"pt-BR","potentialAction":[{"@type":"ReadAction","target":["https:\/\/www.notibras.com\/site\/correios-preve-fechar-mil-agencias-e-15-mil-demissoes-voluntarias\/"]}]},{"@type":"ImageObject","inLanguage":"pt-BR","@id":"https:\/\/www.notibras.com\/site\/correios-preve-fechar-mil-agencias-e-15-mil-demissoes-voluntarias\/#primaryimage","url":"https:\/\/www.notibras.com\/site\/wp-content\/uploads\/2025\/12\/pzzb6214.webp","contentUrl":"https:\/\/www.notibras.com\/site\/wp-content\/uploads\/2025\/12\/pzzb6214.webp","width":1170,"height":700},{"@type":"BreadcrumbList","@id":"https:\/\/www.notibras.com\/site\/correios-preve-fechar-mil-agencias-e-15-mil-demissoes-voluntarias\/#breadcrumb","itemListElement":[{"@type":"ListItem","position":1,"name":"In\u00edcio","item":"https:\/\/www.notibras.com\/site\/"},{"@type":"ListItem","position":2,"name":"Correios prev\u00ea fechar mil ag\u00eancias e 15 mil demiss\u00f5es volunt\u00e1rias"}]},{"@type":"WebSite","@id":"https:\/\/www.notibras.com\/site\/#website","url":"https:\/\/www.notibras.com\/site\/","name":"Notibras","description":"Not\u00edcias de Bras\u00edlia, do Brasil e do Mundo","publisher":{"@id":"https:\/\/www.notibras.com\/site\/#organization"},"potentialAction":[{"@type":"SearchAction","target":{"@type":"EntryPoint","urlTemplate":"https:\/\/www.notibras.com\/site\/?s={search_term_string}"},"query-input":{"@type":"PropertyValueSpecification","valueRequired":true,"valueName":"search_term_string"}}],"inLanguage":"pt-BR"},{"@type":"Organization","@id":"https:\/\/www.notibras.com\/site\/#organization","name":"Grupo Notibras de Comunica\u00e7\u00e3o","url":"https:\/\/www.notibras.com\/site\/","logo":{"@type":"ImageObject","inLanguage":"pt-BR","@id":"https:\/\/www.notibras.com\/site\/#\/schema\/logo\/image\/","url":"https:\/\/www.notibras.com\/site\/wp-content\/uploads\/2023\/01\/notibras23.png","contentUrl":"https:\/\/www.notibras.com\/site\/wp-content\/uploads\/2023\/01\/notibras23.png","width":350,"height":87,"caption":"Grupo Notibras de Comunica\u00e7\u00e3o"},"image":{"@id":"https:\/\/www.notibras.com\/site\/#\/schema\/logo\/image\/"},"sameAs":["https:\/\/www.facebook.com\/notibras\/","https:\/\/x.com\/Notibras","https:\/\/www.instagram.com\/notibras\/"]},{"@type":"Person","@id":"https:\/\/www.notibras.com\/site\/#\/schema\/person\/36ab0979449956132d3e5b517ea76ac8","name":"Reda\u00e7\u00e3o","image":{"@type":"ImageObject","inLanguage":"pt-BR","@id":"https:\/\/secure.gravatar.com\/avatar\/e0a867bdedb85fd243eadf09663511f96fc81e0720a4a42581f334ad4303aa6b?s=96&d=mm&r=g","url":"https:\/\/secure.gravatar.com\/avatar\/e0a867bdedb85fd243eadf09663511f96fc81e0720a4a42581f334ad4303aa6b?s=96&d=mm&r=g","contentUrl":"https:\/\/secure.gravatar.com\/avatar\/e0a867bdedb85fd243eadf09663511f96fc81e0720a4a42581f334ad4303aa6b?s=96&d=mm&r=g","caption":"Reda\u00e7\u00e3o"}}]}},"amp_enabled":true,"_links":{"self":[{"href":"https:\/\/www.notibras.com\/site\/wp-json\/wp\/v2\/posts\/376843","targetHints":{"allow":["GET"]}}],"collection":[{"href":"https:\/\/www.notibras.com\/site\/wp-json\/wp\/v2\/posts"}],"about":[{"href":"https:\/\/www.notibras.com\/site\/wp-json\/wp\/v2\/types\/post"}],"author":[{"embeddable":true,"href":"https:\/\/www.notibras.com\/site\/wp-json\/wp\/v2\/users\/2"}],"replies":[{"embeddable":true,"href":"https:\/\/www.notibras.com\/site\/wp-json\/wp\/v2\/comments?post=376843"}],"version-history":[{"count":1,"href":"https:\/\/www.notibras.com\/site\/wp-json\/wp\/v2\/posts\/376843\/revisions"}],"predecessor-version":[{"id":376845,"href":"https:\/\/www.notibras.com\/site\/wp-json\/wp\/v2\/posts\/376843\/revisions\/376845"}],"wp:featuredmedia":[{"embeddable":true,"href":"https:\/\/www.notibras.com\/site\/wp-json\/wp\/v2\/media\/376844"}],"wp:attachment":[{"href":"https:\/\/www.notibras.com\/site\/wp-json\/wp\/v2\/media?parent=376843"}],"wp:term":[{"taxonomy":"category","embeddable":true,"href":"https:\/\/www.notibras.com\/site\/wp-json\/wp\/v2\/categories?post=376843"},{"taxonomy":"post_tag","embeddable":true,"href":"https:\/\/www.notibras.com\/site\/wp-json\/wp\/v2\/tags?post=376843"}],"curies":[{"name":"wp","href":"https:\/\/api.w.org\/{rel}","templated":true}]}}