{"id":376886,"date":"2025-12-30T02:00:22","date_gmt":"2025-12-30T05:00:22","guid":{"rendered":"https:\/\/www.notibras.com\/site\/?p=376886"},"modified":"2025-12-30T03:27:22","modified_gmt":"2025-12-30T06:27:22","slug":"joao-luiz-o-cirurgiao-que-pode-dar-vida-nova-a-politica","status":"publish","type":"post","link":"https:\/\/www.notibras.com\/site\/joao-luiz-o-cirurgiao-que-pode-dar-vida-nova-a-politica\/","title":{"rendered":"Jo\u00e3o Luiz, o cirurgi\u00e3o que pode dar vida nova \u00e0 pol\u00edtica"},"content":{"rendered":"<p>Na simp\u00e1tica Vicente Pires, a poucos quil\u00f4metros do centro do poder em Bras\u00edlia, acompanho &#8211; com direito a interven\u00e7\u00f5es para uns pitacos &#8211; uma conversa tranquila entre o m\u00e9dico Jo\u00e3o Luiz Arantes e o jornalista Jos\u00e9 Seabra. Ele fala do seu of\u00edcio como quem fala de uma voca\u00e7\u00e3o. H\u00e1 brilho nos olhos quando discorre sobre seu trabalho como cirurgi\u00e3o, os corredores dos hospitais, as decis\u00f5es dif\u00edceis tomadas sob press\u00e3o. M\u00e9dico aposentado da Secretaria de Sa\u00fade, Jo\u00e3o Luiz revisita sua passagem pela dire\u00e7\u00e3o dos hospitais regionais da Asa Norte, de Taguatinga e do Gama com nostalgia, mas tamb\u00e9m com serenidade.<\/p>\n<p>Entre um gole de caf\u00e9 e outro, sentados na charmosa panificadora Para\u00edso dos P\u00e3es, o Dr. Jo\u00e3o Luiz aborda com simplicidade um desejo que n\u00e3o se aposentou com ele: o de continuar contribuindo com a cidade que escolheu para viver. Radicado em Bras\u00edlia ainda na inf\u00e2ncia, ele \u00e9 carioca de nascimento, mas traz nas veias as origens alagoanas da fam\u00edlia. O av\u00f4 foi deputado, um detalhe que surge mais como mem\u00f3ria afetiva do que como credencial pol\u00edtica.<\/p>\n<p>A conversa avan\u00e7a e o tom muda, sem perder a calma.\u00a0 Jo\u00e3o avalia, diante de n\u00f3s, que sua experi\u00eancia pode render frutos no Parlamento e cogita lan\u00e7ar-se deputado federal pelo PSD de Jos\u00e9 Roberto Arruda. N\u00e3o h\u00e1 presun\u00e7\u00e3o; h\u00e1 convic\u00e7\u00f5es. Ele critica a forma como a sa\u00fade vem sendo conduzida no Distrito Federal e afirma, com clareza, que o IGES-DF n\u00e3o atende adequadamente \u00e0 finalidade para a qual foi criado. Fala da desvaloriza\u00e7\u00e3o dos servidores da Sa\u00fade com respeito e conhecimento de causa de quem viveu o sistema por dentro.<\/p>\n<p>Mas o perfil do Dr. Jo\u00e3o Luiz n\u00e3o se limita \u00e0 sa\u00fade. Fa\u00e7o alguns questionamentos, ele sustenta opini\u00f5es firmes sobre seguran\u00e7a p\u00fablica e educa\u00e7\u00e3o, que define como parte de um trip\u00e9 essencial para a sociedade, ao lado da pr\u00f3pria sa\u00fade. Defende com entusiasmo a necessidade de expans\u00e3o do metr\u00f4 para a regi\u00e3o Norte da capital. N\u00e3o h\u00e1 improviso nessas ideias, h\u00e1 experi\u00eancia e uma confian\u00e7a tranquila de quem j\u00e1 enfrentou emerg\u00eancias reais, com pessoas reais, longe dos holofotes.<\/p>\n<p>Quando a conversa se encerra, fica a impress\u00e3o de que aquele encontro casual em Vicente Pires n\u00e3o foi apenas um bate-papo de caf\u00e9. Entre perguntas precisas e respostas cir\u00fargicas, o Dr. Jo\u00e3o Luiz Arantes revela um perfil que mistura t\u00e9cnica e afeto, cr\u00edtica e esperan\u00e7a, como quem sabe que pol\u00edtica, quando bem-feita, tamb\u00e9m pode ser um gesto de cuidado.<\/p>\n","protected":false},"excerpt":{"rendered":"<p>Na simp\u00e1tica Vicente Pires, a poucos quil\u00f4metros do centro do poder em Bras\u00edlia, acompanho &#8211; com direito a interven\u00e7\u00f5es para uns pitacos &#8211; uma conversa tranquila entre o m\u00e9dico Jo\u00e3o Luiz Arantes e o jornalista Jos\u00e9 Seabra. Ele fala do seu of\u00edcio como quem fala de uma voca\u00e7\u00e3o. H\u00e1 brilho nos olhos quando discorre sobre [&hellip;]<\/p>\n","protected":false},"author":21,"featured_media":376887,"comment_status":"closed","ping_status":"closed","sticky":false,"template":"","format":"standard","meta":{"_acf_changed":false,"footnotes":""},"categories":[235],"tags":[],"class_list":["post-376886","post","type-post","status-publish","format-standard","has-post-thumbnail","hentry","category-dona-irene"],"acf":[],"yoast_head":"<!-- This site is optimized with the Yoast SEO plugin v27.2 - https:\/\/yoast.com\/product\/yoast-seo-wordpress\/ -->\n<title>Jo\u00e3o Luiz, o cirurgi\u00e3o que pode dar vida nova \u00e0 pol\u00edtica - Notibras<\/title>\n<meta name=\"robots\" content=\"index, follow, max-snippet:-1, max-image-preview:large, max-video-preview:-1\" \/>\n<link rel=\"canonical\" href=\"https:\/\/www.notibras.com\/site\/joao-luiz-o-cirurgiao-que-pode-dar-vida-nova-a-politica\/\" \/>\n<meta property=\"og:locale\" content=\"pt_BR\" \/>\n<meta property=\"og:type\" content=\"article\" \/>\n<meta property=\"og:title\" content=\"Jo\u00e3o Luiz, o cirurgi\u00e3o que pode dar vida nova \u00e0 pol\u00edtica - Notibras\" \/>\n<meta property=\"og:description\" content=\"Na simp\u00e1tica Vicente Pires, a poucos quil\u00f4metros do centro do poder em Bras\u00edlia, acompanho &#8211; com direito a interven\u00e7\u00f5es para uns pitacos &#8211; uma conversa tranquila entre o m\u00e9dico Jo\u00e3o Luiz Arantes e o jornalista Jos\u00e9 Seabra. Ele fala do seu of\u00edcio como quem fala de uma voca\u00e7\u00e3o. H\u00e1 brilho nos olhos quando discorre sobre [&hellip;]\" \/>\n<meta property=\"og:url\" content=\"https:\/\/www.notibras.com\/site\/joao-luiz-o-cirurgiao-que-pode-dar-vida-nova-a-politica\/\" \/>\n<meta property=\"og:site_name\" content=\"Notibras\" \/>\n<meta property=\"article:publisher\" content=\"https:\/\/www.facebook.com\/notibras\/\" \/>\n<meta property=\"article:published_time\" content=\"2025-12-30T05:00:22+00:00\" \/>\n<meta property=\"article:modified_time\" content=\"2025-12-30T06:27:22+00:00\" \/>\n<meta property=\"og:image\" content=\"https:\/\/www.notibras.com\/site\/wp-content\/uploads\/2025\/12\/WhatsApp-Image-2025-12-29-at-21.12.25.jpeg\" \/>\n\t<meta property=\"og:image:width\" content=\"1280\" \/>\n\t<meta property=\"og:image:height\" content=\"960\" \/>\n\t<meta property=\"og:image:type\" content=\"image\/jpeg\" \/>\n<meta name=\"author\" content=\"Eduardo Mart\u00ednez\" \/>\n<meta name=\"twitter:card\" content=\"summary_large_image\" \/>\n<meta name=\"twitter:creator\" content=\"@Notibras\" \/>\n<meta name=\"twitter:site\" content=\"@Notibras\" \/>\n<meta name=\"twitter:label1\" content=\"Escrito por\" \/>\n\t<meta name=\"twitter:data1\" content=\"Eduardo Mart\u00ednez\" \/>\n\t<meta name=\"twitter:label2\" content=\"Est. tempo de leitura\" \/>\n\t<meta name=\"twitter:data2\" content=\"3 minutos\" \/>\n<script type=\"application\/ld+json\" class=\"yoast-schema-graph\">{\"@context\":\"https:\/\/schema.org\",\"@graph\":[{\"@type\":\"Article\",\"@id\":\"https:\/\/www.notibras.com\/site\/joao-luiz-o-cirurgiao-que-pode-dar-vida-nova-a-politica\/#article\",\"isPartOf\":{\"@id\":\"https:\/\/www.notibras.com\/site\/joao-luiz-o-cirurgiao-que-pode-dar-vida-nova-a-politica\/\"},\"author\":{\"name\":\"Eduardo Mart\u00ednez\",\"@id\":\"https:\/\/www.notibras.com\/site\/#\/schema\/person\/5b7fabf2aedc3ada2105f03b22b4d3dd\"},\"headline\":\"Jo\u00e3o Luiz, o cirurgi\u00e3o que pode dar vida nova \u00e0 pol\u00edtica\",\"datePublished\":\"2025-12-30T05:00:22+00:00\",\"dateModified\":\"2025-12-30T06:27:22+00:00\",\"mainEntityOfPage\":{\"@id\":\"https:\/\/www.notibras.com\/site\/joao-luiz-o-cirurgiao-que-pode-dar-vida-nova-a-politica\/\"},\"wordCount\":476,\"publisher\":{\"@id\":\"https:\/\/www.notibras.com\/site\/#organization\"},\"image\":{\"@id\":\"https:\/\/www.notibras.com\/site\/joao-luiz-o-cirurgiao-que-pode-dar-vida-nova-a-politica\/#primaryimage\"},\"thumbnailUrl\":\"https:\/\/www.notibras.com\/site\/wp-content\/uploads\/2025\/12\/WhatsApp-Image-2025-12-29-at-21.12.25.jpeg\",\"articleSection\":[\"Dona Irene\"],\"inLanguage\":\"pt-BR\"},{\"@type\":\"WebPage\",\"@id\":\"https:\/\/www.notibras.com\/site\/joao-luiz-o-cirurgiao-que-pode-dar-vida-nova-a-politica\/\",\"url\":\"https:\/\/www.notibras.com\/site\/joao-luiz-o-cirurgiao-que-pode-dar-vida-nova-a-politica\/\",\"name\":\"Jo\u00e3o Luiz, o cirurgi\u00e3o que pode dar vida nova \u00e0 pol\u00edtica - Notibras\",\"isPartOf\":{\"@id\":\"https:\/\/www.notibras.com\/site\/#website\"},\"primaryImageOfPage\":{\"@id\":\"https:\/\/www.notibras.com\/site\/joao-luiz-o-cirurgiao-que-pode-dar-vida-nova-a-politica\/#primaryimage\"},\"image\":{\"@id\":\"https:\/\/www.notibras.com\/site\/joao-luiz-o-cirurgiao-que-pode-dar-vida-nova-a-politica\/#primaryimage\"},\"thumbnailUrl\":\"https:\/\/www.notibras.com\/site\/wp-content\/uploads\/2025\/12\/WhatsApp-Image-2025-12-29-at-21.12.25.jpeg\",\"datePublished\":\"2025-12-30T05:00:22+00:00\",\"dateModified\":\"2025-12-30T06:27:22+00:00\",\"breadcrumb\":{\"@id\":\"https:\/\/www.notibras.com\/site\/joao-luiz-o-cirurgiao-que-pode-dar-vida-nova-a-politica\/#breadcrumb\"},\"inLanguage\":\"pt-BR\",\"potentialAction\":[{\"@type\":\"ReadAction\",\"target\":[\"https:\/\/www.notibras.com\/site\/joao-luiz-o-cirurgiao-que-pode-dar-vida-nova-a-politica\/\"]}]},{\"@type\":\"ImageObject\",\"inLanguage\":\"pt-BR\",\"@id\":\"https:\/\/www.notibras.com\/site\/joao-luiz-o-cirurgiao-que-pode-dar-vida-nova-a-politica\/#primaryimage\",\"url\":\"https:\/\/www.notibras.com\/site\/wp-content\/uploads\/2025\/12\/WhatsApp-Image-2025-12-29-at-21.12.25.jpeg\",\"contentUrl\":\"https:\/\/www.notibras.com\/site\/wp-content\/uploads\/2025\/12\/WhatsApp-Image-2025-12-29-at-21.12.25.jpeg\",\"width\":1280,\"height\":960},{\"@type\":\"BreadcrumbList\",\"@id\":\"https:\/\/www.notibras.com\/site\/joao-luiz-o-cirurgiao-que-pode-dar-vida-nova-a-politica\/#breadcrumb\",\"itemListElement\":[{\"@type\":\"ListItem\",\"position\":1,\"name\":\"In\u00edcio\",\"item\":\"https:\/\/www.notibras.com\/site\/\"},{\"@type\":\"ListItem\",\"position\":2,\"name\":\"Jo\u00e3o Luiz, o cirurgi\u00e3o que pode dar vida nova \u00e0 pol\u00edtica\"}]},{\"@type\":\"WebSite\",\"@id\":\"https:\/\/www.notibras.com\/site\/#website\",\"url\":\"https:\/\/www.notibras.com\/site\/\",\"name\":\"Notibras\",\"description\":\"Not\u00edcias de Bras\u00edlia, do Brasil e do Mundo\",\"publisher\":{\"@id\":\"https:\/\/www.notibras.com\/site\/#organization\"},\"potentialAction\":[{\"@type\":\"SearchAction\",\"target\":{\"@type\":\"EntryPoint\",\"urlTemplate\":\"https:\/\/www.notibras.com\/site\/?s={search_term_string}\"},\"query-input\":{\"@type\":\"PropertyValueSpecification\",\"valueRequired\":true,\"valueName\":\"search_term_string\"}}],\"inLanguage\":\"pt-BR\"},{\"@type\":\"Organization\",\"@id\":\"https:\/\/www.notibras.com\/site\/#organization\",\"name\":\"Grupo Notibras de Comunica\u00e7\u00e3o\",\"url\":\"https:\/\/www.notibras.com\/site\/\",\"logo\":{\"@type\":\"ImageObject\",\"inLanguage\":\"pt-BR\",\"@id\":\"https:\/\/www.notibras.com\/site\/#\/schema\/logo\/image\/\",\"url\":\"https:\/\/www.notibras.com\/site\/wp-content\/uploads\/2023\/01\/notibras23.png\",\"contentUrl\":\"https:\/\/www.notibras.com\/site\/wp-content\/uploads\/2023\/01\/notibras23.png\",\"width\":350,\"height\":87,\"caption\":\"Grupo Notibras de Comunica\u00e7\u00e3o\"},\"image\":{\"@id\":\"https:\/\/www.notibras.com\/site\/#\/schema\/logo\/image\/\"},\"sameAs\":[\"https:\/\/www.facebook.com\/notibras\/\",\"https:\/\/x.com\/Notibras\",\"https:\/\/www.instagram.com\/notibras\/\"]},{\"@type\":\"Person\",\"@id\":\"https:\/\/www.notibras.com\/site\/#\/schema\/person\/5b7fabf2aedc3ada2105f03b22b4d3dd\",\"name\":\"Eduardo Mart\u00ednez\",\"image\":{\"@type\":\"ImageObject\",\"inLanguage\":\"pt-BR\",\"@id\":\"https:\/\/secure.gravatar.com\/avatar\/7902f906289926289cbcda644b5197c796b893c6ffd7b9a536a42d290f7704a0?s=96&d=mm&r=g\",\"url\":\"https:\/\/secure.gravatar.com\/avatar\/7902f906289926289cbcda644b5197c796b893c6ffd7b9a536a42d290f7704a0?s=96&d=mm&r=g\",\"contentUrl\":\"https:\/\/secure.gravatar.com\/avatar\/7902f906289926289cbcda644b5197c796b893c6ffd7b9a536a42d290f7704a0?s=96&d=mm&r=g\",\"caption\":\"Eduardo Mart\u00ednez\"}}]}<\/script>\n<!-- \/ Yoast SEO plugin. -->","yoast_head_json":{"title":"Jo\u00e3o Luiz, o cirurgi\u00e3o que pode dar vida nova \u00e0 pol\u00edtica - Notibras","robots":{"index":"index","follow":"follow","max-snippet":"max-snippet:-1","max-image-preview":"max-image-preview:large","max-video-preview":"max-video-preview:-1"},"canonical":"https:\/\/www.notibras.com\/site\/joao-luiz-o-cirurgiao-que-pode-dar-vida-nova-a-politica\/","og_locale":"pt_BR","og_type":"article","og_title":"Jo\u00e3o Luiz, o cirurgi\u00e3o que pode dar vida nova \u00e0 pol\u00edtica - Notibras","og_description":"Na simp\u00e1tica Vicente Pires, a poucos quil\u00f4metros do centro do poder em Bras\u00edlia, acompanho &#8211; com direito a interven\u00e7\u00f5es para uns pitacos &#8211; uma conversa tranquila entre o m\u00e9dico Jo\u00e3o Luiz Arantes e o jornalista Jos\u00e9 Seabra. Ele fala do seu of\u00edcio como quem fala de uma voca\u00e7\u00e3o. H\u00e1 brilho nos olhos quando discorre sobre [&hellip;]","og_url":"https:\/\/www.notibras.com\/site\/joao-luiz-o-cirurgiao-que-pode-dar-vida-nova-a-politica\/","og_site_name":"Notibras","article_publisher":"https:\/\/www.facebook.com\/notibras\/","article_published_time":"2025-12-30T05:00:22+00:00","article_modified_time":"2025-12-30T06:27:22+00:00","og_image":[{"width":1280,"height":960,"url":"https:\/\/www.notibras.com\/site\/wp-content\/uploads\/2025\/12\/WhatsApp-Image-2025-12-29-at-21.12.25.jpeg","type":"image\/jpeg"}],"author":"Eduardo Mart\u00ednez","twitter_card":"summary_large_image","twitter_creator":"@Notibras","twitter_site":"@Notibras","twitter_misc":{"Escrito por":"Eduardo Mart\u00ednez","Est. tempo de leitura":"3 minutos"},"schema":{"@context":"https:\/\/schema.org","@graph":[{"@type":"Article","@id":"https:\/\/www.notibras.com\/site\/joao-luiz-o-cirurgiao-que-pode-dar-vida-nova-a-politica\/#article","isPartOf":{"@id":"https:\/\/www.notibras.com\/site\/joao-luiz-o-cirurgiao-que-pode-dar-vida-nova-a-politica\/"},"author":{"name":"Eduardo Mart\u00ednez","@id":"https:\/\/www.notibras.com\/site\/#\/schema\/person\/5b7fabf2aedc3ada2105f03b22b4d3dd"},"headline":"Jo\u00e3o Luiz, o cirurgi\u00e3o que pode dar vida nova \u00e0 pol\u00edtica","datePublished":"2025-12-30T05:00:22+00:00","dateModified":"2025-12-30T06:27:22+00:00","mainEntityOfPage":{"@id":"https:\/\/www.notibras.com\/site\/joao-luiz-o-cirurgiao-que-pode-dar-vida-nova-a-politica\/"},"wordCount":476,"publisher":{"@id":"https:\/\/www.notibras.com\/site\/#organization"},"image":{"@id":"https:\/\/www.notibras.com\/site\/joao-luiz-o-cirurgiao-que-pode-dar-vida-nova-a-politica\/#primaryimage"},"thumbnailUrl":"https:\/\/www.notibras.com\/site\/wp-content\/uploads\/2025\/12\/WhatsApp-Image-2025-12-29-at-21.12.25.jpeg","articleSection":["Dona Irene"],"inLanguage":"pt-BR"},{"@type":"WebPage","@id":"https:\/\/www.notibras.com\/site\/joao-luiz-o-cirurgiao-que-pode-dar-vida-nova-a-politica\/","url":"https:\/\/www.notibras.com\/site\/joao-luiz-o-cirurgiao-que-pode-dar-vida-nova-a-politica\/","name":"Jo\u00e3o Luiz, o cirurgi\u00e3o que pode dar vida nova \u00e0 pol\u00edtica - Notibras","isPartOf":{"@id":"https:\/\/www.notibras.com\/site\/#website"},"primaryImageOfPage":{"@id":"https:\/\/www.notibras.com\/site\/joao-luiz-o-cirurgiao-que-pode-dar-vida-nova-a-politica\/#primaryimage"},"image":{"@id":"https:\/\/www.notibras.com\/site\/joao-luiz-o-cirurgiao-que-pode-dar-vida-nova-a-politica\/#primaryimage"},"thumbnailUrl":"https:\/\/www.notibras.com\/site\/wp-content\/uploads\/2025\/12\/WhatsApp-Image-2025-12-29-at-21.12.25.jpeg","datePublished":"2025-12-30T05:00:22+00:00","dateModified":"2025-12-30T06:27:22+00:00","breadcrumb":{"@id":"https:\/\/www.notibras.com\/site\/joao-luiz-o-cirurgiao-que-pode-dar-vida-nova-a-politica\/#breadcrumb"},"inLanguage":"pt-BR","potentialAction":[{"@type":"ReadAction","target":["https:\/\/www.notibras.com\/site\/joao-luiz-o-cirurgiao-que-pode-dar-vida-nova-a-politica\/"]}]},{"@type":"ImageObject","inLanguage":"pt-BR","@id":"https:\/\/www.notibras.com\/site\/joao-luiz-o-cirurgiao-que-pode-dar-vida-nova-a-politica\/#primaryimage","url":"https:\/\/www.notibras.com\/site\/wp-content\/uploads\/2025\/12\/WhatsApp-Image-2025-12-29-at-21.12.25.jpeg","contentUrl":"https:\/\/www.notibras.com\/site\/wp-content\/uploads\/2025\/12\/WhatsApp-Image-2025-12-29-at-21.12.25.jpeg","width":1280,"height":960},{"@type":"BreadcrumbList","@id":"https:\/\/www.notibras.com\/site\/joao-luiz-o-cirurgiao-que-pode-dar-vida-nova-a-politica\/#breadcrumb","itemListElement":[{"@type":"ListItem","position":1,"name":"In\u00edcio","item":"https:\/\/www.notibras.com\/site\/"},{"@type":"ListItem","position":2,"name":"Jo\u00e3o Luiz, o cirurgi\u00e3o que pode dar vida nova \u00e0 pol\u00edtica"}]},{"@type":"WebSite","@id":"https:\/\/www.notibras.com\/site\/#website","url":"https:\/\/www.notibras.com\/site\/","name":"Notibras","description":"Not\u00edcias de Bras\u00edlia, do Brasil e do Mundo","publisher":{"@id":"https:\/\/www.notibras.com\/site\/#organization"},"potentialAction":[{"@type":"SearchAction","target":{"@type":"EntryPoint","urlTemplate":"https:\/\/www.notibras.com\/site\/?s={search_term_string}"},"query-input":{"@type":"PropertyValueSpecification","valueRequired":true,"valueName":"search_term_string"}}],"inLanguage":"pt-BR"},{"@type":"Organization","@id":"https:\/\/www.notibras.com\/site\/#organization","name":"Grupo Notibras de Comunica\u00e7\u00e3o","url":"https:\/\/www.notibras.com\/site\/","logo":{"@type":"ImageObject","inLanguage":"pt-BR","@id":"https:\/\/www.notibras.com\/site\/#\/schema\/logo\/image\/","url":"https:\/\/www.notibras.com\/site\/wp-content\/uploads\/2023\/01\/notibras23.png","contentUrl":"https:\/\/www.notibras.com\/site\/wp-content\/uploads\/2023\/01\/notibras23.png","width":350,"height":87,"caption":"Grupo Notibras de Comunica\u00e7\u00e3o"},"image":{"@id":"https:\/\/www.notibras.com\/site\/#\/schema\/logo\/image\/"},"sameAs":["https:\/\/www.facebook.com\/notibras\/","https:\/\/x.com\/Notibras","https:\/\/www.instagram.com\/notibras\/"]},{"@type":"Person","@id":"https:\/\/www.notibras.com\/site\/#\/schema\/person\/5b7fabf2aedc3ada2105f03b22b4d3dd","name":"Eduardo Mart\u00ednez","image":{"@type":"ImageObject","inLanguage":"pt-BR","@id":"https:\/\/secure.gravatar.com\/avatar\/7902f906289926289cbcda644b5197c796b893c6ffd7b9a536a42d290f7704a0?s=96&d=mm&r=g","url":"https:\/\/secure.gravatar.com\/avatar\/7902f906289926289cbcda644b5197c796b893c6ffd7b9a536a42d290f7704a0?s=96&d=mm&r=g","contentUrl":"https:\/\/secure.gravatar.com\/avatar\/7902f906289926289cbcda644b5197c796b893c6ffd7b9a536a42d290f7704a0?s=96&d=mm&r=g","caption":"Eduardo Mart\u00ednez"}}]}},"amp_enabled":true,"_links":{"self":[{"href":"https:\/\/www.notibras.com\/site\/wp-json\/wp\/v2\/posts\/376886","targetHints":{"allow":["GET"]}}],"collection":[{"href":"https:\/\/www.notibras.com\/site\/wp-json\/wp\/v2\/posts"}],"about":[{"href":"https:\/\/www.notibras.com\/site\/wp-json\/wp\/v2\/types\/post"}],"author":[{"embeddable":true,"href":"https:\/\/www.notibras.com\/site\/wp-json\/wp\/v2\/users\/21"}],"replies":[{"embeddable":true,"href":"https:\/\/www.notibras.com\/site\/wp-json\/wp\/v2\/comments?post=376886"}],"version-history":[{"count":5,"href":"https:\/\/www.notibras.com\/site\/wp-json\/wp\/v2\/posts\/376886\/revisions"}],"predecessor-version":[{"id":376948,"href":"https:\/\/www.notibras.com\/site\/wp-json\/wp\/v2\/posts\/376886\/revisions\/376948"}],"wp:featuredmedia":[{"embeddable":true,"href":"https:\/\/www.notibras.com\/site\/wp-json\/wp\/v2\/media\/376887"}],"wp:attachment":[{"href":"https:\/\/www.notibras.com\/site\/wp-json\/wp\/v2\/media?parent=376886"}],"wp:term":[{"taxonomy":"category","embeddable":true,"href":"https:\/\/www.notibras.com\/site\/wp-json\/wp\/v2\/categories?post=376886"},{"taxonomy":"post_tag","embeddable":true,"href":"https:\/\/www.notibras.com\/site\/wp-json\/wp\/v2\/tags?post=376886"}],"curies":[{"name":"wp","href":"https:\/\/api.w.org\/{rel}","templated":true}]}}