{"id":376951,"date":"2025-12-30T06:08:10","date_gmt":"2025-12-30T09:08:10","guid":{"rendered":"https:\/\/www.notibras.com\/site\/?p=376951"},"modified":"2025-12-30T07:34:40","modified_gmt":"2025-12-30T10:34:40","slug":"lula-fecha-ano-com-pulga-atras-da-orelha-e-flavio-no-calcanhar","status":"publish","type":"post","link":"https:\/\/www.notibras.com\/site\/lula-fecha-ano-com-pulga-atras-da-orelha-e-flavio-no-calcanhar\/","title":{"rendered":"Lula fecha ano com pulga atr\u00e1s da orelha e Fl\u00e1vio no calcanhar"},"content":{"rendered":"<p>A mais recente pesquisa do Instituto Paran\u00e1, realizada na v\u00e9spera do Natal com entrevistas em todas as regi\u00f5es do pa\u00eds, recoloca o presidente Luiz In\u00e1cio Lula da Silva (PT) na dianteira dos cen\u00e1rios eleitorais para 2026. A leitura apressada sugere conforto para o Planalto e dificuldades para a oposi\u00e7\u00e3o, em especial para o senador Fl\u00e1vio Bolsonaro (PL). Uma an\u00e1lise cuidadosa, por\u00e9m, indica um quadro bem mais complexo e totalmente inconclusivo.<\/p>\n<p>O levantamento revela n\u00e3o apenas prefer\u00eancias moment\u00e2neas do eleitorado, mas tamb\u00e9m vieses estruturais de amostragem, escolhas metodol\u00f3gicas discut\u00edveis e sinais objetivos de mudan\u00e7a na din\u00e2mica pol\u00edtica, especialmente no campo conservador.<\/p>\n<p>Um dos pontos centrais do estudo \u00e9 a super-representa\u00e7\u00e3o de eleitores fora da Popula\u00e7\u00e3o Economicamente Ativa (PEA). A pesquisa atribui 35,4% da amostra a esse grupo \u2014 aposentados, desempregados e benefici\u00e1rios de pol\u00edticas sociais \u2014 um contingente que historicamente apresenta maior afinidade com Lula.<\/p>\n<p>Os pr\u00f3prios dados internos confirmam o efeito:<\/p>\n<p><strong>Lula tem 40,6% entre n\u00e3o PEA<\/strong><br \/>\n<strong>Cai para 35,5% entre eleitores da PEA<\/strong><\/p>\n<p>Essa composi\u00e7\u00e3o inflaciona o desempenho m\u00e9dio do presidente, criando uma vantagem estat\u00edstica que n\u00e3o se distribui de forma homog\u00eanea no eleitorado economicamente ativo, mais exposto \u00e0 infla\u00e7\u00e3o, ao mercado de trabalho e \u00e0 avalia\u00e7\u00e3o cotidiana do governo.<\/p>\n<p>Outro fator relevante \u00e9 o peso elevado de eleitores com menor escolaridade:<\/p>\n<p><strong>75,8% da amostra t\u00eam at\u00e9 o Ensino M\u00e9dio<\/strong><br \/>\n<strong>Apenas 24,2% possuem Ensino Superior<\/strong><\/p>\n<p>Nos recortes, Lula apresenta desempenho significativamente melhor entre eleitores com Ensino Fundamental (44\u201345%), enquanto cai para cerca de 30% entre os de n\u00edvel superior. Isso sugere que o levantamento sub-representa o eleitor urbano, conectado e mais cr\u00edtico, especialmente presente nas grandes capitais \u2014 um segmento decisivo em disputas apertadas de segundo turno.<\/p>\n<p><strong>Efeito Nordeste<\/strong><br \/>\nEmbora a pesquisa seja nacional, h\u00e1 um desequil\u00edbrio regional importante. \u00c9 que no universo de entrevistados, 562 est\u00e3o no Nordeste, contra 295 entrevistas na regi\u00e3o Sul. O impacto direto \u00e9 claro: Lula tem cerca de 49% no Nordeste e apenas 24\u201326% no Sul.<\/p>\n<p>Ainda que o Nordeste seja eleitoralmente relevante, seu peso na amostra supera sua influ\u00eancia relativa em um segundo turno competitivo, puxando a m\u00e9dia nacional para cima. O resultado \u00e9 uma fotografia favor\u00e1vel ao presidente, mas menos representativa do Brasil polarizado que decide elei\u00e7\u00f5es apertadas.<\/p>\n<p>Nos cen\u00e1rios apresentados, Lula aparece sistematicamente como polo \u00fanico, enquanto a oposi\u00e7\u00e3o surge fragmentada: Bolsonaro, Fl\u00e1vio, Tarc\u00edsio, Michelle, Zema, Caiado, Ratinho Jr e at\u00e9 Ciro Gomes s\u00e3o testados simultaneamente. Esse efeito \u00e9 previs\u00edvel, sugerindo que o voto anti-Lula se divide. Em outras palavras, o presidente lidera sem maioria absoluta. Uma figura ilustrativa aponta o seguinte:<\/p>\n<p><strong>Lula: 37,6%<\/strong><br \/>\n<strong>Fl\u00e1vio Bolsonaro: 27,8%<\/strong><br \/>\n<strong>Outros nomes somam cerca de 25%<\/strong><\/p>\n<p>Trata-se, portanto, de uma lideran\u00e7a estat\u00edstica, n\u00e3o necessariamente pol\u00edtica, j\u00e1 que n\u00e3o simula a converg\u00eancia oposicionista t\u00edpica de um segundo turno real.<\/p>\n<p>Outro ponto metodol\u00f3gico relevante \u00e9 a compara\u00e7\u00e3o desigual entre atores, uma vez que Lula \u00e9 testado como presidente em exerc\u00edcio, figura hiperconhecida, enquanto seus advers\u00e1rios ainda est\u00e3o em processo de nacionaliza\u00e7\u00e3o.<\/p>\n<p>Al\u00e9m disso, mesmo sem perguntas expl\u00edcitas de avalia\u00e7\u00e3o de governo, o efeito incumb\u00eancia opera de forma simb\u00f3lica, favorecendo quem j\u00e1 ocupa o centro do poder e do notici\u00e1rio.<\/p>\n<p>Talvez por isso o dado mais revelador da pesquisa seja a estagna\u00e7\u00e3o de Lula nos cen\u00e1rios de segundo turno, onde ele n\u00e3o rompe 45% em nenhum confronto, variando entre 43,6% e 44,1%, seja contra Fl\u00e1vio ou Tarc\u00edsio. Isso aponta um teto eleitoral claro de alta rejei\u00e7\u00e3o residual e uma lideran\u00e7a mais estat\u00edstica do que expansiva. Segundo cientistas pol\u00edticos, em elei\u00e7\u00f5es presidenciais, essa combina\u00e7\u00e3o costuma indicar vulnerabilidade.<\/p>\n<p>Quando se fala em sucess\u00e3o, o fator religi\u00e3o \u00e9 subestimado. O levantamento do Instituto Paran\u00e1 indica, por exemplo, que entre eleitores evang\u00e9licos, os n\u00fameros s\u00e3o consistentes, onde Lula surge com \u00edndices de 25\u201326%, cabendo a nomes do campo conservador entre 32% e 42%<\/p>\n<p>Embora o segmento n\u00e3o receba grande destaque na narrativa da pesquisa, trata-se de um eleitorado altamente mobiliz\u00e1vel, com forte capacidade de engajamento em campanhas e peso decisivo em segundo turno. Vale observar que os n\u00fameros capturam apenas uma fotografia est\u00e1tica, n\u00e3o o potencial de ativa\u00e7\u00e3o pol\u00edtica desse grupo.<\/p>\n<p>No c\u00f4mputo geral, enquanto Lula permanece est\u00e1vel, os n\u00fameros mostram crescimento acelerado da oposi\u00e7\u00e3o, em especial de Fl\u00e1vio Bolsonaro. Em outubro o filho do ex-presidente surgia com 19,2% da prefer\u00eancia do eleitor; subiu em novembro para 19,7% e j\u00e1 em dezembro alcan\u00e7ou a marca de 27,8%. Na ponta do l\u00e1pis, um salto de quase nove pontos em dois meses. J\u00e1 Lula oscilou entre 36% e 38%, sem tend\u00eancia clara de alta.<\/p>\n<p>As manchetes jornal\u00edsticas de que \u201cLula lidera\u201d s\u00e3o corretas, mas incompletas. O dado mais relevante n\u00e3o \u00e9 a posi\u00e7\u00e3o atual, e sim a trajet\u00f3ria. Uma an\u00e1lise mais meticulosa da pesquisa sugere que o presidente tem uma lideran\u00e7a empurrada, e a disputa est\u00e1 aberta, uma vez que favorece Lula do ponto de vista estat\u00edstico, n\u00e3o comprova for\u00e7a eleitoral consolidada, subestima a reorganiza\u00e7\u00e3o do campo conservador e, por fim, inflaciona a lideran\u00e7a por desenho amostral e cen\u00e1rios fragmentados.<\/p>\n<p>Em s\u00edntese, o diagn\u00f3stico \u00e9 frio e cristalino. Lula lidera porque o modelo empurra, n\u00e3o porque o eleitor avan\u00e7a. Portanto, n\u00e3o \u00e9 inconsequente escrever que a 10 meses para as elei\u00e7\u00f5es, o cen\u00e1rio segue aberto. A disputa real depender\u00e1 menos da fotografia atual e mais da capacidade de cada campo em reduzir rejei\u00e7\u00f5es, unificar for\u00e7as e responder \u00e0s tens\u00f5es econ\u00f4micas, religiosas e culturais que v\u00eam moldando o eleitorado no Brasil. Tudo isso em estreita sintonia com a tend\u00eancia conservadora observada em parte das Am\u00e9ricas e da Europa.<\/p>\n<p>&#8230;&#8230;&#8230;&#8230;&#8230;&#8230;&#8230;.<\/p>\n<p><strong>Jos\u00e9 Seabra \u00e9 CEO fundador de Notibras<\/strong><\/p>\n","protected":false},"excerpt":{"rendered":"<p>A mais recente pesquisa do Instituto Paran\u00e1, realizada na v\u00e9spera do Natal com entrevistas em todas as regi\u00f5es do pa\u00eds, recoloca o presidente Luiz In\u00e1cio Lula da Silva (PT) na dianteira dos cen\u00e1rios eleitorais para 2026. A leitura apressada sugere conforto para o Planalto e dificuldades para a oposi\u00e7\u00e3o, em especial para o senador Fl\u00e1vio [&hellip;]<\/p>\n","protected":false},"author":2,"featured_media":304964,"comment_status":"closed","ping_status":"closed","sticky":false,"template":"","format":"standard","meta":{"_acf_changed":false,"footnotes":""},"categories":[16],"tags":[95],"class_list":["post-376951","post","type-post","status-publish","format-standard","has-post-thumbnail","hentry","category-brasil","tag-capa"],"acf":[],"yoast_head":"<!-- This site is optimized with the Yoast SEO plugin v27.2 - https:\/\/yoast.com\/product\/yoast-seo-wordpress\/ -->\n<title>Lula fecha ano com pulga atr\u00e1s da orelha e Fl\u00e1vio no calcanhar - Notibras<\/title>\n<meta name=\"robots\" content=\"index, follow, max-snippet:-1, max-image-preview:large, max-video-preview:-1\" \/>\n<link rel=\"canonical\" href=\"https:\/\/www.notibras.com\/site\/lula-fecha-ano-com-pulga-atras-da-orelha-e-flavio-no-calcanhar\/\" \/>\n<meta property=\"og:locale\" content=\"pt_BR\" \/>\n<meta property=\"og:type\" content=\"article\" \/>\n<meta property=\"og:title\" content=\"Lula fecha ano com pulga atr\u00e1s da orelha e Fl\u00e1vio no calcanhar - Notibras\" \/>\n<meta property=\"og:description\" content=\"A mais recente pesquisa do Instituto Paran\u00e1, realizada na v\u00e9spera do Natal com entrevistas em todas as regi\u00f5es do pa\u00eds, recoloca o presidente Luiz In\u00e1cio Lula da Silva (PT) na dianteira dos cen\u00e1rios eleitorais para 2026. A leitura apressada sugere conforto para o Planalto e dificuldades para a oposi\u00e7\u00e3o, em especial para o senador Fl\u00e1vio [&hellip;]\" \/>\n<meta property=\"og:url\" content=\"https:\/\/www.notibras.com\/site\/lula-fecha-ano-com-pulga-atras-da-orelha-e-flavio-no-calcanhar\/\" \/>\n<meta property=\"og:site_name\" content=\"Notibras\" \/>\n<meta property=\"article:publisher\" content=\"https:\/\/www.facebook.com\/notibras\/\" \/>\n<meta property=\"article:published_time\" content=\"2025-12-30T09:08:10+00:00\" \/>\n<meta property=\"article:modified_time\" content=\"2025-12-30T10:34:40+00:00\" \/>\n<meta property=\"og:image\" content=\"https:\/\/www.notibras.com\/site\/wp-content\/uploads\/2023\/05\/10052023-retirada-das-grades-do-palcio-do-planalto_52886985612_o.jpg\" \/>\n\t<meta property=\"og:image:width\" content=\"770\" \/>\n\t<meta property=\"og:image:height\" content=\"443\" \/>\n\t<meta property=\"og:image:type\" content=\"image\/jpeg\" \/>\n<meta name=\"author\" content=\"Reda\u00e7\u00e3o\" \/>\n<meta name=\"twitter:card\" content=\"summary_large_image\" \/>\n<meta name=\"twitter:creator\" content=\"@Notibras\" \/>\n<meta name=\"twitter:site\" content=\"@Notibras\" \/>\n<meta name=\"twitter:label1\" content=\"Escrito por\" \/>\n\t<meta name=\"twitter:data1\" content=\"Reda\u00e7\u00e3o\" \/>\n\t<meta name=\"twitter:label2\" content=\"Est. tempo de leitura\" \/>\n\t<meta name=\"twitter:data2\" content=\"6 minutos\" \/>\n<script type=\"application\/ld+json\" class=\"yoast-schema-graph\">{\"@context\":\"https:\/\/schema.org\",\"@graph\":[{\"@type\":\"Article\",\"@id\":\"https:\/\/www.notibras.com\/site\/lula-fecha-ano-com-pulga-atras-da-orelha-e-flavio-no-calcanhar\/#article\",\"isPartOf\":{\"@id\":\"https:\/\/www.notibras.com\/site\/lula-fecha-ano-com-pulga-atras-da-orelha-e-flavio-no-calcanhar\/\"},\"author\":{\"name\":\"Reda\u00e7\u00e3o\",\"@id\":\"https:\/\/www.notibras.com\/site\/#\/schema\/person\/36ab0979449956132d3e5b517ea76ac8\"},\"headline\":\"Lula fecha ano com pulga atr\u00e1s da orelha e Fl\u00e1vio no calcanhar\",\"datePublished\":\"2025-12-30T09:08:10+00:00\",\"dateModified\":\"2025-12-30T10:34:40+00:00\",\"mainEntityOfPage\":{\"@id\":\"https:\/\/www.notibras.com\/site\/lula-fecha-ano-com-pulga-atras-da-orelha-e-flavio-no-calcanhar\/\"},\"wordCount\":1008,\"publisher\":{\"@id\":\"https:\/\/www.notibras.com\/site\/#organization\"},\"image\":{\"@id\":\"https:\/\/www.notibras.com\/site\/lula-fecha-ano-com-pulga-atras-da-orelha-e-flavio-no-calcanhar\/#primaryimage\"},\"thumbnailUrl\":\"https:\/\/www.notibras.com\/site\/wp-content\/uploads\/2023\/05\/10052023-retirada-das-grades-do-palcio-do-planalto_52886985612_o.jpg\",\"keywords\":[\"capa\"],\"articleSection\":[\"Brasil\"],\"inLanguage\":\"pt-BR\"},{\"@type\":\"WebPage\",\"@id\":\"https:\/\/www.notibras.com\/site\/lula-fecha-ano-com-pulga-atras-da-orelha-e-flavio-no-calcanhar\/\",\"url\":\"https:\/\/www.notibras.com\/site\/lula-fecha-ano-com-pulga-atras-da-orelha-e-flavio-no-calcanhar\/\",\"name\":\"Lula fecha ano com pulga atr\u00e1s da orelha e Fl\u00e1vio no calcanhar - Notibras\",\"isPartOf\":{\"@id\":\"https:\/\/www.notibras.com\/site\/#website\"},\"primaryImageOfPage\":{\"@id\":\"https:\/\/www.notibras.com\/site\/lula-fecha-ano-com-pulga-atras-da-orelha-e-flavio-no-calcanhar\/#primaryimage\"},\"image\":{\"@id\":\"https:\/\/www.notibras.com\/site\/lula-fecha-ano-com-pulga-atras-da-orelha-e-flavio-no-calcanhar\/#primaryimage\"},\"thumbnailUrl\":\"https:\/\/www.notibras.com\/site\/wp-content\/uploads\/2023\/05\/10052023-retirada-das-grades-do-palcio-do-planalto_52886985612_o.jpg\",\"datePublished\":\"2025-12-30T09:08:10+00:00\",\"dateModified\":\"2025-12-30T10:34:40+00:00\",\"breadcrumb\":{\"@id\":\"https:\/\/www.notibras.com\/site\/lula-fecha-ano-com-pulga-atras-da-orelha-e-flavio-no-calcanhar\/#breadcrumb\"},\"inLanguage\":\"pt-BR\",\"potentialAction\":[{\"@type\":\"ReadAction\",\"target\":[\"https:\/\/www.notibras.com\/site\/lula-fecha-ano-com-pulga-atras-da-orelha-e-flavio-no-calcanhar\/\"]}]},{\"@type\":\"ImageObject\",\"inLanguage\":\"pt-BR\",\"@id\":\"https:\/\/www.notibras.com\/site\/lula-fecha-ano-com-pulga-atras-da-orelha-e-flavio-no-calcanhar\/#primaryimage\",\"url\":\"https:\/\/www.notibras.com\/site\/wp-content\/uploads\/2023\/05\/10052023-retirada-das-grades-do-palcio-do-planalto_52886985612_o.jpg\",\"contentUrl\":\"https:\/\/www.notibras.com\/site\/wp-content\/uploads\/2023\/05\/10052023-retirada-das-grades-do-palcio-do-planalto_52886985612_o.jpg\",\"width\":770,\"height\":443,\"caption\":\"Bras\u00edlia (DF), 10.05.2023 - Presidente da Rep\u00fablica, Luiz In\u00e1cio Lula da Silva, desce a rampa do Pal\u00e1cio do Planalto para acompanhar a retirada das grades de seguran\u00e7a e vai ao encontro de simpatizantes. Foto: Ricardo Stuckert\/PR\"},{\"@type\":\"BreadcrumbList\",\"@id\":\"https:\/\/www.notibras.com\/site\/lula-fecha-ano-com-pulga-atras-da-orelha-e-flavio-no-calcanhar\/#breadcrumb\",\"itemListElement\":[{\"@type\":\"ListItem\",\"position\":1,\"name\":\"In\u00edcio\",\"item\":\"https:\/\/www.notibras.com\/site\/\"},{\"@type\":\"ListItem\",\"position\":2,\"name\":\"Lula fecha ano com pulga atr\u00e1s da orelha e Fl\u00e1vio no calcanhar\"}]},{\"@type\":\"WebSite\",\"@id\":\"https:\/\/www.notibras.com\/site\/#website\",\"url\":\"https:\/\/www.notibras.com\/site\/\",\"name\":\"Notibras\",\"description\":\"Not\u00edcias de Bras\u00edlia, do Brasil e do Mundo\",\"publisher\":{\"@id\":\"https:\/\/www.notibras.com\/site\/#organization\"},\"potentialAction\":[{\"@type\":\"SearchAction\",\"target\":{\"@type\":\"EntryPoint\",\"urlTemplate\":\"https:\/\/www.notibras.com\/site\/?s={search_term_string}\"},\"query-input\":{\"@type\":\"PropertyValueSpecification\",\"valueRequired\":true,\"valueName\":\"search_term_string\"}}],\"inLanguage\":\"pt-BR\"},{\"@type\":\"Organization\",\"@id\":\"https:\/\/www.notibras.com\/site\/#organization\",\"name\":\"Grupo Notibras de Comunica\u00e7\u00e3o\",\"url\":\"https:\/\/www.notibras.com\/site\/\",\"logo\":{\"@type\":\"ImageObject\",\"inLanguage\":\"pt-BR\",\"@id\":\"https:\/\/www.notibras.com\/site\/#\/schema\/logo\/image\/\",\"url\":\"https:\/\/www.notibras.com\/site\/wp-content\/uploads\/2023\/01\/notibras23.png\",\"contentUrl\":\"https:\/\/www.notibras.com\/site\/wp-content\/uploads\/2023\/01\/notibras23.png\",\"width\":350,\"height\":87,\"caption\":\"Grupo Notibras de Comunica\u00e7\u00e3o\"},\"image\":{\"@id\":\"https:\/\/www.notibras.com\/site\/#\/schema\/logo\/image\/\"},\"sameAs\":[\"https:\/\/www.facebook.com\/notibras\/\",\"https:\/\/x.com\/Notibras\",\"https:\/\/www.instagram.com\/notibras\/\"]},{\"@type\":\"Person\",\"@id\":\"https:\/\/www.notibras.com\/site\/#\/schema\/person\/36ab0979449956132d3e5b517ea76ac8\",\"name\":\"Reda\u00e7\u00e3o\",\"image\":{\"@type\":\"ImageObject\",\"inLanguage\":\"pt-BR\",\"@id\":\"https:\/\/secure.gravatar.com\/avatar\/e0a867bdedb85fd243eadf09663511f96fc81e0720a4a42581f334ad4303aa6b?s=96&d=mm&r=g\",\"url\":\"https:\/\/secure.gravatar.com\/avatar\/e0a867bdedb85fd243eadf09663511f96fc81e0720a4a42581f334ad4303aa6b?s=96&d=mm&r=g\",\"contentUrl\":\"https:\/\/secure.gravatar.com\/avatar\/e0a867bdedb85fd243eadf09663511f96fc81e0720a4a42581f334ad4303aa6b?s=96&d=mm&r=g\",\"caption\":\"Reda\u00e7\u00e3o\"}}]}<\/script>\n<!-- \/ Yoast SEO plugin. -->","yoast_head_json":{"title":"Lula fecha ano com pulga atr\u00e1s da orelha e Fl\u00e1vio no calcanhar - Notibras","robots":{"index":"index","follow":"follow","max-snippet":"max-snippet:-1","max-image-preview":"max-image-preview:large","max-video-preview":"max-video-preview:-1"},"canonical":"https:\/\/www.notibras.com\/site\/lula-fecha-ano-com-pulga-atras-da-orelha-e-flavio-no-calcanhar\/","og_locale":"pt_BR","og_type":"article","og_title":"Lula fecha ano com pulga atr\u00e1s da orelha e Fl\u00e1vio no calcanhar - Notibras","og_description":"A mais recente pesquisa do Instituto Paran\u00e1, realizada na v\u00e9spera do Natal com entrevistas em todas as regi\u00f5es do pa\u00eds, recoloca o presidente Luiz In\u00e1cio Lula da Silva (PT) na dianteira dos cen\u00e1rios eleitorais para 2026. A leitura apressada sugere conforto para o Planalto e dificuldades para a oposi\u00e7\u00e3o, em especial para o senador Fl\u00e1vio [&hellip;]","og_url":"https:\/\/www.notibras.com\/site\/lula-fecha-ano-com-pulga-atras-da-orelha-e-flavio-no-calcanhar\/","og_site_name":"Notibras","article_publisher":"https:\/\/www.facebook.com\/notibras\/","article_published_time":"2025-12-30T09:08:10+00:00","article_modified_time":"2025-12-30T10:34:40+00:00","og_image":[{"width":770,"height":443,"url":"https:\/\/www.notibras.com\/site\/wp-content\/uploads\/2023\/05\/10052023-retirada-das-grades-do-palcio-do-planalto_52886985612_o.jpg","type":"image\/jpeg"}],"author":"Reda\u00e7\u00e3o","twitter_card":"summary_large_image","twitter_creator":"@Notibras","twitter_site":"@Notibras","twitter_misc":{"Escrito por":"Reda\u00e7\u00e3o","Est. tempo de leitura":"6 minutos"},"schema":{"@context":"https:\/\/schema.org","@graph":[{"@type":"Article","@id":"https:\/\/www.notibras.com\/site\/lula-fecha-ano-com-pulga-atras-da-orelha-e-flavio-no-calcanhar\/#article","isPartOf":{"@id":"https:\/\/www.notibras.com\/site\/lula-fecha-ano-com-pulga-atras-da-orelha-e-flavio-no-calcanhar\/"},"author":{"name":"Reda\u00e7\u00e3o","@id":"https:\/\/www.notibras.com\/site\/#\/schema\/person\/36ab0979449956132d3e5b517ea76ac8"},"headline":"Lula fecha ano com pulga atr\u00e1s da orelha e Fl\u00e1vio no calcanhar","datePublished":"2025-12-30T09:08:10+00:00","dateModified":"2025-12-30T10:34:40+00:00","mainEntityOfPage":{"@id":"https:\/\/www.notibras.com\/site\/lula-fecha-ano-com-pulga-atras-da-orelha-e-flavio-no-calcanhar\/"},"wordCount":1008,"publisher":{"@id":"https:\/\/www.notibras.com\/site\/#organization"},"image":{"@id":"https:\/\/www.notibras.com\/site\/lula-fecha-ano-com-pulga-atras-da-orelha-e-flavio-no-calcanhar\/#primaryimage"},"thumbnailUrl":"https:\/\/www.notibras.com\/site\/wp-content\/uploads\/2023\/05\/10052023-retirada-das-grades-do-palcio-do-planalto_52886985612_o.jpg","keywords":["capa"],"articleSection":["Brasil"],"inLanguage":"pt-BR"},{"@type":"WebPage","@id":"https:\/\/www.notibras.com\/site\/lula-fecha-ano-com-pulga-atras-da-orelha-e-flavio-no-calcanhar\/","url":"https:\/\/www.notibras.com\/site\/lula-fecha-ano-com-pulga-atras-da-orelha-e-flavio-no-calcanhar\/","name":"Lula fecha ano com pulga atr\u00e1s da orelha e Fl\u00e1vio no calcanhar - Notibras","isPartOf":{"@id":"https:\/\/www.notibras.com\/site\/#website"},"primaryImageOfPage":{"@id":"https:\/\/www.notibras.com\/site\/lula-fecha-ano-com-pulga-atras-da-orelha-e-flavio-no-calcanhar\/#primaryimage"},"image":{"@id":"https:\/\/www.notibras.com\/site\/lula-fecha-ano-com-pulga-atras-da-orelha-e-flavio-no-calcanhar\/#primaryimage"},"thumbnailUrl":"https:\/\/www.notibras.com\/site\/wp-content\/uploads\/2023\/05\/10052023-retirada-das-grades-do-palcio-do-planalto_52886985612_o.jpg","datePublished":"2025-12-30T09:08:10+00:00","dateModified":"2025-12-30T10:34:40+00:00","breadcrumb":{"@id":"https:\/\/www.notibras.com\/site\/lula-fecha-ano-com-pulga-atras-da-orelha-e-flavio-no-calcanhar\/#breadcrumb"},"inLanguage":"pt-BR","potentialAction":[{"@type":"ReadAction","target":["https:\/\/www.notibras.com\/site\/lula-fecha-ano-com-pulga-atras-da-orelha-e-flavio-no-calcanhar\/"]}]},{"@type":"ImageObject","inLanguage":"pt-BR","@id":"https:\/\/www.notibras.com\/site\/lula-fecha-ano-com-pulga-atras-da-orelha-e-flavio-no-calcanhar\/#primaryimage","url":"https:\/\/www.notibras.com\/site\/wp-content\/uploads\/2023\/05\/10052023-retirada-das-grades-do-palcio-do-planalto_52886985612_o.jpg","contentUrl":"https:\/\/www.notibras.com\/site\/wp-content\/uploads\/2023\/05\/10052023-retirada-das-grades-do-palcio-do-planalto_52886985612_o.jpg","width":770,"height":443,"caption":"Bras\u00edlia (DF), 10.05.2023 - Presidente da Rep\u00fablica, Luiz In\u00e1cio Lula da Silva, desce a rampa do Pal\u00e1cio do Planalto para acompanhar a retirada das grades de seguran\u00e7a e vai ao encontro de simpatizantes. Foto: Ricardo Stuckert\/PR"},{"@type":"BreadcrumbList","@id":"https:\/\/www.notibras.com\/site\/lula-fecha-ano-com-pulga-atras-da-orelha-e-flavio-no-calcanhar\/#breadcrumb","itemListElement":[{"@type":"ListItem","position":1,"name":"In\u00edcio","item":"https:\/\/www.notibras.com\/site\/"},{"@type":"ListItem","position":2,"name":"Lula fecha ano com pulga atr\u00e1s da orelha e Fl\u00e1vio no calcanhar"}]},{"@type":"WebSite","@id":"https:\/\/www.notibras.com\/site\/#website","url":"https:\/\/www.notibras.com\/site\/","name":"Notibras","description":"Not\u00edcias de Bras\u00edlia, do Brasil e do Mundo","publisher":{"@id":"https:\/\/www.notibras.com\/site\/#organization"},"potentialAction":[{"@type":"SearchAction","target":{"@type":"EntryPoint","urlTemplate":"https:\/\/www.notibras.com\/site\/?s={search_term_string}"},"query-input":{"@type":"PropertyValueSpecification","valueRequired":true,"valueName":"search_term_string"}}],"inLanguage":"pt-BR"},{"@type":"Organization","@id":"https:\/\/www.notibras.com\/site\/#organization","name":"Grupo Notibras de Comunica\u00e7\u00e3o","url":"https:\/\/www.notibras.com\/site\/","logo":{"@type":"ImageObject","inLanguage":"pt-BR","@id":"https:\/\/www.notibras.com\/site\/#\/schema\/logo\/image\/","url":"https:\/\/www.notibras.com\/site\/wp-content\/uploads\/2023\/01\/notibras23.png","contentUrl":"https:\/\/www.notibras.com\/site\/wp-content\/uploads\/2023\/01\/notibras23.png","width":350,"height":87,"caption":"Grupo Notibras de Comunica\u00e7\u00e3o"},"image":{"@id":"https:\/\/www.notibras.com\/site\/#\/schema\/logo\/image\/"},"sameAs":["https:\/\/www.facebook.com\/notibras\/","https:\/\/x.com\/Notibras","https:\/\/www.instagram.com\/notibras\/"]},{"@type":"Person","@id":"https:\/\/www.notibras.com\/site\/#\/schema\/person\/36ab0979449956132d3e5b517ea76ac8","name":"Reda\u00e7\u00e3o","image":{"@type":"ImageObject","inLanguage":"pt-BR","@id":"https:\/\/secure.gravatar.com\/avatar\/e0a867bdedb85fd243eadf09663511f96fc81e0720a4a42581f334ad4303aa6b?s=96&d=mm&r=g","url":"https:\/\/secure.gravatar.com\/avatar\/e0a867bdedb85fd243eadf09663511f96fc81e0720a4a42581f334ad4303aa6b?s=96&d=mm&r=g","contentUrl":"https:\/\/secure.gravatar.com\/avatar\/e0a867bdedb85fd243eadf09663511f96fc81e0720a4a42581f334ad4303aa6b?s=96&d=mm&r=g","caption":"Reda\u00e7\u00e3o"}}]}},"amp_enabled":true,"_links":{"self":[{"href":"https:\/\/www.notibras.com\/site\/wp-json\/wp\/v2\/posts\/376951","targetHints":{"allow":["GET"]}}],"collection":[{"href":"https:\/\/www.notibras.com\/site\/wp-json\/wp\/v2\/posts"}],"about":[{"href":"https:\/\/www.notibras.com\/site\/wp-json\/wp\/v2\/types\/post"}],"author":[{"embeddable":true,"href":"https:\/\/www.notibras.com\/site\/wp-json\/wp\/v2\/users\/2"}],"replies":[{"embeddable":true,"href":"https:\/\/www.notibras.com\/site\/wp-json\/wp\/v2\/comments?post=376951"}],"version-history":[{"count":4,"href":"https:\/\/www.notibras.com\/site\/wp-json\/wp\/v2\/posts\/376951\/revisions"}],"predecessor-version":[{"id":376971,"href":"https:\/\/www.notibras.com\/site\/wp-json\/wp\/v2\/posts\/376951\/revisions\/376971"}],"wp:featuredmedia":[{"embeddable":true,"href":"https:\/\/www.notibras.com\/site\/wp-json\/wp\/v2\/media\/304964"}],"wp:attachment":[{"href":"https:\/\/www.notibras.com\/site\/wp-json\/wp\/v2\/media?parent=376951"}],"wp:term":[{"taxonomy":"category","embeddable":true,"href":"https:\/\/www.notibras.com\/site\/wp-json\/wp\/v2\/categories?post=376951"},{"taxonomy":"post_tag","embeddable":true,"href":"https:\/\/www.notibras.com\/site\/wp-json\/wp\/v2\/tags?post=376951"}],"curies":[{"name":"wp","href":"https:\/\/api.w.org\/{rel}","templated":true}]}}