{"id":376978,"date":"2025-12-30T08:23:55","date_gmt":"2025-12-30T11:23:55","guid":{"rendered":"https:\/\/www.notibras.com\/site\/?p=376978"},"modified":"2025-12-30T08:23:55","modified_gmt":"2025-12-30T11:23:55","slug":"com-que-roupa-eu-vou-para-o-reveillon","status":"publish","type":"post","link":"https:\/\/www.notibras.com\/site\/com-que-roupa-eu-vou-para-o-reveillon\/","title":{"rendered":"Com que roupa eu vou para o R\u00e9veillon?"},"content":{"rendered":"<p>A chegada do Ano-Novo \u00e9 simbolizado para muitas culturas, como um verdadeiro rito de passagem, associado a rituais de cantos, flores e oferendas. No Brasil, a tradi\u00e7\u00e3o de escolher a cor da roupa do R\u00e9veillon ultrapassa a est\u00e9tica e se transforma em um gesto simb\u00f3lico de inten\u00e7\u00e3o. Vestir-se para a virada do ano \u00e9, tamb\u00e9m, alinhar-se energeticamente com o que se deseja atrair ou alcan\u00e7ar.<\/p>\n<p>Para o R\u00e9veillon de 2026, que marca a entrada do Novo Ano, a numerologia aponta a vibra\u00e7\u00e3o do n\u00famero 1, regido pelo Sol. O ano 1 simboliza in\u00edcios, lideran\u00e7a, autonomia, clareza e vitalidade. Sua cor principal \u00e9 o dourado, seguida do amarelo e dos tons solares, que representam expans\u00e3o, consci\u00eancia e for\u00e7a criadora.<\/p>\n<p>Al\u00e9m da numerologia do ano, a astrologia oferece uma orienta\u00e7\u00e3o personalizada por meio do planeta regente de cada signo, associando cores que potencializam suas qualidades naturais. Para \u00c1ries, regido por Marte, tons de vermelho e alaranjado ativam coragem, a\u00e7\u00e3o, sedu\u00e7\u00e3o e atra\u00e7\u00e3o. Touro, sob V\u00eanus, harmoniza-se com verde e rosa, cores de estabilidade, amor e prazer. G\u00eameos, regido por Merc\u00fario, vibra com amarelo-claro e azul, favorecendo a comunica\u00e7\u00e3o, leveza, conex\u00e3o, interatividade.<\/p>\n<p>C\u00e2ncer, influenciado pela Lua, encontra equil\u00edbrio no branco e prata, ligados \u00e0 sensibilidade e &#8230; \u00e0 fertilidade. Le\u00e3o, regido pelo Sol, \u00e9 naturalmente solar: dourado, amarelo e laranja ampliam seu brilho. Virgem, com a vibra\u00e7\u00e3o de Merc\u00fario, harmoniza-se com tons terrosos e verde-oliva, que favorecem a organiza\u00e7\u00e3o, o planejamento e a lideran\u00e7a.<\/p>\n<p>Para Libra, governada por V\u00eanus, azul-claro e rosa promovem harmonia e favorece os relacionamentos. Escorpi\u00e3o, com as vibra\u00e7\u00f5es de Marte e Plut\u00e3o, encontra for\u00e7a nas cores vinho, preto e vermelho-escuro. Sagit\u00e1rio, sob a influ\u00eancia de J\u00fapiter, o poder de domina\u00e7\u00e3o e conquista expande-se com roxo e azul-marinho. Capric\u00f3rnio, regido por Saturno, equilibra-se com cinza, marrom e preto. Aqu\u00e1rio, com a for\u00e7a de Urano, conecta-se ao futuro com azul, prata e chumbo. Peixes, regido por Netuno, flui com verde-\u00e1gua, lil\u00e1s e tons suaves, aproximando as pessoas e favorecendo os encontros e as amizades.<\/p>\n<p>Em um ano regido pelo Sol, a dica \u00e9 combinar a cor do seu signo com o dourado, criando uma s\u00edntese entre identidade pessoal e energia coletiva positiva e envolvente. Mais do que supersti\u00e7\u00e3o, o uso consciente das cores funciona como um ato simb\u00f3lico de inten\u00e7\u00e3o, refor\u00e7ando desejos, metas e estados emocionais. Na falta da roupa na cor do planeta regente do seu signo vale usar o branco, por ser a s\u00edntese de todas as cores e, portanto, contendo as energias e vibra\u00e7\u00f5es de todas elas.<\/p>\n<p>Na virada do ano, a pergunta \u201ccom que roupa eu vou?\u201d revela algo mais profundo: como quero iniciar o novo ciclo? H\u00e1 que lembrar que 2026 \u00e9 o ano do cavalo, gerando for\u00e7a, energia, velocidade e aptid\u00e3o para competir, e vencer. Ao escolher a cor certa, o gesto se transforma em ritual \u2014 e o corpo passa a vestir o futuro que se deseja manifestar.<\/p>\n<p>Magia das Cores, Magia Planet\u00e1ria, Astrologia e Numerologia s\u00e3o temas estudados e aplicados no Col\u00e9gio dos Magos e Sacerdotisas. As portas est\u00e3o abertas aos novos adeptos, alunos e iniciados.<br \/>\n&#8230;&#8230;&#8230;.<\/p>\n<p><strong>Bahirah Abdalla <\/strong><br \/>\n<strong>Mestre Conselheira do Col\u00e9gio dos Magos e Sacerdotisas<\/strong><br \/>\n<strong>@bahira_abdalla; @colegiodosmagosesacerdotisas<\/strong><\/p>\n","protected":false},"excerpt":{"rendered":"<p>A chegada do Ano-Novo \u00e9 simbolizado para muitas culturas, como um verdadeiro rito de passagem, associado a rituais de cantos, flores e oferendas. No Brasil, a tradi\u00e7\u00e3o de escolher a cor da roupa do R\u00e9veillon ultrapassa a est\u00e9tica e se transforma em um gesto simb\u00f3lico de inten\u00e7\u00e3o. Vestir-se para a virada do ano \u00e9, tamb\u00e9m, [&hellip;]<\/p>\n","protected":false},"author":2,"featured_media":376979,"comment_status":"closed","ping_status":"closed","sticky":false,"template":"","format":"standard","meta":{"_acf_changed":false,"footnotes":""},"categories":[237],"tags":[],"class_list":["post-376978","post","type-post","status-publish","format-standard","has-post-thumbnail","hentry","category-oraculos"],"acf":[],"yoast_head":"<!-- This site is optimized with the Yoast SEO plugin v27.2 - https:\/\/yoast.com\/product\/yoast-seo-wordpress\/ -->\n<title>Com que roupa eu vou para o R\u00e9veillon? - Notibras<\/title>\n<meta name=\"robots\" content=\"index, follow, max-snippet:-1, max-image-preview:large, max-video-preview:-1\" \/>\n<link rel=\"canonical\" href=\"https:\/\/www.notibras.com\/site\/com-que-roupa-eu-vou-para-o-reveillon\/\" \/>\n<meta property=\"og:locale\" content=\"pt_BR\" \/>\n<meta property=\"og:type\" content=\"article\" \/>\n<meta property=\"og:title\" content=\"Com que roupa eu vou para o R\u00e9veillon? - Notibras\" \/>\n<meta property=\"og:description\" content=\"A chegada do Ano-Novo \u00e9 simbolizado para muitas culturas, como um verdadeiro rito de passagem, associado a rituais de cantos, flores e oferendas. No Brasil, a tradi\u00e7\u00e3o de escolher a cor da roupa do R\u00e9veillon ultrapassa a est\u00e9tica e se transforma em um gesto simb\u00f3lico de inten\u00e7\u00e3o. Vestir-se para a virada do ano \u00e9, tamb\u00e9m, [&hellip;]\" \/>\n<meta property=\"og:url\" content=\"https:\/\/www.notibras.com\/site\/com-que-roupa-eu-vou-para-o-reveillon\/\" \/>\n<meta property=\"og:site_name\" content=\"Notibras\" \/>\n<meta property=\"article:publisher\" content=\"https:\/\/www.facebook.com\/notibras\/\" \/>\n<meta property=\"article:published_time\" content=\"2025-12-30T11:23:55+00:00\" \/>\n<meta property=\"og:image\" content=\"https:\/\/www.notibras.com\/site\/wp-content\/uploads\/2025\/12\/129ed404-b12e-4af6-a1ed-07bd95b6b4f2.jpg\" \/>\n\t<meta property=\"og:image:width\" content=\"800\" \/>\n\t<meta property=\"og:image:height\" content=\"533\" \/>\n\t<meta property=\"og:image:type\" content=\"image\/jpeg\" \/>\n<meta name=\"author\" content=\"Reda\u00e7\u00e3o\" \/>\n<meta name=\"twitter:card\" content=\"summary_large_image\" \/>\n<meta name=\"twitter:creator\" content=\"@Notibras\" \/>\n<meta name=\"twitter:site\" content=\"@Notibras\" \/>\n<meta name=\"twitter:label1\" content=\"Escrito por\" \/>\n\t<meta name=\"twitter:data1\" content=\"Reda\u00e7\u00e3o\" \/>\n\t<meta name=\"twitter:label2\" content=\"Est. tempo de leitura\" \/>\n\t<meta name=\"twitter:data2\" content=\"4 minutos\" \/>\n<script type=\"application\/ld+json\" class=\"yoast-schema-graph\">{\"@context\":\"https:\/\/schema.org\",\"@graph\":[{\"@type\":\"Article\",\"@id\":\"https:\/\/www.notibras.com\/site\/com-que-roupa-eu-vou-para-o-reveillon\/#article\",\"isPartOf\":{\"@id\":\"https:\/\/www.notibras.com\/site\/com-que-roupa-eu-vou-para-o-reveillon\/\"},\"author\":{\"name\":\"Reda\u00e7\u00e3o\",\"@id\":\"https:\/\/www.notibras.com\/site\/#\/schema\/person\/36ab0979449956132d3e5b517ea76ac8\"},\"headline\":\"Com que roupa eu vou para o R\u00e9veillon?\",\"datePublished\":\"2025-12-30T11:23:55+00:00\",\"mainEntityOfPage\":{\"@id\":\"https:\/\/www.notibras.com\/site\/com-que-roupa-eu-vou-para-o-reveillon\/\"},\"wordCount\":581,\"publisher\":{\"@id\":\"https:\/\/www.notibras.com\/site\/#organization\"},\"image\":{\"@id\":\"https:\/\/www.notibras.com\/site\/com-que-roupa-eu-vou-para-o-reveillon\/#primaryimage\"},\"thumbnailUrl\":\"https:\/\/www.notibras.com\/site\/wp-content\/uploads\/2025\/12\/129ed404-b12e-4af6-a1ed-07bd95b6b4f2.jpg\",\"articleSection\":[\"Or\u00e1culos\"],\"inLanguage\":\"pt-BR\"},{\"@type\":\"WebPage\",\"@id\":\"https:\/\/www.notibras.com\/site\/com-que-roupa-eu-vou-para-o-reveillon\/\",\"url\":\"https:\/\/www.notibras.com\/site\/com-que-roupa-eu-vou-para-o-reveillon\/\",\"name\":\"Com que roupa eu vou para o R\u00e9veillon? - Notibras\",\"isPartOf\":{\"@id\":\"https:\/\/www.notibras.com\/site\/#website\"},\"primaryImageOfPage\":{\"@id\":\"https:\/\/www.notibras.com\/site\/com-que-roupa-eu-vou-para-o-reveillon\/#primaryimage\"},\"image\":{\"@id\":\"https:\/\/www.notibras.com\/site\/com-que-roupa-eu-vou-para-o-reveillon\/#primaryimage\"},\"thumbnailUrl\":\"https:\/\/www.notibras.com\/site\/wp-content\/uploads\/2025\/12\/129ed404-b12e-4af6-a1ed-07bd95b6b4f2.jpg\",\"datePublished\":\"2025-12-30T11:23:55+00:00\",\"breadcrumb\":{\"@id\":\"https:\/\/www.notibras.com\/site\/com-que-roupa-eu-vou-para-o-reveillon\/#breadcrumb\"},\"inLanguage\":\"pt-BR\",\"potentialAction\":[{\"@type\":\"ReadAction\",\"target\":[\"https:\/\/www.notibras.com\/site\/com-que-roupa-eu-vou-para-o-reveillon\/\"]}]},{\"@type\":\"ImageObject\",\"inLanguage\":\"pt-BR\",\"@id\":\"https:\/\/www.notibras.com\/site\/com-que-roupa-eu-vou-para-o-reveillon\/#primaryimage\",\"url\":\"https:\/\/www.notibras.com\/site\/wp-content\/uploads\/2025\/12\/129ed404-b12e-4af6-a1ed-07bd95b6b4f2.jpg\",\"contentUrl\":\"https:\/\/www.notibras.com\/site\/wp-content\/uploads\/2025\/12\/129ed404-b12e-4af6-a1ed-07bd95b6b4f2.jpg\",\"width\":800,\"height\":533},{\"@type\":\"BreadcrumbList\",\"@id\":\"https:\/\/www.notibras.com\/site\/com-que-roupa-eu-vou-para-o-reveillon\/#breadcrumb\",\"itemListElement\":[{\"@type\":\"ListItem\",\"position\":1,\"name\":\"In\u00edcio\",\"item\":\"https:\/\/www.notibras.com\/site\/\"},{\"@type\":\"ListItem\",\"position\":2,\"name\":\"Com que roupa eu vou para o R\u00e9veillon?\"}]},{\"@type\":\"WebSite\",\"@id\":\"https:\/\/www.notibras.com\/site\/#website\",\"url\":\"https:\/\/www.notibras.com\/site\/\",\"name\":\"Notibras\",\"description\":\"Not\u00edcias de Bras\u00edlia, do Brasil e do Mundo\",\"publisher\":{\"@id\":\"https:\/\/www.notibras.com\/site\/#organization\"},\"potentialAction\":[{\"@type\":\"SearchAction\",\"target\":{\"@type\":\"EntryPoint\",\"urlTemplate\":\"https:\/\/www.notibras.com\/site\/?s={search_term_string}\"},\"query-input\":{\"@type\":\"PropertyValueSpecification\",\"valueRequired\":true,\"valueName\":\"search_term_string\"}}],\"inLanguage\":\"pt-BR\"},{\"@type\":\"Organization\",\"@id\":\"https:\/\/www.notibras.com\/site\/#organization\",\"name\":\"Grupo Notibras de Comunica\u00e7\u00e3o\",\"url\":\"https:\/\/www.notibras.com\/site\/\",\"logo\":{\"@type\":\"ImageObject\",\"inLanguage\":\"pt-BR\",\"@id\":\"https:\/\/www.notibras.com\/site\/#\/schema\/logo\/image\/\",\"url\":\"https:\/\/www.notibras.com\/site\/wp-content\/uploads\/2023\/01\/notibras23.png\",\"contentUrl\":\"https:\/\/www.notibras.com\/site\/wp-content\/uploads\/2023\/01\/notibras23.png\",\"width\":350,\"height\":87,\"caption\":\"Grupo Notibras de Comunica\u00e7\u00e3o\"},\"image\":{\"@id\":\"https:\/\/www.notibras.com\/site\/#\/schema\/logo\/image\/\"},\"sameAs\":[\"https:\/\/www.facebook.com\/notibras\/\",\"https:\/\/x.com\/Notibras\",\"https:\/\/www.instagram.com\/notibras\/\"]},{\"@type\":\"Person\",\"@id\":\"https:\/\/www.notibras.com\/site\/#\/schema\/person\/36ab0979449956132d3e5b517ea76ac8\",\"name\":\"Reda\u00e7\u00e3o\",\"image\":{\"@type\":\"ImageObject\",\"inLanguage\":\"pt-BR\",\"@id\":\"https:\/\/secure.gravatar.com\/avatar\/e0a867bdedb85fd243eadf09663511f96fc81e0720a4a42581f334ad4303aa6b?s=96&d=mm&r=g\",\"url\":\"https:\/\/secure.gravatar.com\/avatar\/e0a867bdedb85fd243eadf09663511f96fc81e0720a4a42581f334ad4303aa6b?s=96&d=mm&r=g\",\"contentUrl\":\"https:\/\/secure.gravatar.com\/avatar\/e0a867bdedb85fd243eadf09663511f96fc81e0720a4a42581f334ad4303aa6b?s=96&d=mm&r=g\",\"caption\":\"Reda\u00e7\u00e3o\"}}]}<\/script>\n<!-- \/ Yoast SEO plugin. -->","yoast_head_json":{"title":"Com que roupa eu vou para o R\u00e9veillon? - Notibras","robots":{"index":"index","follow":"follow","max-snippet":"max-snippet:-1","max-image-preview":"max-image-preview:large","max-video-preview":"max-video-preview:-1"},"canonical":"https:\/\/www.notibras.com\/site\/com-que-roupa-eu-vou-para-o-reveillon\/","og_locale":"pt_BR","og_type":"article","og_title":"Com que roupa eu vou para o R\u00e9veillon? - Notibras","og_description":"A chegada do Ano-Novo \u00e9 simbolizado para muitas culturas, como um verdadeiro rito de passagem, associado a rituais de cantos, flores e oferendas. No Brasil, a tradi\u00e7\u00e3o de escolher a cor da roupa do R\u00e9veillon ultrapassa a est\u00e9tica e se transforma em um gesto simb\u00f3lico de inten\u00e7\u00e3o. Vestir-se para a virada do ano \u00e9, tamb\u00e9m, [&hellip;]","og_url":"https:\/\/www.notibras.com\/site\/com-que-roupa-eu-vou-para-o-reveillon\/","og_site_name":"Notibras","article_publisher":"https:\/\/www.facebook.com\/notibras\/","article_published_time":"2025-12-30T11:23:55+00:00","og_image":[{"width":800,"height":533,"url":"https:\/\/www.notibras.com\/site\/wp-content\/uploads\/2025\/12\/129ed404-b12e-4af6-a1ed-07bd95b6b4f2.jpg","type":"image\/jpeg"}],"author":"Reda\u00e7\u00e3o","twitter_card":"summary_large_image","twitter_creator":"@Notibras","twitter_site":"@Notibras","twitter_misc":{"Escrito por":"Reda\u00e7\u00e3o","Est. tempo de leitura":"4 minutos"},"schema":{"@context":"https:\/\/schema.org","@graph":[{"@type":"Article","@id":"https:\/\/www.notibras.com\/site\/com-que-roupa-eu-vou-para-o-reveillon\/#article","isPartOf":{"@id":"https:\/\/www.notibras.com\/site\/com-que-roupa-eu-vou-para-o-reveillon\/"},"author":{"name":"Reda\u00e7\u00e3o","@id":"https:\/\/www.notibras.com\/site\/#\/schema\/person\/36ab0979449956132d3e5b517ea76ac8"},"headline":"Com que roupa eu vou para o R\u00e9veillon?","datePublished":"2025-12-30T11:23:55+00:00","mainEntityOfPage":{"@id":"https:\/\/www.notibras.com\/site\/com-que-roupa-eu-vou-para-o-reveillon\/"},"wordCount":581,"publisher":{"@id":"https:\/\/www.notibras.com\/site\/#organization"},"image":{"@id":"https:\/\/www.notibras.com\/site\/com-que-roupa-eu-vou-para-o-reveillon\/#primaryimage"},"thumbnailUrl":"https:\/\/www.notibras.com\/site\/wp-content\/uploads\/2025\/12\/129ed404-b12e-4af6-a1ed-07bd95b6b4f2.jpg","articleSection":["Or\u00e1culos"],"inLanguage":"pt-BR"},{"@type":"WebPage","@id":"https:\/\/www.notibras.com\/site\/com-que-roupa-eu-vou-para-o-reveillon\/","url":"https:\/\/www.notibras.com\/site\/com-que-roupa-eu-vou-para-o-reveillon\/","name":"Com que roupa eu vou para o R\u00e9veillon? - Notibras","isPartOf":{"@id":"https:\/\/www.notibras.com\/site\/#website"},"primaryImageOfPage":{"@id":"https:\/\/www.notibras.com\/site\/com-que-roupa-eu-vou-para-o-reveillon\/#primaryimage"},"image":{"@id":"https:\/\/www.notibras.com\/site\/com-que-roupa-eu-vou-para-o-reveillon\/#primaryimage"},"thumbnailUrl":"https:\/\/www.notibras.com\/site\/wp-content\/uploads\/2025\/12\/129ed404-b12e-4af6-a1ed-07bd95b6b4f2.jpg","datePublished":"2025-12-30T11:23:55+00:00","breadcrumb":{"@id":"https:\/\/www.notibras.com\/site\/com-que-roupa-eu-vou-para-o-reveillon\/#breadcrumb"},"inLanguage":"pt-BR","potentialAction":[{"@type":"ReadAction","target":["https:\/\/www.notibras.com\/site\/com-que-roupa-eu-vou-para-o-reveillon\/"]}]},{"@type":"ImageObject","inLanguage":"pt-BR","@id":"https:\/\/www.notibras.com\/site\/com-que-roupa-eu-vou-para-o-reveillon\/#primaryimage","url":"https:\/\/www.notibras.com\/site\/wp-content\/uploads\/2025\/12\/129ed404-b12e-4af6-a1ed-07bd95b6b4f2.jpg","contentUrl":"https:\/\/www.notibras.com\/site\/wp-content\/uploads\/2025\/12\/129ed404-b12e-4af6-a1ed-07bd95b6b4f2.jpg","width":800,"height":533},{"@type":"BreadcrumbList","@id":"https:\/\/www.notibras.com\/site\/com-que-roupa-eu-vou-para-o-reveillon\/#breadcrumb","itemListElement":[{"@type":"ListItem","position":1,"name":"In\u00edcio","item":"https:\/\/www.notibras.com\/site\/"},{"@type":"ListItem","position":2,"name":"Com que roupa eu vou para o R\u00e9veillon?"}]},{"@type":"WebSite","@id":"https:\/\/www.notibras.com\/site\/#website","url":"https:\/\/www.notibras.com\/site\/","name":"Notibras","description":"Not\u00edcias de Bras\u00edlia, do Brasil e do Mundo","publisher":{"@id":"https:\/\/www.notibras.com\/site\/#organization"},"potentialAction":[{"@type":"SearchAction","target":{"@type":"EntryPoint","urlTemplate":"https:\/\/www.notibras.com\/site\/?s={search_term_string}"},"query-input":{"@type":"PropertyValueSpecification","valueRequired":true,"valueName":"search_term_string"}}],"inLanguage":"pt-BR"},{"@type":"Organization","@id":"https:\/\/www.notibras.com\/site\/#organization","name":"Grupo Notibras de Comunica\u00e7\u00e3o","url":"https:\/\/www.notibras.com\/site\/","logo":{"@type":"ImageObject","inLanguage":"pt-BR","@id":"https:\/\/www.notibras.com\/site\/#\/schema\/logo\/image\/","url":"https:\/\/www.notibras.com\/site\/wp-content\/uploads\/2023\/01\/notibras23.png","contentUrl":"https:\/\/www.notibras.com\/site\/wp-content\/uploads\/2023\/01\/notibras23.png","width":350,"height":87,"caption":"Grupo Notibras de Comunica\u00e7\u00e3o"},"image":{"@id":"https:\/\/www.notibras.com\/site\/#\/schema\/logo\/image\/"},"sameAs":["https:\/\/www.facebook.com\/notibras\/","https:\/\/x.com\/Notibras","https:\/\/www.instagram.com\/notibras\/"]},{"@type":"Person","@id":"https:\/\/www.notibras.com\/site\/#\/schema\/person\/36ab0979449956132d3e5b517ea76ac8","name":"Reda\u00e7\u00e3o","image":{"@type":"ImageObject","inLanguage":"pt-BR","@id":"https:\/\/secure.gravatar.com\/avatar\/e0a867bdedb85fd243eadf09663511f96fc81e0720a4a42581f334ad4303aa6b?s=96&d=mm&r=g","url":"https:\/\/secure.gravatar.com\/avatar\/e0a867bdedb85fd243eadf09663511f96fc81e0720a4a42581f334ad4303aa6b?s=96&d=mm&r=g","contentUrl":"https:\/\/secure.gravatar.com\/avatar\/e0a867bdedb85fd243eadf09663511f96fc81e0720a4a42581f334ad4303aa6b?s=96&d=mm&r=g","caption":"Reda\u00e7\u00e3o"}}]}},"amp_enabled":true,"_links":{"self":[{"href":"https:\/\/www.notibras.com\/site\/wp-json\/wp\/v2\/posts\/376978","targetHints":{"allow":["GET"]}}],"collection":[{"href":"https:\/\/www.notibras.com\/site\/wp-json\/wp\/v2\/posts"}],"about":[{"href":"https:\/\/www.notibras.com\/site\/wp-json\/wp\/v2\/types\/post"}],"author":[{"embeddable":true,"href":"https:\/\/www.notibras.com\/site\/wp-json\/wp\/v2\/users\/2"}],"replies":[{"embeddable":true,"href":"https:\/\/www.notibras.com\/site\/wp-json\/wp\/v2\/comments?post=376978"}],"version-history":[{"count":1,"href":"https:\/\/www.notibras.com\/site\/wp-json\/wp\/v2\/posts\/376978\/revisions"}],"predecessor-version":[{"id":376980,"href":"https:\/\/www.notibras.com\/site\/wp-json\/wp\/v2\/posts\/376978\/revisions\/376980"}],"wp:featuredmedia":[{"embeddable":true,"href":"https:\/\/www.notibras.com\/site\/wp-json\/wp\/v2\/media\/376979"}],"wp:attachment":[{"href":"https:\/\/www.notibras.com\/site\/wp-json\/wp\/v2\/media?parent=376978"}],"wp:term":[{"taxonomy":"category","embeddable":true,"href":"https:\/\/www.notibras.com\/site\/wp-json\/wp\/v2\/categories?post=376978"},{"taxonomy":"post_tag","embeddable":true,"href":"https:\/\/www.notibras.com\/site\/wp-json\/wp\/v2\/tags?post=376978"}],"curies":[{"name":"wp","href":"https:\/\/api.w.org\/{rel}","templated":true}]}}