{"id":376981,"date":"2025-12-30T08:40:32","date_gmt":"2025-12-30T11:40:32","guid":{"rendered":"https:\/\/www.notibras.com\/site\/?p=376981"},"modified":"2025-12-30T10:41:23","modified_gmt":"2025-12-30T13:41:23","slug":"baixa-umidade-deixa-pernambucanos-em-alerta","status":"publish","type":"post","link":"https:\/\/www.notibras.com\/site\/baixa-umidade-deixa-pernambucanos-em-alerta\/","title":{"rendered":"Baixa umidade deixa pernambucanos em alerta"},"content":{"rendered":"<div>O Instituto Nacional de Meteorologia (Inmet) emitiu um alerta amarelo de baixa umidade relativa do ar com grau de severidade classificado como \u201cperigo potencial\u201d para 39 munic\u00edpios do interior de Pernambuco. O aviso abrange principalmente localidades das regi\u00f5es do Sert\u00e3o e do Agreste do estado.<\/div>\n<div>\n<div><\/div>\n<div>Segundo o Inmet, a umidade relativa do ar deve variar entre 20% e 30% \u2014 n\u00edveis considerados baixos e que podem afetar tanto o meio ambiente quanto a sa\u00fade da popula\u00e7\u00e3o.<\/div>\n<div><\/div>\n<div><strong>Impactos previstos<\/strong><\/div>\n<div>A baixa umidade do ar representa um cen\u00e1rio de risco especialmente nos meses mais secos do ano e pode trazer desconforto e problemas \u00e0 sa\u00fade, como:<\/div>\n<div><\/div>\n<div>\u2022Ressecamento das mucosas e da pele, aumentando a sensa\u00e7\u00e3o de desconforto.<\/div>\n<div>\u2022Irrita\u00e7\u00e3o nas vias respirat\u00f3rias, agravando sintomas em pessoas com asma, bronquite ou outras condi\u00e7\u00f5es respirat\u00f3rias.<\/div>\n<div>\u2022Eleva\u00e7\u00e3o do risco de desidrata\u00e7\u00e3o, especialmente entre idosos, crian\u00e7as e pessoas expostas ao sol por longos per\u00edodos.<\/div>\n<div><\/div>\n<div>Embora o alerta indique apenas baixo risco de inc\u00eandios florestais, as condi\u00e7\u00f5es secas exigem aten\u00e7\u00e3o, j\u00e1 que a vegeta\u00e7\u00e3o ressecada pode facilitar a propaga\u00e7\u00e3o de focos de fogo caso ocorram fa\u00edscas ou queimadas descuidadas.<\/div>\n<div><\/div>\n<div><strong>Munic\u00edpios sob alerta<\/strong><\/div>\n<div>Est\u00e3o na lista de munic\u00edpios afetados pelo alerta, entre outros:<\/div>\n<div><\/div>\n<div>\u2022Afogados da Ingazeira<\/div>\n<div>\u2022Bel\u00e9m do S\u00e3o Francisco<\/div>\n<div>\u2022Bu\u00edque<\/div>\n<div>\u2022Cust\u00f3dia<\/div>\n<div>\u2022Floresta<\/div>\n<div>\u2022Ita\u00edba<\/div>\n<div>\u2022Serra Talhada<\/div>\n<div>\u2022S\u00e3o Jos\u00e9 do Egito<\/div>\n<div>\u2022Triunfo<\/div>\n<div>\u2022Tupanatinga<\/div>\n<div>\u2022Verdejante<\/div>\n<div><\/div>\n<div>A lista completa inclui 39 cidades do Sert\u00e3o e Agreste pernambucanos com potencial de umidade baixa.<\/div>\n<div><\/div>\n<div><strong>Orienta\u00e7\u00f5es para a popula\u00e7\u00e3o<\/strong><\/div>\n<div>Diante do alerta, o Inmet e autoridades de sa\u00fade orientam medidas simples para reduzir os efeitos do ar seco:<\/div>\n<div><\/div>\n<div>\u2022Hidrata\u00e7\u00e3o constante \u2014 beber \u00e1gua ao longo do dia para evitar desidrata\u00e7\u00e3o.<\/div>\n<div>\u2022Evitar exerc\u00edcios f\u00edsicos intensos durante os momentos mais quentes do dia.<\/div>\n<div>\u2022Manter ambientes internos ventilados, mas com aten\u00e7\u00e3o ao conforto respirat\u00f3rio.<\/div>\n<div>\u2022Cuidar especialmente de crian\u00e7as e idosos, que s\u00e3o mais sens\u00edveis \u00e0s mudan\u00e7as de umidade.<\/div>\n<div><\/div>\n<div>Esse tipo de alerta serve como um aviso preventivo para que a popula\u00e7\u00e3o esteja atenta \u00e0s condi\u00e7\u00f5es clim\u00e1ticas e adote pr\u00e1ticas que protejam sua sa\u00fade, enquanto o estado encara um dos per\u00edodos mais secos do ano.<\/div>\n<\/div>\n","protected":false},"excerpt":{"rendered":"<p>O Instituto Nacional de Meteorologia (Inmet) emitiu um alerta amarelo de baixa umidade relativa do ar com grau de severidade classificado como \u201cperigo potencial\u201d para 39 munic\u00edpios do interior de Pernambuco. O aviso abrange principalmente localidades das regi\u00f5es do Sert\u00e3o e do Agreste do estado. Segundo o Inmet, a umidade relativa do ar deve variar [&hellip;]<\/p>\n","protected":false},"author":2,"featured_media":376982,"comment_status":"closed","ping_status":"closed","sticky":false,"template":"","format":"standard","meta":{"_acf_changed":false,"footnotes":""},"categories":[165],"tags":[],"class_list":["post-376981","post","type-post","status-publish","format-standard","has-post-thumbnail","hentry","category-nordeste"],"acf":[],"yoast_head":"<!-- This site is optimized with the Yoast SEO plugin v27.2 - https:\/\/yoast.com\/product\/yoast-seo-wordpress\/ -->\n<title>Baixa umidade deixa pernambucanos em alerta - Notibras<\/title>\n<meta name=\"robots\" content=\"index, follow, max-snippet:-1, max-image-preview:large, max-video-preview:-1\" \/>\n<link rel=\"canonical\" href=\"https:\/\/www.notibras.com\/site\/baixa-umidade-deixa-pernambucanos-em-alerta\/\" \/>\n<meta property=\"og:locale\" content=\"pt_BR\" \/>\n<meta property=\"og:type\" content=\"article\" \/>\n<meta property=\"og:title\" content=\"Baixa umidade deixa pernambucanos em alerta - Notibras\" \/>\n<meta property=\"og:description\" content=\"O Instituto Nacional de Meteorologia (Inmet) emitiu um alerta amarelo de baixa umidade relativa do ar com grau de severidade classificado como \u201cperigo potencial\u201d para 39 munic\u00edpios do interior de Pernambuco. O aviso abrange principalmente localidades das regi\u00f5es do Sert\u00e3o e do Agreste do estado. Segundo o Inmet, a umidade relativa do ar deve variar [&hellip;]\" \/>\n<meta property=\"og:url\" content=\"https:\/\/www.notibras.com\/site\/baixa-umidade-deixa-pernambucanos-em-alerta\/\" \/>\n<meta property=\"og:site_name\" content=\"Notibras\" \/>\n<meta property=\"article:publisher\" content=\"https:\/\/www.facebook.com\/notibras\/\" \/>\n<meta property=\"article:published_time\" content=\"2025-12-30T11:40:32+00:00\" \/>\n<meta property=\"article:modified_time\" content=\"2025-12-30T13:41:23+00:00\" \/>\n<meta property=\"og:image\" content=\"https:\/\/www.notibras.com\/site\/wp-content\/uploads\/2025\/12\/aa5d7fd2-017a-49d3-b5c4-025c57556591.jpg\" \/>\n\t<meta property=\"og:image:width\" content=\"984\" \/>\n\t<meta property=\"og:image:height\" content=\"553\" \/>\n\t<meta property=\"og:image:type\" content=\"image\/jpeg\" \/>\n<meta name=\"author\" content=\"Reda\u00e7\u00e3o\" \/>\n<meta name=\"twitter:card\" content=\"summary_large_image\" \/>\n<meta name=\"twitter:creator\" content=\"@Notibras\" \/>\n<meta name=\"twitter:site\" content=\"@Notibras\" \/>\n<meta name=\"twitter:label1\" content=\"Escrito por\" \/>\n\t<meta name=\"twitter:data1\" content=\"Reda\u00e7\u00e3o\" \/>\n\t<meta name=\"twitter:label2\" content=\"Est. tempo de leitura\" \/>\n\t<meta name=\"twitter:data2\" content=\"3 minutos\" \/>\n<script type=\"application\/ld+json\" class=\"yoast-schema-graph\">{\"@context\":\"https:\/\/schema.org\",\"@graph\":[{\"@type\":\"Article\",\"@id\":\"https:\/\/www.notibras.com\/site\/baixa-umidade-deixa-pernambucanos-em-alerta\/#article\",\"isPartOf\":{\"@id\":\"https:\/\/www.notibras.com\/site\/baixa-umidade-deixa-pernambucanos-em-alerta\/\"},\"author\":{\"name\":\"Reda\u00e7\u00e3o\",\"@id\":\"https:\/\/www.notibras.com\/site\/#\/schema\/person\/36ab0979449956132d3e5b517ea76ac8\"},\"headline\":\"Baixa umidade deixa pernambucanos em alerta\",\"datePublished\":\"2025-12-30T11:40:32+00:00\",\"dateModified\":\"2025-12-30T13:41:23+00:00\",\"mainEntityOfPage\":{\"@id\":\"https:\/\/www.notibras.com\/site\/baixa-umidade-deixa-pernambucanos-em-alerta\/\"},\"wordCount\":387,\"publisher\":{\"@id\":\"https:\/\/www.notibras.com\/site\/#organization\"},\"image\":{\"@id\":\"https:\/\/www.notibras.com\/site\/baixa-umidade-deixa-pernambucanos-em-alerta\/#primaryimage\"},\"thumbnailUrl\":\"https:\/\/www.notibras.com\/site\/wp-content\/uploads\/2025\/12\/aa5d7fd2-017a-49d3-b5c4-025c57556591.jpg\",\"articleSection\":[\"Nordeste\"],\"inLanguage\":\"pt-BR\"},{\"@type\":\"WebPage\",\"@id\":\"https:\/\/www.notibras.com\/site\/baixa-umidade-deixa-pernambucanos-em-alerta\/\",\"url\":\"https:\/\/www.notibras.com\/site\/baixa-umidade-deixa-pernambucanos-em-alerta\/\",\"name\":\"Baixa umidade deixa pernambucanos em alerta - Notibras\",\"isPartOf\":{\"@id\":\"https:\/\/www.notibras.com\/site\/#website\"},\"primaryImageOfPage\":{\"@id\":\"https:\/\/www.notibras.com\/site\/baixa-umidade-deixa-pernambucanos-em-alerta\/#primaryimage\"},\"image\":{\"@id\":\"https:\/\/www.notibras.com\/site\/baixa-umidade-deixa-pernambucanos-em-alerta\/#primaryimage\"},\"thumbnailUrl\":\"https:\/\/www.notibras.com\/site\/wp-content\/uploads\/2025\/12\/aa5d7fd2-017a-49d3-b5c4-025c57556591.jpg\",\"datePublished\":\"2025-12-30T11:40:32+00:00\",\"dateModified\":\"2025-12-30T13:41:23+00:00\",\"breadcrumb\":{\"@id\":\"https:\/\/www.notibras.com\/site\/baixa-umidade-deixa-pernambucanos-em-alerta\/#breadcrumb\"},\"inLanguage\":\"pt-BR\",\"potentialAction\":[{\"@type\":\"ReadAction\",\"target\":[\"https:\/\/www.notibras.com\/site\/baixa-umidade-deixa-pernambucanos-em-alerta\/\"]}]},{\"@type\":\"ImageObject\",\"inLanguage\":\"pt-BR\",\"@id\":\"https:\/\/www.notibras.com\/site\/baixa-umidade-deixa-pernambucanos-em-alerta\/#primaryimage\",\"url\":\"https:\/\/www.notibras.com\/site\/wp-content\/uploads\/2025\/12\/aa5d7fd2-017a-49d3-b5c4-025c57556591.jpg\",\"contentUrl\":\"https:\/\/www.notibras.com\/site\/wp-content\/uploads\/2025\/12\/aa5d7fd2-017a-49d3-b5c4-025c57556591.jpg\",\"width\":984,\"height\":553},{\"@type\":\"BreadcrumbList\",\"@id\":\"https:\/\/www.notibras.com\/site\/baixa-umidade-deixa-pernambucanos-em-alerta\/#breadcrumb\",\"itemListElement\":[{\"@type\":\"ListItem\",\"position\":1,\"name\":\"In\u00edcio\",\"item\":\"https:\/\/www.notibras.com\/site\/\"},{\"@type\":\"ListItem\",\"position\":2,\"name\":\"Baixa umidade deixa pernambucanos em alerta\"}]},{\"@type\":\"WebSite\",\"@id\":\"https:\/\/www.notibras.com\/site\/#website\",\"url\":\"https:\/\/www.notibras.com\/site\/\",\"name\":\"Notibras\",\"description\":\"Not\u00edcias de Bras\u00edlia, do Brasil e do Mundo\",\"publisher\":{\"@id\":\"https:\/\/www.notibras.com\/site\/#organization\"},\"potentialAction\":[{\"@type\":\"SearchAction\",\"target\":{\"@type\":\"EntryPoint\",\"urlTemplate\":\"https:\/\/www.notibras.com\/site\/?s={search_term_string}\"},\"query-input\":{\"@type\":\"PropertyValueSpecification\",\"valueRequired\":true,\"valueName\":\"search_term_string\"}}],\"inLanguage\":\"pt-BR\"},{\"@type\":\"Organization\",\"@id\":\"https:\/\/www.notibras.com\/site\/#organization\",\"name\":\"Grupo Notibras de Comunica\u00e7\u00e3o\",\"url\":\"https:\/\/www.notibras.com\/site\/\",\"logo\":{\"@type\":\"ImageObject\",\"inLanguage\":\"pt-BR\",\"@id\":\"https:\/\/www.notibras.com\/site\/#\/schema\/logo\/image\/\",\"url\":\"https:\/\/www.notibras.com\/site\/wp-content\/uploads\/2023\/01\/notibras23.png\",\"contentUrl\":\"https:\/\/www.notibras.com\/site\/wp-content\/uploads\/2023\/01\/notibras23.png\",\"width\":350,\"height\":87,\"caption\":\"Grupo Notibras de Comunica\u00e7\u00e3o\"},\"image\":{\"@id\":\"https:\/\/www.notibras.com\/site\/#\/schema\/logo\/image\/\"},\"sameAs\":[\"https:\/\/www.facebook.com\/notibras\/\",\"https:\/\/x.com\/Notibras\",\"https:\/\/www.instagram.com\/notibras\/\"]},{\"@type\":\"Person\",\"@id\":\"https:\/\/www.notibras.com\/site\/#\/schema\/person\/36ab0979449956132d3e5b517ea76ac8\",\"name\":\"Reda\u00e7\u00e3o\",\"image\":{\"@type\":\"ImageObject\",\"inLanguage\":\"pt-BR\",\"@id\":\"https:\/\/secure.gravatar.com\/avatar\/e0a867bdedb85fd243eadf09663511f96fc81e0720a4a42581f334ad4303aa6b?s=96&d=mm&r=g\",\"url\":\"https:\/\/secure.gravatar.com\/avatar\/e0a867bdedb85fd243eadf09663511f96fc81e0720a4a42581f334ad4303aa6b?s=96&d=mm&r=g\",\"contentUrl\":\"https:\/\/secure.gravatar.com\/avatar\/e0a867bdedb85fd243eadf09663511f96fc81e0720a4a42581f334ad4303aa6b?s=96&d=mm&r=g\",\"caption\":\"Reda\u00e7\u00e3o\"}}]}<\/script>\n<!-- \/ Yoast SEO plugin. -->","yoast_head_json":{"title":"Baixa umidade deixa pernambucanos em alerta - Notibras","robots":{"index":"index","follow":"follow","max-snippet":"max-snippet:-1","max-image-preview":"max-image-preview:large","max-video-preview":"max-video-preview:-1"},"canonical":"https:\/\/www.notibras.com\/site\/baixa-umidade-deixa-pernambucanos-em-alerta\/","og_locale":"pt_BR","og_type":"article","og_title":"Baixa umidade deixa pernambucanos em alerta - Notibras","og_description":"O Instituto Nacional de Meteorologia (Inmet) emitiu um alerta amarelo de baixa umidade relativa do ar com grau de severidade classificado como \u201cperigo potencial\u201d para 39 munic\u00edpios do interior de Pernambuco. O aviso abrange principalmente localidades das regi\u00f5es do Sert\u00e3o e do Agreste do estado. Segundo o Inmet, a umidade relativa do ar deve variar [&hellip;]","og_url":"https:\/\/www.notibras.com\/site\/baixa-umidade-deixa-pernambucanos-em-alerta\/","og_site_name":"Notibras","article_publisher":"https:\/\/www.facebook.com\/notibras\/","article_published_time":"2025-12-30T11:40:32+00:00","article_modified_time":"2025-12-30T13:41:23+00:00","og_image":[{"width":984,"height":553,"url":"https:\/\/www.notibras.com\/site\/wp-content\/uploads\/2025\/12\/aa5d7fd2-017a-49d3-b5c4-025c57556591.jpg","type":"image\/jpeg"}],"author":"Reda\u00e7\u00e3o","twitter_card":"summary_large_image","twitter_creator":"@Notibras","twitter_site":"@Notibras","twitter_misc":{"Escrito por":"Reda\u00e7\u00e3o","Est. tempo de leitura":"3 minutos"},"schema":{"@context":"https:\/\/schema.org","@graph":[{"@type":"Article","@id":"https:\/\/www.notibras.com\/site\/baixa-umidade-deixa-pernambucanos-em-alerta\/#article","isPartOf":{"@id":"https:\/\/www.notibras.com\/site\/baixa-umidade-deixa-pernambucanos-em-alerta\/"},"author":{"name":"Reda\u00e7\u00e3o","@id":"https:\/\/www.notibras.com\/site\/#\/schema\/person\/36ab0979449956132d3e5b517ea76ac8"},"headline":"Baixa umidade deixa pernambucanos em alerta","datePublished":"2025-12-30T11:40:32+00:00","dateModified":"2025-12-30T13:41:23+00:00","mainEntityOfPage":{"@id":"https:\/\/www.notibras.com\/site\/baixa-umidade-deixa-pernambucanos-em-alerta\/"},"wordCount":387,"publisher":{"@id":"https:\/\/www.notibras.com\/site\/#organization"},"image":{"@id":"https:\/\/www.notibras.com\/site\/baixa-umidade-deixa-pernambucanos-em-alerta\/#primaryimage"},"thumbnailUrl":"https:\/\/www.notibras.com\/site\/wp-content\/uploads\/2025\/12\/aa5d7fd2-017a-49d3-b5c4-025c57556591.jpg","articleSection":["Nordeste"],"inLanguage":"pt-BR"},{"@type":"WebPage","@id":"https:\/\/www.notibras.com\/site\/baixa-umidade-deixa-pernambucanos-em-alerta\/","url":"https:\/\/www.notibras.com\/site\/baixa-umidade-deixa-pernambucanos-em-alerta\/","name":"Baixa umidade deixa pernambucanos em alerta - Notibras","isPartOf":{"@id":"https:\/\/www.notibras.com\/site\/#website"},"primaryImageOfPage":{"@id":"https:\/\/www.notibras.com\/site\/baixa-umidade-deixa-pernambucanos-em-alerta\/#primaryimage"},"image":{"@id":"https:\/\/www.notibras.com\/site\/baixa-umidade-deixa-pernambucanos-em-alerta\/#primaryimage"},"thumbnailUrl":"https:\/\/www.notibras.com\/site\/wp-content\/uploads\/2025\/12\/aa5d7fd2-017a-49d3-b5c4-025c57556591.jpg","datePublished":"2025-12-30T11:40:32+00:00","dateModified":"2025-12-30T13:41:23+00:00","breadcrumb":{"@id":"https:\/\/www.notibras.com\/site\/baixa-umidade-deixa-pernambucanos-em-alerta\/#breadcrumb"},"inLanguage":"pt-BR","potentialAction":[{"@type":"ReadAction","target":["https:\/\/www.notibras.com\/site\/baixa-umidade-deixa-pernambucanos-em-alerta\/"]}]},{"@type":"ImageObject","inLanguage":"pt-BR","@id":"https:\/\/www.notibras.com\/site\/baixa-umidade-deixa-pernambucanos-em-alerta\/#primaryimage","url":"https:\/\/www.notibras.com\/site\/wp-content\/uploads\/2025\/12\/aa5d7fd2-017a-49d3-b5c4-025c57556591.jpg","contentUrl":"https:\/\/www.notibras.com\/site\/wp-content\/uploads\/2025\/12\/aa5d7fd2-017a-49d3-b5c4-025c57556591.jpg","width":984,"height":553},{"@type":"BreadcrumbList","@id":"https:\/\/www.notibras.com\/site\/baixa-umidade-deixa-pernambucanos-em-alerta\/#breadcrumb","itemListElement":[{"@type":"ListItem","position":1,"name":"In\u00edcio","item":"https:\/\/www.notibras.com\/site\/"},{"@type":"ListItem","position":2,"name":"Baixa umidade deixa pernambucanos em alerta"}]},{"@type":"WebSite","@id":"https:\/\/www.notibras.com\/site\/#website","url":"https:\/\/www.notibras.com\/site\/","name":"Notibras","description":"Not\u00edcias de Bras\u00edlia, do Brasil e do Mundo","publisher":{"@id":"https:\/\/www.notibras.com\/site\/#organization"},"potentialAction":[{"@type":"SearchAction","target":{"@type":"EntryPoint","urlTemplate":"https:\/\/www.notibras.com\/site\/?s={search_term_string}"},"query-input":{"@type":"PropertyValueSpecification","valueRequired":true,"valueName":"search_term_string"}}],"inLanguage":"pt-BR"},{"@type":"Organization","@id":"https:\/\/www.notibras.com\/site\/#organization","name":"Grupo Notibras de Comunica\u00e7\u00e3o","url":"https:\/\/www.notibras.com\/site\/","logo":{"@type":"ImageObject","inLanguage":"pt-BR","@id":"https:\/\/www.notibras.com\/site\/#\/schema\/logo\/image\/","url":"https:\/\/www.notibras.com\/site\/wp-content\/uploads\/2023\/01\/notibras23.png","contentUrl":"https:\/\/www.notibras.com\/site\/wp-content\/uploads\/2023\/01\/notibras23.png","width":350,"height":87,"caption":"Grupo Notibras de Comunica\u00e7\u00e3o"},"image":{"@id":"https:\/\/www.notibras.com\/site\/#\/schema\/logo\/image\/"},"sameAs":["https:\/\/www.facebook.com\/notibras\/","https:\/\/x.com\/Notibras","https:\/\/www.instagram.com\/notibras\/"]},{"@type":"Person","@id":"https:\/\/www.notibras.com\/site\/#\/schema\/person\/36ab0979449956132d3e5b517ea76ac8","name":"Reda\u00e7\u00e3o","image":{"@type":"ImageObject","inLanguage":"pt-BR","@id":"https:\/\/secure.gravatar.com\/avatar\/e0a867bdedb85fd243eadf09663511f96fc81e0720a4a42581f334ad4303aa6b?s=96&d=mm&r=g","url":"https:\/\/secure.gravatar.com\/avatar\/e0a867bdedb85fd243eadf09663511f96fc81e0720a4a42581f334ad4303aa6b?s=96&d=mm&r=g","contentUrl":"https:\/\/secure.gravatar.com\/avatar\/e0a867bdedb85fd243eadf09663511f96fc81e0720a4a42581f334ad4303aa6b?s=96&d=mm&r=g","caption":"Reda\u00e7\u00e3o"}}]}},"amp_enabled":true,"_links":{"self":[{"href":"https:\/\/www.notibras.com\/site\/wp-json\/wp\/v2\/posts\/376981","targetHints":{"allow":["GET"]}}],"collection":[{"href":"https:\/\/www.notibras.com\/site\/wp-json\/wp\/v2\/posts"}],"about":[{"href":"https:\/\/www.notibras.com\/site\/wp-json\/wp\/v2\/types\/post"}],"author":[{"embeddable":true,"href":"https:\/\/www.notibras.com\/site\/wp-json\/wp\/v2\/users\/2"}],"replies":[{"embeddable":true,"href":"https:\/\/www.notibras.com\/site\/wp-json\/wp\/v2\/comments?post=376981"}],"version-history":[{"count":1,"href":"https:\/\/www.notibras.com\/site\/wp-json\/wp\/v2\/posts\/376981\/revisions"}],"predecessor-version":[{"id":376983,"href":"https:\/\/www.notibras.com\/site\/wp-json\/wp\/v2\/posts\/376981\/revisions\/376983"}],"wp:featuredmedia":[{"embeddable":true,"href":"https:\/\/www.notibras.com\/site\/wp-json\/wp\/v2\/media\/376982"}],"wp:attachment":[{"href":"https:\/\/www.notibras.com\/site\/wp-json\/wp\/v2\/media?parent=376981"}],"wp:term":[{"taxonomy":"category","embeddable":true,"href":"https:\/\/www.notibras.com\/site\/wp-json\/wp\/v2\/categories?post=376981"},{"taxonomy":"post_tag","embeddable":true,"href":"https:\/\/www.notibras.com\/site\/wp-json\/wp\/v2\/tags?post=376981"}],"curies":[{"name":"wp","href":"https:\/\/api.w.org\/{rel}","templated":true}]}}