{"id":377028,"date":"2025-12-31T01:00:28","date_gmt":"2025-12-31T04:00:28","guid":{"rendered":"https:\/\/www.notibras.com\/site\/?p=377028"},"modified":"2025-12-30T23:50:58","modified_gmt":"2025-12-31T02:50:58","slug":"lancamento-de-edital-para-construcao-do-emporio-rural-do-jardim-botanico","status":"publish","type":"post","link":"https:\/\/www.notibras.com\/site\/lancamento-de-edital-para-construcao-do-emporio-rural-do-jardim-botanico\/","title":{"rendered":"Lan\u00e7amento de edital para constru\u00e7\u00e3o do Emp\u00f3rio Rural do Jardim Bot\u00e2nico"},"content":{"rendered":"<p>A popula\u00e7\u00e3o do Jardins Mangueiral est\u00e1 prestes a ganhar um novo espa\u00e7o voltado ao encontro, \u00e0 gastronomia e \u00e0 valoriza\u00e7\u00e3o da produ\u00e7\u00e3o local. Pensado para aproximar o campo da cidade, o Emp\u00f3rio Rural do Jardim Bot\u00e2nico ser\u00e1 um ponto de conviv\u00eancia onde produtores da agricultura familiar poder\u00e3o apresentar o que h\u00e1 de melhor na produ\u00e7\u00e3o rural do Distrito Federal.<\/p>\n<p>Para viabilizar o projeto, a Secretaria de Agricultura, Abastecimento e Desenvolvimento Rural (Seagri-DF) publicou nessa segunda-feira (29), no <a href=\"https:\/\/www.agenciabrasilia.df.gov.br\/documents\/d\/guest\/emporio-pdf-pdf\">Di\u00e1rio Oficial do Distrito Federal (DODF)<\/a>, o edital de licita\u00e7\u00e3o para a constru\u00e7\u00e3o do novo emp\u00f3rio, que ser\u00e1 implantado no Jardins Mangueiral. O investimento previsto \u00e9 de R$ 1,3 milh\u00e3o.<\/p>\n<p>O novo espa\u00e7o contar\u00e1 com 18 boxes destinados \u00e0 comercializa\u00e7\u00e3o de produtos da agricultura familiar, al\u00e9m de dois ambientes voltados a lanchonetes. A \u00e1rea constru\u00edda ser\u00e1 superior a 747 m\u00b2, oferecendo estrutura, conforto e visibilidade aos produtores rurais da regi\u00e3o.<\/p>\n<p>De acordo com o secret\u00e1rio de Agricultura, Rafael Bueno, o projeto segue um modelo j\u00e1 consolidado no Distrito Federal. \u201cEssa nova estrutura seguir\u00e1 o mesmo modelo do Emp\u00f3rio Rural do Colorado, que j\u00e1 \u00e9 um grande sucesso e se tornou um ponto de encontro da comunidade para apreciar os produtos da agricultura familiar\u201d, destacou.<\/p>\n<p>A implanta\u00e7\u00e3o do Emp\u00f3rio Rural do Jardim Bot\u00e2nico tem como objetivo ampliar os canais de comercializa\u00e7\u00e3o e fortalecer os produtores locais, muitos deles j\u00e1 atendidos por pol\u00edticas p\u00fablicas do Governo do Distrito Federal, como o Programa de Aquisi\u00e7\u00e3o da Produ\u00e7\u00e3o da Agricultura (Papa\/DF). Com o novo espa\u00e7o, agricultores das regi\u00f5es pr\u00f3ximas ter\u00e3o um local adequado e permanente para a venda direta de seus produtos.<\/p>\n<p>A regi\u00e3o \u00e9 reconhecida pela produ\u00e7\u00e3o de queijos artesanais, caf\u00e9s especiais, frutas e ovos org\u00e2nicos, o que refor\u00e7a o potencial do emp\u00f3rio como ponto de valoriza\u00e7\u00e3o da produ\u00e7\u00e3o local e de incentivo ao consumo de alimentos de qualidade.<\/p>\n<p>Segundo o secret\u00e1rio-executivo da pasta, Pedro Paulo Barbosa, o prazo para execu\u00e7\u00e3o da obra \u00e9 de 180 dias. \u201cA expectativa \u00e9 que a entrega ocorra ao final de junho ou no in\u00edcio de julho, garantindo que o projeto seja conclu\u00eddo com qualidade e dentro do cronograma previsto\u201d, afirmou.<\/p>\n","protected":false},"excerpt":{"rendered":"<p>A popula\u00e7\u00e3o do Jardins Mangueiral est\u00e1 prestes a ganhar um novo espa\u00e7o voltado ao encontro, \u00e0 gastronomia e \u00e0 valoriza\u00e7\u00e3o da produ\u00e7\u00e3o local. Pensado para aproximar o campo da cidade, o Emp\u00f3rio Rural do Jardim Bot\u00e2nico ser\u00e1 um ponto de conviv\u00eancia onde produtores da agricultura familiar poder\u00e3o apresentar o que h\u00e1 de melhor na produ\u00e7\u00e3o [&hellip;]<\/p>\n","protected":false},"author":21,"featured_media":377029,"comment_status":"closed","ping_status":"closed","sticky":false,"template":"","format":"standard","meta":{"_acf_changed":false,"footnotes":""},"categories":[161],"tags":[],"class_list":["post-377028","post","type-post","status-publish","format-standard","has-post-thumbnail","hentry","category-quadradinho-em-foco"],"acf":[],"yoast_head":"<!-- This site is optimized with the Yoast SEO plugin v27.2 - https:\/\/yoast.com\/product\/yoast-seo-wordpress\/ -->\n<title>Lan\u00e7amento de edital para constru\u00e7\u00e3o do Emp\u00f3rio Rural do Jardim Bot\u00e2nico - Notibras<\/title>\n<meta name=\"robots\" content=\"index, follow, max-snippet:-1, max-image-preview:large, max-video-preview:-1\" \/>\n<link rel=\"canonical\" href=\"https:\/\/www.notibras.com\/site\/lancamento-de-edital-para-construcao-do-emporio-rural-do-jardim-botanico\/\" \/>\n<meta property=\"og:locale\" content=\"pt_BR\" \/>\n<meta property=\"og:type\" content=\"article\" \/>\n<meta property=\"og:title\" content=\"Lan\u00e7amento de edital para constru\u00e7\u00e3o do Emp\u00f3rio Rural do Jardim Bot\u00e2nico - Notibras\" \/>\n<meta property=\"og:description\" content=\"A popula\u00e7\u00e3o do Jardins Mangueiral est\u00e1 prestes a ganhar um novo espa\u00e7o voltado ao encontro, \u00e0 gastronomia e \u00e0 valoriza\u00e7\u00e3o da produ\u00e7\u00e3o local. Pensado para aproximar o campo da cidade, o Emp\u00f3rio Rural do Jardim Bot\u00e2nico ser\u00e1 um ponto de conviv\u00eancia onde produtores da agricultura familiar poder\u00e3o apresentar o que h\u00e1 de melhor na produ\u00e7\u00e3o [&hellip;]\" \/>\n<meta property=\"og:url\" content=\"https:\/\/www.notibras.com\/site\/lancamento-de-edital-para-construcao-do-emporio-rural-do-jardim-botanico\/\" \/>\n<meta property=\"og:site_name\" content=\"Notibras\" \/>\n<meta property=\"article:publisher\" content=\"https:\/\/www.facebook.com\/notibras\/\" \/>\n<meta property=\"article:published_time\" content=\"2025-12-31T04:00:28+00:00\" \/>\n<meta property=\"og:image\" content=\"https:\/\/www.notibras.com\/site\/wp-content\/uploads\/2025\/12\/WhatsApp-Image-2025-12-30-at-16.07.41.jpeg\" \/>\n\t<meta property=\"og:image:width\" content=\"800\" \/>\n\t<meta property=\"og:image:height\" content=\"531\" \/>\n\t<meta property=\"og:image:type\" content=\"image\/jpeg\" \/>\n<meta name=\"author\" content=\"Eduardo Mart\u00ednez\" \/>\n<meta name=\"twitter:card\" content=\"summary_large_image\" \/>\n<meta name=\"twitter:creator\" content=\"@Notibras\" \/>\n<meta name=\"twitter:site\" content=\"@Notibras\" \/>\n<meta name=\"twitter:label1\" content=\"Escrito por\" \/>\n\t<meta name=\"twitter:data1\" content=\"Eduardo Mart\u00ednez\" \/>\n\t<meta name=\"twitter:label2\" content=\"Est. tempo de leitura\" \/>\n\t<meta name=\"twitter:data2\" content=\"3 minutos\" \/>\n<script type=\"application\/ld+json\" class=\"yoast-schema-graph\">{\"@context\":\"https:\/\/schema.org\",\"@graph\":[{\"@type\":\"Article\",\"@id\":\"https:\/\/www.notibras.com\/site\/lancamento-de-edital-para-construcao-do-emporio-rural-do-jardim-botanico\/#article\",\"isPartOf\":{\"@id\":\"https:\/\/www.notibras.com\/site\/lancamento-de-edital-para-construcao-do-emporio-rural-do-jardim-botanico\/\"},\"author\":{\"name\":\"Eduardo Mart\u00ednez\",\"@id\":\"https:\/\/www.notibras.com\/site\/#\/schema\/person\/5b7fabf2aedc3ada2105f03b22b4d3dd\"},\"headline\":\"Lan\u00e7amento de edital para constru\u00e7\u00e3o do Emp\u00f3rio Rural do Jardim Bot\u00e2nico\",\"datePublished\":\"2025-12-31T04:00:28+00:00\",\"mainEntityOfPage\":{\"@id\":\"https:\/\/www.notibras.com\/site\/lancamento-de-edital-para-construcao-do-emporio-rural-do-jardim-botanico\/\"},\"wordCount\":399,\"publisher\":{\"@id\":\"https:\/\/www.notibras.com\/site\/#organization\"},\"image\":{\"@id\":\"https:\/\/www.notibras.com\/site\/lancamento-de-edital-para-construcao-do-emporio-rural-do-jardim-botanico\/#primaryimage\"},\"thumbnailUrl\":\"https:\/\/www.notibras.com\/site\/wp-content\/uploads\/2025\/12\/WhatsApp-Image-2025-12-30-at-16.07.41.jpeg\",\"articleSection\":[\"Quadradinho em Foco\"],\"inLanguage\":\"pt-BR\"},{\"@type\":\"WebPage\",\"@id\":\"https:\/\/www.notibras.com\/site\/lancamento-de-edital-para-construcao-do-emporio-rural-do-jardim-botanico\/\",\"url\":\"https:\/\/www.notibras.com\/site\/lancamento-de-edital-para-construcao-do-emporio-rural-do-jardim-botanico\/\",\"name\":\"Lan\u00e7amento de edital para constru\u00e7\u00e3o do Emp\u00f3rio Rural do Jardim Bot\u00e2nico - Notibras\",\"isPartOf\":{\"@id\":\"https:\/\/www.notibras.com\/site\/#website\"},\"primaryImageOfPage\":{\"@id\":\"https:\/\/www.notibras.com\/site\/lancamento-de-edital-para-construcao-do-emporio-rural-do-jardim-botanico\/#primaryimage\"},\"image\":{\"@id\":\"https:\/\/www.notibras.com\/site\/lancamento-de-edital-para-construcao-do-emporio-rural-do-jardim-botanico\/#primaryimage\"},\"thumbnailUrl\":\"https:\/\/www.notibras.com\/site\/wp-content\/uploads\/2025\/12\/WhatsApp-Image-2025-12-30-at-16.07.41.jpeg\",\"datePublished\":\"2025-12-31T04:00:28+00:00\",\"breadcrumb\":{\"@id\":\"https:\/\/www.notibras.com\/site\/lancamento-de-edital-para-construcao-do-emporio-rural-do-jardim-botanico\/#breadcrumb\"},\"inLanguage\":\"pt-BR\",\"potentialAction\":[{\"@type\":\"ReadAction\",\"target\":[\"https:\/\/www.notibras.com\/site\/lancamento-de-edital-para-construcao-do-emporio-rural-do-jardim-botanico\/\"]}]},{\"@type\":\"ImageObject\",\"inLanguage\":\"pt-BR\",\"@id\":\"https:\/\/www.notibras.com\/site\/lancamento-de-edital-para-construcao-do-emporio-rural-do-jardim-botanico\/#primaryimage\",\"url\":\"https:\/\/www.notibras.com\/site\/wp-content\/uploads\/2025\/12\/WhatsApp-Image-2025-12-30-at-16.07.41.jpeg\",\"contentUrl\":\"https:\/\/www.notibras.com\/site\/wp-content\/uploads\/2025\/12\/WhatsApp-Image-2025-12-30-at-16.07.41.jpeg\",\"width\":800,\"height\":531},{\"@type\":\"BreadcrumbList\",\"@id\":\"https:\/\/www.notibras.com\/site\/lancamento-de-edital-para-construcao-do-emporio-rural-do-jardim-botanico\/#breadcrumb\",\"itemListElement\":[{\"@type\":\"ListItem\",\"position\":1,\"name\":\"In\u00edcio\",\"item\":\"https:\/\/www.notibras.com\/site\/\"},{\"@type\":\"ListItem\",\"position\":2,\"name\":\"Lan\u00e7amento de edital para constru\u00e7\u00e3o do Emp\u00f3rio Rural do Jardim Bot\u00e2nico\"}]},{\"@type\":\"WebSite\",\"@id\":\"https:\/\/www.notibras.com\/site\/#website\",\"url\":\"https:\/\/www.notibras.com\/site\/\",\"name\":\"Notibras\",\"description\":\"Not\u00edcias de Bras\u00edlia, do Brasil e do Mundo\",\"publisher\":{\"@id\":\"https:\/\/www.notibras.com\/site\/#organization\"},\"potentialAction\":[{\"@type\":\"SearchAction\",\"target\":{\"@type\":\"EntryPoint\",\"urlTemplate\":\"https:\/\/www.notibras.com\/site\/?s={search_term_string}\"},\"query-input\":{\"@type\":\"PropertyValueSpecification\",\"valueRequired\":true,\"valueName\":\"search_term_string\"}}],\"inLanguage\":\"pt-BR\"},{\"@type\":\"Organization\",\"@id\":\"https:\/\/www.notibras.com\/site\/#organization\",\"name\":\"Grupo Notibras de Comunica\u00e7\u00e3o\",\"url\":\"https:\/\/www.notibras.com\/site\/\",\"logo\":{\"@type\":\"ImageObject\",\"inLanguage\":\"pt-BR\",\"@id\":\"https:\/\/www.notibras.com\/site\/#\/schema\/logo\/image\/\",\"url\":\"https:\/\/www.notibras.com\/site\/wp-content\/uploads\/2023\/01\/notibras23.png\",\"contentUrl\":\"https:\/\/www.notibras.com\/site\/wp-content\/uploads\/2023\/01\/notibras23.png\",\"width\":350,\"height\":87,\"caption\":\"Grupo Notibras de Comunica\u00e7\u00e3o\"},\"image\":{\"@id\":\"https:\/\/www.notibras.com\/site\/#\/schema\/logo\/image\/\"},\"sameAs\":[\"https:\/\/www.facebook.com\/notibras\/\",\"https:\/\/x.com\/Notibras\",\"https:\/\/www.instagram.com\/notibras\/\"]},{\"@type\":\"Person\",\"@id\":\"https:\/\/www.notibras.com\/site\/#\/schema\/person\/5b7fabf2aedc3ada2105f03b22b4d3dd\",\"name\":\"Eduardo Mart\u00ednez\",\"image\":{\"@type\":\"ImageObject\",\"inLanguage\":\"pt-BR\",\"@id\":\"https:\/\/secure.gravatar.com\/avatar\/7902f906289926289cbcda644b5197c796b893c6ffd7b9a536a42d290f7704a0?s=96&d=mm&r=g\",\"url\":\"https:\/\/secure.gravatar.com\/avatar\/7902f906289926289cbcda644b5197c796b893c6ffd7b9a536a42d290f7704a0?s=96&d=mm&r=g\",\"contentUrl\":\"https:\/\/secure.gravatar.com\/avatar\/7902f906289926289cbcda644b5197c796b893c6ffd7b9a536a42d290f7704a0?s=96&d=mm&r=g\",\"caption\":\"Eduardo Mart\u00ednez\"}}]}<\/script>\n<!-- \/ Yoast SEO plugin. -->","yoast_head_json":{"title":"Lan\u00e7amento de edital para constru\u00e7\u00e3o do Emp\u00f3rio Rural do Jardim Bot\u00e2nico - Notibras","robots":{"index":"index","follow":"follow","max-snippet":"max-snippet:-1","max-image-preview":"max-image-preview:large","max-video-preview":"max-video-preview:-1"},"canonical":"https:\/\/www.notibras.com\/site\/lancamento-de-edital-para-construcao-do-emporio-rural-do-jardim-botanico\/","og_locale":"pt_BR","og_type":"article","og_title":"Lan\u00e7amento de edital para constru\u00e7\u00e3o do Emp\u00f3rio Rural do Jardim Bot\u00e2nico - Notibras","og_description":"A popula\u00e7\u00e3o do Jardins Mangueiral est\u00e1 prestes a ganhar um novo espa\u00e7o voltado ao encontro, \u00e0 gastronomia e \u00e0 valoriza\u00e7\u00e3o da produ\u00e7\u00e3o local. Pensado para aproximar o campo da cidade, o Emp\u00f3rio Rural do Jardim Bot\u00e2nico ser\u00e1 um ponto de conviv\u00eancia onde produtores da agricultura familiar poder\u00e3o apresentar o que h\u00e1 de melhor na produ\u00e7\u00e3o [&hellip;]","og_url":"https:\/\/www.notibras.com\/site\/lancamento-de-edital-para-construcao-do-emporio-rural-do-jardim-botanico\/","og_site_name":"Notibras","article_publisher":"https:\/\/www.facebook.com\/notibras\/","article_published_time":"2025-12-31T04:00:28+00:00","og_image":[{"width":800,"height":531,"url":"https:\/\/www.notibras.com\/site\/wp-content\/uploads\/2025\/12\/WhatsApp-Image-2025-12-30-at-16.07.41.jpeg","type":"image\/jpeg"}],"author":"Eduardo Mart\u00ednez","twitter_card":"summary_large_image","twitter_creator":"@Notibras","twitter_site":"@Notibras","twitter_misc":{"Escrito por":"Eduardo Mart\u00ednez","Est. tempo de leitura":"3 minutos"},"schema":{"@context":"https:\/\/schema.org","@graph":[{"@type":"Article","@id":"https:\/\/www.notibras.com\/site\/lancamento-de-edital-para-construcao-do-emporio-rural-do-jardim-botanico\/#article","isPartOf":{"@id":"https:\/\/www.notibras.com\/site\/lancamento-de-edital-para-construcao-do-emporio-rural-do-jardim-botanico\/"},"author":{"name":"Eduardo Mart\u00ednez","@id":"https:\/\/www.notibras.com\/site\/#\/schema\/person\/5b7fabf2aedc3ada2105f03b22b4d3dd"},"headline":"Lan\u00e7amento de edital para constru\u00e7\u00e3o do Emp\u00f3rio Rural do Jardim Bot\u00e2nico","datePublished":"2025-12-31T04:00:28+00:00","mainEntityOfPage":{"@id":"https:\/\/www.notibras.com\/site\/lancamento-de-edital-para-construcao-do-emporio-rural-do-jardim-botanico\/"},"wordCount":399,"publisher":{"@id":"https:\/\/www.notibras.com\/site\/#organization"},"image":{"@id":"https:\/\/www.notibras.com\/site\/lancamento-de-edital-para-construcao-do-emporio-rural-do-jardim-botanico\/#primaryimage"},"thumbnailUrl":"https:\/\/www.notibras.com\/site\/wp-content\/uploads\/2025\/12\/WhatsApp-Image-2025-12-30-at-16.07.41.jpeg","articleSection":["Quadradinho em Foco"],"inLanguage":"pt-BR"},{"@type":"WebPage","@id":"https:\/\/www.notibras.com\/site\/lancamento-de-edital-para-construcao-do-emporio-rural-do-jardim-botanico\/","url":"https:\/\/www.notibras.com\/site\/lancamento-de-edital-para-construcao-do-emporio-rural-do-jardim-botanico\/","name":"Lan\u00e7amento de edital para constru\u00e7\u00e3o do Emp\u00f3rio Rural do Jardim Bot\u00e2nico - Notibras","isPartOf":{"@id":"https:\/\/www.notibras.com\/site\/#website"},"primaryImageOfPage":{"@id":"https:\/\/www.notibras.com\/site\/lancamento-de-edital-para-construcao-do-emporio-rural-do-jardim-botanico\/#primaryimage"},"image":{"@id":"https:\/\/www.notibras.com\/site\/lancamento-de-edital-para-construcao-do-emporio-rural-do-jardim-botanico\/#primaryimage"},"thumbnailUrl":"https:\/\/www.notibras.com\/site\/wp-content\/uploads\/2025\/12\/WhatsApp-Image-2025-12-30-at-16.07.41.jpeg","datePublished":"2025-12-31T04:00:28+00:00","breadcrumb":{"@id":"https:\/\/www.notibras.com\/site\/lancamento-de-edital-para-construcao-do-emporio-rural-do-jardim-botanico\/#breadcrumb"},"inLanguage":"pt-BR","potentialAction":[{"@type":"ReadAction","target":["https:\/\/www.notibras.com\/site\/lancamento-de-edital-para-construcao-do-emporio-rural-do-jardim-botanico\/"]}]},{"@type":"ImageObject","inLanguage":"pt-BR","@id":"https:\/\/www.notibras.com\/site\/lancamento-de-edital-para-construcao-do-emporio-rural-do-jardim-botanico\/#primaryimage","url":"https:\/\/www.notibras.com\/site\/wp-content\/uploads\/2025\/12\/WhatsApp-Image-2025-12-30-at-16.07.41.jpeg","contentUrl":"https:\/\/www.notibras.com\/site\/wp-content\/uploads\/2025\/12\/WhatsApp-Image-2025-12-30-at-16.07.41.jpeg","width":800,"height":531},{"@type":"BreadcrumbList","@id":"https:\/\/www.notibras.com\/site\/lancamento-de-edital-para-construcao-do-emporio-rural-do-jardim-botanico\/#breadcrumb","itemListElement":[{"@type":"ListItem","position":1,"name":"In\u00edcio","item":"https:\/\/www.notibras.com\/site\/"},{"@type":"ListItem","position":2,"name":"Lan\u00e7amento de edital para constru\u00e7\u00e3o do Emp\u00f3rio Rural do Jardim Bot\u00e2nico"}]},{"@type":"WebSite","@id":"https:\/\/www.notibras.com\/site\/#website","url":"https:\/\/www.notibras.com\/site\/","name":"Notibras","description":"Not\u00edcias de Bras\u00edlia, do Brasil e do Mundo","publisher":{"@id":"https:\/\/www.notibras.com\/site\/#organization"},"potentialAction":[{"@type":"SearchAction","target":{"@type":"EntryPoint","urlTemplate":"https:\/\/www.notibras.com\/site\/?s={search_term_string}"},"query-input":{"@type":"PropertyValueSpecification","valueRequired":true,"valueName":"search_term_string"}}],"inLanguage":"pt-BR"},{"@type":"Organization","@id":"https:\/\/www.notibras.com\/site\/#organization","name":"Grupo Notibras de Comunica\u00e7\u00e3o","url":"https:\/\/www.notibras.com\/site\/","logo":{"@type":"ImageObject","inLanguage":"pt-BR","@id":"https:\/\/www.notibras.com\/site\/#\/schema\/logo\/image\/","url":"https:\/\/www.notibras.com\/site\/wp-content\/uploads\/2023\/01\/notibras23.png","contentUrl":"https:\/\/www.notibras.com\/site\/wp-content\/uploads\/2023\/01\/notibras23.png","width":350,"height":87,"caption":"Grupo Notibras de Comunica\u00e7\u00e3o"},"image":{"@id":"https:\/\/www.notibras.com\/site\/#\/schema\/logo\/image\/"},"sameAs":["https:\/\/www.facebook.com\/notibras\/","https:\/\/x.com\/Notibras","https:\/\/www.instagram.com\/notibras\/"]},{"@type":"Person","@id":"https:\/\/www.notibras.com\/site\/#\/schema\/person\/5b7fabf2aedc3ada2105f03b22b4d3dd","name":"Eduardo Mart\u00ednez","image":{"@type":"ImageObject","inLanguage":"pt-BR","@id":"https:\/\/secure.gravatar.com\/avatar\/7902f906289926289cbcda644b5197c796b893c6ffd7b9a536a42d290f7704a0?s=96&d=mm&r=g","url":"https:\/\/secure.gravatar.com\/avatar\/7902f906289926289cbcda644b5197c796b893c6ffd7b9a536a42d290f7704a0?s=96&d=mm&r=g","contentUrl":"https:\/\/secure.gravatar.com\/avatar\/7902f906289926289cbcda644b5197c796b893c6ffd7b9a536a42d290f7704a0?s=96&d=mm&r=g","caption":"Eduardo Mart\u00ednez"}}]}},"amp_enabled":true,"_links":{"self":[{"href":"https:\/\/www.notibras.com\/site\/wp-json\/wp\/v2\/posts\/377028","targetHints":{"allow":["GET"]}}],"collection":[{"href":"https:\/\/www.notibras.com\/site\/wp-json\/wp\/v2\/posts"}],"about":[{"href":"https:\/\/www.notibras.com\/site\/wp-json\/wp\/v2\/types\/post"}],"author":[{"embeddable":true,"href":"https:\/\/www.notibras.com\/site\/wp-json\/wp\/v2\/users\/21"}],"replies":[{"embeddable":true,"href":"https:\/\/www.notibras.com\/site\/wp-json\/wp\/v2\/comments?post=377028"}],"version-history":[{"count":5,"href":"https:\/\/www.notibras.com\/site\/wp-json\/wp\/v2\/posts\/377028\/revisions"}],"predecessor-version":[{"id":377034,"href":"https:\/\/www.notibras.com\/site\/wp-json\/wp\/v2\/posts\/377028\/revisions\/377034"}],"wp:featuredmedia":[{"embeddable":true,"href":"https:\/\/www.notibras.com\/site\/wp-json\/wp\/v2\/media\/377029"}],"wp:attachment":[{"href":"https:\/\/www.notibras.com\/site\/wp-json\/wp\/v2\/media?parent=377028"}],"wp:term":[{"taxonomy":"category","embeddable":true,"href":"https:\/\/www.notibras.com\/site\/wp-json\/wp\/v2\/categories?post=377028"},{"taxonomy":"post_tag","embeddable":true,"href":"https:\/\/www.notibras.com\/site\/wp-json\/wp\/v2\/tags?post=377028"}],"curies":[{"name":"wp","href":"https:\/\/api.w.org\/{rel}","templated":true}]}}