{"id":377044,"date":"2026-01-09T02:15:25","date_gmt":"2026-01-09T05:15:25","guid":{"rendered":"https:\/\/www.notibras.com\/site\/?p=377044"},"modified":"2025-12-31T00:39:08","modified_gmt":"2025-12-31T03:39:08","slug":"quem-aumenta-o-peso-nao-caminha-conosco","status":"publish","type":"post","link":"https:\/\/www.notibras.com\/site\/quem-aumenta-o-peso-nao-caminha-conosco\/","title":{"rendered":"Quem Aumenta o Peso N\u00e3o Caminha Conosco"},"content":{"rendered":"<p>N\u00f3s sempre vamos nos lembrar de quem esteve presente quando a vida apertou. N\u00e3o porque fez algo grandioso, mas porque teve a chance de escolher entre aliviar ou agravar e escolheu. H\u00e1 momentos em que n\u00e3o precisamos de solu\u00e7\u00f5es brilhantes, discursos motivacionais ou promessas de futuro. Precisamos apenas que algu\u00e9m n\u00e3o nos empurre ainda mais para baixo.<\/p>\n<p>N\u00f3s atravess\u00e1vamos um tempo dif\u00edcil. O corpo cansado, a mente em guerra, o cotidiano pesado demais para ser carregado sozinha. E isso era vis\u00edvel. N\u00e3o era segredo, n\u00e3o era drama, n\u00e3o era exagero. Era evidente. Quem olhava com aten\u00e7\u00e3o via. Quem se importava, sentia. Ainda assim, houve quem preferisse acrescentar peso \u00e0 carga j\u00e1 excessiva.<\/p>\n<p>Isso ensina muito sobre v\u00ednculos. Ensina que presen\u00e7a n\u00e3o \u00e9 proximidade f\u00edsica, \u00e9 postura \u00e9tica. Ensina que amor n\u00e3o se mede por palavras bonitas ditas em dias f\u00e1ceis, mas por atitudes quando tudo est\u00e1 em ru\u00ednas. Ensina, sobretudo, que algumas pessoas n\u00e3o sabem cuidar e n\u00e3o porque s\u00e3o m\u00e1s, mas porque s\u00e3o pequenas demais para o tamanho da dor do outro.<\/p>\n<p>N\u00f3s aprendemos, do jeito mais duro, que nem todo mundo que fica ao nosso lado quer o nosso bem. Alguns apenas suportam enquanto n\u00e3o d\u00e1 trabalho. Outros se incomodam quando percebem que n\u00e3o somos fortes o tempo todo. E h\u00e1 aqueles que, diante da vulnerabilidade alheia, revelam seu lado mais cruel: o de quem pesa, cobra, exige e julga quando o que se precisa \u00e9 acolhimento.<\/p>\n<p>Guardar essa lembran\u00e7a n\u00e3o \u00e9 ressentimento \u00e9 lucidez. N\u00f3s n\u00e3o esquecemos para perdoar qualquer coisa. N\u00f3s lembramos para n\u00e3o repetir padr\u00f5es, para n\u00e3o insistir em rela\u00e7\u00f5es onde a dor vira inc\u00f4modo e a fragilidade vira culpa. Lembramos para escolher melhor quem pode caminhar conosco nas pr\u00f3ximas travessias.<\/p>\n<p>Hoje, sabemos: quem aumenta o peso quando j\u00e1 estamos no limite n\u00e3o merece caminhar ao nosso lado quando a estrada melhora. Porque parceria n\u00e3o \u00e9 estar s\u00f3 nos dias leves. \u00c9 n\u00e3o ser mais um fardo nos dias pesados.<\/p>\n<p>N\u00f3s seguimos. Mais atentas. Mais seletivas. E muito mais inteiras.<\/p>\n","protected":false},"excerpt":{"rendered":"<p>N\u00f3s sempre vamos nos lembrar de quem esteve presente quando a vida apertou. N\u00e3o porque fez algo grandioso, mas porque teve a chance de escolher entre aliviar ou agravar e escolheu. H\u00e1 momentos em que n\u00e3o precisamos de solu\u00e7\u00f5es brilhantes, discursos motivacionais ou promessas de futuro. Precisamos apenas que algu\u00e9m n\u00e3o nos empurre ainda mais [&hellip;]<\/p>\n","protected":false},"author":21,"featured_media":377045,"comment_status":"closed","ping_status":"closed","sticky":false,"template":"","format":"standard","meta":{"_acf_changed":false,"footnotes":""},"categories":[236],"tags":[],"class_list":["post-377044","post","type-post","status-publish","format-standard","has-post-thumbnail","hentry","category-ponto-de-vista"],"acf":[],"yoast_head":"<!-- This site is optimized with the Yoast SEO plugin v27.2 - https:\/\/yoast.com\/product\/yoast-seo-wordpress\/ -->\n<title>Quem Aumenta o Peso N\u00e3o Caminha Conosco - Notibras<\/title>\n<meta name=\"robots\" content=\"index, follow, max-snippet:-1, max-image-preview:large, max-video-preview:-1\" \/>\n<link rel=\"canonical\" href=\"https:\/\/www.notibras.com\/site\/quem-aumenta-o-peso-nao-caminha-conosco\/\" \/>\n<meta property=\"og:locale\" content=\"pt_BR\" \/>\n<meta property=\"og:type\" content=\"article\" \/>\n<meta property=\"og:title\" content=\"Quem Aumenta o Peso N\u00e3o Caminha Conosco - Notibras\" \/>\n<meta property=\"og:description\" content=\"N\u00f3s sempre vamos nos lembrar de quem esteve presente quando a vida apertou. N\u00e3o porque fez algo grandioso, mas porque teve a chance de escolher entre aliviar ou agravar e escolheu. H\u00e1 momentos em que n\u00e3o precisamos de solu\u00e7\u00f5es brilhantes, discursos motivacionais ou promessas de futuro. Precisamos apenas que algu\u00e9m n\u00e3o nos empurre ainda mais [&hellip;]\" \/>\n<meta property=\"og:url\" content=\"https:\/\/www.notibras.com\/site\/quem-aumenta-o-peso-nao-caminha-conosco\/\" \/>\n<meta property=\"og:site_name\" content=\"Notibras\" \/>\n<meta property=\"article:publisher\" content=\"https:\/\/www.facebook.com\/notibras\/\" \/>\n<meta property=\"article:published_time\" content=\"2026-01-09T05:15:25+00:00\" \/>\n<meta property=\"og:image\" content=\"https:\/\/www.notibras.com\/site\/wp-content\/uploads\/2025\/12\/8d489908-b7fd-4c25-aed9-e6043446bde7.jpg\" \/>\n\t<meta property=\"og:image:width\" content=\"809\" \/>\n\t<meta property=\"og:image:height\" content=\"968\" \/>\n\t<meta property=\"og:image:type\" content=\"image\/jpeg\" \/>\n<meta name=\"author\" content=\"Eduardo Mart\u00ednez\" \/>\n<meta name=\"twitter:card\" content=\"summary_large_image\" \/>\n<meta name=\"twitter:creator\" content=\"@Notibras\" \/>\n<meta name=\"twitter:site\" content=\"@Notibras\" \/>\n<meta name=\"twitter:label1\" content=\"Escrito por\" \/>\n\t<meta name=\"twitter:data1\" content=\"Eduardo Mart\u00ednez\" \/>\n\t<meta name=\"twitter:label2\" content=\"Est. tempo de leitura\" \/>\n\t<meta name=\"twitter:data2\" content=\"3 minutos\" \/>\n<script type=\"application\/ld+json\" class=\"yoast-schema-graph\">{\"@context\":\"https:\/\/schema.org\",\"@graph\":[{\"@type\":\"Article\",\"@id\":\"https:\/\/www.notibras.com\/site\/quem-aumenta-o-peso-nao-caminha-conosco\/#article\",\"isPartOf\":{\"@id\":\"https:\/\/www.notibras.com\/site\/quem-aumenta-o-peso-nao-caminha-conosco\/\"},\"author\":{\"name\":\"Eduardo Mart\u00ednez\",\"@id\":\"https:\/\/www.notibras.com\/site\/#\/schema\/person\/5b7fabf2aedc3ada2105f03b22b4d3dd\"},\"headline\":\"Quem Aumenta o Peso N\u00e3o Caminha Conosco\",\"datePublished\":\"2026-01-09T05:15:25+00:00\",\"mainEntityOfPage\":{\"@id\":\"https:\/\/www.notibras.com\/site\/quem-aumenta-o-peso-nao-caminha-conosco\/\"},\"wordCount\":379,\"publisher\":{\"@id\":\"https:\/\/www.notibras.com\/site\/#organization\"},\"image\":{\"@id\":\"https:\/\/www.notibras.com\/site\/quem-aumenta-o-peso-nao-caminha-conosco\/#primaryimage\"},\"thumbnailUrl\":\"https:\/\/www.notibras.com\/site\/wp-content\/uploads\/2025\/12\/8d489908-b7fd-4c25-aed9-e6043446bde7.jpg\",\"articleSection\":[\"Ponto de Vista\"],\"inLanguage\":\"pt-BR\"},{\"@type\":\"WebPage\",\"@id\":\"https:\/\/www.notibras.com\/site\/quem-aumenta-o-peso-nao-caminha-conosco\/\",\"url\":\"https:\/\/www.notibras.com\/site\/quem-aumenta-o-peso-nao-caminha-conosco\/\",\"name\":\"Quem Aumenta o Peso N\u00e3o Caminha Conosco - Notibras\",\"isPartOf\":{\"@id\":\"https:\/\/www.notibras.com\/site\/#website\"},\"primaryImageOfPage\":{\"@id\":\"https:\/\/www.notibras.com\/site\/quem-aumenta-o-peso-nao-caminha-conosco\/#primaryimage\"},\"image\":{\"@id\":\"https:\/\/www.notibras.com\/site\/quem-aumenta-o-peso-nao-caminha-conosco\/#primaryimage\"},\"thumbnailUrl\":\"https:\/\/www.notibras.com\/site\/wp-content\/uploads\/2025\/12\/8d489908-b7fd-4c25-aed9-e6043446bde7.jpg\",\"datePublished\":\"2026-01-09T05:15:25+00:00\",\"breadcrumb\":{\"@id\":\"https:\/\/www.notibras.com\/site\/quem-aumenta-o-peso-nao-caminha-conosco\/#breadcrumb\"},\"inLanguage\":\"pt-BR\",\"potentialAction\":[{\"@type\":\"ReadAction\",\"target\":[\"https:\/\/www.notibras.com\/site\/quem-aumenta-o-peso-nao-caminha-conosco\/\"]}]},{\"@type\":\"ImageObject\",\"inLanguage\":\"pt-BR\",\"@id\":\"https:\/\/www.notibras.com\/site\/quem-aumenta-o-peso-nao-caminha-conosco\/#primaryimage\",\"url\":\"https:\/\/www.notibras.com\/site\/wp-content\/uploads\/2025\/12\/8d489908-b7fd-4c25-aed9-e6043446bde7.jpg\",\"contentUrl\":\"https:\/\/www.notibras.com\/site\/wp-content\/uploads\/2025\/12\/8d489908-b7fd-4c25-aed9-e6043446bde7.jpg\",\"width\":809,\"height\":968},{\"@type\":\"BreadcrumbList\",\"@id\":\"https:\/\/www.notibras.com\/site\/quem-aumenta-o-peso-nao-caminha-conosco\/#breadcrumb\",\"itemListElement\":[{\"@type\":\"ListItem\",\"position\":1,\"name\":\"In\u00edcio\",\"item\":\"https:\/\/www.notibras.com\/site\/\"},{\"@type\":\"ListItem\",\"position\":2,\"name\":\"Quem Aumenta o Peso N\u00e3o Caminha Conosco\"}]},{\"@type\":\"WebSite\",\"@id\":\"https:\/\/www.notibras.com\/site\/#website\",\"url\":\"https:\/\/www.notibras.com\/site\/\",\"name\":\"Notibras\",\"description\":\"Not\u00edcias de Bras\u00edlia, do Brasil e do Mundo\",\"publisher\":{\"@id\":\"https:\/\/www.notibras.com\/site\/#organization\"},\"potentialAction\":[{\"@type\":\"SearchAction\",\"target\":{\"@type\":\"EntryPoint\",\"urlTemplate\":\"https:\/\/www.notibras.com\/site\/?s={search_term_string}\"},\"query-input\":{\"@type\":\"PropertyValueSpecification\",\"valueRequired\":true,\"valueName\":\"search_term_string\"}}],\"inLanguage\":\"pt-BR\"},{\"@type\":\"Organization\",\"@id\":\"https:\/\/www.notibras.com\/site\/#organization\",\"name\":\"Grupo Notibras de Comunica\u00e7\u00e3o\",\"url\":\"https:\/\/www.notibras.com\/site\/\",\"logo\":{\"@type\":\"ImageObject\",\"inLanguage\":\"pt-BR\",\"@id\":\"https:\/\/www.notibras.com\/site\/#\/schema\/logo\/image\/\",\"url\":\"https:\/\/www.notibras.com\/site\/wp-content\/uploads\/2023\/01\/notibras23.png\",\"contentUrl\":\"https:\/\/www.notibras.com\/site\/wp-content\/uploads\/2023\/01\/notibras23.png\",\"width\":350,\"height\":87,\"caption\":\"Grupo Notibras de Comunica\u00e7\u00e3o\"},\"image\":{\"@id\":\"https:\/\/www.notibras.com\/site\/#\/schema\/logo\/image\/\"},\"sameAs\":[\"https:\/\/www.facebook.com\/notibras\/\",\"https:\/\/x.com\/Notibras\",\"https:\/\/www.instagram.com\/notibras\/\"]},{\"@type\":\"Person\",\"@id\":\"https:\/\/www.notibras.com\/site\/#\/schema\/person\/5b7fabf2aedc3ada2105f03b22b4d3dd\",\"name\":\"Eduardo Mart\u00ednez\",\"image\":{\"@type\":\"ImageObject\",\"inLanguage\":\"pt-BR\",\"@id\":\"https:\/\/secure.gravatar.com\/avatar\/7902f906289926289cbcda644b5197c796b893c6ffd7b9a536a42d290f7704a0?s=96&d=mm&r=g\",\"url\":\"https:\/\/secure.gravatar.com\/avatar\/7902f906289926289cbcda644b5197c796b893c6ffd7b9a536a42d290f7704a0?s=96&d=mm&r=g\",\"contentUrl\":\"https:\/\/secure.gravatar.com\/avatar\/7902f906289926289cbcda644b5197c796b893c6ffd7b9a536a42d290f7704a0?s=96&d=mm&r=g\",\"caption\":\"Eduardo Mart\u00ednez\"}}]}<\/script>\n<!-- \/ Yoast SEO plugin. -->","yoast_head_json":{"title":"Quem Aumenta o Peso N\u00e3o Caminha Conosco - Notibras","robots":{"index":"index","follow":"follow","max-snippet":"max-snippet:-1","max-image-preview":"max-image-preview:large","max-video-preview":"max-video-preview:-1"},"canonical":"https:\/\/www.notibras.com\/site\/quem-aumenta-o-peso-nao-caminha-conosco\/","og_locale":"pt_BR","og_type":"article","og_title":"Quem Aumenta o Peso N\u00e3o Caminha Conosco - Notibras","og_description":"N\u00f3s sempre vamos nos lembrar de quem esteve presente quando a vida apertou. N\u00e3o porque fez algo grandioso, mas porque teve a chance de escolher entre aliviar ou agravar e escolheu. H\u00e1 momentos em que n\u00e3o precisamos de solu\u00e7\u00f5es brilhantes, discursos motivacionais ou promessas de futuro. Precisamos apenas que algu\u00e9m n\u00e3o nos empurre ainda mais [&hellip;]","og_url":"https:\/\/www.notibras.com\/site\/quem-aumenta-o-peso-nao-caminha-conosco\/","og_site_name":"Notibras","article_publisher":"https:\/\/www.facebook.com\/notibras\/","article_published_time":"2026-01-09T05:15:25+00:00","og_image":[{"width":809,"height":968,"url":"https:\/\/www.notibras.com\/site\/wp-content\/uploads\/2025\/12\/8d489908-b7fd-4c25-aed9-e6043446bde7.jpg","type":"image\/jpeg"}],"author":"Eduardo Mart\u00ednez","twitter_card":"summary_large_image","twitter_creator":"@Notibras","twitter_site":"@Notibras","twitter_misc":{"Escrito por":"Eduardo Mart\u00ednez","Est. tempo de leitura":"3 minutos"},"schema":{"@context":"https:\/\/schema.org","@graph":[{"@type":"Article","@id":"https:\/\/www.notibras.com\/site\/quem-aumenta-o-peso-nao-caminha-conosco\/#article","isPartOf":{"@id":"https:\/\/www.notibras.com\/site\/quem-aumenta-o-peso-nao-caminha-conosco\/"},"author":{"name":"Eduardo Mart\u00ednez","@id":"https:\/\/www.notibras.com\/site\/#\/schema\/person\/5b7fabf2aedc3ada2105f03b22b4d3dd"},"headline":"Quem Aumenta o Peso N\u00e3o Caminha Conosco","datePublished":"2026-01-09T05:15:25+00:00","mainEntityOfPage":{"@id":"https:\/\/www.notibras.com\/site\/quem-aumenta-o-peso-nao-caminha-conosco\/"},"wordCount":379,"publisher":{"@id":"https:\/\/www.notibras.com\/site\/#organization"},"image":{"@id":"https:\/\/www.notibras.com\/site\/quem-aumenta-o-peso-nao-caminha-conosco\/#primaryimage"},"thumbnailUrl":"https:\/\/www.notibras.com\/site\/wp-content\/uploads\/2025\/12\/8d489908-b7fd-4c25-aed9-e6043446bde7.jpg","articleSection":["Ponto de Vista"],"inLanguage":"pt-BR"},{"@type":"WebPage","@id":"https:\/\/www.notibras.com\/site\/quem-aumenta-o-peso-nao-caminha-conosco\/","url":"https:\/\/www.notibras.com\/site\/quem-aumenta-o-peso-nao-caminha-conosco\/","name":"Quem Aumenta o Peso N\u00e3o Caminha Conosco - Notibras","isPartOf":{"@id":"https:\/\/www.notibras.com\/site\/#website"},"primaryImageOfPage":{"@id":"https:\/\/www.notibras.com\/site\/quem-aumenta-o-peso-nao-caminha-conosco\/#primaryimage"},"image":{"@id":"https:\/\/www.notibras.com\/site\/quem-aumenta-o-peso-nao-caminha-conosco\/#primaryimage"},"thumbnailUrl":"https:\/\/www.notibras.com\/site\/wp-content\/uploads\/2025\/12\/8d489908-b7fd-4c25-aed9-e6043446bde7.jpg","datePublished":"2026-01-09T05:15:25+00:00","breadcrumb":{"@id":"https:\/\/www.notibras.com\/site\/quem-aumenta-o-peso-nao-caminha-conosco\/#breadcrumb"},"inLanguage":"pt-BR","potentialAction":[{"@type":"ReadAction","target":["https:\/\/www.notibras.com\/site\/quem-aumenta-o-peso-nao-caminha-conosco\/"]}]},{"@type":"ImageObject","inLanguage":"pt-BR","@id":"https:\/\/www.notibras.com\/site\/quem-aumenta-o-peso-nao-caminha-conosco\/#primaryimage","url":"https:\/\/www.notibras.com\/site\/wp-content\/uploads\/2025\/12\/8d489908-b7fd-4c25-aed9-e6043446bde7.jpg","contentUrl":"https:\/\/www.notibras.com\/site\/wp-content\/uploads\/2025\/12\/8d489908-b7fd-4c25-aed9-e6043446bde7.jpg","width":809,"height":968},{"@type":"BreadcrumbList","@id":"https:\/\/www.notibras.com\/site\/quem-aumenta-o-peso-nao-caminha-conosco\/#breadcrumb","itemListElement":[{"@type":"ListItem","position":1,"name":"In\u00edcio","item":"https:\/\/www.notibras.com\/site\/"},{"@type":"ListItem","position":2,"name":"Quem Aumenta o Peso N\u00e3o Caminha Conosco"}]},{"@type":"WebSite","@id":"https:\/\/www.notibras.com\/site\/#website","url":"https:\/\/www.notibras.com\/site\/","name":"Notibras","description":"Not\u00edcias de Bras\u00edlia, do Brasil e do Mundo","publisher":{"@id":"https:\/\/www.notibras.com\/site\/#organization"},"potentialAction":[{"@type":"SearchAction","target":{"@type":"EntryPoint","urlTemplate":"https:\/\/www.notibras.com\/site\/?s={search_term_string}"},"query-input":{"@type":"PropertyValueSpecification","valueRequired":true,"valueName":"search_term_string"}}],"inLanguage":"pt-BR"},{"@type":"Organization","@id":"https:\/\/www.notibras.com\/site\/#organization","name":"Grupo Notibras de Comunica\u00e7\u00e3o","url":"https:\/\/www.notibras.com\/site\/","logo":{"@type":"ImageObject","inLanguage":"pt-BR","@id":"https:\/\/www.notibras.com\/site\/#\/schema\/logo\/image\/","url":"https:\/\/www.notibras.com\/site\/wp-content\/uploads\/2023\/01\/notibras23.png","contentUrl":"https:\/\/www.notibras.com\/site\/wp-content\/uploads\/2023\/01\/notibras23.png","width":350,"height":87,"caption":"Grupo Notibras de Comunica\u00e7\u00e3o"},"image":{"@id":"https:\/\/www.notibras.com\/site\/#\/schema\/logo\/image\/"},"sameAs":["https:\/\/www.facebook.com\/notibras\/","https:\/\/x.com\/Notibras","https:\/\/www.instagram.com\/notibras\/"]},{"@type":"Person","@id":"https:\/\/www.notibras.com\/site\/#\/schema\/person\/5b7fabf2aedc3ada2105f03b22b4d3dd","name":"Eduardo Mart\u00ednez","image":{"@type":"ImageObject","inLanguage":"pt-BR","@id":"https:\/\/secure.gravatar.com\/avatar\/7902f906289926289cbcda644b5197c796b893c6ffd7b9a536a42d290f7704a0?s=96&d=mm&r=g","url":"https:\/\/secure.gravatar.com\/avatar\/7902f906289926289cbcda644b5197c796b893c6ffd7b9a536a42d290f7704a0?s=96&d=mm&r=g","contentUrl":"https:\/\/secure.gravatar.com\/avatar\/7902f906289926289cbcda644b5197c796b893c6ffd7b9a536a42d290f7704a0?s=96&d=mm&r=g","caption":"Eduardo Mart\u00ednez"}}]}},"amp_enabled":true,"_links":{"self":[{"href":"https:\/\/www.notibras.com\/site\/wp-json\/wp\/v2\/posts\/377044","targetHints":{"allow":["GET"]}}],"collection":[{"href":"https:\/\/www.notibras.com\/site\/wp-json\/wp\/v2\/posts"}],"about":[{"href":"https:\/\/www.notibras.com\/site\/wp-json\/wp\/v2\/types\/post"}],"author":[{"embeddable":true,"href":"https:\/\/www.notibras.com\/site\/wp-json\/wp\/v2\/users\/21"}],"replies":[{"embeddable":true,"href":"https:\/\/www.notibras.com\/site\/wp-json\/wp\/v2\/comments?post=377044"}],"version-history":[{"count":2,"href":"https:\/\/www.notibras.com\/site\/wp-json\/wp\/v2\/posts\/377044\/revisions"}],"predecessor-version":[{"id":377047,"href":"https:\/\/www.notibras.com\/site\/wp-json\/wp\/v2\/posts\/377044\/revisions\/377047"}],"wp:featuredmedia":[{"embeddable":true,"href":"https:\/\/www.notibras.com\/site\/wp-json\/wp\/v2\/media\/377045"}],"wp:attachment":[{"href":"https:\/\/www.notibras.com\/site\/wp-json\/wp\/v2\/media?parent=377044"}],"wp:term":[{"taxonomy":"category","embeddable":true,"href":"https:\/\/www.notibras.com\/site\/wp-json\/wp\/v2\/categories?post=377044"},{"taxonomy":"post_tag","embeddable":true,"href":"https:\/\/www.notibras.com\/site\/wp-json\/wp\/v2\/tags?post=377044"}],"curies":[{"name":"wp","href":"https:\/\/api.w.org\/{rel}","templated":true}]}}