{"id":377048,"date":"2026-01-10T02:00:43","date_gmt":"2026-01-10T05:00:43","guid":{"rendered":"https:\/\/www.notibras.com\/site\/?p=377048"},"modified":"2025-12-31T00:46:11","modified_gmt":"2025-12-31T03:46:11","slug":"a-coragem-de-ir-embora-de-quem-amamos","status":"publish","type":"post","link":"https:\/\/www.notibras.com\/site\/a-coragem-de-ir-embora-de-quem-amamos\/","title":{"rendered":"A Coragem de Ir Embora de Quem Amamos"},"content":{"rendered":"<p>Quando nos perguntam qual foi a coisa mais dif\u00edcil que j\u00e1 fizemos, raramente pensamos em gestos heroicos ou conquistas vis\u00edveis. Pensamos em partidas silenciosas. Em decis\u00f5es tomadas com o cora\u00e7\u00e3o em conflito. Pensamos no dia em que fomos embora de algu\u00e9m que am\u00e1vamos a cada batida do nosso peito n\u00e3o por falta de amor, mas por excesso de lucidez.<\/p>\n<p>N\u00f3s aprendemos que amar n\u00e3o \u00e9, necessariamente, permanecer. H\u00e1 amores que n\u00e3o nos salvam, n\u00e3o nos sustentam, n\u00e3o nos acompanham. H\u00e1 v\u00ednculos que, apesar de intensos, nos diminuem. E reconhecer isso exige um tipo espec\u00edfico de coragem: aquela que aceita perder o que se deseja para n\u00e3o perder a si mesma.<\/p>\n<p>Ir embora de quem amamos \u00e9 um luto sem funeral. N\u00e3o h\u00e1 aplausos, n\u00e3o h\u00e1 valida\u00e7\u00e3o social, n\u00e3o h\u00e1 narrativa rom\u00e2ntica que d\u00ea conta do que se passa por dentro. N\u00f3s sa\u00edmos com o corpo inteiro, mas com o afeto em peda\u00e7os. Sa\u00edmos carregando mem\u00f3rias, planos interrompidos, promessas que nunca chegaram a ser quebradas, apenas abandonadas pelo tempo.<\/p>\n<p>N\u00f3s n\u00e3o fomos embora porque deixou de doer. Fomos embora apesar da dor. Porque entendemos que continuar custaria mais caro do que partir. Custaria nossa sa\u00fade emocional, nossa dignidade, nossa capacidade de confiar novamente. H\u00e1 dores que passam; h\u00e1 perman\u00eancias que adoecem.<\/p>\n<p>Essa escolha nos ensinou algo fundamental: amor n\u00e3o \u00e9 prova de resist\u00eancia. N\u00e3o \u00e9 suportar tudo, n\u00e3o \u00e9 insistir at\u00e9 o esgotamento, n\u00e3o \u00e9 aceitar migalhas em nome de sentimentos profundos. Amor tamb\u00e9m \u00e9 saber ir quando ficar exige que nos abandonemos.<\/p>\n<p>Hoje, quando olhamos para tr\u00e1s, n\u00e3o nos orgulhamos da dor nos orgulhamos da escolha. Porque sair de algu\u00e9m que am\u00e1vamos com cada batida do cora\u00e7\u00e3o foi, paradoxalmente, o maior gesto de amor que j\u00e1 fizemos por n\u00f3s mesmas.<\/p>\n<p>E talvez seja isso que a vida nos ensine, aos poucos e sem anestesia: nem toda despedida \u00e9 fracasso.<\/p>\n<p>Algumas s\u00e3o maturidade.<\/p>\n<p>Outras s\u00e3o sobreviv\u00eancia.<\/p>\n<p>E algumas raras e dolorosas s\u00e3o o in\u00edcio de tudo.<\/p>\n<p>N\u00f3s seguimos.<\/p>\n<p>Com cicatrizes, sim. Mas inteiras.<\/p>\n","protected":false},"excerpt":{"rendered":"<p>Quando nos perguntam qual foi a coisa mais dif\u00edcil que j\u00e1 fizemos, raramente pensamos em gestos heroicos ou conquistas vis\u00edveis. Pensamos em partidas silenciosas. Em decis\u00f5es tomadas com o cora\u00e7\u00e3o em conflito. Pensamos no dia em que fomos embora de algu\u00e9m que am\u00e1vamos a cada batida do nosso peito n\u00e3o por falta de amor, mas [&hellip;]<\/p>\n","protected":false},"author":21,"featured_media":377049,"comment_status":"closed","ping_status":"closed","sticky":false,"template":"","format":"standard","meta":{"_acf_changed":false,"footnotes":""},"categories":[236],"tags":[],"class_list":["post-377048","post","type-post","status-publish","format-standard","has-post-thumbnail","hentry","category-ponto-de-vista"],"acf":[],"yoast_head":"<!-- This site is optimized with the Yoast SEO plugin v27.2 - https:\/\/yoast.com\/product\/yoast-seo-wordpress\/ -->\n<title>A Coragem de Ir Embora de Quem Amamos - Notibras<\/title>\n<meta name=\"robots\" content=\"index, follow, max-snippet:-1, max-image-preview:large, max-video-preview:-1\" \/>\n<link rel=\"canonical\" href=\"https:\/\/www.notibras.com\/site\/a-coragem-de-ir-embora-de-quem-amamos\/\" \/>\n<meta property=\"og:locale\" content=\"pt_BR\" \/>\n<meta property=\"og:type\" content=\"article\" \/>\n<meta property=\"og:title\" content=\"A Coragem de Ir Embora de Quem Amamos - Notibras\" \/>\n<meta property=\"og:description\" content=\"Quando nos perguntam qual foi a coisa mais dif\u00edcil que j\u00e1 fizemos, raramente pensamos em gestos heroicos ou conquistas vis\u00edveis. Pensamos em partidas silenciosas. Em decis\u00f5es tomadas com o cora\u00e7\u00e3o em conflito. Pensamos no dia em que fomos embora de algu\u00e9m que am\u00e1vamos a cada batida do nosso peito n\u00e3o por falta de amor, mas [&hellip;]\" \/>\n<meta property=\"og:url\" content=\"https:\/\/www.notibras.com\/site\/a-coragem-de-ir-embora-de-quem-amamos\/\" \/>\n<meta property=\"og:site_name\" content=\"Notibras\" \/>\n<meta property=\"article:publisher\" content=\"https:\/\/www.facebook.com\/notibras\/\" \/>\n<meta property=\"article:published_time\" content=\"2026-01-10T05:00:43+00:00\" \/>\n<meta property=\"og:image\" content=\"https:\/\/www.notibras.com\/site\/wp-content\/uploads\/2025\/12\/4de068d2-7283-42d3-a185-558d3e2a1825.jpg\" \/>\n\t<meta property=\"og:image:width\" content=\"809\" \/>\n\t<meta property=\"og:image:height\" content=\"1021\" \/>\n\t<meta property=\"og:image:type\" content=\"image\/jpeg\" \/>\n<meta name=\"author\" content=\"Eduardo Mart\u00ednez\" \/>\n<meta name=\"twitter:card\" content=\"summary_large_image\" \/>\n<meta name=\"twitter:creator\" content=\"@Notibras\" \/>\n<meta name=\"twitter:site\" content=\"@Notibras\" \/>\n<meta name=\"twitter:label1\" content=\"Escrito por\" \/>\n\t<meta name=\"twitter:data1\" content=\"Eduardo Mart\u00ednez\" \/>\n\t<meta name=\"twitter:label2\" content=\"Est. tempo de leitura\" \/>\n\t<meta name=\"twitter:data2\" content=\"3 minutos\" \/>\n<script type=\"application\/ld+json\" class=\"yoast-schema-graph\">{\"@context\":\"https:\/\/schema.org\",\"@graph\":[{\"@type\":\"Article\",\"@id\":\"https:\/\/www.notibras.com\/site\/a-coragem-de-ir-embora-de-quem-amamos\/#article\",\"isPartOf\":{\"@id\":\"https:\/\/www.notibras.com\/site\/a-coragem-de-ir-embora-de-quem-amamos\/\"},\"author\":{\"name\":\"Eduardo Mart\u00ednez\",\"@id\":\"https:\/\/www.notibras.com\/site\/#\/schema\/person\/5b7fabf2aedc3ada2105f03b22b4d3dd\"},\"headline\":\"A Coragem de Ir Embora de Quem Amamos\",\"datePublished\":\"2026-01-10T05:00:43+00:00\",\"mainEntityOfPage\":{\"@id\":\"https:\/\/www.notibras.com\/site\/a-coragem-de-ir-embora-de-quem-amamos\/\"},\"wordCount\":379,\"publisher\":{\"@id\":\"https:\/\/www.notibras.com\/site\/#organization\"},\"image\":{\"@id\":\"https:\/\/www.notibras.com\/site\/a-coragem-de-ir-embora-de-quem-amamos\/#primaryimage\"},\"thumbnailUrl\":\"https:\/\/www.notibras.com\/site\/wp-content\/uploads\/2025\/12\/4de068d2-7283-42d3-a185-558d3e2a1825.jpg\",\"articleSection\":[\"Ponto de Vista\"],\"inLanguage\":\"pt-BR\"},{\"@type\":\"WebPage\",\"@id\":\"https:\/\/www.notibras.com\/site\/a-coragem-de-ir-embora-de-quem-amamos\/\",\"url\":\"https:\/\/www.notibras.com\/site\/a-coragem-de-ir-embora-de-quem-amamos\/\",\"name\":\"A Coragem de Ir Embora de Quem Amamos - Notibras\",\"isPartOf\":{\"@id\":\"https:\/\/www.notibras.com\/site\/#website\"},\"primaryImageOfPage\":{\"@id\":\"https:\/\/www.notibras.com\/site\/a-coragem-de-ir-embora-de-quem-amamos\/#primaryimage\"},\"image\":{\"@id\":\"https:\/\/www.notibras.com\/site\/a-coragem-de-ir-embora-de-quem-amamos\/#primaryimage\"},\"thumbnailUrl\":\"https:\/\/www.notibras.com\/site\/wp-content\/uploads\/2025\/12\/4de068d2-7283-42d3-a185-558d3e2a1825.jpg\",\"datePublished\":\"2026-01-10T05:00:43+00:00\",\"breadcrumb\":{\"@id\":\"https:\/\/www.notibras.com\/site\/a-coragem-de-ir-embora-de-quem-amamos\/#breadcrumb\"},\"inLanguage\":\"pt-BR\",\"potentialAction\":[{\"@type\":\"ReadAction\",\"target\":[\"https:\/\/www.notibras.com\/site\/a-coragem-de-ir-embora-de-quem-amamos\/\"]}]},{\"@type\":\"ImageObject\",\"inLanguage\":\"pt-BR\",\"@id\":\"https:\/\/www.notibras.com\/site\/a-coragem-de-ir-embora-de-quem-amamos\/#primaryimage\",\"url\":\"https:\/\/www.notibras.com\/site\/wp-content\/uploads\/2025\/12\/4de068d2-7283-42d3-a185-558d3e2a1825.jpg\",\"contentUrl\":\"https:\/\/www.notibras.com\/site\/wp-content\/uploads\/2025\/12\/4de068d2-7283-42d3-a185-558d3e2a1825.jpg\",\"width\":809,\"height\":1021},{\"@type\":\"BreadcrumbList\",\"@id\":\"https:\/\/www.notibras.com\/site\/a-coragem-de-ir-embora-de-quem-amamos\/#breadcrumb\",\"itemListElement\":[{\"@type\":\"ListItem\",\"position\":1,\"name\":\"In\u00edcio\",\"item\":\"https:\/\/www.notibras.com\/site\/\"},{\"@type\":\"ListItem\",\"position\":2,\"name\":\"A Coragem de Ir Embora de Quem Amamos\"}]},{\"@type\":\"WebSite\",\"@id\":\"https:\/\/www.notibras.com\/site\/#website\",\"url\":\"https:\/\/www.notibras.com\/site\/\",\"name\":\"Notibras\",\"description\":\"Not\u00edcias de Bras\u00edlia, do Brasil e do Mundo\",\"publisher\":{\"@id\":\"https:\/\/www.notibras.com\/site\/#organization\"},\"potentialAction\":[{\"@type\":\"SearchAction\",\"target\":{\"@type\":\"EntryPoint\",\"urlTemplate\":\"https:\/\/www.notibras.com\/site\/?s={search_term_string}\"},\"query-input\":{\"@type\":\"PropertyValueSpecification\",\"valueRequired\":true,\"valueName\":\"search_term_string\"}}],\"inLanguage\":\"pt-BR\"},{\"@type\":\"Organization\",\"@id\":\"https:\/\/www.notibras.com\/site\/#organization\",\"name\":\"Grupo Notibras de Comunica\u00e7\u00e3o\",\"url\":\"https:\/\/www.notibras.com\/site\/\",\"logo\":{\"@type\":\"ImageObject\",\"inLanguage\":\"pt-BR\",\"@id\":\"https:\/\/www.notibras.com\/site\/#\/schema\/logo\/image\/\",\"url\":\"https:\/\/www.notibras.com\/site\/wp-content\/uploads\/2023\/01\/notibras23.png\",\"contentUrl\":\"https:\/\/www.notibras.com\/site\/wp-content\/uploads\/2023\/01\/notibras23.png\",\"width\":350,\"height\":87,\"caption\":\"Grupo Notibras de Comunica\u00e7\u00e3o\"},\"image\":{\"@id\":\"https:\/\/www.notibras.com\/site\/#\/schema\/logo\/image\/\"},\"sameAs\":[\"https:\/\/www.facebook.com\/notibras\/\",\"https:\/\/x.com\/Notibras\",\"https:\/\/www.instagram.com\/notibras\/\"]},{\"@type\":\"Person\",\"@id\":\"https:\/\/www.notibras.com\/site\/#\/schema\/person\/5b7fabf2aedc3ada2105f03b22b4d3dd\",\"name\":\"Eduardo Mart\u00ednez\",\"image\":{\"@type\":\"ImageObject\",\"inLanguage\":\"pt-BR\",\"@id\":\"https:\/\/secure.gravatar.com\/avatar\/7902f906289926289cbcda644b5197c796b893c6ffd7b9a536a42d290f7704a0?s=96&d=mm&r=g\",\"url\":\"https:\/\/secure.gravatar.com\/avatar\/7902f906289926289cbcda644b5197c796b893c6ffd7b9a536a42d290f7704a0?s=96&d=mm&r=g\",\"contentUrl\":\"https:\/\/secure.gravatar.com\/avatar\/7902f906289926289cbcda644b5197c796b893c6ffd7b9a536a42d290f7704a0?s=96&d=mm&r=g\",\"caption\":\"Eduardo Mart\u00ednez\"}}]}<\/script>\n<!-- \/ Yoast SEO plugin. -->","yoast_head_json":{"title":"A Coragem de Ir Embora de Quem Amamos - Notibras","robots":{"index":"index","follow":"follow","max-snippet":"max-snippet:-1","max-image-preview":"max-image-preview:large","max-video-preview":"max-video-preview:-1"},"canonical":"https:\/\/www.notibras.com\/site\/a-coragem-de-ir-embora-de-quem-amamos\/","og_locale":"pt_BR","og_type":"article","og_title":"A Coragem de Ir Embora de Quem Amamos - Notibras","og_description":"Quando nos perguntam qual foi a coisa mais dif\u00edcil que j\u00e1 fizemos, raramente pensamos em gestos heroicos ou conquistas vis\u00edveis. Pensamos em partidas silenciosas. Em decis\u00f5es tomadas com o cora\u00e7\u00e3o em conflito. Pensamos no dia em que fomos embora de algu\u00e9m que am\u00e1vamos a cada batida do nosso peito n\u00e3o por falta de amor, mas [&hellip;]","og_url":"https:\/\/www.notibras.com\/site\/a-coragem-de-ir-embora-de-quem-amamos\/","og_site_name":"Notibras","article_publisher":"https:\/\/www.facebook.com\/notibras\/","article_published_time":"2026-01-10T05:00:43+00:00","og_image":[{"width":809,"height":1021,"url":"https:\/\/www.notibras.com\/site\/wp-content\/uploads\/2025\/12\/4de068d2-7283-42d3-a185-558d3e2a1825.jpg","type":"image\/jpeg"}],"author":"Eduardo Mart\u00ednez","twitter_card":"summary_large_image","twitter_creator":"@Notibras","twitter_site":"@Notibras","twitter_misc":{"Escrito por":"Eduardo Mart\u00ednez","Est. tempo de leitura":"3 minutos"},"schema":{"@context":"https:\/\/schema.org","@graph":[{"@type":"Article","@id":"https:\/\/www.notibras.com\/site\/a-coragem-de-ir-embora-de-quem-amamos\/#article","isPartOf":{"@id":"https:\/\/www.notibras.com\/site\/a-coragem-de-ir-embora-de-quem-amamos\/"},"author":{"name":"Eduardo Mart\u00ednez","@id":"https:\/\/www.notibras.com\/site\/#\/schema\/person\/5b7fabf2aedc3ada2105f03b22b4d3dd"},"headline":"A Coragem de Ir Embora de Quem Amamos","datePublished":"2026-01-10T05:00:43+00:00","mainEntityOfPage":{"@id":"https:\/\/www.notibras.com\/site\/a-coragem-de-ir-embora-de-quem-amamos\/"},"wordCount":379,"publisher":{"@id":"https:\/\/www.notibras.com\/site\/#organization"},"image":{"@id":"https:\/\/www.notibras.com\/site\/a-coragem-de-ir-embora-de-quem-amamos\/#primaryimage"},"thumbnailUrl":"https:\/\/www.notibras.com\/site\/wp-content\/uploads\/2025\/12\/4de068d2-7283-42d3-a185-558d3e2a1825.jpg","articleSection":["Ponto de Vista"],"inLanguage":"pt-BR"},{"@type":"WebPage","@id":"https:\/\/www.notibras.com\/site\/a-coragem-de-ir-embora-de-quem-amamos\/","url":"https:\/\/www.notibras.com\/site\/a-coragem-de-ir-embora-de-quem-amamos\/","name":"A Coragem de Ir Embora de Quem Amamos - Notibras","isPartOf":{"@id":"https:\/\/www.notibras.com\/site\/#website"},"primaryImageOfPage":{"@id":"https:\/\/www.notibras.com\/site\/a-coragem-de-ir-embora-de-quem-amamos\/#primaryimage"},"image":{"@id":"https:\/\/www.notibras.com\/site\/a-coragem-de-ir-embora-de-quem-amamos\/#primaryimage"},"thumbnailUrl":"https:\/\/www.notibras.com\/site\/wp-content\/uploads\/2025\/12\/4de068d2-7283-42d3-a185-558d3e2a1825.jpg","datePublished":"2026-01-10T05:00:43+00:00","breadcrumb":{"@id":"https:\/\/www.notibras.com\/site\/a-coragem-de-ir-embora-de-quem-amamos\/#breadcrumb"},"inLanguage":"pt-BR","potentialAction":[{"@type":"ReadAction","target":["https:\/\/www.notibras.com\/site\/a-coragem-de-ir-embora-de-quem-amamos\/"]}]},{"@type":"ImageObject","inLanguage":"pt-BR","@id":"https:\/\/www.notibras.com\/site\/a-coragem-de-ir-embora-de-quem-amamos\/#primaryimage","url":"https:\/\/www.notibras.com\/site\/wp-content\/uploads\/2025\/12\/4de068d2-7283-42d3-a185-558d3e2a1825.jpg","contentUrl":"https:\/\/www.notibras.com\/site\/wp-content\/uploads\/2025\/12\/4de068d2-7283-42d3-a185-558d3e2a1825.jpg","width":809,"height":1021},{"@type":"BreadcrumbList","@id":"https:\/\/www.notibras.com\/site\/a-coragem-de-ir-embora-de-quem-amamos\/#breadcrumb","itemListElement":[{"@type":"ListItem","position":1,"name":"In\u00edcio","item":"https:\/\/www.notibras.com\/site\/"},{"@type":"ListItem","position":2,"name":"A Coragem de Ir Embora de Quem Amamos"}]},{"@type":"WebSite","@id":"https:\/\/www.notibras.com\/site\/#website","url":"https:\/\/www.notibras.com\/site\/","name":"Notibras","description":"Not\u00edcias de Bras\u00edlia, do Brasil e do Mundo","publisher":{"@id":"https:\/\/www.notibras.com\/site\/#organization"},"potentialAction":[{"@type":"SearchAction","target":{"@type":"EntryPoint","urlTemplate":"https:\/\/www.notibras.com\/site\/?s={search_term_string}"},"query-input":{"@type":"PropertyValueSpecification","valueRequired":true,"valueName":"search_term_string"}}],"inLanguage":"pt-BR"},{"@type":"Organization","@id":"https:\/\/www.notibras.com\/site\/#organization","name":"Grupo Notibras de Comunica\u00e7\u00e3o","url":"https:\/\/www.notibras.com\/site\/","logo":{"@type":"ImageObject","inLanguage":"pt-BR","@id":"https:\/\/www.notibras.com\/site\/#\/schema\/logo\/image\/","url":"https:\/\/www.notibras.com\/site\/wp-content\/uploads\/2023\/01\/notibras23.png","contentUrl":"https:\/\/www.notibras.com\/site\/wp-content\/uploads\/2023\/01\/notibras23.png","width":350,"height":87,"caption":"Grupo Notibras de Comunica\u00e7\u00e3o"},"image":{"@id":"https:\/\/www.notibras.com\/site\/#\/schema\/logo\/image\/"},"sameAs":["https:\/\/www.facebook.com\/notibras\/","https:\/\/x.com\/Notibras","https:\/\/www.instagram.com\/notibras\/"]},{"@type":"Person","@id":"https:\/\/www.notibras.com\/site\/#\/schema\/person\/5b7fabf2aedc3ada2105f03b22b4d3dd","name":"Eduardo Mart\u00ednez","image":{"@type":"ImageObject","inLanguage":"pt-BR","@id":"https:\/\/secure.gravatar.com\/avatar\/7902f906289926289cbcda644b5197c796b893c6ffd7b9a536a42d290f7704a0?s=96&d=mm&r=g","url":"https:\/\/secure.gravatar.com\/avatar\/7902f906289926289cbcda644b5197c796b893c6ffd7b9a536a42d290f7704a0?s=96&d=mm&r=g","contentUrl":"https:\/\/secure.gravatar.com\/avatar\/7902f906289926289cbcda644b5197c796b893c6ffd7b9a536a42d290f7704a0?s=96&d=mm&r=g","caption":"Eduardo Mart\u00ednez"}}]}},"amp_enabled":true,"_links":{"self":[{"href":"https:\/\/www.notibras.com\/site\/wp-json\/wp\/v2\/posts\/377048","targetHints":{"allow":["GET"]}}],"collection":[{"href":"https:\/\/www.notibras.com\/site\/wp-json\/wp\/v2\/posts"}],"about":[{"href":"https:\/\/www.notibras.com\/site\/wp-json\/wp\/v2\/types\/post"}],"author":[{"embeddable":true,"href":"https:\/\/www.notibras.com\/site\/wp-json\/wp\/v2\/users\/21"}],"replies":[{"embeddable":true,"href":"https:\/\/www.notibras.com\/site\/wp-json\/wp\/v2\/comments?post=377048"}],"version-history":[{"count":2,"href":"https:\/\/www.notibras.com\/site\/wp-json\/wp\/v2\/posts\/377048\/revisions"}],"predecessor-version":[{"id":377051,"href":"https:\/\/www.notibras.com\/site\/wp-json\/wp\/v2\/posts\/377048\/revisions\/377051"}],"wp:featuredmedia":[{"embeddable":true,"href":"https:\/\/www.notibras.com\/site\/wp-json\/wp\/v2\/media\/377049"}],"wp:attachment":[{"href":"https:\/\/www.notibras.com\/site\/wp-json\/wp\/v2\/media?parent=377048"}],"wp:term":[{"taxonomy":"category","embeddable":true,"href":"https:\/\/www.notibras.com\/site\/wp-json\/wp\/v2\/categories?post=377048"},{"taxonomy":"post_tag","embeddable":true,"href":"https:\/\/www.notibras.com\/site\/wp-json\/wp\/v2\/tags?post=377048"}],"curies":[{"name":"wp","href":"https:\/\/api.w.org\/{rel}","templated":true}]}}