{"id":377068,"date":"2026-01-12T02:00:28","date_gmt":"2026-01-12T05:00:28","guid":{"rendered":"https:\/\/www.notibras.com\/site\/?p=377068"},"modified":"2026-01-12T06:31:12","modified_gmt":"2026-01-12T09:31:12","slug":"nao-morremos-por-acaso","status":"publish","type":"post","link":"https:\/\/www.notibras.com\/site\/nao-morremos-por-acaso\/","title":{"rendered":"N\u00e3o Morremos por Acaso"},"content":{"rendered":"<p>\u00c9 dif\u00edcil ser mulher e n\u00e3o falamos isso no sentido \u00edntimo, biol\u00f3gico ou dom\u00e9stico, como tantas vezes tentam reduzir. N\u00e3o falamos apenas de horm\u00f4nios, de menstrua\u00e7\u00e3o, de dupla jornada, de cansa\u00e7o acumulado. Falamos de viver. Porque, para n\u00f3s, viver nunca foi um gesto neutro.<\/p>\n<p>N\u00f3s morremos por sermos mulheres.<\/p>\n<p>Morremos porque ousamos existir fora do lugar que nos foi designado.<\/p>\n<p>Morremos porque queremos viver com liberdade, desejo, autonomia e voz.<\/p>\n<p>Quando dizem que exageramos, quando tentam suavizar os n\u00fameros, quando transformam nossas mortes em estat\u00edstica ou em narrativa moral, ignoram o essencial: n\u00f3s n\u00e3o morremos por imprud\u00eancia, nem por escolha errada, nem por ideologia. N\u00f3s morremos porque a liberdade feminina ainda \u00e9 percebida como afronta.<\/p>\n<p>Angela Diniz n\u00e3o morreu por amar demais morreu por n\u00e3o aceitar ser propriedade.<\/p>\n<p>Tantas outras, com nomes conhecidos ou an\u00f4nimos, n\u00e3o morreram por erro individual, morreram porque ser mulher, em muitos contextos, ainda \u00e9 viver sob amea\u00e7a constante.<\/p>\n<p>E n\u00e3o, n\u00e3o \u00e9 o feminismo que mata.<\/p>\n<p>O feminismo \u00e9 resposta.<\/p>\n<p>\u00c9 tentativa de sobreviv\u00eancia.<\/p>\n<p>\u00c9 nomea\u00e7\u00e3o do problema que insistem em esconder.<\/p>\n<p>N\u00f3s n\u00e3o combinamos de morrer. Nunca foi esse o pacto.<\/p>\n<p>N\u00f3s combinamos de viver.<\/p>\n<p>De estudar, de amar, de trabalhar, de errar, de recome\u00e7ar.<\/p>\n<p>Mas enquanto isso, h\u00e1 quem tenha feito outro acordo silencioso, estrutural, hist\u00f3rico o pacto de nos eliminar quando escapamos do controle.<\/p>\n<p>Resistimos. Todos os dias.<\/p>\n<p>Resistimos quando sa\u00edmos de casa.<\/p>\n<p>Quando voltamos sozinhas.<\/p>\n<p>Quando dizemos n\u00e3o.<\/p>\n<p>Quando escolhemos ir embora.<\/p>\n<p>Quando escolhemos ficar.<\/p>\n<p>Quando escolhemos ser.<\/p>\n<p>Mas est\u00e1 dif\u00edcil.<\/p>\n<p>Dif\u00edcil demais carregar o luto coletivo enquanto seguimos funcionando.<\/p>\n<p>Dif\u00edcil ter que explicar, o tempo todo, que n\u00e3o queremos privil\u00e9gio, queremos continuar vivas.<\/p>\n<p>Dif\u00edcil transformar dor em luta sem que isso nos custe a pr\u00f3pria sa\u00fade.<\/p>\n<p>Ainda assim, seguimos.<\/p>\n<p>Porque nossa exist\u00eancia j\u00e1 \u00e9 um gesto pol\u00edtico.<\/p>\n<p>Porque cada mulher viva \u00e9 uma interrup\u00e7\u00e3o nesse pacto de morte.<\/p>\n<p>Porque enquanto estivermos aqui, falando, escrevendo, nomeando, lembrando, eles n\u00e3o vencem completamente.<\/p>\n<p>N\u00f3s n\u00e3o pedimos licen\u00e7a para existir.<\/p>\n<p>E n\u00e3o pedimos desculpas por querer viver.<\/p>\n<p>N\u00f3s seguimos cansadas, sim.<\/p>\n<p>Mas juntas.<\/p>\n","protected":false},"excerpt":{"rendered":"<p>\u00c9 dif\u00edcil ser mulher e n\u00e3o falamos isso no sentido \u00edntimo, biol\u00f3gico ou dom\u00e9stico, como tantas vezes tentam reduzir. N\u00e3o falamos apenas de horm\u00f4nios, de menstrua\u00e7\u00e3o, de dupla jornada, de cansa\u00e7o acumulado. Falamos de viver. Porque, para n\u00f3s, viver nunca foi um gesto neutro. N\u00f3s morremos por sermos mulheres. Morremos porque ousamos existir fora do [&hellip;]<\/p>\n","protected":false},"author":21,"featured_media":377069,"comment_status":"closed","ping_status":"closed","sticky":false,"template":"","format":"standard","meta":{"_acf_changed":false,"footnotes":""},"categories":[236],"tags":[],"class_list":["post-377068","post","type-post","status-publish","format-standard","has-post-thumbnail","hentry","category-ponto-de-vista"],"acf":[],"yoast_head":"<!-- This site is optimized with the Yoast SEO plugin v27.2 - https:\/\/yoast.com\/product\/yoast-seo-wordpress\/ -->\n<title>N\u00e3o Morremos por Acaso - Notibras<\/title>\n<meta name=\"robots\" content=\"index, follow, max-snippet:-1, max-image-preview:large, max-video-preview:-1\" \/>\n<link rel=\"canonical\" href=\"https:\/\/www.notibras.com\/site\/nao-morremos-por-acaso\/\" \/>\n<meta property=\"og:locale\" content=\"pt_BR\" \/>\n<meta property=\"og:type\" content=\"article\" \/>\n<meta property=\"og:title\" content=\"N\u00e3o Morremos por Acaso - Notibras\" \/>\n<meta property=\"og:description\" content=\"\u00c9 dif\u00edcil ser mulher e n\u00e3o falamos isso no sentido \u00edntimo, biol\u00f3gico ou dom\u00e9stico, como tantas vezes tentam reduzir. N\u00e3o falamos apenas de horm\u00f4nios, de menstrua\u00e7\u00e3o, de dupla jornada, de cansa\u00e7o acumulado. Falamos de viver. Porque, para n\u00f3s, viver nunca foi um gesto neutro. N\u00f3s morremos por sermos mulheres. Morremos porque ousamos existir fora do [&hellip;]\" \/>\n<meta property=\"og:url\" content=\"https:\/\/www.notibras.com\/site\/nao-morremos-por-acaso\/\" \/>\n<meta property=\"og:site_name\" content=\"Notibras\" \/>\n<meta property=\"article:publisher\" content=\"https:\/\/www.facebook.com\/notibras\/\" \/>\n<meta property=\"article:published_time\" content=\"2026-01-12T05:00:28+00:00\" \/>\n<meta property=\"article:modified_time\" content=\"2026-01-12T09:31:12+00:00\" \/>\n<meta property=\"og:image\" content=\"https:\/\/www.notibras.com\/site\/wp-content\/uploads\/2025\/12\/IMG_9940.jpg\" \/>\n\t<meta property=\"og:image:width\" content=\"1023\" \/>\n\t<meta property=\"og:image:height\" content=\"927\" \/>\n\t<meta property=\"og:image:type\" content=\"image\/jpeg\" \/>\n<meta name=\"author\" content=\"Eduardo Mart\u00ednez\" \/>\n<meta name=\"twitter:card\" content=\"summary_large_image\" \/>\n<meta name=\"twitter:creator\" content=\"@Notibras\" \/>\n<meta name=\"twitter:site\" content=\"@Notibras\" \/>\n<meta name=\"twitter:label1\" content=\"Escrito por\" \/>\n\t<meta name=\"twitter:data1\" content=\"Eduardo Mart\u00ednez\" \/>\n\t<meta name=\"twitter:label2\" content=\"Est. tempo de leitura\" \/>\n\t<meta name=\"twitter:data2\" content=\"3 minutos\" \/>\n<script type=\"application\/ld+json\" class=\"yoast-schema-graph\">{\"@context\":\"https:\/\/schema.org\",\"@graph\":[{\"@type\":\"Article\",\"@id\":\"https:\/\/www.notibras.com\/site\/nao-morremos-por-acaso\/#article\",\"isPartOf\":{\"@id\":\"https:\/\/www.notibras.com\/site\/nao-morremos-por-acaso\/\"},\"author\":{\"name\":\"Eduardo Mart\u00ednez\",\"@id\":\"https:\/\/www.notibras.com\/site\/#\/schema\/person\/5b7fabf2aedc3ada2105f03b22b4d3dd\"},\"headline\":\"N\u00e3o Morremos por Acaso\",\"datePublished\":\"2026-01-12T05:00:28+00:00\",\"dateModified\":\"2026-01-12T09:31:12+00:00\",\"mainEntityOfPage\":{\"@id\":\"https:\/\/www.notibras.com\/site\/nao-morremos-por-acaso\/\"},\"wordCount\":384,\"publisher\":{\"@id\":\"https:\/\/www.notibras.com\/site\/#organization\"},\"image\":{\"@id\":\"https:\/\/www.notibras.com\/site\/nao-morremos-por-acaso\/#primaryimage\"},\"thumbnailUrl\":\"https:\/\/www.notibras.com\/site\/wp-content\/uploads\/2025\/12\/IMG_9940.jpg\",\"articleSection\":[\"Ponto de Vista\"],\"inLanguage\":\"pt-BR\"},{\"@type\":\"WebPage\",\"@id\":\"https:\/\/www.notibras.com\/site\/nao-morremos-por-acaso\/\",\"url\":\"https:\/\/www.notibras.com\/site\/nao-morremos-por-acaso\/\",\"name\":\"N\u00e3o Morremos por Acaso - Notibras\",\"isPartOf\":{\"@id\":\"https:\/\/www.notibras.com\/site\/#website\"},\"primaryImageOfPage\":{\"@id\":\"https:\/\/www.notibras.com\/site\/nao-morremos-por-acaso\/#primaryimage\"},\"image\":{\"@id\":\"https:\/\/www.notibras.com\/site\/nao-morremos-por-acaso\/#primaryimage\"},\"thumbnailUrl\":\"https:\/\/www.notibras.com\/site\/wp-content\/uploads\/2025\/12\/IMG_9940.jpg\",\"datePublished\":\"2026-01-12T05:00:28+00:00\",\"dateModified\":\"2026-01-12T09:31:12+00:00\",\"breadcrumb\":{\"@id\":\"https:\/\/www.notibras.com\/site\/nao-morremos-por-acaso\/#breadcrumb\"},\"inLanguage\":\"pt-BR\",\"potentialAction\":[{\"@type\":\"ReadAction\",\"target\":[\"https:\/\/www.notibras.com\/site\/nao-morremos-por-acaso\/\"]}]},{\"@type\":\"ImageObject\",\"inLanguage\":\"pt-BR\",\"@id\":\"https:\/\/www.notibras.com\/site\/nao-morremos-por-acaso\/#primaryimage\",\"url\":\"https:\/\/www.notibras.com\/site\/wp-content\/uploads\/2025\/12\/IMG_9940.jpg\",\"contentUrl\":\"https:\/\/www.notibras.com\/site\/wp-content\/uploads\/2025\/12\/IMG_9940.jpg\",\"width\":1023,\"height\":927},{\"@type\":\"BreadcrumbList\",\"@id\":\"https:\/\/www.notibras.com\/site\/nao-morremos-por-acaso\/#breadcrumb\",\"itemListElement\":[{\"@type\":\"ListItem\",\"position\":1,\"name\":\"In\u00edcio\",\"item\":\"https:\/\/www.notibras.com\/site\/\"},{\"@type\":\"ListItem\",\"position\":2,\"name\":\"N\u00e3o Morremos por Acaso\"}]},{\"@type\":\"WebSite\",\"@id\":\"https:\/\/www.notibras.com\/site\/#website\",\"url\":\"https:\/\/www.notibras.com\/site\/\",\"name\":\"Notibras\",\"description\":\"Not\u00edcias de Bras\u00edlia, do Brasil e do Mundo\",\"publisher\":{\"@id\":\"https:\/\/www.notibras.com\/site\/#organization\"},\"potentialAction\":[{\"@type\":\"SearchAction\",\"target\":{\"@type\":\"EntryPoint\",\"urlTemplate\":\"https:\/\/www.notibras.com\/site\/?s={search_term_string}\"},\"query-input\":{\"@type\":\"PropertyValueSpecification\",\"valueRequired\":true,\"valueName\":\"search_term_string\"}}],\"inLanguage\":\"pt-BR\"},{\"@type\":\"Organization\",\"@id\":\"https:\/\/www.notibras.com\/site\/#organization\",\"name\":\"Grupo Notibras de Comunica\u00e7\u00e3o\",\"url\":\"https:\/\/www.notibras.com\/site\/\",\"logo\":{\"@type\":\"ImageObject\",\"inLanguage\":\"pt-BR\",\"@id\":\"https:\/\/www.notibras.com\/site\/#\/schema\/logo\/image\/\",\"url\":\"https:\/\/www.notibras.com\/site\/wp-content\/uploads\/2023\/01\/notibras23.png\",\"contentUrl\":\"https:\/\/www.notibras.com\/site\/wp-content\/uploads\/2023\/01\/notibras23.png\",\"width\":350,\"height\":87,\"caption\":\"Grupo Notibras de Comunica\u00e7\u00e3o\"},\"image\":{\"@id\":\"https:\/\/www.notibras.com\/site\/#\/schema\/logo\/image\/\"},\"sameAs\":[\"https:\/\/www.facebook.com\/notibras\/\",\"https:\/\/x.com\/Notibras\",\"https:\/\/www.instagram.com\/notibras\/\"]},{\"@type\":\"Person\",\"@id\":\"https:\/\/www.notibras.com\/site\/#\/schema\/person\/5b7fabf2aedc3ada2105f03b22b4d3dd\",\"name\":\"Eduardo Mart\u00ednez\",\"image\":{\"@type\":\"ImageObject\",\"inLanguage\":\"pt-BR\",\"@id\":\"https:\/\/secure.gravatar.com\/avatar\/7902f906289926289cbcda644b5197c796b893c6ffd7b9a536a42d290f7704a0?s=96&d=mm&r=g\",\"url\":\"https:\/\/secure.gravatar.com\/avatar\/7902f906289926289cbcda644b5197c796b893c6ffd7b9a536a42d290f7704a0?s=96&d=mm&r=g\",\"contentUrl\":\"https:\/\/secure.gravatar.com\/avatar\/7902f906289926289cbcda644b5197c796b893c6ffd7b9a536a42d290f7704a0?s=96&d=mm&r=g\",\"caption\":\"Eduardo Mart\u00ednez\"}}]}<\/script>\n<!-- \/ Yoast SEO plugin. -->","yoast_head_json":{"title":"N\u00e3o Morremos por Acaso - Notibras","robots":{"index":"index","follow":"follow","max-snippet":"max-snippet:-1","max-image-preview":"max-image-preview:large","max-video-preview":"max-video-preview:-1"},"canonical":"https:\/\/www.notibras.com\/site\/nao-morremos-por-acaso\/","og_locale":"pt_BR","og_type":"article","og_title":"N\u00e3o Morremos por Acaso - Notibras","og_description":"\u00c9 dif\u00edcil ser mulher e n\u00e3o falamos isso no sentido \u00edntimo, biol\u00f3gico ou dom\u00e9stico, como tantas vezes tentam reduzir. N\u00e3o falamos apenas de horm\u00f4nios, de menstrua\u00e7\u00e3o, de dupla jornada, de cansa\u00e7o acumulado. Falamos de viver. Porque, para n\u00f3s, viver nunca foi um gesto neutro. N\u00f3s morremos por sermos mulheres. Morremos porque ousamos existir fora do [&hellip;]","og_url":"https:\/\/www.notibras.com\/site\/nao-morremos-por-acaso\/","og_site_name":"Notibras","article_publisher":"https:\/\/www.facebook.com\/notibras\/","article_published_time":"2026-01-12T05:00:28+00:00","article_modified_time":"2026-01-12T09:31:12+00:00","og_image":[{"width":1023,"height":927,"url":"https:\/\/www.notibras.com\/site\/wp-content\/uploads\/2025\/12\/IMG_9940.jpg","type":"image\/jpeg"}],"author":"Eduardo Mart\u00ednez","twitter_card":"summary_large_image","twitter_creator":"@Notibras","twitter_site":"@Notibras","twitter_misc":{"Escrito por":"Eduardo Mart\u00ednez","Est. tempo de leitura":"3 minutos"},"schema":{"@context":"https:\/\/schema.org","@graph":[{"@type":"Article","@id":"https:\/\/www.notibras.com\/site\/nao-morremos-por-acaso\/#article","isPartOf":{"@id":"https:\/\/www.notibras.com\/site\/nao-morremos-por-acaso\/"},"author":{"name":"Eduardo Mart\u00ednez","@id":"https:\/\/www.notibras.com\/site\/#\/schema\/person\/5b7fabf2aedc3ada2105f03b22b4d3dd"},"headline":"N\u00e3o Morremos por Acaso","datePublished":"2026-01-12T05:00:28+00:00","dateModified":"2026-01-12T09:31:12+00:00","mainEntityOfPage":{"@id":"https:\/\/www.notibras.com\/site\/nao-morremos-por-acaso\/"},"wordCount":384,"publisher":{"@id":"https:\/\/www.notibras.com\/site\/#organization"},"image":{"@id":"https:\/\/www.notibras.com\/site\/nao-morremos-por-acaso\/#primaryimage"},"thumbnailUrl":"https:\/\/www.notibras.com\/site\/wp-content\/uploads\/2025\/12\/IMG_9940.jpg","articleSection":["Ponto de Vista"],"inLanguage":"pt-BR"},{"@type":"WebPage","@id":"https:\/\/www.notibras.com\/site\/nao-morremos-por-acaso\/","url":"https:\/\/www.notibras.com\/site\/nao-morremos-por-acaso\/","name":"N\u00e3o Morremos por Acaso - Notibras","isPartOf":{"@id":"https:\/\/www.notibras.com\/site\/#website"},"primaryImageOfPage":{"@id":"https:\/\/www.notibras.com\/site\/nao-morremos-por-acaso\/#primaryimage"},"image":{"@id":"https:\/\/www.notibras.com\/site\/nao-morremos-por-acaso\/#primaryimage"},"thumbnailUrl":"https:\/\/www.notibras.com\/site\/wp-content\/uploads\/2025\/12\/IMG_9940.jpg","datePublished":"2026-01-12T05:00:28+00:00","dateModified":"2026-01-12T09:31:12+00:00","breadcrumb":{"@id":"https:\/\/www.notibras.com\/site\/nao-morremos-por-acaso\/#breadcrumb"},"inLanguage":"pt-BR","potentialAction":[{"@type":"ReadAction","target":["https:\/\/www.notibras.com\/site\/nao-morremos-por-acaso\/"]}]},{"@type":"ImageObject","inLanguage":"pt-BR","@id":"https:\/\/www.notibras.com\/site\/nao-morremos-por-acaso\/#primaryimage","url":"https:\/\/www.notibras.com\/site\/wp-content\/uploads\/2025\/12\/IMG_9940.jpg","contentUrl":"https:\/\/www.notibras.com\/site\/wp-content\/uploads\/2025\/12\/IMG_9940.jpg","width":1023,"height":927},{"@type":"BreadcrumbList","@id":"https:\/\/www.notibras.com\/site\/nao-morremos-por-acaso\/#breadcrumb","itemListElement":[{"@type":"ListItem","position":1,"name":"In\u00edcio","item":"https:\/\/www.notibras.com\/site\/"},{"@type":"ListItem","position":2,"name":"N\u00e3o Morremos por Acaso"}]},{"@type":"WebSite","@id":"https:\/\/www.notibras.com\/site\/#website","url":"https:\/\/www.notibras.com\/site\/","name":"Notibras","description":"Not\u00edcias de Bras\u00edlia, do Brasil e do Mundo","publisher":{"@id":"https:\/\/www.notibras.com\/site\/#organization"},"potentialAction":[{"@type":"SearchAction","target":{"@type":"EntryPoint","urlTemplate":"https:\/\/www.notibras.com\/site\/?s={search_term_string}"},"query-input":{"@type":"PropertyValueSpecification","valueRequired":true,"valueName":"search_term_string"}}],"inLanguage":"pt-BR"},{"@type":"Organization","@id":"https:\/\/www.notibras.com\/site\/#organization","name":"Grupo Notibras de Comunica\u00e7\u00e3o","url":"https:\/\/www.notibras.com\/site\/","logo":{"@type":"ImageObject","inLanguage":"pt-BR","@id":"https:\/\/www.notibras.com\/site\/#\/schema\/logo\/image\/","url":"https:\/\/www.notibras.com\/site\/wp-content\/uploads\/2023\/01\/notibras23.png","contentUrl":"https:\/\/www.notibras.com\/site\/wp-content\/uploads\/2023\/01\/notibras23.png","width":350,"height":87,"caption":"Grupo Notibras de Comunica\u00e7\u00e3o"},"image":{"@id":"https:\/\/www.notibras.com\/site\/#\/schema\/logo\/image\/"},"sameAs":["https:\/\/www.facebook.com\/notibras\/","https:\/\/x.com\/Notibras","https:\/\/www.instagram.com\/notibras\/"]},{"@type":"Person","@id":"https:\/\/www.notibras.com\/site\/#\/schema\/person\/5b7fabf2aedc3ada2105f03b22b4d3dd","name":"Eduardo Mart\u00ednez","image":{"@type":"ImageObject","inLanguage":"pt-BR","@id":"https:\/\/secure.gravatar.com\/avatar\/7902f906289926289cbcda644b5197c796b893c6ffd7b9a536a42d290f7704a0?s=96&d=mm&r=g","url":"https:\/\/secure.gravatar.com\/avatar\/7902f906289926289cbcda644b5197c796b893c6ffd7b9a536a42d290f7704a0?s=96&d=mm&r=g","contentUrl":"https:\/\/secure.gravatar.com\/avatar\/7902f906289926289cbcda644b5197c796b893c6ffd7b9a536a42d290f7704a0?s=96&d=mm&r=g","caption":"Eduardo Mart\u00ednez"}}]}},"amp_enabled":true,"_links":{"self":[{"href":"https:\/\/www.notibras.com\/site\/wp-json\/wp\/v2\/posts\/377068","targetHints":{"allow":["GET"]}}],"collection":[{"href":"https:\/\/www.notibras.com\/site\/wp-json\/wp\/v2\/posts"}],"about":[{"href":"https:\/\/www.notibras.com\/site\/wp-json\/wp\/v2\/types\/post"}],"author":[{"embeddable":true,"href":"https:\/\/www.notibras.com\/site\/wp-json\/wp\/v2\/users\/21"}],"replies":[{"embeddable":true,"href":"https:\/\/www.notibras.com\/site\/wp-json\/wp\/v2\/comments?post=377068"}],"version-history":[{"count":3,"href":"https:\/\/www.notibras.com\/site\/wp-json\/wp\/v2\/posts\/377068\/revisions"}],"predecessor-version":[{"id":378676,"href":"https:\/\/www.notibras.com\/site\/wp-json\/wp\/v2\/posts\/377068\/revisions\/378676"}],"wp:featuredmedia":[{"embeddable":true,"href":"https:\/\/www.notibras.com\/site\/wp-json\/wp\/v2\/media\/377069"}],"wp:attachment":[{"href":"https:\/\/www.notibras.com\/site\/wp-json\/wp\/v2\/media?parent=377068"}],"wp:term":[{"taxonomy":"category","embeddable":true,"href":"https:\/\/www.notibras.com\/site\/wp-json\/wp\/v2\/categories?post=377068"},{"taxonomy":"post_tag","embeddable":true,"href":"https:\/\/www.notibras.com\/site\/wp-json\/wp\/v2\/tags?post=377068"}],"curies":[{"name":"wp","href":"https:\/\/api.w.org\/{rel}","templated":true}]}}