{"id":377072,"date":"2026-01-13T02:15:02","date_gmt":"2026-01-13T05:15:02","guid":{"rendered":"https:\/\/www.notibras.com\/site\/?p=377072"},"modified":"2025-12-31T02:17:49","modified_gmt":"2025-12-31T05:17:49","slug":"o-silencio-de-quem-deve-desculpas","status":"publish","type":"post","link":"https:\/\/www.notibras.com\/site\/o-silencio-de-quem-deve-desculpas\/","title":{"rendered":"O Sil\u00eancio de Quem Deve Desculpas"},"content":{"rendered":"<p>Algumas pessoas nunca mais falam conosco n\u00e3o porque o v\u00ednculo acabou, mas porque a consci\u00eancia n\u00e3o suportaria uma conversa honesta. O sil\u00eancio, nesses casos, n\u00e3o \u00e9 aus\u00eancia, \u00e9 estrat\u00e9gia. \u00c9 mais f\u00e1cil ignorar do que sustentar uma fala dif\u00edcil. Mais confort\u00e1vel desaparecer do que reconhecer o dano causado.<\/p>\n<p>N\u00f3s aprendemos, com o tempo, que nem todo afastamento \u00e9 casual. H\u00e1 sil\u00eancios que s\u00e3o cuidadosamente escolhidos. Pessoas que somem n\u00e3o por indiferen\u00e7a, mas por covardia emocional. Porque uma conversa exigiria algo que elas n\u00e3o est\u00e3o dispostas a oferecer: responsabilidade. Pedir desculpas, para muita gente, ainda soa como derrota, quando na verdade \u00e9 maturidade.<\/p>\n<p>N\u00f3s n\u00e3o fomos abandonadas por excesso de cobran\u00e7a. Fomos evitadas porque nomeamos o que doeu. Porque n\u00e3o fingimos que nada aconteceu. Porque n\u00e3o aceitamos que feridas fossem varridas para debaixo do tapete em nome de uma falsa paz. H\u00e1 quem prefira perder pessoas a perder a pr\u00f3pria imagem.<\/p>\n<p>Ignorar \u00e9 mais simples do que escutar.<\/p>\n<p>Sumir \u00e9 mais f\u00e1cil do que reparar.<\/p>\n<p>E o sil\u00eancio vira uma forma de autopreserva\u00e7\u00e3o para quem n\u00e3o quer encarar o pr\u00f3prio erro.<\/p>\n<p>N\u00f3s tamb\u00e9m aprendemos que esse tipo de sil\u00eancio diz muito mais sobre quem vai do que sobre quem fica. Quem \u00e9 capaz de pedir desculpas cresce. Quem escolhe desaparecer permanece exatamente onde est\u00e1. Rela\u00e7\u00f5es n\u00e3o se rompem apenas por conflitos, mas pela recusa em atravess\u00e1-los com honestidade.<\/p>\n<p>Por isso, n\u00e3o insistimos mais. N\u00e3o corremos atr\u00e1s de conversas que exigiriam de n\u00f3s mais esfor\u00e7o do que do outro. N\u00e3o imploramos por di\u00e1logos onde a outra parte s\u00f3 estaria presente para se defender, nunca para escutar. Aprendemos que dignidade tamb\u00e9m \u00e9 saber parar.<\/p>\n<p>No fim, seguimos com a consci\u00eancia tranquila.<\/p>\n<p>Porque n\u00f3s est\u00e1vamos dispostas a conversar.<\/p>\n<p>Dispostas a resolver.<\/p>\n<p>Dispostas a continuar.<\/p>\n<p>Quem n\u00e3o ficou, escolheu o sil\u00eancio.<\/p>\n<p>E o sil\u00eancio, quase sempre, \u00e9 a forma mais clara de admitir culpa sem precisar pedir desculpas.<\/p>\n<p>N\u00f3s seguimos.<\/p>\n","protected":false},"excerpt":{"rendered":"<p>Algumas pessoas nunca mais falam conosco n\u00e3o porque o v\u00ednculo acabou, mas porque a consci\u00eancia n\u00e3o suportaria uma conversa honesta. O sil\u00eancio, nesses casos, n\u00e3o \u00e9 aus\u00eancia, \u00e9 estrat\u00e9gia. \u00c9 mais f\u00e1cil ignorar do que sustentar uma fala dif\u00edcil. Mais confort\u00e1vel desaparecer do que reconhecer o dano causado. N\u00f3s aprendemos, com o tempo, que nem [&hellip;]<\/p>\n","protected":false},"author":21,"featured_media":377073,"comment_status":"closed","ping_status":"closed","sticky":false,"template":"","format":"standard","meta":{"_acf_changed":false,"footnotes":""},"categories":[236],"tags":[],"class_list":["post-377072","post","type-post","status-publish","format-standard","has-post-thumbnail","hentry","category-ponto-de-vista"],"acf":[],"yoast_head":"<!-- This site is optimized with the Yoast SEO plugin v27.2 - https:\/\/yoast.com\/product\/yoast-seo-wordpress\/ -->\n<title>O Sil\u00eancio de Quem Deve Desculpas - Notibras<\/title>\n<meta name=\"robots\" content=\"index, follow, max-snippet:-1, max-image-preview:large, max-video-preview:-1\" \/>\n<link rel=\"canonical\" href=\"https:\/\/www.notibras.com\/site\/o-silencio-de-quem-deve-desculpas\/\" \/>\n<meta property=\"og:locale\" content=\"pt_BR\" \/>\n<meta property=\"og:type\" content=\"article\" \/>\n<meta property=\"og:title\" content=\"O Sil\u00eancio de Quem Deve Desculpas - Notibras\" \/>\n<meta property=\"og:description\" content=\"Algumas pessoas nunca mais falam conosco n\u00e3o porque o v\u00ednculo acabou, mas porque a consci\u00eancia n\u00e3o suportaria uma conversa honesta. O sil\u00eancio, nesses casos, n\u00e3o \u00e9 aus\u00eancia, \u00e9 estrat\u00e9gia. \u00c9 mais f\u00e1cil ignorar do que sustentar uma fala dif\u00edcil. Mais confort\u00e1vel desaparecer do que reconhecer o dano causado. N\u00f3s aprendemos, com o tempo, que nem [&hellip;]\" \/>\n<meta property=\"og:url\" content=\"https:\/\/www.notibras.com\/site\/o-silencio-de-quem-deve-desculpas\/\" \/>\n<meta property=\"og:site_name\" content=\"Notibras\" \/>\n<meta property=\"article:publisher\" content=\"https:\/\/www.facebook.com\/notibras\/\" \/>\n<meta property=\"article:published_time\" content=\"2026-01-13T05:15:02+00:00\" \/>\n<meta property=\"og:image\" content=\"https:\/\/www.notibras.com\/site\/wp-content\/uploads\/2025\/12\/644d227a-cb1b-4b7e-b94e-dab0eaac1cbb.jpg\" \/>\n\t<meta property=\"og:image:width\" content=\"809\" \/>\n\t<meta property=\"og:image:height\" content=\"918\" \/>\n\t<meta property=\"og:image:type\" content=\"image\/jpeg\" \/>\n<meta name=\"author\" content=\"Eduardo Mart\u00ednez\" \/>\n<meta name=\"twitter:card\" content=\"summary_large_image\" \/>\n<meta name=\"twitter:creator\" content=\"@Notibras\" \/>\n<meta name=\"twitter:site\" content=\"@Notibras\" \/>\n<meta name=\"twitter:label1\" content=\"Escrito por\" \/>\n\t<meta name=\"twitter:data1\" content=\"Eduardo Mart\u00ednez\" \/>\n\t<meta name=\"twitter:label2\" content=\"Est. tempo de leitura\" \/>\n\t<meta name=\"twitter:data2\" content=\"2 minutos\" \/>\n<script type=\"application\/ld+json\" class=\"yoast-schema-graph\">{\"@context\":\"https:\/\/schema.org\",\"@graph\":[{\"@type\":\"Article\",\"@id\":\"https:\/\/www.notibras.com\/site\/o-silencio-de-quem-deve-desculpas\/#article\",\"isPartOf\":{\"@id\":\"https:\/\/www.notibras.com\/site\/o-silencio-de-quem-deve-desculpas\/\"},\"author\":{\"name\":\"Eduardo Mart\u00ednez\",\"@id\":\"https:\/\/www.notibras.com\/site\/#\/schema\/person\/5b7fabf2aedc3ada2105f03b22b4d3dd\"},\"headline\":\"O Sil\u00eancio de Quem Deve Desculpas\",\"datePublished\":\"2026-01-13T05:15:02+00:00\",\"mainEntityOfPage\":{\"@id\":\"https:\/\/www.notibras.com\/site\/o-silencio-de-quem-deve-desculpas\/\"},\"wordCount\":362,\"publisher\":{\"@id\":\"https:\/\/www.notibras.com\/site\/#organization\"},\"image\":{\"@id\":\"https:\/\/www.notibras.com\/site\/o-silencio-de-quem-deve-desculpas\/#primaryimage\"},\"thumbnailUrl\":\"https:\/\/www.notibras.com\/site\/wp-content\/uploads\/2025\/12\/644d227a-cb1b-4b7e-b94e-dab0eaac1cbb.jpg\",\"articleSection\":[\"Ponto de Vista\"],\"inLanguage\":\"pt-BR\"},{\"@type\":\"WebPage\",\"@id\":\"https:\/\/www.notibras.com\/site\/o-silencio-de-quem-deve-desculpas\/\",\"url\":\"https:\/\/www.notibras.com\/site\/o-silencio-de-quem-deve-desculpas\/\",\"name\":\"O Sil\u00eancio de Quem Deve Desculpas - Notibras\",\"isPartOf\":{\"@id\":\"https:\/\/www.notibras.com\/site\/#website\"},\"primaryImageOfPage\":{\"@id\":\"https:\/\/www.notibras.com\/site\/o-silencio-de-quem-deve-desculpas\/#primaryimage\"},\"image\":{\"@id\":\"https:\/\/www.notibras.com\/site\/o-silencio-de-quem-deve-desculpas\/#primaryimage\"},\"thumbnailUrl\":\"https:\/\/www.notibras.com\/site\/wp-content\/uploads\/2025\/12\/644d227a-cb1b-4b7e-b94e-dab0eaac1cbb.jpg\",\"datePublished\":\"2026-01-13T05:15:02+00:00\",\"breadcrumb\":{\"@id\":\"https:\/\/www.notibras.com\/site\/o-silencio-de-quem-deve-desculpas\/#breadcrumb\"},\"inLanguage\":\"pt-BR\",\"potentialAction\":[{\"@type\":\"ReadAction\",\"target\":[\"https:\/\/www.notibras.com\/site\/o-silencio-de-quem-deve-desculpas\/\"]}]},{\"@type\":\"ImageObject\",\"inLanguage\":\"pt-BR\",\"@id\":\"https:\/\/www.notibras.com\/site\/o-silencio-de-quem-deve-desculpas\/#primaryimage\",\"url\":\"https:\/\/www.notibras.com\/site\/wp-content\/uploads\/2025\/12\/644d227a-cb1b-4b7e-b94e-dab0eaac1cbb.jpg\",\"contentUrl\":\"https:\/\/www.notibras.com\/site\/wp-content\/uploads\/2025\/12\/644d227a-cb1b-4b7e-b94e-dab0eaac1cbb.jpg\",\"width\":809,\"height\":918},{\"@type\":\"BreadcrumbList\",\"@id\":\"https:\/\/www.notibras.com\/site\/o-silencio-de-quem-deve-desculpas\/#breadcrumb\",\"itemListElement\":[{\"@type\":\"ListItem\",\"position\":1,\"name\":\"In\u00edcio\",\"item\":\"https:\/\/www.notibras.com\/site\/\"},{\"@type\":\"ListItem\",\"position\":2,\"name\":\"O Sil\u00eancio de Quem Deve Desculpas\"}]},{\"@type\":\"WebSite\",\"@id\":\"https:\/\/www.notibras.com\/site\/#website\",\"url\":\"https:\/\/www.notibras.com\/site\/\",\"name\":\"Notibras\",\"description\":\"Not\u00edcias de Bras\u00edlia, do Brasil e do Mundo\",\"publisher\":{\"@id\":\"https:\/\/www.notibras.com\/site\/#organization\"},\"potentialAction\":[{\"@type\":\"SearchAction\",\"target\":{\"@type\":\"EntryPoint\",\"urlTemplate\":\"https:\/\/www.notibras.com\/site\/?s={search_term_string}\"},\"query-input\":{\"@type\":\"PropertyValueSpecification\",\"valueRequired\":true,\"valueName\":\"search_term_string\"}}],\"inLanguage\":\"pt-BR\"},{\"@type\":\"Organization\",\"@id\":\"https:\/\/www.notibras.com\/site\/#organization\",\"name\":\"Grupo Notibras de Comunica\u00e7\u00e3o\",\"url\":\"https:\/\/www.notibras.com\/site\/\",\"logo\":{\"@type\":\"ImageObject\",\"inLanguage\":\"pt-BR\",\"@id\":\"https:\/\/www.notibras.com\/site\/#\/schema\/logo\/image\/\",\"url\":\"https:\/\/www.notibras.com\/site\/wp-content\/uploads\/2023\/01\/notibras23.png\",\"contentUrl\":\"https:\/\/www.notibras.com\/site\/wp-content\/uploads\/2023\/01\/notibras23.png\",\"width\":350,\"height\":87,\"caption\":\"Grupo Notibras de Comunica\u00e7\u00e3o\"},\"image\":{\"@id\":\"https:\/\/www.notibras.com\/site\/#\/schema\/logo\/image\/\"},\"sameAs\":[\"https:\/\/www.facebook.com\/notibras\/\",\"https:\/\/x.com\/Notibras\",\"https:\/\/www.instagram.com\/notibras\/\"]},{\"@type\":\"Person\",\"@id\":\"https:\/\/www.notibras.com\/site\/#\/schema\/person\/5b7fabf2aedc3ada2105f03b22b4d3dd\",\"name\":\"Eduardo Mart\u00ednez\",\"image\":{\"@type\":\"ImageObject\",\"inLanguage\":\"pt-BR\",\"@id\":\"https:\/\/secure.gravatar.com\/avatar\/7902f906289926289cbcda644b5197c796b893c6ffd7b9a536a42d290f7704a0?s=96&d=mm&r=g\",\"url\":\"https:\/\/secure.gravatar.com\/avatar\/7902f906289926289cbcda644b5197c796b893c6ffd7b9a536a42d290f7704a0?s=96&d=mm&r=g\",\"contentUrl\":\"https:\/\/secure.gravatar.com\/avatar\/7902f906289926289cbcda644b5197c796b893c6ffd7b9a536a42d290f7704a0?s=96&d=mm&r=g\",\"caption\":\"Eduardo Mart\u00ednez\"}}]}<\/script>\n<!-- \/ Yoast SEO plugin. -->","yoast_head_json":{"title":"O Sil\u00eancio de Quem Deve Desculpas - Notibras","robots":{"index":"index","follow":"follow","max-snippet":"max-snippet:-1","max-image-preview":"max-image-preview:large","max-video-preview":"max-video-preview:-1"},"canonical":"https:\/\/www.notibras.com\/site\/o-silencio-de-quem-deve-desculpas\/","og_locale":"pt_BR","og_type":"article","og_title":"O Sil\u00eancio de Quem Deve Desculpas - Notibras","og_description":"Algumas pessoas nunca mais falam conosco n\u00e3o porque o v\u00ednculo acabou, mas porque a consci\u00eancia n\u00e3o suportaria uma conversa honesta. O sil\u00eancio, nesses casos, n\u00e3o \u00e9 aus\u00eancia, \u00e9 estrat\u00e9gia. \u00c9 mais f\u00e1cil ignorar do que sustentar uma fala dif\u00edcil. Mais confort\u00e1vel desaparecer do que reconhecer o dano causado. N\u00f3s aprendemos, com o tempo, que nem [&hellip;]","og_url":"https:\/\/www.notibras.com\/site\/o-silencio-de-quem-deve-desculpas\/","og_site_name":"Notibras","article_publisher":"https:\/\/www.facebook.com\/notibras\/","article_published_time":"2026-01-13T05:15:02+00:00","og_image":[{"width":809,"height":918,"url":"https:\/\/www.notibras.com\/site\/wp-content\/uploads\/2025\/12\/644d227a-cb1b-4b7e-b94e-dab0eaac1cbb.jpg","type":"image\/jpeg"}],"author":"Eduardo Mart\u00ednez","twitter_card":"summary_large_image","twitter_creator":"@Notibras","twitter_site":"@Notibras","twitter_misc":{"Escrito por":"Eduardo Mart\u00ednez","Est. tempo de leitura":"2 minutos"},"schema":{"@context":"https:\/\/schema.org","@graph":[{"@type":"Article","@id":"https:\/\/www.notibras.com\/site\/o-silencio-de-quem-deve-desculpas\/#article","isPartOf":{"@id":"https:\/\/www.notibras.com\/site\/o-silencio-de-quem-deve-desculpas\/"},"author":{"name":"Eduardo Mart\u00ednez","@id":"https:\/\/www.notibras.com\/site\/#\/schema\/person\/5b7fabf2aedc3ada2105f03b22b4d3dd"},"headline":"O Sil\u00eancio de Quem Deve Desculpas","datePublished":"2026-01-13T05:15:02+00:00","mainEntityOfPage":{"@id":"https:\/\/www.notibras.com\/site\/o-silencio-de-quem-deve-desculpas\/"},"wordCount":362,"publisher":{"@id":"https:\/\/www.notibras.com\/site\/#organization"},"image":{"@id":"https:\/\/www.notibras.com\/site\/o-silencio-de-quem-deve-desculpas\/#primaryimage"},"thumbnailUrl":"https:\/\/www.notibras.com\/site\/wp-content\/uploads\/2025\/12\/644d227a-cb1b-4b7e-b94e-dab0eaac1cbb.jpg","articleSection":["Ponto de Vista"],"inLanguage":"pt-BR"},{"@type":"WebPage","@id":"https:\/\/www.notibras.com\/site\/o-silencio-de-quem-deve-desculpas\/","url":"https:\/\/www.notibras.com\/site\/o-silencio-de-quem-deve-desculpas\/","name":"O Sil\u00eancio de Quem Deve Desculpas - Notibras","isPartOf":{"@id":"https:\/\/www.notibras.com\/site\/#website"},"primaryImageOfPage":{"@id":"https:\/\/www.notibras.com\/site\/o-silencio-de-quem-deve-desculpas\/#primaryimage"},"image":{"@id":"https:\/\/www.notibras.com\/site\/o-silencio-de-quem-deve-desculpas\/#primaryimage"},"thumbnailUrl":"https:\/\/www.notibras.com\/site\/wp-content\/uploads\/2025\/12\/644d227a-cb1b-4b7e-b94e-dab0eaac1cbb.jpg","datePublished":"2026-01-13T05:15:02+00:00","breadcrumb":{"@id":"https:\/\/www.notibras.com\/site\/o-silencio-de-quem-deve-desculpas\/#breadcrumb"},"inLanguage":"pt-BR","potentialAction":[{"@type":"ReadAction","target":["https:\/\/www.notibras.com\/site\/o-silencio-de-quem-deve-desculpas\/"]}]},{"@type":"ImageObject","inLanguage":"pt-BR","@id":"https:\/\/www.notibras.com\/site\/o-silencio-de-quem-deve-desculpas\/#primaryimage","url":"https:\/\/www.notibras.com\/site\/wp-content\/uploads\/2025\/12\/644d227a-cb1b-4b7e-b94e-dab0eaac1cbb.jpg","contentUrl":"https:\/\/www.notibras.com\/site\/wp-content\/uploads\/2025\/12\/644d227a-cb1b-4b7e-b94e-dab0eaac1cbb.jpg","width":809,"height":918},{"@type":"BreadcrumbList","@id":"https:\/\/www.notibras.com\/site\/o-silencio-de-quem-deve-desculpas\/#breadcrumb","itemListElement":[{"@type":"ListItem","position":1,"name":"In\u00edcio","item":"https:\/\/www.notibras.com\/site\/"},{"@type":"ListItem","position":2,"name":"O Sil\u00eancio de Quem Deve Desculpas"}]},{"@type":"WebSite","@id":"https:\/\/www.notibras.com\/site\/#website","url":"https:\/\/www.notibras.com\/site\/","name":"Notibras","description":"Not\u00edcias de Bras\u00edlia, do Brasil e do Mundo","publisher":{"@id":"https:\/\/www.notibras.com\/site\/#organization"},"potentialAction":[{"@type":"SearchAction","target":{"@type":"EntryPoint","urlTemplate":"https:\/\/www.notibras.com\/site\/?s={search_term_string}"},"query-input":{"@type":"PropertyValueSpecification","valueRequired":true,"valueName":"search_term_string"}}],"inLanguage":"pt-BR"},{"@type":"Organization","@id":"https:\/\/www.notibras.com\/site\/#organization","name":"Grupo Notibras de Comunica\u00e7\u00e3o","url":"https:\/\/www.notibras.com\/site\/","logo":{"@type":"ImageObject","inLanguage":"pt-BR","@id":"https:\/\/www.notibras.com\/site\/#\/schema\/logo\/image\/","url":"https:\/\/www.notibras.com\/site\/wp-content\/uploads\/2023\/01\/notibras23.png","contentUrl":"https:\/\/www.notibras.com\/site\/wp-content\/uploads\/2023\/01\/notibras23.png","width":350,"height":87,"caption":"Grupo Notibras de Comunica\u00e7\u00e3o"},"image":{"@id":"https:\/\/www.notibras.com\/site\/#\/schema\/logo\/image\/"},"sameAs":["https:\/\/www.facebook.com\/notibras\/","https:\/\/x.com\/Notibras","https:\/\/www.instagram.com\/notibras\/"]},{"@type":"Person","@id":"https:\/\/www.notibras.com\/site\/#\/schema\/person\/5b7fabf2aedc3ada2105f03b22b4d3dd","name":"Eduardo Mart\u00ednez","image":{"@type":"ImageObject","inLanguage":"pt-BR","@id":"https:\/\/secure.gravatar.com\/avatar\/7902f906289926289cbcda644b5197c796b893c6ffd7b9a536a42d290f7704a0?s=96&d=mm&r=g","url":"https:\/\/secure.gravatar.com\/avatar\/7902f906289926289cbcda644b5197c796b893c6ffd7b9a536a42d290f7704a0?s=96&d=mm&r=g","contentUrl":"https:\/\/secure.gravatar.com\/avatar\/7902f906289926289cbcda644b5197c796b893c6ffd7b9a536a42d290f7704a0?s=96&d=mm&r=g","caption":"Eduardo Mart\u00ednez"}}]}},"amp_enabled":true,"_links":{"self":[{"href":"https:\/\/www.notibras.com\/site\/wp-json\/wp\/v2\/posts\/377072","targetHints":{"allow":["GET"]}}],"collection":[{"href":"https:\/\/www.notibras.com\/site\/wp-json\/wp\/v2\/posts"}],"about":[{"href":"https:\/\/www.notibras.com\/site\/wp-json\/wp\/v2\/types\/post"}],"author":[{"embeddable":true,"href":"https:\/\/www.notibras.com\/site\/wp-json\/wp\/v2\/users\/21"}],"replies":[{"embeddable":true,"href":"https:\/\/www.notibras.com\/site\/wp-json\/wp\/v2\/comments?post=377072"}],"version-history":[{"count":2,"href":"https:\/\/www.notibras.com\/site\/wp-json\/wp\/v2\/posts\/377072\/revisions"}],"predecessor-version":[{"id":377075,"href":"https:\/\/www.notibras.com\/site\/wp-json\/wp\/v2\/posts\/377072\/revisions\/377075"}],"wp:featuredmedia":[{"embeddable":true,"href":"https:\/\/www.notibras.com\/site\/wp-json\/wp\/v2\/media\/377073"}],"wp:attachment":[{"href":"https:\/\/www.notibras.com\/site\/wp-json\/wp\/v2\/media?parent=377072"}],"wp:term":[{"taxonomy":"category","embeddable":true,"href":"https:\/\/www.notibras.com\/site\/wp-json\/wp\/v2\/categories?post=377072"},{"taxonomy":"post_tag","embeddable":true,"href":"https:\/\/www.notibras.com\/site\/wp-json\/wp\/v2\/tags?post=377072"}],"curies":[{"name":"wp","href":"https:\/\/api.w.org\/{rel}","templated":true}]}}