{"id":377076,"date":"2026-01-14T02:00:25","date_gmt":"2026-01-14T05:00:25","guid":{"rendered":"https:\/\/www.notibras.com\/site\/?p=377076"},"modified":"2025-12-31T02:28:03","modified_gmt":"2025-12-31T05:28:03","slug":"quando-partir-foi-autoprotecao","status":"publish","type":"post","link":"https:\/\/www.notibras.com\/site\/quando-partir-foi-autoprotecao\/","title":{"rendered":"Quando Partir Foi Autoprote\u00e7\u00e3o"},"content":{"rendered":"<p>N\u00f3s fomos embora n\u00e3o por falta de amor, mas por excesso de assimetria. Enquanto alguns estavam ocupados demais catalogando nossos defeitos, n\u00f3s est\u00e1vamos tentando sustentar o v\u00ednculo com toler\u00e2ncia, paci\u00eancia e sil\u00eancio. N\u00e3o porque n\u00e3o v\u00edamos tudo, mas porque escolhemos, por muito tempo, relevar.<\/p>\n<p>H\u00e1 um cansa\u00e7o espec\u00edfico que nasce quando a rela\u00e7\u00e3o se transforma em tribunal. Quando cada gesto nosso vira prova, cada palavra vira argumento contra n\u00f3s, cada falha vira senten\u00e7a. E, ainda assim, seguimos ignorando os defeitos do outro n\u00e3o por ingenuidade, mas por afeto. Porque amar, para n\u00f3s, sempre foi mais sobre cuidar do que sobre vencer.<\/p>\n<p>N\u00f3s aprendemos tarde que rela\u00e7\u00f5es n\u00e3o sobrevivem quando s\u00f3 um lado faz concess\u00f5es. Quando apenas um pede desculpas. Quando apenas um revisa comportamentos. Quando apenas um tenta crescer. A cr\u00edtica constante, disfar\u00e7ada de sinceridade, n\u00e3o constr\u00f3i intimidade, corr\u00f3i.<\/p>\n<p>Enquanto nos apontavam imperfei\u00e7\u00f5es, n\u00f3s est\u00e1vamos ocupadas tentando manter a paz. Tentando n\u00e3o devolver na mesma moeda. Tentando acreditar que o amor tamb\u00e9m era esse esfor\u00e7o silencioso de n\u00e3o ferir. Mas existe um limite entre maturidade e autonega\u00e7\u00e3o. E esse limite, um dia, \u00e9 atravessado.<\/p>\n<p>Ir embora n\u00e3o foi impulso. Foi lucidez acumulada. Foi perceber que continuar exigiria que nos diminu\u00edssemos ainda mais. Que fic\u00e1ssemos menores para caber em expectativas r\u00edgidas, em julgamentos constantes, em algu\u00e9m que preferia corrigir a compreender.<\/p>\n<p>N\u00f3s n\u00e3o fomos embora porque \u00e9ramos incapazes de lidar com cr\u00edticas. Fomos embora porque entendemos que amor n\u00e3o \u00e9 um invent\u00e1rio de falhas. \u00c9 parceria. \u00c9 escuta. \u00c9 crescimento conjunto. Quando isso se perde, ficar deixa de ser escolha e passa a ser viol\u00eancia.<\/p>\n<p>Hoje, sabemos: partir tamb\u00e9m \u00e9 um gesto de amor n\u00e3o pelo outro, mas por n\u00f3s mesmas. Porque quem s\u00f3 enxerga defeitos n\u00e3o est\u00e1 interessado em rela\u00e7\u00e3o, mas em controle. E n\u00f3s n\u00e3o ficamos onde precisamos nos defender o tempo todo para existir.<\/p>\n<p>N\u00f3s seguimos. Mais inteiras. Mais l\u00facidas. E em paz com a decis\u00e3o de ter ido embora.<\/p>\n","protected":false},"excerpt":{"rendered":"<p>N\u00f3s fomos embora n\u00e3o por falta de amor, mas por excesso de assimetria. Enquanto alguns estavam ocupados demais catalogando nossos defeitos, n\u00f3s est\u00e1vamos tentando sustentar o v\u00ednculo com toler\u00e2ncia, paci\u00eancia e sil\u00eancio. N\u00e3o porque n\u00e3o v\u00edamos tudo, mas porque escolhemos, por muito tempo, relevar. H\u00e1 um cansa\u00e7o espec\u00edfico que nasce quando a rela\u00e7\u00e3o se transforma [&hellip;]<\/p>\n","protected":false},"author":21,"featured_media":377077,"comment_status":"closed","ping_status":"closed","sticky":false,"template":"","format":"standard","meta":{"_acf_changed":false,"footnotes":""},"categories":[236],"tags":[],"class_list":["post-377076","post","type-post","status-publish","format-standard","has-post-thumbnail","hentry","category-ponto-de-vista"],"acf":[],"yoast_head":"<!-- This site is optimized with the Yoast SEO plugin v27.2 - https:\/\/yoast.com\/product\/yoast-seo-wordpress\/ -->\n<title>Quando Partir Foi Autoprote\u00e7\u00e3o - Notibras<\/title>\n<meta name=\"robots\" content=\"index, follow, max-snippet:-1, max-image-preview:large, max-video-preview:-1\" \/>\n<link rel=\"canonical\" href=\"https:\/\/www.notibras.com\/site\/quando-partir-foi-autoprotecao\/\" \/>\n<meta property=\"og:locale\" content=\"pt_BR\" \/>\n<meta property=\"og:type\" content=\"article\" \/>\n<meta property=\"og:title\" content=\"Quando Partir Foi Autoprote\u00e7\u00e3o - Notibras\" \/>\n<meta property=\"og:description\" content=\"N\u00f3s fomos embora n\u00e3o por falta de amor, mas por excesso de assimetria. Enquanto alguns estavam ocupados demais catalogando nossos defeitos, n\u00f3s est\u00e1vamos tentando sustentar o v\u00ednculo com toler\u00e2ncia, paci\u00eancia e sil\u00eancio. N\u00e3o porque n\u00e3o v\u00edamos tudo, mas porque escolhemos, por muito tempo, relevar. H\u00e1 um cansa\u00e7o espec\u00edfico que nasce quando a rela\u00e7\u00e3o se transforma [&hellip;]\" \/>\n<meta property=\"og:url\" content=\"https:\/\/www.notibras.com\/site\/quando-partir-foi-autoprotecao\/\" \/>\n<meta property=\"og:site_name\" content=\"Notibras\" \/>\n<meta property=\"article:publisher\" content=\"https:\/\/www.facebook.com\/notibras\/\" \/>\n<meta property=\"article:published_time\" content=\"2026-01-14T05:00:25+00:00\" \/>\n<meta property=\"og:image\" content=\"https:\/\/www.notibras.com\/site\/wp-content\/uploads\/2025\/12\/552435ef-3ddc-4b32-bd34-cf17509b0630.jpg\" \/>\n\t<meta property=\"og:image:width\" content=\"809\" \/>\n\t<meta property=\"og:image:height\" content=\"928\" \/>\n\t<meta property=\"og:image:type\" content=\"image\/jpeg\" \/>\n<meta name=\"author\" content=\"Eduardo Mart\u00ednez\" \/>\n<meta name=\"twitter:card\" content=\"summary_large_image\" \/>\n<meta name=\"twitter:creator\" content=\"@Notibras\" \/>\n<meta name=\"twitter:site\" content=\"@Notibras\" \/>\n<meta name=\"twitter:label1\" content=\"Escrito por\" \/>\n\t<meta name=\"twitter:data1\" content=\"Eduardo Mart\u00ednez\" \/>\n\t<meta name=\"twitter:label2\" content=\"Est. tempo de leitura\" \/>\n\t<meta name=\"twitter:data2\" content=\"3 minutos\" \/>\n<script type=\"application\/ld+json\" class=\"yoast-schema-graph\">{\"@context\":\"https:\/\/schema.org\",\"@graph\":[{\"@type\":\"Article\",\"@id\":\"https:\/\/www.notibras.com\/site\/quando-partir-foi-autoprotecao\/#article\",\"isPartOf\":{\"@id\":\"https:\/\/www.notibras.com\/site\/quando-partir-foi-autoprotecao\/\"},\"author\":{\"name\":\"Eduardo Mart\u00ednez\",\"@id\":\"https:\/\/www.notibras.com\/site\/#\/schema\/person\/5b7fabf2aedc3ada2105f03b22b4d3dd\"},\"headline\":\"Quando Partir Foi Autoprote\u00e7\u00e3o\",\"datePublished\":\"2026-01-14T05:00:25+00:00\",\"mainEntityOfPage\":{\"@id\":\"https:\/\/www.notibras.com\/site\/quando-partir-foi-autoprotecao\/\"},\"wordCount\":377,\"publisher\":{\"@id\":\"https:\/\/www.notibras.com\/site\/#organization\"},\"image\":{\"@id\":\"https:\/\/www.notibras.com\/site\/quando-partir-foi-autoprotecao\/#primaryimage\"},\"thumbnailUrl\":\"https:\/\/www.notibras.com\/site\/wp-content\/uploads\/2025\/12\/552435ef-3ddc-4b32-bd34-cf17509b0630.jpg\",\"articleSection\":[\"Ponto de Vista\"],\"inLanguage\":\"pt-BR\"},{\"@type\":\"WebPage\",\"@id\":\"https:\/\/www.notibras.com\/site\/quando-partir-foi-autoprotecao\/\",\"url\":\"https:\/\/www.notibras.com\/site\/quando-partir-foi-autoprotecao\/\",\"name\":\"Quando Partir Foi Autoprote\u00e7\u00e3o - Notibras\",\"isPartOf\":{\"@id\":\"https:\/\/www.notibras.com\/site\/#website\"},\"primaryImageOfPage\":{\"@id\":\"https:\/\/www.notibras.com\/site\/quando-partir-foi-autoprotecao\/#primaryimage\"},\"image\":{\"@id\":\"https:\/\/www.notibras.com\/site\/quando-partir-foi-autoprotecao\/#primaryimage\"},\"thumbnailUrl\":\"https:\/\/www.notibras.com\/site\/wp-content\/uploads\/2025\/12\/552435ef-3ddc-4b32-bd34-cf17509b0630.jpg\",\"datePublished\":\"2026-01-14T05:00:25+00:00\",\"breadcrumb\":{\"@id\":\"https:\/\/www.notibras.com\/site\/quando-partir-foi-autoprotecao\/#breadcrumb\"},\"inLanguage\":\"pt-BR\",\"potentialAction\":[{\"@type\":\"ReadAction\",\"target\":[\"https:\/\/www.notibras.com\/site\/quando-partir-foi-autoprotecao\/\"]}]},{\"@type\":\"ImageObject\",\"inLanguage\":\"pt-BR\",\"@id\":\"https:\/\/www.notibras.com\/site\/quando-partir-foi-autoprotecao\/#primaryimage\",\"url\":\"https:\/\/www.notibras.com\/site\/wp-content\/uploads\/2025\/12\/552435ef-3ddc-4b32-bd34-cf17509b0630.jpg\",\"contentUrl\":\"https:\/\/www.notibras.com\/site\/wp-content\/uploads\/2025\/12\/552435ef-3ddc-4b32-bd34-cf17509b0630.jpg\",\"width\":809,\"height\":928},{\"@type\":\"BreadcrumbList\",\"@id\":\"https:\/\/www.notibras.com\/site\/quando-partir-foi-autoprotecao\/#breadcrumb\",\"itemListElement\":[{\"@type\":\"ListItem\",\"position\":1,\"name\":\"In\u00edcio\",\"item\":\"https:\/\/www.notibras.com\/site\/\"},{\"@type\":\"ListItem\",\"position\":2,\"name\":\"Quando Partir Foi Autoprote\u00e7\u00e3o\"}]},{\"@type\":\"WebSite\",\"@id\":\"https:\/\/www.notibras.com\/site\/#website\",\"url\":\"https:\/\/www.notibras.com\/site\/\",\"name\":\"Notibras\",\"description\":\"Not\u00edcias de Bras\u00edlia, do Brasil e do Mundo\",\"publisher\":{\"@id\":\"https:\/\/www.notibras.com\/site\/#organization\"},\"potentialAction\":[{\"@type\":\"SearchAction\",\"target\":{\"@type\":\"EntryPoint\",\"urlTemplate\":\"https:\/\/www.notibras.com\/site\/?s={search_term_string}\"},\"query-input\":{\"@type\":\"PropertyValueSpecification\",\"valueRequired\":true,\"valueName\":\"search_term_string\"}}],\"inLanguage\":\"pt-BR\"},{\"@type\":\"Organization\",\"@id\":\"https:\/\/www.notibras.com\/site\/#organization\",\"name\":\"Grupo Notibras de Comunica\u00e7\u00e3o\",\"url\":\"https:\/\/www.notibras.com\/site\/\",\"logo\":{\"@type\":\"ImageObject\",\"inLanguage\":\"pt-BR\",\"@id\":\"https:\/\/www.notibras.com\/site\/#\/schema\/logo\/image\/\",\"url\":\"https:\/\/www.notibras.com\/site\/wp-content\/uploads\/2023\/01\/notibras23.png\",\"contentUrl\":\"https:\/\/www.notibras.com\/site\/wp-content\/uploads\/2023\/01\/notibras23.png\",\"width\":350,\"height\":87,\"caption\":\"Grupo Notibras de Comunica\u00e7\u00e3o\"},\"image\":{\"@id\":\"https:\/\/www.notibras.com\/site\/#\/schema\/logo\/image\/\"},\"sameAs\":[\"https:\/\/www.facebook.com\/notibras\/\",\"https:\/\/x.com\/Notibras\",\"https:\/\/www.instagram.com\/notibras\/\"]},{\"@type\":\"Person\",\"@id\":\"https:\/\/www.notibras.com\/site\/#\/schema\/person\/5b7fabf2aedc3ada2105f03b22b4d3dd\",\"name\":\"Eduardo Mart\u00ednez\",\"image\":{\"@type\":\"ImageObject\",\"inLanguage\":\"pt-BR\",\"@id\":\"https:\/\/secure.gravatar.com\/avatar\/7902f906289926289cbcda644b5197c796b893c6ffd7b9a536a42d290f7704a0?s=96&d=mm&r=g\",\"url\":\"https:\/\/secure.gravatar.com\/avatar\/7902f906289926289cbcda644b5197c796b893c6ffd7b9a536a42d290f7704a0?s=96&d=mm&r=g\",\"contentUrl\":\"https:\/\/secure.gravatar.com\/avatar\/7902f906289926289cbcda644b5197c796b893c6ffd7b9a536a42d290f7704a0?s=96&d=mm&r=g\",\"caption\":\"Eduardo Mart\u00ednez\"}}]}<\/script>\n<!-- \/ Yoast SEO plugin. -->","yoast_head_json":{"title":"Quando Partir Foi Autoprote\u00e7\u00e3o - Notibras","robots":{"index":"index","follow":"follow","max-snippet":"max-snippet:-1","max-image-preview":"max-image-preview:large","max-video-preview":"max-video-preview:-1"},"canonical":"https:\/\/www.notibras.com\/site\/quando-partir-foi-autoprotecao\/","og_locale":"pt_BR","og_type":"article","og_title":"Quando Partir Foi Autoprote\u00e7\u00e3o - Notibras","og_description":"N\u00f3s fomos embora n\u00e3o por falta de amor, mas por excesso de assimetria. Enquanto alguns estavam ocupados demais catalogando nossos defeitos, n\u00f3s est\u00e1vamos tentando sustentar o v\u00ednculo com toler\u00e2ncia, paci\u00eancia e sil\u00eancio. N\u00e3o porque n\u00e3o v\u00edamos tudo, mas porque escolhemos, por muito tempo, relevar. H\u00e1 um cansa\u00e7o espec\u00edfico que nasce quando a rela\u00e7\u00e3o se transforma [&hellip;]","og_url":"https:\/\/www.notibras.com\/site\/quando-partir-foi-autoprotecao\/","og_site_name":"Notibras","article_publisher":"https:\/\/www.facebook.com\/notibras\/","article_published_time":"2026-01-14T05:00:25+00:00","og_image":[{"width":809,"height":928,"url":"https:\/\/www.notibras.com\/site\/wp-content\/uploads\/2025\/12\/552435ef-3ddc-4b32-bd34-cf17509b0630.jpg","type":"image\/jpeg"}],"author":"Eduardo Mart\u00ednez","twitter_card":"summary_large_image","twitter_creator":"@Notibras","twitter_site":"@Notibras","twitter_misc":{"Escrito por":"Eduardo Mart\u00ednez","Est. tempo de leitura":"3 minutos"},"schema":{"@context":"https:\/\/schema.org","@graph":[{"@type":"Article","@id":"https:\/\/www.notibras.com\/site\/quando-partir-foi-autoprotecao\/#article","isPartOf":{"@id":"https:\/\/www.notibras.com\/site\/quando-partir-foi-autoprotecao\/"},"author":{"name":"Eduardo Mart\u00ednez","@id":"https:\/\/www.notibras.com\/site\/#\/schema\/person\/5b7fabf2aedc3ada2105f03b22b4d3dd"},"headline":"Quando Partir Foi Autoprote\u00e7\u00e3o","datePublished":"2026-01-14T05:00:25+00:00","mainEntityOfPage":{"@id":"https:\/\/www.notibras.com\/site\/quando-partir-foi-autoprotecao\/"},"wordCount":377,"publisher":{"@id":"https:\/\/www.notibras.com\/site\/#organization"},"image":{"@id":"https:\/\/www.notibras.com\/site\/quando-partir-foi-autoprotecao\/#primaryimage"},"thumbnailUrl":"https:\/\/www.notibras.com\/site\/wp-content\/uploads\/2025\/12\/552435ef-3ddc-4b32-bd34-cf17509b0630.jpg","articleSection":["Ponto de Vista"],"inLanguage":"pt-BR"},{"@type":"WebPage","@id":"https:\/\/www.notibras.com\/site\/quando-partir-foi-autoprotecao\/","url":"https:\/\/www.notibras.com\/site\/quando-partir-foi-autoprotecao\/","name":"Quando Partir Foi Autoprote\u00e7\u00e3o - Notibras","isPartOf":{"@id":"https:\/\/www.notibras.com\/site\/#website"},"primaryImageOfPage":{"@id":"https:\/\/www.notibras.com\/site\/quando-partir-foi-autoprotecao\/#primaryimage"},"image":{"@id":"https:\/\/www.notibras.com\/site\/quando-partir-foi-autoprotecao\/#primaryimage"},"thumbnailUrl":"https:\/\/www.notibras.com\/site\/wp-content\/uploads\/2025\/12\/552435ef-3ddc-4b32-bd34-cf17509b0630.jpg","datePublished":"2026-01-14T05:00:25+00:00","breadcrumb":{"@id":"https:\/\/www.notibras.com\/site\/quando-partir-foi-autoprotecao\/#breadcrumb"},"inLanguage":"pt-BR","potentialAction":[{"@type":"ReadAction","target":["https:\/\/www.notibras.com\/site\/quando-partir-foi-autoprotecao\/"]}]},{"@type":"ImageObject","inLanguage":"pt-BR","@id":"https:\/\/www.notibras.com\/site\/quando-partir-foi-autoprotecao\/#primaryimage","url":"https:\/\/www.notibras.com\/site\/wp-content\/uploads\/2025\/12\/552435ef-3ddc-4b32-bd34-cf17509b0630.jpg","contentUrl":"https:\/\/www.notibras.com\/site\/wp-content\/uploads\/2025\/12\/552435ef-3ddc-4b32-bd34-cf17509b0630.jpg","width":809,"height":928},{"@type":"BreadcrumbList","@id":"https:\/\/www.notibras.com\/site\/quando-partir-foi-autoprotecao\/#breadcrumb","itemListElement":[{"@type":"ListItem","position":1,"name":"In\u00edcio","item":"https:\/\/www.notibras.com\/site\/"},{"@type":"ListItem","position":2,"name":"Quando Partir Foi Autoprote\u00e7\u00e3o"}]},{"@type":"WebSite","@id":"https:\/\/www.notibras.com\/site\/#website","url":"https:\/\/www.notibras.com\/site\/","name":"Notibras","description":"Not\u00edcias de Bras\u00edlia, do Brasil e do Mundo","publisher":{"@id":"https:\/\/www.notibras.com\/site\/#organization"},"potentialAction":[{"@type":"SearchAction","target":{"@type":"EntryPoint","urlTemplate":"https:\/\/www.notibras.com\/site\/?s={search_term_string}"},"query-input":{"@type":"PropertyValueSpecification","valueRequired":true,"valueName":"search_term_string"}}],"inLanguage":"pt-BR"},{"@type":"Organization","@id":"https:\/\/www.notibras.com\/site\/#organization","name":"Grupo Notibras de Comunica\u00e7\u00e3o","url":"https:\/\/www.notibras.com\/site\/","logo":{"@type":"ImageObject","inLanguage":"pt-BR","@id":"https:\/\/www.notibras.com\/site\/#\/schema\/logo\/image\/","url":"https:\/\/www.notibras.com\/site\/wp-content\/uploads\/2023\/01\/notibras23.png","contentUrl":"https:\/\/www.notibras.com\/site\/wp-content\/uploads\/2023\/01\/notibras23.png","width":350,"height":87,"caption":"Grupo Notibras de Comunica\u00e7\u00e3o"},"image":{"@id":"https:\/\/www.notibras.com\/site\/#\/schema\/logo\/image\/"},"sameAs":["https:\/\/www.facebook.com\/notibras\/","https:\/\/x.com\/Notibras","https:\/\/www.instagram.com\/notibras\/"]},{"@type":"Person","@id":"https:\/\/www.notibras.com\/site\/#\/schema\/person\/5b7fabf2aedc3ada2105f03b22b4d3dd","name":"Eduardo Mart\u00ednez","image":{"@type":"ImageObject","inLanguage":"pt-BR","@id":"https:\/\/secure.gravatar.com\/avatar\/7902f906289926289cbcda644b5197c796b893c6ffd7b9a536a42d290f7704a0?s=96&d=mm&r=g","url":"https:\/\/secure.gravatar.com\/avatar\/7902f906289926289cbcda644b5197c796b893c6ffd7b9a536a42d290f7704a0?s=96&d=mm&r=g","contentUrl":"https:\/\/secure.gravatar.com\/avatar\/7902f906289926289cbcda644b5197c796b893c6ffd7b9a536a42d290f7704a0?s=96&d=mm&r=g","caption":"Eduardo Mart\u00ednez"}}]}},"amp_enabled":true,"_links":{"self":[{"href":"https:\/\/www.notibras.com\/site\/wp-json\/wp\/v2\/posts\/377076","targetHints":{"allow":["GET"]}}],"collection":[{"href":"https:\/\/www.notibras.com\/site\/wp-json\/wp\/v2\/posts"}],"about":[{"href":"https:\/\/www.notibras.com\/site\/wp-json\/wp\/v2\/types\/post"}],"author":[{"embeddable":true,"href":"https:\/\/www.notibras.com\/site\/wp-json\/wp\/v2\/users\/21"}],"replies":[{"embeddable":true,"href":"https:\/\/www.notibras.com\/site\/wp-json\/wp\/v2\/comments?post=377076"}],"version-history":[{"count":2,"href":"https:\/\/www.notibras.com\/site\/wp-json\/wp\/v2\/posts\/377076\/revisions"}],"predecessor-version":[{"id":377079,"href":"https:\/\/www.notibras.com\/site\/wp-json\/wp\/v2\/posts\/377076\/revisions\/377079"}],"wp:featuredmedia":[{"embeddable":true,"href":"https:\/\/www.notibras.com\/site\/wp-json\/wp\/v2\/media\/377077"}],"wp:attachment":[{"href":"https:\/\/www.notibras.com\/site\/wp-json\/wp\/v2\/media?parent=377076"}],"wp:term":[{"taxonomy":"category","embeddable":true,"href":"https:\/\/www.notibras.com\/site\/wp-json\/wp\/v2\/categories?post=377076"},{"taxonomy":"post_tag","embeddable":true,"href":"https:\/\/www.notibras.com\/site\/wp-json\/wp\/v2\/tags?post=377076"}],"curies":[{"name":"wp","href":"https:\/\/api.w.org\/{rel}","templated":true}]}}