{"id":377084,"date":"2026-01-10T00:30:48","date_gmt":"2026-01-10T03:30:48","guid":{"rendered":"https:\/\/www.notibras.com\/site\/?p=377084"},"modified":"2026-01-04T04:32:56","modified_gmt":"2026-01-04T07:32:56","slug":"se-me-faco-de-besta-e-pra-acalmar-a-minha-alma-e-basta","status":"publish","type":"post","link":"https:\/\/www.notibras.com\/site\/se-me-faco-de-besta-e-pra-acalmar-a-minha-alma-e-basta\/","title":{"rendered":"Se me fa\u00e7o de besta, \u00e9 pra acalmar a minha alma&#8230; E basta!"},"content":{"rendered":"<p>Levamos a vida inteira cedendo.<\/p>\n<p>Emprestando energia.<\/p>\n<p>Suportando.<\/p>\n<p>Aceitando.<\/p>\n<p>Calando.<\/p>\n<p>Compreendendo.<\/p>\n<p>Passando por cima.<\/p>\n<p>Relevando.<\/p>\n<p>Esquecendo.<\/p>\n<p>Perdoando.<\/p>\n<p>Fingindo que n\u00e3o vemos.<\/p>\n<p>Abstraindo.<\/p>\n<p>Eu aprendi que a incr\u00edvel arte da indiferen\u00e7a pode ser ben\u00e9fica em alguns aspectos.<\/p>\n<p>E sempre que a contemplo e a utilizo, o fa\u00e7o por mim, n\u00e3o pelo outro.<\/p>\n<p>Se tem uma coisa clara, hoje, para mim \u00e9 que nada \u00e9 capaz de pagar minha paz interior.<\/p>\n<p>Se me fa\u00e7o de besta, \u00e9 para acalmar minha alma.<\/p>\n<p>Ela \u00e9 mais importante para mim.<\/p>\n<p>O desprezo em forma de indiferen\u00e7a pode ser um santo rem\u00e9dio.<\/p>\n<p>\u00d3dio, n\u00e3o: a indiferen\u00e7a.<\/p>\n<p>E basta.<\/p>\n<p><strong>&#8230;&#8230;&#8230;&#8230;&#8230;&#8230;..<\/strong><\/p>\n<p><strong>Gilberto Mota \u00e9 escritor, jornalista, professor\/pesquisador que aprendeu com a av\u00f3 Rita a &#8220;se fazer de besta para acalmar a alma&#8221;; depois aprendeu a ler e a escrever. Vive na pequena vila da Guarda do Emba\u00fa no litoral de SC.<\/strong><\/p>\n","protected":false},"excerpt":{"rendered":"<p>Levamos a vida inteira cedendo. Emprestando energia. Suportando. Aceitando. Calando. Compreendendo. Passando por cima. Relevando. Esquecendo. Perdoando. Fingindo que n\u00e3o vemos. Abstraindo. Eu aprendi que a incr\u00edvel arte da indiferen\u00e7a pode ser ben\u00e9fica em alguns aspectos. E sempre que a contemplo e a utilizo, o fa\u00e7o por mim, n\u00e3o pelo outro. Se tem uma coisa [&hellip;]<\/p>\n","protected":false},"author":21,"featured_media":377085,"comment_status":"closed","ping_status":"closed","sticky":false,"template":"","format":"standard","meta":{"_acf_changed":false,"footnotes":""},"categories":[234],"tags":[],"class_list":["post-377084","post","type-post","status-publish","format-standard","has-post-thumbnail","hentry","category-cafe-literario"],"acf":[],"yoast_head":"<!-- This site is optimized with the Yoast SEO plugin v27.2 - https:\/\/yoast.com\/product\/yoast-seo-wordpress\/ -->\n<title>Se me fa\u00e7o de besta, \u00e9 pra acalmar a minha alma... E basta! - Notibras<\/title>\n<meta name=\"robots\" content=\"index, follow, max-snippet:-1, max-image-preview:large, max-video-preview:-1\" \/>\n<link rel=\"canonical\" href=\"https:\/\/www.notibras.com\/site\/se-me-faco-de-besta-e-pra-acalmar-a-minha-alma-e-basta\/\" \/>\n<meta property=\"og:locale\" content=\"pt_BR\" \/>\n<meta property=\"og:type\" content=\"article\" \/>\n<meta property=\"og:title\" content=\"Se me fa\u00e7o de besta, \u00e9 pra acalmar a minha alma... E basta! - Notibras\" \/>\n<meta property=\"og:description\" content=\"Levamos a vida inteira cedendo. Emprestando energia. Suportando. Aceitando. Calando. Compreendendo. Passando por cima. Relevando. Esquecendo. Perdoando. Fingindo que n\u00e3o vemos. Abstraindo. Eu aprendi que a incr\u00edvel arte da indiferen\u00e7a pode ser ben\u00e9fica em alguns aspectos. E sempre que a contemplo e a utilizo, o fa\u00e7o por mim, n\u00e3o pelo outro. Se tem uma coisa [&hellip;]\" \/>\n<meta property=\"og:url\" content=\"https:\/\/www.notibras.com\/site\/se-me-faco-de-besta-e-pra-acalmar-a-minha-alma-e-basta\/\" \/>\n<meta property=\"og:site_name\" content=\"Notibras\" \/>\n<meta property=\"article:publisher\" content=\"https:\/\/www.facebook.com\/notibras\/\" \/>\n<meta property=\"article:published_time\" content=\"2026-01-10T03:30:48+00:00\" \/>\n<meta property=\"og:image\" content=\"https:\/\/www.notibras.com\/site\/wp-content\/uploads\/2025\/12\/image-4.png\" \/>\n\t<meta property=\"og:image:width\" content=\"540\" \/>\n\t<meta property=\"og:image:height\" content=\"720\" \/>\n\t<meta property=\"og:image:type\" content=\"image\/png\" \/>\n<meta name=\"author\" content=\"Eduardo Mart\u00ednez\" \/>\n<meta name=\"twitter:card\" content=\"summary_large_image\" \/>\n<meta name=\"twitter:creator\" content=\"@Notibras\" \/>\n<meta name=\"twitter:site\" content=\"@Notibras\" \/>\n<meta name=\"twitter:label1\" content=\"Escrito por\" \/>\n\t<meta name=\"twitter:data1\" content=\"Eduardo Mart\u00ednez\" \/>\n\t<meta name=\"twitter:label2\" content=\"Est. tempo de leitura\" \/>\n\t<meta name=\"twitter:data2\" content=\"2 minutos\" \/>\n<script type=\"application\/ld+json\" class=\"yoast-schema-graph\">{\"@context\":\"https:\/\/schema.org\",\"@graph\":[{\"@type\":\"Article\",\"@id\":\"https:\/\/www.notibras.com\/site\/se-me-faco-de-besta-e-pra-acalmar-a-minha-alma-e-basta\/#article\",\"isPartOf\":{\"@id\":\"https:\/\/www.notibras.com\/site\/se-me-faco-de-besta-e-pra-acalmar-a-minha-alma-e-basta\/\"},\"author\":{\"name\":\"Eduardo Mart\u00ednez\",\"@id\":\"https:\/\/www.notibras.com\/site\/#\/schema\/person\/5b7fabf2aedc3ada2105f03b22b4d3dd\"},\"headline\":\"Se me fa\u00e7o de besta, \u00e9 pra acalmar a minha alma&#8230; E basta!\",\"datePublished\":\"2026-01-10T03:30:48+00:00\",\"mainEntityOfPage\":{\"@id\":\"https:\/\/www.notibras.com\/site\/se-me-faco-de-besta-e-pra-acalmar-a-minha-alma-e-basta\/\"},\"wordCount\":162,\"publisher\":{\"@id\":\"https:\/\/www.notibras.com\/site\/#organization\"},\"image\":{\"@id\":\"https:\/\/www.notibras.com\/site\/se-me-faco-de-besta-e-pra-acalmar-a-minha-alma-e-basta\/#primaryimage\"},\"thumbnailUrl\":\"https:\/\/www.notibras.com\/site\/wp-content\/uploads\/2025\/12\/image-4.png\",\"articleSection\":[\"Caf\u00e9 Liter\u00e1rio\"],\"inLanguage\":\"pt-BR\"},{\"@type\":\"WebPage\",\"@id\":\"https:\/\/www.notibras.com\/site\/se-me-faco-de-besta-e-pra-acalmar-a-minha-alma-e-basta\/\",\"url\":\"https:\/\/www.notibras.com\/site\/se-me-faco-de-besta-e-pra-acalmar-a-minha-alma-e-basta\/\",\"name\":\"Se me fa\u00e7o de besta, \u00e9 pra acalmar a minha alma... E basta! - Notibras\",\"isPartOf\":{\"@id\":\"https:\/\/www.notibras.com\/site\/#website\"},\"primaryImageOfPage\":{\"@id\":\"https:\/\/www.notibras.com\/site\/se-me-faco-de-besta-e-pra-acalmar-a-minha-alma-e-basta\/#primaryimage\"},\"image\":{\"@id\":\"https:\/\/www.notibras.com\/site\/se-me-faco-de-besta-e-pra-acalmar-a-minha-alma-e-basta\/#primaryimage\"},\"thumbnailUrl\":\"https:\/\/www.notibras.com\/site\/wp-content\/uploads\/2025\/12\/image-4.png\",\"datePublished\":\"2026-01-10T03:30:48+00:00\",\"breadcrumb\":{\"@id\":\"https:\/\/www.notibras.com\/site\/se-me-faco-de-besta-e-pra-acalmar-a-minha-alma-e-basta\/#breadcrumb\"},\"inLanguage\":\"pt-BR\",\"potentialAction\":[{\"@type\":\"ReadAction\",\"target\":[\"https:\/\/www.notibras.com\/site\/se-me-faco-de-besta-e-pra-acalmar-a-minha-alma-e-basta\/\"]}]},{\"@type\":\"ImageObject\",\"inLanguage\":\"pt-BR\",\"@id\":\"https:\/\/www.notibras.com\/site\/se-me-faco-de-besta-e-pra-acalmar-a-minha-alma-e-basta\/#primaryimage\",\"url\":\"https:\/\/www.notibras.com\/site\/wp-content\/uploads\/2025\/12\/image-4.png\",\"contentUrl\":\"https:\/\/www.notibras.com\/site\/wp-content\/uploads\/2025\/12\/image-4.png\",\"width\":540,\"height\":720},{\"@type\":\"BreadcrumbList\",\"@id\":\"https:\/\/www.notibras.com\/site\/se-me-faco-de-besta-e-pra-acalmar-a-minha-alma-e-basta\/#breadcrumb\",\"itemListElement\":[{\"@type\":\"ListItem\",\"position\":1,\"name\":\"In\u00edcio\",\"item\":\"https:\/\/www.notibras.com\/site\/\"},{\"@type\":\"ListItem\",\"position\":2,\"name\":\"Se me fa\u00e7o de besta, \u00e9 pra acalmar a minha alma&#8230; E basta!\"}]},{\"@type\":\"WebSite\",\"@id\":\"https:\/\/www.notibras.com\/site\/#website\",\"url\":\"https:\/\/www.notibras.com\/site\/\",\"name\":\"Notibras\",\"description\":\"Not\u00edcias de Bras\u00edlia, do Brasil e do Mundo\",\"publisher\":{\"@id\":\"https:\/\/www.notibras.com\/site\/#organization\"},\"potentialAction\":[{\"@type\":\"SearchAction\",\"target\":{\"@type\":\"EntryPoint\",\"urlTemplate\":\"https:\/\/www.notibras.com\/site\/?s={search_term_string}\"},\"query-input\":{\"@type\":\"PropertyValueSpecification\",\"valueRequired\":true,\"valueName\":\"search_term_string\"}}],\"inLanguage\":\"pt-BR\"},{\"@type\":\"Organization\",\"@id\":\"https:\/\/www.notibras.com\/site\/#organization\",\"name\":\"Grupo Notibras de Comunica\u00e7\u00e3o\",\"url\":\"https:\/\/www.notibras.com\/site\/\",\"logo\":{\"@type\":\"ImageObject\",\"inLanguage\":\"pt-BR\",\"@id\":\"https:\/\/www.notibras.com\/site\/#\/schema\/logo\/image\/\",\"url\":\"https:\/\/www.notibras.com\/site\/wp-content\/uploads\/2023\/01\/notibras23.png\",\"contentUrl\":\"https:\/\/www.notibras.com\/site\/wp-content\/uploads\/2023\/01\/notibras23.png\",\"width\":350,\"height\":87,\"caption\":\"Grupo Notibras de Comunica\u00e7\u00e3o\"},\"image\":{\"@id\":\"https:\/\/www.notibras.com\/site\/#\/schema\/logo\/image\/\"},\"sameAs\":[\"https:\/\/www.facebook.com\/notibras\/\",\"https:\/\/x.com\/Notibras\",\"https:\/\/www.instagram.com\/notibras\/\"]},{\"@type\":\"Person\",\"@id\":\"https:\/\/www.notibras.com\/site\/#\/schema\/person\/5b7fabf2aedc3ada2105f03b22b4d3dd\",\"name\":\"Eduardo Mart\u00ednez\",\"image\":{\"@type\":\"ImageObject\",\"inLanguage\":\"pt-BR\",\"@id\":\"https:\/\/secure.gravatar.com\/avatar\/7902f906289926289cbcda644b5197c796b893c6ffd7b9a536a42d290f7704a0?s=96&d=mm&r=g\",\"url\":\"https:\/\/secure.gravatar.com\/avatar\/7902f906289926289cbcda644b5197c796b893c6ffd7b9a536a42d290f7704a0?s=96&d=mm&r=g\",\"contentUrl\":\"https:\/\/secure.gravatar.com\/avatar\/7902f906289926289cbcda644b5197c796b893c6ffd7b9a536a42d290f7704a0?s=96&d=mm&r=g\",\"caption\":\"Eduardo Mart\u00ednez\"}}]}<\/script>\n<!-- \/ Yoast SEO plugin. -->","yoast_head_json":{"title":"Se me fa\u00e7o de besta, \u00e9 pra acalmar a minha alma... E basta! - Notibras","robots":{"index":"index","follow":"follow","max-snippet":"max-snippet:-1","max-image-preview":"max-image-preview:large","max-video-preview":"max-video-preview:-1"},"canonical":"https:\/\/www.notibras.com\/site\/se-me-faco-de-besta-e-pra-acalmar-a-minha-alma-e-basta\/","og_locale":"pt_BR","og_type":"article","og_title":"Se me fa\u00e7o de besta, \u00e9 pra acalmar a minha alma... E basta! - Notibras","og_description":"Levamos a vida inteira cedendo. Emprestando energia. Suportando. Aceitando. Calando. Compreendendo. Passando por cima. Relevando. Esquecendo. Perdoando. Fingindo que n\u00e3o vemos. Abstraindo. Eu aprendi que a incr\u00edvel arte da indiferen\u00e7a pode ser ben\u00e9fica em alguns aspectos. E sempre que a contemplo e a utilizo, o fa\u00e7o por mim, n\u00e3o pelo outro. Se tem uma coisa [&hellip;]","og_url":"https:\/\/www.notibras.com\/site\/se-me-faco-de-besta-e-pra-acalmar-a-minha-alma-e-basta\/","og_site_name":"Notibras","article_publisher":"https:\/\/www.facebook.com\/notibras\/","article_published_time":"2026-01-10T03:30:48+00:00","og_image":[{"width":540,"height":720,"url":"https:\/\/www.notibras.com\/site\/wp-content\/uploads\/2025\/12\/image-4.png","type":"image\/png"}],"author":"Eduardo Mart\u00ednez","twitter_card":"summary_large_image","twitter_creator":"@Notibras","twitter_site":"@Notibras","twitter_misc":{"Escrito por":"Eduardo Mart\u00ednez","Est. tempo de leitura":"2 minutos"},"schema":{"@context":"https:\/\/schema.org","@graph":[{"@type":"Article","@id":"https:\/\/www.notibras.com\/site\/se-me-faco-de-besta-e-pra-acalmar-a-minha-alma-e-basta\/#article","isPartOf":{"@id":"https:\/\/www.notibras.com\/site\/se-me-faco-de-besta-e-pra-acalmar-a-minha-alma-e-basta\/"},"author":{"name":"Eduardo Mart\u00ednez","@id":"https:\/\/www.notibras.com\/site\/#\/schema\/person\/5b7fabf2aedc3ada2105f03b22b4d3dd"},"headline":"Se me fa\u00e7o de besta, \u00e9 pra acalmar a minha alma&#8230; E basta!","datePublished":"2026-01-10T03:30:48+00:00","mainEntityOfPage":{"@id":"https:\/\/www.notibras.com\/site\/se-me-faco-de-besta-e-pra-acalmar-a-minha-alma-e-basta\/"},"wordCount":162,"publisher":{"@id":"https:\/\/www.notibras.com\/site\/#organization"},"image":{"@id":"https:\/\/www.notibras.com\/site\/se-me-faco-de-besta-e-pra-acalmar-a-minha-alma-e-basta\/#primaryimage"},"thumbnailUrl":"https:\/\/www.notibras.com\/site\/wp-content\/uploads\/2025\/12\/image-4.png","articleSection":["Caf\u00e9 Liter\u00e1rio"],"inLanguage":"pt-BR"},{"@type":"WebPage","@id":"https:\/\/www.notibras.com\/site\/se-me-faco-de-besta-e-pra-acalmar-a-minha-alma-e-basta\/","url":"https:\/\/www.notibras.com\/site\/se-me-faco-de-besta-e-pra-acalmar-a-minha-alma-e-basta\/","name":"Se me fa\u00e7o de besta, \u00e9 pra acalmar a minha alma... E basta! - Notibras","isPartOf":{"@id":"https:\/\/www.notibras.com\/site\/#website"},"primaryImageOfPage":{"@id":"https:\/\/www.notibras.com\/site\/se-me-faco-de-besta-e-pra-acalmar-a-minha-alma-e-basta\/#primaryimage"},"image":{"@id":"https:\/\/www.notibras.com\/site\/se-me-faco-de-besta-e-pra-acalmar-a-minha-alma-e-basta\/#primaryimage"},"thumbnailUrl":"https:\/\/www.notibras.com\/site\/wp-content\/uploads\/2025\/12\/image-4.png","datePublished":"2026-01-10T03:30:48+00:00","breadcrumb":{"@id":"https:\/\/www.notibras.com\/site\/se-me-faco-de-besta-e-pra-acalmar-a-minha-alma-e-basta\/#breadcrumb"},"inLanguage":"pt-BR","potentialAction":[{"@type":"ReadAction","target":["https:\/\/www.notibras.com\/site\/se-me-faco-de-besta-e-pra-acalmar-a-minha-alma-e-basta\/"]}]},{"@type":"ImageObject","inLanguage":"pt-BR","@id":"https:\/\/www.notibras.com\/site\/se-me-faco-de-besta-e-pra-acalmar-a-minha-alma-e-basta\/#primaryimage","url":"https:\/\/www.notibras.com\/site\/wp-content\/uploads\/2025\/12\/image-4.png","contentUrl":"https:\/\/www.notibras.com\/site\/wp-content\/uploads\/2025\/12\/image-4.png","width":540,"height":720},{"@type":"BreadcrumbList","@id":"https:\/\/www.notibras.com\/site\/se-me-faco-de-besta-e-pra-acalmar-a-minha-alma-e-basta\/#breadcrumb","itemListElement":[{"@type":"ListItem","position":1,"name":"In\u00edcio","item":"https:\/\/www.notibras.com\/site\/"},{"@type":"ListItem","position":2,"name":"Se me fa\u00e7o de besta, \u00e9 pra acalmar a minha alma&#8230; E basta!"}]},{"@type":"WebSite","@id":"https:\/\/www.notibras.com\/site\/#website","url":"https:\/\/www.notibras.com\/site\/","name":"Notibras","description":"Not\u00edcias de Bras\u00edlia, do Brasil e do Mundo","publisher":{"@id":"https:\/\/www.notibras.com\/site\/#organization"},"potentialAction":[{"@type":"SearchAction","target":{"@type":"EntryPoint","urlTemplate":"https:\/\/www.notibras.com\/site\/?s={search_term_string}"},"query-input":{"@type":"PropertyValueSpecification","valueRequired":true,"valueName":"search_term_string"}}],"inLanguage":"pt-BR"},{"@type":"Organization","@id":"https:\/\/www.notibras.com\/site\/#organization","name":"Grupo Notibras de Comunica\u00e7\u00e3o","url":"https:\/\/www.notibras.com\/site\/","logo":{"@type":"ImageObject","inLanguage":"pt-BR","@id":"https:\/\/www.notibras.com\/site\/#\/schema\/logo\/image\/","url":"https:\/\/www.notibras.com\/site\/wp-content\/uploads\/2023\/01\/notibras23.png","contentUrl":"https:\/\/www.notibras.com\/site\/wp-content\/uploads\/2023\/01\/notibras23.png","width":350,"height":87,"caption":"Grupo Notibras de Comunica\u00e7\u00e3o"},"image":{"@id":"https:\/\/www.notibras.com\/site\/#\/schema\/logo\/image\/"},"sameAs":["https:\/\/www.facebook.com\/notibras\/","https:\/\/x.com\/Notibras","https:\/\/www.instagram.com\/notibras\/"]},{"@type":"Person","@id":"https:\/\/www.notibras.com\/site\/#\/schema\/person\/5b7fabf2aedc3ada2105f03b22b4d3dd","name":"Eduardo Mart\u00ednez","image":{"@type":"ImageObject","inLanguage":"pt-BR","@id":"https:\/\/secure.gravatar.com\/avatar\/7902f906289926289cbcda644b5197c796b893c6ffd7b9a536a42d290f7704a0?s=96&d=mm&r=g","url":"https:\/\/secure.gravatar.com\/avatar\/7902f906289926289cbcda644b5197c796b893c6ffd7b9a536a42d290f7704a0?s=96&d=mm&r=g","contentUrl":"https:\/\/secure.gravatar.com\/avatar\/7902f906289926289cbcda644b5197c796b893c6ffd7b9a536a42d290f7704a0?s=96&d=mm&r=g","caption":"Eduardo Mart\u00ednez"}}]}},"amp_enabled":true,"_links":{"self":[{"href":"https:\/\/www.notibras.com\/site\/wp-json\/wp\/v2\/posts\/377084","targetHints":{"allow":["GET"]}}],"collection":[{"href":"https:\/\/www.notibras.com\/site\/wp-json\/wp\/v2\/posts"}],"about":[{"href":"https:\/\/www.notibras.com\/site\/wp-json\/wp\/v2\/types\/post"}],"author":[{"embeddable":true,"href":"https:\/\/www.notibras.com\/site\/wp-json\/wp\/v2\/users\/21"}],"replies":[{"embeddable":true,"href":"https:\/\/www.notibras.com\/site\/wp-json\/wp\/v2\/comments?post=377084"}],"version-history":[{"count":4,"href":"https:\/\/www.notibras.com\/site\/wp-json\/wp\/v2\/posts\/377084\/revisions"}],"predecessor-version":[{"id":377087,"href":"https:\/\/www.notibras.com\/site\/wp-json\/wp\/v2\/posts\/377084\/revisions\/377087"}],"wp:featuredmedia":[{"embeddable":true,"href":"https:\/\/www.notibras.com\/site\/wp-json\/wp\/v2\/media\/377085"}],"wp:attachment":[{"href":"https:\/\/www.notibras.com\/site\/wp-json\/wp\/v2\/media?parent=377084"}],"wp:term":[{"taxonomy":"category","embeddable":true,"href":"https:\/\/www.notibras.com\/site\/wp-json\/wp\/v2\/categories?post=377084"},{"taxonomy":"post_tag","embeddable":true,"href":"https:\/\/www.notibras.com\/site\/wp-json\/wp\/v2\/tags?post=377084"}],"curies":[{"name":"wp","href":"https:\/\/api.w.org\/{rel}","templated":true}]}}