{"id":377126,"date":"2025-12-31T05:25:30","date_gmt":"2025-12-31T08:25:30","guid":{"rendered":"https:\/\/www.notibras.com\/site\/?p=377126"},"modified":"2025-12-31T05:27:42","modified_gmt":"2025-12-31T08:27:42","slug":"reveillon-de-dracon-com-pao-passa-e-gesso-pode-mudar-os-rumos-de-2026","status":"publish","type":"post","link":"https:\/\/www.notibras.com\/site\/reveillon-de-dracon-com-pao-passa-e-gesso-pode-mudar-os-rumos-de-2026\/","title":{"rendered":"R\u00e9veillon de Dr\u00e1con com p\u00e3o, passa e gesso pode mudar os rumos de 2026"},"content":{"rendered":"<p>Um novo ano est\u00e1 prestes a come\u00e7ar. Nos gabinetes refrigerados do Eixo Monumental, ningu\u00e9m fala em recesso, muito menos em f\u00e9rias. O clima \u00e9 outro; de planilha, consulta jur\u00eddica e frases interrompidas no meio. A virada de 2025 para 2026 ser\u00e1 discreta, quase protocolar. O cen\u00e1rio foi montado para um R\u00e9veillon de Dr\u00e1con com direito a p\u00e3o seco \u00e0 mesa &#8211; n\u00e3o necessariamente respeitado o Direito -, com passas contadas uma a uma e a legisla\u00e7\u00e3o eleitoral aberta na p\u00e1gina certa.<\/p>\n<p>Nos bastidores comenta-se que a austeridade n\u00e3o \u00e9 volunt\u00e1ria, mas calculada. Os passos, lentos, devem evitar novos trope\u00e7os para que membros n\u00e3o fiquem paralisados, diante do caos na sa\u00fade que n\u00e3o tem emenda. O assunto dominante \u00e9 como chegar a outubro sem fraturas. A palavra de ordem, portanto, \u00e9 evitar ru\u00eddo. Nada de gastos e gestos largos ou discursos inflamados demais. Ningu\u00e9m deseja que interpreta\u00e7\u00f5es silenciosas transformem inten\u00e7\u00f5es supostamente boas em pe\u00e7a de acusa\u00e7\u00e3o.<\/p>\n<p>Ainda antes de o ano acabar, advogados eleitorais viraram presen\u00e7a fixa em reuni\u00f5es destinadas anteriormente apenas a pol\u00edticos. Agora qualquer ideia precisa passar pelo filtro da legalidade preventiva. Pode postar? Pode discursar? Pode aparecer? Pode entregar? O verbo \u201cpoder\u201d nunca tem sido t\u00e3o conjugado. E, em paralelo, cresce o temor de que improbidade administrativa volte a ser manchete, como um desastre previamente anunciado.<\/p>\n<p>No campo pol\u00edtico a compara\u00e7\u00e3o com Dr\u00e1con n\u00e3o \u00e9 gratuita. A legisla\u00e7\u00e3o existe, mas o peso da caneta depende do contexto. Um gesto id\u00eantico pode ser irrelevante para uns e fatal para outros. Por isso, o cuidado com o p\u00e3o \u2014 o essencial \u2014 e com as passas \u2014 os detalhes aparentemente inofensivos que, acumulados, formam um banquete probat\u00f3rio indigesto. E com a sa\u00fade minguando, quem n\u00e3o tem plano ser\u00e1 obrigado e engolir goela a baixo.<\/p>\n<p>No mesmo palco observa-se tamb\u00e9m o jogo duplo. Enquanto uns seguram as m\u00e3os, outros testam os limites. Eventos \u201cinstitucionais\u201d ganham tom emocional. Discursos t\u00e9cnicos v\u00eam temperados com frases que aquecem a base. N\u00e3o se pede voto, mas se constr\u00f3i narrativa para amanh\u00e3. Candidaturas s\u00e3o lan\u00e7adas de catapultas para marcar territ\u00f3rio. Tudo dentro da zona cinzenta, onde a lei observa em sil\u00eancio e o Minist\u00e9rio P\u00fablico toma notas.<\/p>\n<p>Como se trata de ano eleitoral, o consenso \u00e9 simples e cruel. Excepcionalmente, 2026 come\u00e7ar\u00e1 antes do carnaval. Erros do passado podem expurgar muita gente do tabuleiro. Grupos poderosos est\u00e3o atentos. Quem exagerar na euforia do R\u00e9veillon pode acordar com uma representa\u00e7\u00e3o na porta. E quem confundir visibilidade com licen\u00e7a para rodar a baiana corre o risco de transformar capital pol\u00edtico em passivo jur\u00eddico.<\/p>\n<p>Em Bras\u00edlia, o R\u00e9veillon de Dr\u00e1con n\u00e3o ser\u00e1 de celebra\u00e7\u00e3o, mas sobre o que fazer para sobreviver. Um ano em que o p\u00e3o precisa ser repartido com recibo, as passas contadas com lupa e o brinde feito em voz baixa, em piso antiderrapante, porque, reitere-se, n\u00e3o h\u00e1 Samu para socorrer. O foguet\u00f3rio da virada n\u00e3o decidir\u00e1 o futuro. A caixinha, quando aberta de novo, mostrar\u00e1 o que ficou registrado depois que a festa acabou.<\/p>\n<p>&#8230;&#8230;&#8230;&#8230;&#8230;&#8230;&#8230;.<\/p>\n<p><strong>Jos\u00e9 Seabra \u00e9 CEO fundador de Notibras.<\/strong><\/p>\n","protected":false},"excerpt":{"rendered":"<p>Um novo ano est\u00e1 prestes a come\u00e7ar. Nos gabinetes refrigerados do Eixo Monumental, ningu\u00e9m fala em recesso, muito menos em f\u00e9rias. O clima \u00e9 outro; de planilha, consulta jur\u00eddica e frases interrompidas no meio. A virada de 2025 para 2026 ser\u00e1 discreta, quase protocolar. O cen\u00e1rio foi montado para um R\u00e9veillon de Dr\u00e1con com direito [&hellip;]<\/p>\n","protected":false},"author":2,"featured_media":377127,"comment_status":"closed","ping_status":"closed","sticky":false,"template":"","format":"standard","meta":{"_acf_changed":false,"footnotes":""},"categories":[161],"tags":[95],"class_list":["post-377126","post","type-post","status-publish","format-standard","has-post-thumbnail","hentry","category-quadradinho-em-foco","tag-capa"],"acf":[],"yoast_head":"<!-- This site is optimized with the Yoast SEO plugin v27.2 - https:\/\/yoast.com\/product\/yoast-seo-wordpress\/ -->\n<title>R\u00e9veillon de Dr\u00e1con com p\u00e3o, passa e gesso pode mudar os rumos de 2026 - Notibras<\/title>\n<meta name=\"robots\" content=\"index, follow, max-snippet:-1, max-image-preview:large, max-video-preview:-1\" \/>\n<link rel=\"canonical\" href=\"https:\/\/www.notibras.com\/site\/reveillon-de-dracon-com-pao-passa-e-gesso-pode-mudar-os-rumos-de-2026\/\" \/>\n<meta property=\"og:locale\" content=\"pt_BR\" \/>\n<meta property=\"og:type\" content=\"article\" \/>\n<meta property=\"og:title\" content=\"R\u00e9veillon de Dr\u00e1con com p\u00e3o, passa e gesso pode mudar os rumos de 2026 - Notibras\" \/>\n<meta property=\"og:description\" content=\"Um novo ano est\u00e1 prestes a come\u00e7ar. Nos gabinetes refrigerados do Eixo Monumental, ningu\u00e9m fala em recesso, muito menos em f\u00e9rias. O clima \u00e9 outro; de planilha, consulta jur\u00eddica e frases interrompidas no meio. A virada de 2025 para 2026 ser\u00e1 discreta, quase protocolar. O cen\u00e1rio foi montado para um R\u00e9veillon de Dr\u00e1con com direito [&hellip;]\" \/>\n<meta property=\"og:url\" content=\"https:\/\/www.notibras.com\/site\/reveillon-de-dracon-com-pao-passa-e-gesso-pode-mudar-os-rumos-de-2026\/\" \/>\n<meta property=\"og:site_name\" content=\"Notibras\" \/>\n<meta property=\"article:publisher\" content=\"https:\/\/www.facebook.com\/notibras\/\" \/>\n<meta property=\"article:published_time\" content=\"2025-12-31T08:25:30+00:00\" \/>\n<meta property=\"article:modified_time\" content=\"2025-12-31T08:27:42+00:00\" \/>\n<meta property=\"og:image\" content=\"https:\/\/www.notibras.com\/site\/wp-content\/uploads\/2025\/12\/5e10f604-fd60-4ed9-8249-08da6c0fcab4.jpg\" \/>\n\t<meta property=\"og:image:width\" content=\"810\" \/>\n\t<meta property=\"og:image:height\" content=\"1440\" \/>\n\t<meta property=\"og:image:type\" content=\"image\/jpeg\" \/>\n<meta name=\"author\" content=\"Reda\u00e7\u00e3o\" \/>\n<meta name=\"twitter:card\" content=\"summary_large_image\" \/>\n<meta name=\"twitter:creator\" content=\"@Notibras\" \/>\n<meta name=\"twitter:site\" content=\"@Notibras\" \/>\n<meta name=\"twitter:label1\" content=\"Escrito por\" \/>\n\t<meta name=\"twitter:data1\" content=\"Reda\u00e7\u00e3o\" \/>\n\t<meta name=\"twitter:label2\" content=\"Est. tempo de leitura\" \/>\n\t<meta name=\"twitter:data2\" content=\"4 minutos\" \/>\n<script type=\"application\/ld+json\" class=\"yoast-schema-graph\">{\"@context\":\"https:\/\/schema.org\",\"@graph\":[{\"@type\":\"Article\",\"@id\":\"https:\/\/www.notibras.com\/site\/reveillon-de-dracon-com-pao-passa-e-gesso-pode-mudar-os-rumos-de-2026\/#article\",\"isPartOf\":{\"@id\":\"https:\/\/www.notibras.com\/site\/reveillon-de-dracon-com-pao-passa-e-gesso-pode-mudar-os-rumos-de-2026\/\"},\"author\":{\"name\":\"Reda\u00e7\u00e3o\",\"@id\":\"https:\/\/www.notibras.com\/site\/#\/schema\/person\/36ab0979449956132d3e5b517ea76ac8\"},\"headline\":\"R\u00e9veillon de Dr\u00e1con com p\u00e3o, passa e gesso pode mudar os rumos de 2026\",\"datePublished\":\"2025-12-31T08:25:30+00:00\",\"dateModified\":\"2025-12-31T08:27:42+00:00\",\"mainEntityOfPage\":{\"@id\":\"https:\/\/www.notibras.com\/site\/reveillon-de-dracon-com-pao-passa-e-gesso-pode-mudar-os-rumos-de-2026\/\"},\"wordCount\":573,\"publisher\":{\"@id\":\"https:\/\/www.notibras.com\/site\/#organization\"},\"image\":{\"@id\":\"https:\/\/www.notibras.com\/site\/reveillon-de-dracon-com-pao-passa-e-gesso-pode-mudar-os-rumos-de-2026\/#primaryimage\"},\"thumbnailUrl\":\"https:\/\/www.notibras.com\/site\/wp-content\/uploads\/2025\/12\/5e10f604-fd60-4ed9-8249-08da6c0fcab4.jpg\",\"keywords\":[\"capa\"],\"articleSection\":[\"Quadradinho em Foco\"],\"inLanguage\":\"pt-BR\"},{\"@type\":\"WebPage\",\"@id\":\"https:\/\/www.notibras.com\/site\/reveillon-de-dracon-com-pao-passa-e-gesso-pode-mudar-os-rumos-de-2026\/\",\"url\":\"https:\/\/www.notibras.com\/site\/reveillon-de-dracon-com-pao-passa-e-gesso-pode-mudar-os-rumos-de-2026\/\",\"name\":\"R\u00e9veillon de Dr\u00e1con com p\u00e3o, passa e gesso pode mudar os rumos de 2026 - Notibras\",\"isPartOf\":{\"@id\":\"https:\/\/www.notibras.com\/site\/#website\"},\"primaryImageOfPage\":{\"@id\":\"https:\/\/www.notibras.com\/site\/reveillon-de-dracon-com-pao-passa-e-gesso-pode-mudar-os-rumos-de-2026\/#primaryimage\"},\"image\":{\"@id\":\"https:\/\/www.notibras.com\/site\/reveillon-de-dracon-com-pao-passa-e-gesso-pode-mudar-os-rumos-de-2026\/#primaryimage\"},\"thumbnailUrl\":\"https:\/\/www.notibras.com\/site\/wp-content\/uploads\/2025\/12\/5e10f604-fd60-4ed9-8249-08da6c0fcab4.jpg\",\"datePublished\":\"2025-12-31T08:25:30+00:00\",\"dateModified\":\"2025-12-31T08:27:42+00:00\",\"breadcrumb\":{\"@id\":\"https:\/\/www.notibras.com\/site\/reveillon-de-dracon-com-pao-passa-e-gesso-pode-mudar-os-rumos-de-2026\/#breadcrumb\"},\"inLanguage\":\"pt-BR\",\"potentialAction\":[{\"@type\":\"ReadAction\",\"target\":[\"https:\/\/www.notibras.com\/site\/reveillon-de-dracon-com-pao-passa-e-gesso-pode-mudar-os-rumos-de-2026\/\"]}]},{\"@type\":\"ImageObject\",\"inLanguage\":\"pt-BR\",\"@id\":\"https:\/\/www.notibras.com\/site\/reveillon-de-dracon-com-pao-passa-e-gesso-pode-mudar-os-rumos-de-2026\/#primaryimage\",\"url\":\"https:\/\/www.notibras.com\/site\/wp-content\/uploads\/2025\/12\/5e10f604-fd60-4ed9-8249-08da6c0fcab4.jpg\",\"contentUrl\":\"https:\/\/www.notibras.com\/site\/wp-content\/uploads\/2025\/12\/5e10f604-fd60-4ed9-8249-08da6c0fcab4.jpg\",\"width\":810,\"height\":1440},{\"@type\":\"BreadcrumbList\",\"@id\":\"https:\/\/www.notibras.com\/site\/reveillon-de-dracon-com-pao-passa-e-gesso-pode-mudar-os-rumos-de-2026\/#breadcrumb\",\"itemListElement\":[{\"@type\":\"ListItem\",\"position\":1,\"name\":\"In\u00edcio\",\"item\":\"https:\/\/www.notibras.com\/site\/\"},{\"@type\":\"ListItem\",\"position\":2,\"name\":\"R\u00e9veillon de Dr\u00e1con com p\u00e3o, passa e gesso pode mudar os rumos de 2026\"}]},{\"@type\":\"WebSite\",\"@id\":\"https:\/\/www.notibras.com\/site\/#website\",\"url\":\"https:\/\/www.notibras.com\/site\/\",\"name\":\"Notibras\",\"description\":\"Not\u00edcias de Bras\u00edlia, do Brasil e do Mundo\",\"publisher\":{\"@id\":\"https:\/\/www.notibras.com\/site\/#organization\"},\"potentialAction\":[{\"@type\":\"SearchAction\",\"target\":{\"@type\":\"EntryPoint\",\"urlTemplate\":\"https:\/\/www.notibras.com\/site\/?s={search_term_string}\"},\"query-input\":{\"@type\":\"PropertyValueSpecification\",\"valueRequired\":true,\"valueName\":\"search_term_string\"}}],\"inLanguage\":\"pt-BR\"},{\"@type\":\"Organization\",\"@id\":\"https:\/\/www.notibras.com\/site\/#organization\",\"name\":\"Grupo Notibras de Comunica\u00e7\u00e3o\",\"url\":\"https:\/\/www.notibras.com\/site\/\",\"logo\":{\"@type\":\"ImageObject\",\"inLanguage\":\"pt-BR\",\"@id\":\"https:\/\/www.notibras.com\/site\/#\/schema\/logo\/image\/\",\"url\":\"https:\/\/www.notibras.com\/site\/wp-content\/uploads\/2023\/01\/notibras23.png\",\"contentUrl\":\"https:\/\/www.notibras.com\/site\/wp-content\/uploads\/2023\/01\/notibras23.png\",\"width\":350,\"height\":87,\"caption\":\"Grupo Notibras de Comunica\u00e7\u00e3o\"},\"image\":{\"@id\":\"https:\/\/www.notibras.com\/site\/#\/schema\/logo\/image\/\"},\"sameAs\":[\"https:\/\/www.facebook.com\/notibras\/\",\"https:\/\/x.com\/Notibras\",\"https:\/\/www.instagram.com\/notibras\/\"]},{\"@type\":\"Person\",\"@id\":\"https:\/\/www.notibras.com\/site\/#\/schema\/person\/36ab0979449956132d3e5b517ea76ac8\",\"name\":\"Reda\u00e7\u00e3o\",\"image\":{\"@type\":\"ImageObject\",\"inLanguage\":\"pt-BR\",\"@id\":\"https:\/\/secure.gravatar.com\/avatar\/e0a867bdedb85fd243eadf09663511f96fc81e0720a4a42581f334ad4303aa6b?s=96&d=mm&r=g\",\"url\":\"https:\/\/secure.gravatar.com\/avatar\/e0a867bdedb85fd243eadf09663511f96fc81e0720a4a42581f334ad4303aa6b?s=96&d=mm&r=g\",\"contentUrl\":\"https:\/\/secure.gravatar.com\/avatar\/e0a867bdedb85fd243eadf09663511f96fc81e0720a4a42581f334ad4303aa6b?s=96&d=mm&r=g\",\"caption\":\"Reda\u00e7\u00e3o\"}}]}<\/script>\n<!-- \/ Yoast SEO plugin. -->","yoast_head_json":{"title":"R\u00e9veillon de Dr\u00e1con com p\u00e3o, passa e gesso pode mudar os rumos de 2026 - Notibras","robots":{"index":"index","follow":"follow","max-snippet":"max-snippet:-1","max-image-preview":"max-image-preview:large","max-video-preview":"max-video-preview:-1"},"canonical":"https:\/\/www.notibras.com\/site\/reveillon-de-dracon-com-pao-passa-e-gesso-pode-mudar-os-rumos-de-2026\/","og_locale":"pt_BR","og_type":"article","og_title":"R\u00e9veillon de Dr\u00e1con com p\u00e3o, passa e gesso pode mudar os rumos de 2026 - Notibras","og_description":"Um novo ano est\u00e1 prestes a come\u00e7ar. Nos gabinetes refrigerados do Eixo Monumental, ningu\u00e9m fala em recesso, muito menos em f\u00e9rias. O clima \u00e9 outro; de planilha, consulta jur\u00eddica e frases interrompidas no meio. A virada de 2025 para 2026 ser\u00e1 discreta, quase protocolar. O cen\u00e1rio foi montado para um R\u00e9veillon de Dr\u00e1con com direito [&hellip;]","og_url":"https:\/\/www.notibras.com\/site\/reveillon-de-dracon-com-pao-passa-e-gesso-pode-mudar-os-rumos-de-2026\/","og_site_name":"Notibras","article_publisher":"https:\/\/www.facebook.com\/notibras\/","article_published_time":"2025-12-31T08:25:30+00:00","article_modified_time":"2025-12-31T08:27:42+00:00","og_image":[{"width":810,"height":1440,"url":"https:\/\/www.notibras.com\/site\/wp-content\/uploads\/2025\/12\/5e10f604-fd60-4ed9-8249-08da6c0fcab4.jpg","type":"image\/jpeg"}],"author":"Reda\u00e7\u00e3o","twitter_card":"summary_large_image","twitter_creator":"@Notibras","twitter_site":"@Notibras","twitter_misc":{"Escrito por":"Reda\u00e7\u00e3o","Est. tempo de leitura":"4 minutos"},"schema":{"@context":"https:\/\/schema.org","@graph":[{"@type":"Article","@id":"https:\/\/www.notibras.com\/site\/reveillon-de-dracon-com-pao-passa-e-gesso-pode-mudar-os-rumos-de-2026\/#article","isPartOf":{"@id":"https:\/\/www.notibras.com\/site\/reveillon-de-dracon-com-pao-passa-e-gesso-pode-mudar-os-rumos-de-2026\/"},"author":{"name":"Reda\u00e7\u00e3o","@id":"https:\/\/www.notibras.com\/site\/#\/schema\/person\/36ab0979449956132d3e5b517ea76ac8"},"headline":"R\u00e9veillon de Dr\u00e1con com p\u00e3o, passa e gesso pode mudar os rumos de 2026","datePublished":"2025-12-31T08:25:30+00:00","dateModified":"2025-12-31T08:27:42+00:00","mainEntityOfPage":{"@id":"https:\/\/www.notibras.com\/site\/reveillon-de-dracon-com-pao-passa-e-gesso-pode-mudar-os-rumos-de-2026\/"},"wordCount":573,"publisher":{"@id":"https:\/\/www.notibras.com\/site\/#organization"},"image":{"@id":"https:\/\/www.notibras.com\/site\/reveillon-de-dracon-com-pao-passa-e-gesso-pode-mudar-os-rumos-de-2026\/#primaryimage"},"thumbnailUrl":"https:\/\/www.notibras.com\/site\/wp-content\/uploads\/2025\/12\/5e10f604-fd60-4ed9-8249-08da6c0fcab4.jpg","keywords":["capa"],"articleSection":["Quadradinho em Foco"],"inLanguage":"pt-BR"},{"@type":"WebPage","@id":"https:\/\/www.notibras.com\/site\/reveillon-de-dracon-com-pao-passa-e-gesso-pode-mudar-os-rumos-de-2026\/","url":"https:\/\/www.notibras.com\/site\/reveillon-de-dracon-com-pao-passa-e-gesso-pode-mudar-os-rumos-de-2026\/","name":"R\u00e9veillon de Dr\u00e1con com p\u00e3o, passa e gesso pode mudar os rumos de 2026 - Notibras","isPartOf":{"@id":"https:\/\/www.notibras.com\/site\/#website"},"primaryImageOfPage":{"@id":"https:\/\/www.notibras.com\/site\/reveillon-de-dracon-com-pao-passa-e-gesso-pode-mudar-os-rumos-de-2026\/#primaryimage"},"image":{"@id":"https:\/\/www.notibras.com\/site\/reveillon-de-dracon-com-pao-passa-e-gesso-pode-mudar-os-rumos-de-2026\/#primaryimage"},"thumbnailUrl":"https:\/\/www.notibras.com\/site\/wp-content\/uploads\/2025\/12\/5e10f604-fd60-4ed9-8249-08da6c0fcab4.jpg","datePublished":"2025-12-31T08:25:30+00:00","dateModified":"2025-12-31T08:27:42+00:00","breadcrumb":{"@id":"https:\/\/www.notibras.com\/site\/reveillon-de-dracon-com-pao-passa-e-gesso-pode-mudar-os-rumos-de-2026\/#breadcrumb"},"inLanguage":"pt-BR","potentialAction":[{"@type":"ReadAction","target":["https:\/\/www.notibras.com\/site\/reveillon-de-dracon-com-pao-passa-e-gesso-pode-mudar-os-rumos-de-2026\/"]}]},{"@type":"ImageObject","inLanguage":"pt-BR","@id":"https:\/\/www.notibras.com\/site\/reveillon-de-dracon-com-pao-passa-e-gesso-pode-mudar-os-rumos-de-2026\/#primaryimage","url":"https:\/\/www.notibras.com\/site\/wp-content\/uploads\/2025\/12\/5e10f604-fd60-4ed9-8249-08da6c0fcab4.jpg","contentUrl":"https:\/\/www.notibras.com\/site\/wp-content\/uploads\/2025\/12\/5e10f604-fd60-4ed9-8249-08da6c0fcab4.jpg","width":810,"height":1440},{"@type":"BreadcrumbList","@id":"https:\/\/www.notibras.com\/site\/reveillon-de-dracon-com-pao-passa-e-gesso-pode-mudar-os-rumos-de-2026\/#breadcrumb","itemListElement":[{"@type":"ListItem","position":1,"name":"In\u00edcio","item":"https:\/\/www.notibras.com\/site\/"},{"@type":"ListItem","position":2,"name":"R\u00e9veillon de Dr\u00e1con com p\u00e3o, passa e gesso pode mudar os rumos de 2026"}]},{"@type":"WebSite","@id":"https:\/\/www.notibras.com\/site\/#website","url":"https:\/\/www.notibras.com\/site\/","name":"Notibras","description":"Not\u00edcias de Bras\u00edlia, do Brasil e do Mundo","publisher":{"@id":"https:\/\/www.notibras.com\/site\/#organization"},"potentialAction":[{"@type":"SearchAction","target":{"@type":"EntryPoint","urlTemplate":"https:\/\/www.notibras.com\/site\/?s={search_term_string}"},"query-input":{"@type":"PropertyValueSpecification","valueRequired":true,"valueName":"search_term_string"}}],"inLanguage":"pt-BR"},{"@type":"Organization","@id":"https:\/\/www.notibras.com\/site\/#organization","name":"Grupo Notibras de Comunica\u00e7\u00e3o","url":"https:\/\/www.notibras.com\/site\/","logo":{"@type":"ImageObject","inLanguage":"pt-BR","@id":"https:\/\/www.notibras.com\/site\/#\/schema\/logo\/image\/","url":"https:\/\/www.notibras.com\/site\/wp-content\/uploads\/2023\/01\/notibras23.png","contentUrl":"https:\/\/www.notibras.com\/site\/wp-content\/uploads\/2023\/01\/notibras23.png","width":350,"height":87,"caption":"Grupo Notibras de Comunica\u00e7\u00e3o"},"image":{"@id":"https:\/\/www.notibras.com\/site\/#\/schema\/logo\/image\/"},"sameAs":["https:\/\/www.facebook.com\/notibras\/","https:\/\/x.com\/Notibras","https:\/\/www.instagram.com\/notibras\/"]},{"@type":"Person","@id":"https:\/\/www.notibras.com\/site\/#\/schema\/person\/36ab0979449956132d3e5b517ea76ac8","name":"Reda\u00e7\u00e3o","image":{"@type":"ImageObject","inLanguage":"pt-BR","@id":"https:\/\/secure.gravatar.com\/avatar\/e0a867bdedb85fd243eadf09663511f96fc81e0720a4a42581f334ad4303aa6b?s=96&d=mm&r=g","url":"https:\/\/secure.gravatar.com\/avatar\/e0a867bdedb85fd243eadf09663511f96fc81e0720a4a42581f334ad4303aa6b?s=96&d=mm&r=g","contentUrl":"https:\/\/secure.gravatar.com\/avatar\/e0a867bdedb85fd243eadf09663511f96fc81e0720a4a42581f334ad4303aa6b?s=96&d=mm&r=g","caption":"Reda\u00e7\u00e3o"}}]}},"amp_enabled":true,"_links":{"self":[{"href":"https:\/\/www.notibras.com\/site\/wp-json\/wp\/v2\/posts\/377126","targetHints":{"allow":["GET"]}}],"collection":[{"href":"https:\/\/www.notibras.com\/site\/wp-json\/wp\/v2\/posts"}],"about":[{"href":"https:\/\/www.notibras.com\/site\/wp-json\/wp\/v2\/types\/post"}],"author":[{"embeddable":true,"href":"https:\/\/www.notibras.com\/site\/wp-json\/wp\/v2\/users\/2"}],"replies":[{"embeddable":true,"href":"https:\/\/www.notibras.com\/site\/wp-json\/wp\/v2\/comments?post=377126"}],"version-history":[{"count":3,"href":"https:\/\/www.notibras.com\/site\/wp-json\/wp\/v2\/posts\/377126\/revisions"}],"predecessor-version":[{"id":377130,"href":"https:\/\/www.notibras.com\/site\/wp-json\/wp\/v2\/posts\/377126\/revisions\/377130"}],"wp:featuredmedia":[{"embeddable":true,"href":"https:\/\/www.notibras.com\/site\/wp-json\/wp\/v2\/media\/377127"}],"wp:attachment":[{"href":"https:\/\/www.notibras.com\/site\/wp-json\/wp\/v2\/media?parent=377126"}],"wp:term":[{"taxonomy":"category","embeddable":true,"href":"https:\/\/www.notibras.com\/site\/wp-json\/wp\/v2\/categories?post=377126"},{"taxonomy":"post_tag","embeddable":true,"href":"https:\/\/www.notibras.com\/site\/wp-json\/wp\/v2\/tags?post=377126"}],"curies":[{"name":"wp","href":"https:\/\/api.w.org\/{rel}","templated":true}]}}