{"id":377131,"date":"2025-12-31T07:10:05","date_gmt":"2025-12-31T10:10:05","guid":{"rendered":"https:\/\/www.notibras.com\/site\/?p=377131"},"modified":"2025-12-31T07:11:26","modified_gmt":"2025-12-31T10:11:26","slug":"dia-d-dos-falsos-profetas-da-politica-esta-mais-proximo-do-que-se-imagina","status":"publish","type":"post","link":"https:\/\/www.notibras.com\/site\/dia-d-dos-falsos-profetas-da-politica-esta-mais-proximo-do-que-se-imagina\/","title":{"rendered":"Dia D dos falsos profetas da pol\u00edtica est\u00e1 mais pr\u00f3ximo do que se imagina"},"content":{"rendered":"<p style=\"font-weight: 400;\">De acordo com a filosofia dos s\u00e1bios, s\u00f3 alcan\u00e7amos a perfei\u00e7\u00e3o da intelig\u00eancia quando reconhecemos os limites de nossa pr\u00f3pria ignor\u00e2ncia. Ou seja, a intelig\u00eancia humana tem fronteiras. Por isso, a estupidez \u00e9 infinitamente mais fascinante do que a intelig\u00eancia. A intelig\u00eancia tem seus limites, a estupidez n\u00e3o. A ignor\u00e2ncia n\u00e3o aceita divisas nem na sua irracionalidade caracter\u00edstica. O pior \u00e9 quando os supostos inteligentes se acham formadores de opini\u00e3o e se utilizam de cargos p\u00fablicos para incitar a viol\u00eancia extrema contra segmentos minorit\u00e1rios.<\/p>\n<p style=\"font-weight: 400;\">Escudados na imunidade, fazem isso por meio de discursos pat\u00e9ticos, covardes e absolutamente desprovidos de humanidade. Poderia incluir na lista de fundamentalistas sem causa a maioria dos pastores evang\u00e9licos e de boa parte dos parlamentares bolsonaristas que, por falta de projetos e de propostas, n\u00e3o conseguem se desvincular da bizarra figura do ex-presidente da Rep\u00fablica. Neste \u00faltimo dia do ano, a limita\u00e7\u00e3o de espa\u00e7o me obriga a lembrar e a estender minha ira jornal\u00edstica \u00e0queles que, por ironia do destino, representam Deus e o Diabo nas mesmas casas de leis.<\/p>\n<p style=\"font-weight: 400;\">\u00c9 o caso dos pastores deputados (ou seria o contr\u00e1rio) Andr\u00e9 Valad\u00e3o e Marco Feliciano, ambos escondidos debaixo das ceroulas de Valdemar Costa Neto, l\u00edder maior do Partido das L\u00e1grimas, o insipiente, inodoro, incolor, intrag\u00e1vel e insosso PL. O primeiro responde a processo criminal por ter incitado, durante um culto, \u201cseus\u201d fi\u00e9is a matarem pessoas LGBTIa+ como se fosse uma esp\u00e9cie de miss\u00e3o divina. Feliciano, o fundamentalista do tipo Maria vai com as outras, defendeu Valad\u00e3o e ainda misturou bizarrice com religi\u00e3o, comunismo, fam\u00edlia, op\u00e7\u00e3o sexual e desancou o presidente Luiz In\u00e1cio, cujo crime foi destronar o \u201cmito\u201d de sua provinciana cadeira de rei das jazidas preciosas das ar\u00e1bias.<\/p>\n<p style=\"font-weight: 400;\">Para os trogloditas das igrejas de cura e de arrecada\u00e7\u00e3o nunca declarada, o deus dos horrores tinha de ser perpetuado na caixinha de f\u00f3sforo sem p\u00f3lvora, de modo a evitar que ele perdesse a cabe\u00e7a durante um debate com os mais inteligentes. Segundo Valad\u00e3o e Feliciano, as portas se abriram horrendamente para o casamento homoafetivo. \u00c9 verdade. E n\u00e3o \u00e9 sem tempo. Homossexualidade n\u00e3o \u00e9 crime. Afinal, a hipocrisia n\u00e3o tem mais lugar na sociedade moderna, na qual todo ser humano tem o direito de ser o que bem quiser, inclusive achacador de pobres, ing\u00eanuos e cidad\u00e3os carentes da verdadeira palavra de Deus. Curiosamente \u00e9 que, na cultura deles, que confundem religi\u00e3o com comportamento, o povo LGTBIA+ s\u00e3o seres abjetos.<\/p>\n<p style=\"font-weight: 400;\">A diferen\u00e7a \u00e9 que nunca na hist\u00f3ria deste pa\u00eds um(a) homossexual precisou recorrer aos templos evang\u00e9licos para solicitar ajuda para sobreviver. Talvez fosse morto antes de adentrar ao recinto, onde a cura vale quanto pesa. No entanto, a rec\u00edproca n\u00e3o \u00e9 verdadeira. \u00c9 p\u00fablico e not\u00f3rio a forma como as lideran\u00e7as e os pastores com maior dose de expertise no conto do encontro com Jesus enriquecem. O achaque \u00e0 popula\u00e7\u00e3o inculta \u00e9 feito com a mesma facilidade aplicada pelos pastores nas est\u00fapidas, insensatas e descabidas \u201ccr\u00f4nicas\u201d radiofonizadas contra o governo e a sociedade que os ignora.<\/p>\n<p style=\"font-weight: 400;\">Inquestionavelmente, Deus existe e, independentemente do bord\u00e3o do presidi\u00e1rio Messias, est\u00e1 realmente acima de tudo e de todos. \u00c9 por isso que creio firmemente na lei de causa e efeito. Eu, a torcida do Flamengo, os passistas da Mocidade Independente de Padre Miguel, as meninas do Lar Maria Machad\u00e3o e os m\u00e9diuns do Centro Esp\u00edrita Casa do Pai In\u00e1cio temos certeza de que um dia ser\u00e1 cobrado dos adoradores de \u201cS\u00e3o D\u00f3lar\u201d, \u201cS\u00e3o Euro\u201d e de \u201cS\u00e3o Salom\u00e3o\u201d (o rei dos templos evang\u00e9licos) tudo que eles tiraram criminosamente do povo. E este dia, o Dia D, est\u00e1 mais pr\u00f3ximo do que eles imaginam. Aleluia, sarav\u00e1, ax\u00e9, shalom, salamaleico, namast\u00ea ou am\u00e9m? Pouco importa a sauda\u00e7\u00e3o. Importante \u00e9 que aqui se faz, aqui se paga. O diabo come\u00e7ou a cobran\u00e7a por S\u00f3stenes Cavalcante. Muitos outros vir\u00e3o. Oremos!<\/p>\n<p style=\"font-weight: 400;\">&#8230;&#8230;&#8230;&#8230;.<\/p>\n<p style=\"font-weight: 400;\"><strong>Wenceslau Ara\u00fajo \u00e9 Editor-Chefe de Notibras<\/strong><\/p>\n","protected":false},"excerpt":{"rendered":"<p>De acordo com a filosofia dos s\u00e1bios, s\u00f3 alcan\u00e7amos a perfei\u00e7\u00e3o da intelig\u00eancia quando reconhecemos os limites de nossa pr\u00f3pria ignor\u00e2ncia. Ou seja, a intelig\u00eancia humana tem fronteiras. Por isso, a estupidez \u00e9 infinitamente mais fascinante do que a intelig\u00eancia. A intelig\u00eancia tem seus limites, a estupidez n\u00e3o. A ignor\u00e2ncia n\u00e3o aceita divisas nem na [&hellip;]<\/p>\n","protected":false},"author":2,"featured_media":204307,"comment_status":"closed","ping_status":"closed","sticky":false,"template":"","format":"standard","meta":{"_acf_changed":false,"footnotes":""},"categories":[16],"tags":[],"class_list":["post-377131","post","type-post","status-publish","format-standard","has-post-thumbnail","hentry","category-brasil"],"acf":[],"yoast_head":"<!-- This site is optimized with the Yoast SEO plugin v27.2 - https:\/\/yoast.com\/product\/yoast-seo-wordpress\/ -->\n<title>Dia D dos falsos profetas da pol\u00edtica est\u00e1 mais pr\u00f3ximo do que se imagina - Notibras<\/title>\n<meta name=\"robots\" content=\"index, follow, max-snippet:-1, max-image-preview:large, max-video-preview:-1\" \/>\n<link rel=\"canonical\" href=\"https:\/\/www.notibras.com\/site\/dia-d-dos-falsos-profetas-da-politica-esta-mais-proximo-do-que-se-imagina\/\" \/>\n<meta property=\"og:locale\" content=\"pt_BR\" \/>\n<meta property=\"og:type\" content=\"article\" \/>\n<meta property=\"og:title\" content=\"Dia D dos falsos profetas da pol\u00edtica est\u00e1 mais pr\u00f3ximo do que se imagina - Notibras\" \/>\n<meta property=\"og:description\" content=\"De acordo com a filosofia dos s\u00e1bios, s\u00f3 alcan\u00e7amos a perfei\u00e7\u00e3o da intelig\u00eancia quando reconhecemos os limites de nossa pr\u00f3pria ignor\u00e2ncia. Ou seja, a intelig\u00eancia humana tem fronteiras. Por isso, a estupidez \u00e9 infinitamente mais fascinante do que a intelig\u00eancia. A intelig\u00eancia tem seus limites, a estupidez n\u00e3o. A ignor\u00e2ncia n\u00e3o aceita divisas nem na [&hellip;]\" \/>\n<meta property=\"og:url\" content=\"https:\/\/www.notibras.com\/site\/dia-d-dos-falsos-profetas-da-politica-esta-mais-proximo-do-que-se-imagina\/\" \/>\n<meta property=\"og:site_name\" content=\"Notibras\" \/>\n<meta property=\"article:publisher\" content=\"https:\/\/www.facebook.com\/notibras\/\" \/>\n<meta property=\"article:published_time\" content=\"2025-12-31T10:10:05+00:00\" \/>\n<meta property=\"article:modified_time\" content=\"2025-12-31T10:11:26+00:00\" \/>\n<meta property=\"og:image\" content=\"https:\/\/www.notibras.com\/site\/wp-content\/uploads\/2019\/03\/marco-feliciano.jpg\" \/>\n\t<meta property=\"og:image:width\" content=\"1040\" \/>\n\t<meta property=\"og:image:height\" content=\"585\" \/>\n\t<meta property=\"og:image:type\" content=\"image\/jpeg\" \/>\n<meta name=\"author\" content=\"Reda\u00e7\u00e3o\" \/>\n<meta name=\"twitter:card\" content=\"summary_large_image\" \/>\n<meta name=\"twitter:creator\" content=\"@Notibras\" \/>\n<meta name=\"twitter:site\" content=\"@Notibras\" \/>\n<meta name=\"twitter:label1\" content=\"Escrito por\" \/>\n\t<meta name=\"twitter:data1\" content=\"Reda\u00e7\u00e3o\" \/>\n\t<meta name=\"twitter:label2\" content=\"Est. tempo de leitura\" \/>\n\t<meta name=\"twitter:data2\" content=\"4 minutos\" \/>\n<script type=\"application\/ld+json\" class=\"yoast-schema-graph\">{\"@context\":\"https:\/\/schema.org\",\"@graph\":[{\"@type\":\"Article\",\"@id\":\"https:\/\/www.notibras.com\/site\/dia-d-dos-falsos-profetas-da-politica-esta-mais-proximo-do-que-se-imagina\/#article\",\"isPartOf\":{\"@id\":\"https:\/\/www.notibras.com\/site\/dia-d-dos-falsos-profetas-da-politica-esta-mais-proximo-do-que-se-imagina\/\"},\"author\":{\"name\":\"Reda\u00e7\u00e3o\",\"@id\":\"https:\/\/www.notibras.com\/site\/#\/schema\/person\/36ab0979449956132d3e5b517ea76ac8\"},\"headline\":\"Dia D dos falsos profetas da pol\u00edtica est\u00e1 mais pr\u00f3ximo do que se imagina\",\"datePublished\":\"2025-12-31T10:10:05+00:00\",\"dateModified\":\"2025-12-31T10:11:26+00:00\",\"mainEntityOfPage\":{\"@id\":\"https:\/\/www.notibras.com\/site\/dia-d-dos-falsos-profetas-da-politica-esta-mais-proximo-do-que-se-imagina\/\"},\"wordCount\":725,\"publisher\":{\"@id\":\"https:\/\/www.notibras.com\/site\/#organization\"},\"image\":{\"@id\":\"https:\/\/www.notibras.com\/site\/dia-d-dos-falsos-profetas-da-politica-esta-mais-proximo-do-que-se-imagina\/#primaryimage\"},\"thumbnailUrl\":\"https:\/\/www.notibras.com\/site\/wp-content\/uploads\/2019\/03\/marco-feliciano.jpg\",\"articleSection\":[\"Brasil\"],\"inLanguage\":\"pt-BR\"},{\"@type\":\"WebPage\",\"@id\":\"https:\/\/www.notibras.com\/site\/dia-d-dos-falsos-profetas-da-politica-esta-mais-proximo-do-que-se-imagina\/\",\"url\":\"https:\/\/www.notibras.com\/site\/dia-d-dos-falsos-profetas-da-politica-esta-mais-proximo-do-que-se-imagina\/\",\"name\":\"Dia D dos falsos profetas da pol\u00edtica est\u00e1 mais pr\u00f3ximo do que se imagina - Notibras\",\"isPartOf\":{\"@id\":\"https:\/\/www.notibras.com\/site\/#website\"},\"primaryImageOfPage\":{\"@id\":\"https:\/\/www.notibras.com\/site\/dia-d-dos-falsos-profetas-da-politica-esta-mais-proximo-do-que-se-imagina\/#primaryimage\"},\"image\":{\"@id\":\"https:\/\/www.notibras.com\/site\/dia-d-dos-falsos-profetas-da-politica-esta-mais-proximo-do-que-se-imagina\/#primaryimage\"},\"thumbnailUrl\":\"https:\/\/www.notibras.com\/site\/wp-content\/uploads\/2019\/03\/marco-feliciano.jpg\",\"datePublished\":\"2025-12-31T10:10:05+00:00\",\"dateModified\":\"2025-12-31T10:11:26+00:00\",\"breadcrumb\":{\"@id\":\"https:\/\/www.notibras.com\/site\/dia-d-dos-falsos-profetas-da-politica-esta-mais-proximo-do-que-se-imagina\/#breadcrumb\"},\"inLanguage\":\"pt-BR\",\"potentialAction\":[{\"@type\":\"ReadAction\",\"target\":[\"https:\/\/www.notibras.com\/site\/dia-d-dos-falsos-profetas-da-politica-esta-mais-proximo-do-que-se-imagina\/\"]}]},{\"@type\":\"ImageObject\",\"inLanguage\":\"pt-BR\",\"@id\":\"https:\/\/www.notibras.com\/site\/dia-d-dos-falsos-profetas-da-politica-esta-mais-proximo-do-que-se-imagina\/#primaryimage\",\"url\":\"https:\/\/www.notibras.com\/site\/wp-content\/uploads\/2019\/03\/marco-feliciano.jpg\",\"contentUrl\":\"https:\/\/www.notibras.com\/site\/wp-content\/uploads\/2019\/03\/marco-feliciano.jpg\",\"width\":1040,\"height\":585,\"caption\":\"Foto\/Arquivo Notibras\"},{\"@type\":\"BreadcrumbList\",\"@id\":\"https:\/\/www.notibras.com\/site\/dia-d-dos-falsos-profetas-da-politica-esta-mais-proximo-do-que-se-imagina\/#breadcrumb\",\"itemListElement\":[{\"@type\":\"ListItem\",\"position\":1,\"name\":\"In\u00edcio\",\"item\":\"https:\/\/www.notibras.com\/site\/\"},{\"@type\":\"ListItem\",\"position\":2,\"name\":\"Dia D dos falsos profetas da pol\u00edtica est\u00e1 mais pr\u00f3ximo do que se imagina\"}]},{\"@type\":\"WebSite\",\"@id\":\"https:\/\/www.notibras.com\/site\/#website\",\"url\":\"https:\/\/www.notibras.com\/site\/\",\"name\":\"Notibras\",\"description\":\"Not\u00edcias de Bras\u00edlia, do Brasil e do Mundo\",\"publisher\":{\"@id\":\"https:\/\/www.notibras.com\/site\/#organization\"},\"potentialAction\":[{\"@type\":\"SearchAction\",\"target\":{\"@type\":\"EntryPoint\",\"urlTemplate\":\"https:\/\/www.notibras.com\/site\/?s={search_term_string}\"},\"query-input\":{\"@type\":\"PropertyValueSpecification\",\"valueRequired\":true,\"valueName\":\"search_term_string\"}}],\"inLanguage\":\"pt-BR\"},{\"@type\":\"Organization\",\"@id\":\"https:\/\/www.notibras.com\/site\/#organization\",\"name\":\"Grupo Notibras de Comunica\u00e7\u00e3o\",\"url\":\"https:\/\/www.notibras.com\/site\/\",\"logo\":{\"@type\":\"ImageObject\",\"inLanguage\":\"pt-BR\",\"@id\":\"https:\/\/www.notibras.com\/site\/#\/schema\/logo\/image\/\",\"url\":\"https:\/\/www.notibras.com\/site\/wp-content\/uploads\/2023\/01\/notibras23.png\",\"contentUrl\":\"https:\/\/www.notibras.com\/site\/wp-content\/uploads\/2023\/01\/notibras23.png\",\"width\":350,\"height\":87,\"caption\":\"Grupo Notibras de Comunica\u00e7\u00e3o\"},\"image\":{\"@id\":\"https:\/\/www.notibras.com\/site\/#\/schema\/logo\/image\/\"},\"sameAs\":[\"https:\/\/www.facebook.com\/notibras\/\",\"https:\/\/x.com\/Notibras\",\"https:\/\/www.instagram.com\/notibras\/\"]},{\"@type\":\"Person\",\"@id\":\"https:\/\/www.notibras.com\/site\/#\/schema\/person\/36ab0979449956132d3e5b517ea76ac8\",\"name\":\"Reda\u00e7\u00e3o\",\"image\":{\"@type\":\"ImageObject\",\"inLanguage\":\"pt-BR\",\"@id\":\"https:\/\/secure.gravatar.com\/avatar\/e0a867bdedb85fd243eadf09663511f96fc81e0720a4a42581f334ad4303aa6b?s=96&d=mm&r=g\",\"url\":\"https:\/\/secure.gravatar.com\/avatar\/e0a867bdedb85fd243eadf09663511f96fc81e0720a4a42581f334ad4303aa6b?s=96&d=mm&r=g\",\"contentUrl\":\"https:\/\/secure.gravatar.com\/avatar\/e0a867bdedb85fd243eadf09663511f96fc81e0720a4a42581f334ad4303aa6b?s=96&d=mm&r=g\",\"caption\":\"Reda\u00e7\u00e3o\"}}]}<\/script>\n<!-- \/ Yoast SEO plugin. -->","yoast_head_json":{"title":"Dia D dos falsos profetas da pol\u00edtica est\u00e1 mais pr\u00f3ximo do que se imagina - Notibras","robots":{"index":"index","follow":"follow","max-snippet":"max-snippet:-1","max-image-preview":"max-image-preview:large","max-video-preview":"max-video-preview:-1"},"canonical":"https:\/\/www.notibras.com\/site\/dia-d-dos-falsos-profetas-da-politica-esta-mais-proximo-do-que-se-imagina\/","og_locale":"pt_BR","og_type":"article","og_title":"Dia D dos falsos profetas da pol\u00edtica est\u00e1 mais pr\u00f3ximo do que se imagina - Notibras","og_description":"De acordo com a filosofia dos s\u00e1bios, s\u00f3 alcan\u00e7amos a perfei\u00e7\u00e3o da intelig\u00eancia quando reconhecemos os limites de nossa pr\u00f3pria ignor\u00e2ncia. Ou seja, a intelig\u00eancia humana tem fronteiras. Por isso, a estupidez \u00e9 infinitamente mais fascinante do que a intelig\u00eancia. A intelig\u00eancia tem seus limites, a estupidez n\u00e3o. A ignor\u00e2ncia n\u00e3o aceita divisas nem na [&hellip;]","og_url":"https:\/\/www.notibras.com\/site\/dia-d-dos-falsos-profetas-da-politica-esta-mais-proximo-do-que-se-imagina\/","og_site_name":"Notibras","article_publisher":"https:\/\/www.facebook.com\/notibras\/","article_published_time":"2025-12-31T10:10:05+00:00","article_modified_time":"2025-12-31T10:11:26+00:00","og_image":[{"width":1040,"height":585,"url":"https:\/\/www.notibras.com\/site\/wp-content\/uploads\/2019\/03\/marco-feliciano.jpg","type":"image\/jpeg"}],"author":"Reda\u00e7\u00e3o","twitter_card":"summary_large_image","twitter_creator":"@Notibras","twitter_site":"@Notibras","twitter_misc":{"Escrito por":"Reda\u00e7\u00e3o","Est. tempo de leitura":"4 minutos"},"schema":{"@context":"https:\/\/schema.org","@graph":[{"@type":"Article","@id":"https:\/\/www.notibras.com\/site\/dia-d-dos-falsos-profetas-da-politica-esta-mais-proximo-do-que-se-imagina\/#article","isPartOf":{"@id":"https:\/\/www.notibras.com\/site\/dia-d-dos-falsos-profetas-da-politica-esta-mais-proximo-do-que-se-imagina\/"},"author":{"name":"Reda\u00e7\u00e3o","@id":"https:\/\/www.notibras.com\/site\/#\/schema\/person\/36ab0979449956132d3e5b517ea76ac8"},"headline":"Dia D dos falsos profetas da pol\u00edtica est\u00e1 mais pr\u00f3ximo do que se imagina","datePublished":"2025-12-31T10:10:05+00:00","dateModified":"2025-12-31T10:11:26+00:00","mainEntityOfPage":{"@id":"https:\/\/www.notibras.com\/site\/dia-d-dos-falsos-profetas-da-politica-esta-mais-proximo-do-que-se-imagina\/"},"wordCount":725,"publisher":{"@id":"https:\/\/www.notibras.com\/site\/#organization"},"image":{"@id":"https:\/\/www.notibras.com\/site\/dia-d-dos-falsos-profetas-da-politica-esta-mais-proximo-do-que-se-imagina\/#primaryimage"},"thumbnailUrl":"https:\/\/www.notibras.com\/site\/wp-content\/uploads\/2019\/03\/marco-feliciano.jpg","articleSection":["Brasil"],"inLanguage":"pt-BR"},{"@type":"WebPage","@id":"https:\/\/www.notibras.com\/site\/dia-d-dos-falsos-profetas-da-politica-esta-mais-proximo-do-que-se-imagina\/","url":"https:\/\/www.notibras.com\/site\/dia-d-dos-falsos-profetas-da-politica-esta-mais-proximo-do-que-se-imagina\/","name":"Dia D dos falsos profetas da pol\u00edtica est\u00e1 mais pr\u00f3ximo do que se imagina - Notibras","isPartOf":{"@id":"https:\/\/www.notibras.com\/site\/#website"},"primaryImageOfPage":{"@id":"https:\/\/www.notibras.com\/site\/dia-d-dos-falsos-profetas-da-politica-esta-mais-proximo-do-que-se-imagina\/#primaryimage"},"image":{"@id":"https:\/\/www.notibras.com\/site\/dia-d-dos-falsos-profetas-da-politica-esta-mais-proximo-do-que-se-imagina\/#primaryimage"},"thumbnailUrl":"https:\/\/www.notibras.com\/site\/wp-content\/uploads\/2019\/03\/marco-feliciano.jpg","datePublished":"2025-12-31T10:10:05+00:00","dateModified":"2025-12-31T10:11:26+00:00","breadcrumb":{"@id":"https:\/\/www.notibras.com\/site\/dia-d-dos-falsos-profetas-da-politica-esta-mais-proximo-do-que-se-imagina\/#breadcrumb"},"inLanguage":"pt-BR","potentialAction":[{"@type":"ReadAction","target":["https:\/\/www.notibras.com\/site\/dia-d-dos-falsos-profetas-da-politica-esta-mais-proximo-do-que-se-imagina\/"]}]},{"@type":"ImageObject","inLanguage":"pt-BR","@id":"https:\/\/www.notibras.com\/site\/dia-d-dos-falsos-profetas-da-politica-esta-mais-proximo-do-que-se-imagina\/#primaryimage","url":"https:\/\/www.notibras.com\/site\/wp-content\/uploads\/2019\/03\/marco-feliciano.jpg","contentUrl":"https:\/\/www.notibras.com\/site\/wp-content\/uploads\/2019\/03\/marco-feliciano.jpg","width":1040,"height":585,"caption":"Foto\/Arquivo Notibras"},{"@type":"BreadcrumbList","@id":"https:\/\/www.notibras.com\/site\/dia-d-dos-falsos-profetas-da-politica-esta-mais-proximo-do-que-se-imagina\/#breadcrumb","itemListElement":[{"@type":"ListItem","position":1,"name":"In\u00edcio","item":"https:\/\/www.notibras.com\/site\/"},{"@type":"ListItem","position":2,"name":"Dia D dos falsos profetas da pol\u00edtica est\u00e1 mais pr\u00f3ximo do que se imagina"}]},{"@type":"WebSite","@id":"https:\/\/www.notibras.com\/site\/#website","url":"https:\/\/www.notibras.com\/site\/","name":"Notibras","description":"Not\u00edcias de Bras\u00edlia, do Brasil e do Mundo","publisher":{"@id":"https:\/\/www.notibras.com\/site\/#organization"},"potentialAction":[{"@type":"SearchAction","target":{"@type":"EntryPoint","urlTemplate":"https:\/\/www.notibras.com\/site\/?s={search_term_string}"},"query-input":{"@type":"PropertyValueSpecification","valueRequired":true,"valueName":"search_term_string"}}],"inLanguage":"pt-BR"},{"@type":"Organization","@id":"https:\/\/www.notibras.com\/site\/#organization","name":"Grupo Notibras de Comunica\u00e7\u00e3o","url":"https:\/\/www.notibras.com\/site\/","logo":{"@type":"ImageObject","inLanguage":"pt-BR","@id":"https:\/\/www.notibras.com\/site\/#\/schema\/logo\/image\/","url":"https:\/\/www.notibras.com\/site\/wp-content\/uploads\/2023\/01\/notibras23.png","contentUrl":"https:\/\/www.notibras.com\/site\/wp-content\/uploads\/2023\/01\/notibras23.png","width":350,"height":87,"caption":"Grupo Notibras de Comunica\u00e7\u00e3o"},"image":{"@id":"https:\/\/www.notibras.com\/site\/#\/schema\/logo\/image\/"},"sameAs":["https:\/\/www.facebook.com\/notibras\/","https:\/\/x.com\/Notibras","https:\/\/www.instagram.com\/notibras\/"]},{"@type":"Person","@id":"https:\/\/www.notibras.com\/site\/#\/schema\/person\/36ab0979449956132d3e5b517ea76ac8","name":"Reda\u00e7\u00e3o","image":{"@type":"ImageObject","inLanguage":"pt-BR","@id":"https:\/\/secure.gravatar.com\/avatar\/e0a867bdedb85fd243eadf09663511f96fc81e0720a4a42581f334ad4303aa6b?s=96&d=mm&r=g","url":"https:\/\/secure.gravatar.com\/avatar\/e0a867bdedb85fd243eadf09663511f96fc81e0720a4a42581f334ad4303aa6b?s=96&d=mm&r=g","contentUrl":"https:\/\/secure.gravatar.com\/avatar\/e0a867bdedb85fd243eadf09663511f96fc81e0720a4a42581f334ad4303aa6b?s=96&d=mm&r=g","caption":"Reda\u00e7\u00e3o"}}]}},"amp_enabled":true,"_links":{"self":[{"href":"https:\/\/www.notibras.com\/site\/wp-json\/wp\/v2\/posts\/377131","targetHints":{"allow":["GET"]}}],"collection":[{"href":"https:\/\/www.notibras.com\/site\/wp-json\/wp\/v2\/posts"}],"about":[{"href":"https:\/\/www.notibras.com\/site\/wp-json\/wp\/v2\/types\/post"}],"author":[{"embeddable":true,"href":"https:\/\/www.notibras.com\/site\/wp-json\/wp\/v2\/users\/2"}],"replies":[{"embeddable":true,"href":"https:\/\/www.notibras.com\/site\/wp-json\/wp\/v2\/comments?post=377131"}],"version-history":[{"count":1,"href":"https:\/\/www.notibras.com\/site\/wp-json\/wp\/v2\/posts\/377131\/revisions"}],"predecessor-version":[{"id":377132,"href":"https:\/\/www.notibras.com\/site\/wp-json\/wp\/v2\/posts\/377131\/revisions\/377132"}],"wp:featuredmedia":[{"embeddable":true,"href":"https:\/\/www.notibras.com\/site\/wp-json\/wp\/v2\/media\/204307"}],"wp:attachment":[{"href":"https:\/\/www.notibras.com\/site\/wp-json\/wp\/v2\/media?parent=377131"}],"wp:term":[{"taxonomy":"category","embeddable":true,"href":"https:\/\/www.notibras.com\/site\/wp-json\/wp\/v2\/categories?post=377131"},{"taxonomy":"post_tag","embeddable":true,"href":"https:\/\/www.notibras.com\/site\/wp-json\/wp\/v2\/tags?post=377131"}],"curies":[{"name":"wp","href":"https:\/\/api.w.org\/{rel}","templated":true}]}}