{"id":37714,"date":"2015-02-20T22:51:27","date_gmt":"2015-02-21T01:51:27","guid":{"rendered":"http:\/\/www.notibras.com\/site\/?p=37714"},"modified":"2015-02-21T14:30:21","modified_gmt":"2015-02-21T17:30:21","slug":"dilma-e-hostil-diz-indonesia-e-acentua-crise-entre-brasilia-e-jacarta","status":"publish","type":"post","link":"https:\/\/www.notibras.com\/site\/dilma-e-hostil-diz-indonesia-e-acentua-crise-entre-brasilia-e-jacarta\/","title":{"rendered":"Dilma \u00e9 hostil, diz Indon\u00e9sia, e acentua crise  Bras\u00edlia-Jacarta"},"content":{"rendered":"<div class=\"content\">\n<p>O governo da Indon\u00e9sia protestou contra o gesto da presidenta Dilma Rousseff, que n\u00e3o recebeu as credenciais de seu novo embaixador designado para servir no Brasil, Toto Riyanto, em cerim\u00f4nia realizada na nesta sexta 20 no Pal\u00e1cio do Planalto.<\/p>\n<p>Al\u00e9m de publicar uma nota de rep\u00fadio em seu <em>site<\/em> oficial, o Minist\u00e9rio das Rela\u00e7\u00f5es Exteriores da Indon\u00e9sia convocou o embaixador brasileiro em Jacarta para \u201ctransmitir os termos mais fortes poss\u00edveis de protesto para o ato hostil do governo do Brasil\u201d e tamb\u00e9m chamou Riyanto de volta ao pa\u00eds.<\/p>\n<p>\u201cA maneira pela qual o ministro das Rela\u00e7\u00f5es Exteriores do Brasil [Mauro Vieira], de repente, informou o adiamento da apresenta\u00e7\u00e3o de credenciais pelo embaixador da Indon\u00e9sia designado para o Brasil, quando o embaixador j\u00e1 estava no pal\u00e1cio, \u00e9 inaceit\u00e1vel para a Indon\u00e9sia\u201d, informou a chancelaria indon\u00e9sia, acrescentando que Riyanto havia sido convidado formalmente para apresentar suas credenciais na cerim\u00f4nia.<\/p>\n<p>O embaixador brasileiro em Jacarta, Paulo Soares, foi convocado pelo minist\u00e9rio indon\u00e9sio \u00e0s 22h (13h em Bras\u00edlia) para uma conversa dura, na qual foi demonstrada toda a insatisfa\u00e7\u00e3o do governo local com o constrangimento vivenciado por seu representante no Brasil. Soares tamb\u00e9m recebeu uma nota oficial de protesto.<\/p>\n<p>\u201cComo um Estado democr\u00e1tico soberano, com seu pr\u00f3prio governo soberano, sistema de Justi\u00e7a independente e imparcial, nenhum pa\u00eds estrangeiro, nem partido, pode e deve interferir na implementa\u00e7\u00e3o das leis vigentes da Indon\u00e9sia dentro de sua jurisdi\u00e7\u00e3o, inclusive na aplica\u00e7\u00e3o de leis para lidar com o tr\u00e1fico de drogas\u201d, ressaltou o governo indon\u00e9sio por meio de nota.<\/p>\n<p>Segundo o minist\u00e9rio da Indon\u00e9sia, o embaixador Toto Riyanto, chamado de volta para Jacarta, voltar\u00e1 ao Brasil somente quando o governo brasileiro confirmar uma nova data para a apresenta\u00e7\u00e3o de suas credenciais. As rela\u00e7\u00f5es entre os dois pa\u00edses deterioraram-se depois da execu\u00e7\u00e3o de Marco Archer, condenado \u00e0 pena de morte por tr\u00e1fico de drogas, fuzilado em 17 de janeiro. Atualmente, outro brasileiro, Rodrigo Gularte, condenado \u00e0 morte pelo mesmo crime, aguarda o cumprimento da senten\u00e7a.<\/p>\n<header>\n<div class=\"node-info\"><strong>Danilo Macedo, ABr<\/strong><strong><br \/>\n<\/strong><\/div>\n<\/header>\n<\/div>\n","protected":false},"excerpt":{"rendered":"<p>O governo da Indon\u00e9sia protestou contra o gesto da presidenta Dilma Rousseff, que n\u00e3o recebeu as credenciais de seu novo embaixador designado para servir no Brasil, Toto Riyanto, em cerim\u00f4nia realizada na nesta sexta 20 no Pal\u00e1cio do Planalto. Al\u00e9m de publicar uma nota de rep\u00fadio em seu site oficial, o Minist\u00e9rio das Rela\u00e7\u00f5es Exteriores [&hellip;]<\/p>\n","protected":false},"author":2,"featured_media":37715,"comment_status":"open","ping_status":"closed","sticky":false,"template":"","format":"standard","meta":{"_acf_changed":false,"footnotes":""},"categories":[16],"tags":[],"class_list":["post-37714","post","type-post","status-publish","format-standard","has-post-thumbnail","hentry","category-brasil"],"acf":[],"yoast_head":"<!-- This site is optimized with the Yoast SEO plugin v27.2 - https:\/\/yoast.com\/product\/yoast-seo-wordpress\/ -->\n<title>Dilma \u00e9 hostil, diz Indon\u00e9sia, e acentua crise Bras\u00edlia-Jacarta - Notibras<\/title>\n<meta name=\"robots\" content=\"index, follow, max-snippet:-1, max-image-preview:large, max-video-preview:-1\" \/>\n<link rel=\"canonical\" href=\"https:\/\/www.notibras.com\/site\/dilma-e-hostil-diz-indonesia-e-acentua-crise-entre-brasilia-e-jacarta\/\" \/>\n<meta property=\"og:locale\" content=\"pt_BR\" \/>\n<meta property=\"og:type\" content=\"article\" \/>\n<meta property=\"og:title\" content=\"Dilma \u00e9 hostil, diz Indon\u00e9sia, e acentua crise Bras\u00edlia-Jacarta - Notibras\" \/>\n<meta property=\"og:description\" content=\"O governo da Indon\u00e9sia protestou contra o gesto da presidenta Dilma Rousseff, que n\u00e3o recebeu as credenciais de seu novo embaixador designado para servir no Brasil, Toto Riyanto, em cerim\u00f4nia realizada na nesta sexta 20 no Pal\u00e1cio do Planalto. Al\u00e9m de publicar uma nota de rep\u00fadio em seu site oficial, o Minist\u00e9rio das Rela\u00e7\u00f5es Exteriores [&hellip;]\" \/>\n<meta property=\"og:url\" content=\"https:\/\/www.notibras.com\/site\/dilma-e-hostil-diz-indonesia-e-acentua-crise-entre-brasilia-e-jacarta\/\" \/>\n<meta property=\"og:site_name\" content=\"Notibras\" \/>\n<meta property=\"article:publisher\" content=\"https:\/\/www.facebook.com\/notibras\/\" \/>\n<meta property=\"article:published_time\" content=\"2015-02-21T01:51:27+00:00\" \/>\n<meta property=\"article:modified_time\" content=\"2015-02-21T17:30:21+00:00\" \/>\n<meta property=\"og:image\" content=\"https:\/\/www.notibras.com\/site\/wp-content\/uploads\/2015\/02\/947993-dsc_4281.jpg\" \/>\n\t<meta property=\"og:image:width\" content=\"580\" \/>\n\t<meta property=\"og:image:height\" content=\"388\" \/>\n\t<meta property=\"og:image:type\" content=\"image\/jpeg\" \/>\n<meta name=\"author\" content=\"Reda\u00e7\u00e3o\" \/>\n<meta name=\"twitter:card\" content=\"summary_large_image\" \/>\n<meta name=\"twitter:creator\" content=\"@Notibras\" \/>\n<meta name=\"twitter:site\" content=\"@Notibras\" \/>\n<meta name=\"twitter:label1\" content=\"Escrito por\" \/>\n\t<meta name=\"twitter:data1\" content=\"Reda\u00e7\u00e3o\" \/>\n\t<meta name=\"twitter:label2\" content=\"Est. tempo de leitura\" \/>\n\t<meta name=\"twitter:data2\" content=\"2 minutos\" \/>\n<script type=\"application\/ld+json\" class=\"yoast-schema-graph\">{\"@context\":\"https:\/\/schema.org\",\"@graph\":[{\"@type\":\"Article\",\"@id\":\"https:\/\/www.notibras.com\/site\/dilma-e-hostil-diz-indonesia-e-acentua-crise-entre-brasilia-e-jacarta\/#article\",\"isPartOf\":{\"@id\":\"https:\/\/www.notibras.com\/site\/dilma-e-hostil-diz-indonesia-e-acentua-crise-entre-brasilia-e-jacarta\/\"},\"author\":{\"name\":\"Reda\u00e7\u00e3o\",\"@id\":\"https:\/\/www.notibras.com\/site\/#\/schema\/person\/36ab0979449956132d3e5b517ea76ac8\"},\"headline\":\"Dilma \u00e9 hostil, diz Indon\u00e9sia, e acentua crise Bras\u00edlia-Jacarta\",\"datePublished\":\"2015-02-21T01:51:27+00:00\",\"dateModified\":\"2015-02-21T17:30:21+00:00\",\"mainEntityOfPage\":{\"@id\":\"https:\/\/www.notibras.com\/site\/dilma-e-hostil-diz-indonesia-e-acentua-crise-entre-brasilia-e-jacarta\/\"},\"wordCount\":377,\"commentCount\":0,\"publisher\":{\"@id\":\"https:\/\/www.notibras.com\/site\/#organization\"},\"image\":{\"@id\":\"https:\/\/www.notibras.com\/site\/dilma-e-hostil-diz-indonesia-e-acentua-crise-entre-brasilia-e-jacarta\/#primaryimage\"},\"thumbnailUrl\":\"https:\/\/www.notibras.com\/site\/wp-content\/uploads\/2015\/02\/947993-dsc_4281.jpg\",\"articleSection\":[\"Brasil\"],\"inLanguage\":\"pt-BR\",\"potentialAction\":[{\"@type\":\"CommentAction\",\"name\":\"Comment\",\"target\":[\"https:\/\/www.notibras.com\/site\/dilma-e-hostil-diz-indonesia-e-acentua-crise-entre-brasilia-e-jacarta\/#respond\"]}]},{\"@type\":\"WebPage\",\"@id\":\"https:\/\/www.notibras.com\/site\/dilma-e-hostil-diz-indonesia-e-acentua-crise-entre-brasilia-e-jacarta\/\",\"url\":\"https:\/\/www.notibras.com\/site\/dilma-e-hostil-diz-indonesia-e-acentua-crise-entre-brasilia-e-jacarta\/\",\"name\":\"Dilma \u00e9 hostil, diz Indon\u00e9sia, e acentua crise Bras\u00edlia-Jacarta - Notibras\",\"isPartOf\":{\"@id\":\"https:\/\/www.notibras.com\/site\/#website\"},\"primaryImageOfPage\":{\"@id\":\"https:\/\/www.notibras.com\/site\/dilma-e-hostil-diz-indonesia-e-acentua-crise-entre-brasilia-e-jacarta\/#primaryimage\"},\"image\":{\"@id\":\"https:\/\/www.notibras.com\/site\/dilma-e-hostil-diz-indonesia-e-acentua-crise-entre-brasilia-e-jacarta\/#primaryimage\"},\"thumbnailUrl\":\"https:\/\/www.notibras.com\/site\/wp-content\/uploads\/2015\/02\/947993-dsc_4281.jpg\",\"datePublished\":\"2015-02-21T01:51:27+00:00\",\"dateModified\":\"2015-02-21T17:30:21+00:00\",\"breadcrumb\":{\"@id\":\"https:\/\/www.notibras.com\/site\/dilma-e-hostil-diz-indonesia-e-acentua-crise-entre-brasilia-e-jacarta\/#breadcrumb\"},\"inLanguage\":\"pt-BR\",\"potentialAction\":[{\"@type\":\"ReadAction\",\"target\":[\"https:\/\/www.notibras.com\/site\/dilma-e-hostil-diz-indonesia-e-acentua-crise-entre-brasilia-e-jacarta\/\"]}]},{\"@type\":\"ImageObject\",\"inLanguage\":\"pt-BR\",\"@id\":\"https:\/\/www.notibras.com\/site\/dilma-e-hostil-diz-indonesia-e-acentua-crise-entre-brasilia-e-jacarta\/#primaryimage\",\"url\":\"https:\/\/www.notibras.com\/site\/wp-content\/uploads\/2015\/02\/947993-dsc_4281.jpg\",\"contentUrl\":\"https:\/\/www.notibras.com\/site\/wp-content\/uploads\/2015\/02\/947993-dsc_4281.jpg\",\"width\":580,\"height\":388},{\"@type\":\"BreadcrumbList\",\"@id\":\"https:\/\/www.notibras.com\/site\/dilma-e-hostil-diz-indonesia-e-acentua-crise-entre-brasilia-e-jacarta\/#breadcrumb\",\"itemListElement\":[{\"@type\":\"ListItem\",\"position\":1,\"name\":\"In\u00edcio\",\"item\":\"https:\/\/www.notibras.com\/site\/\"},{\"@type\":\"ListItem\",\"position\":2,\"name\":\"Dilma \u00e9 hostil, diz Indon\u00e9sia, e acentua crise Bras\u00edlia-Jacarta\"}]},{\"@type\":\"WebSite\",\"@id\":\"https:\/\/www.notibras.com\/site\/#website\",\"url\":\"https:\/\/www.notibras.com\/site\/\",\"name\":\"Notibras\",\"description\":\"Not\u00edcias de Bras\u00edlia, do Brasil e do Mundo\",\"publisher\":{\"@id\":\"https:\/\/www.notibras.com\/site\/#organization\"},\"potentialAction\":[{\"@type\":\"SearchAction\",\"target\":{\"@type\":\"EntryPoint\",\"urlTemplate\":\"https:\/\/www.notibras.com\/site\/?s={search_term_string}\"},\"query-input\":{\"@type\":\"PropertyValueSpecification\",\"valueRequired\":true,\"valueName\":\"search_term_string\"}}],\"inLanguage\":\"pt-BR\"},{\"@type\":\"Organization\",\"@id\":\"https:\/\/www.notibras.com\/site\/#organization\",\"name\":\"Grupo Notibras de Comunica\u00e7\u00e3o\",\"url\":\"https:\/\/www.notibras.com\/site\/\",\"logo\":{\"@type\":\"ImageObject\",\"inLanguage\":\"pt-BR\",\"@id\":\"https:\/\/www.notibras.com\/site\/#\/schema\/logo\/image\/\",\"url\":\"https:\/\/www.notibras.com\/site\/wp-content\/uploads\/2023\/01\/notibras23.png\",\"contentUrl\":\"https:\/\/www.notibras.com\/site\/wp-content\/uploads\/2023\/01\/notibras23.png\",\"width\":350,\"height\":87,\"caption\":\"Grupo Notibras de Comunica\u00e7\u00e3o\"},\"image\":{\"@id\":\"https:\/\/www.notibras.com\/site\/#\/schema\/logo\/image\/\"},\"sameAs\":[\"https:\/\/www.facebook.com\/notibras\/\",\"https:\/\/x.com\/Notibras\",\"https:\/\/www.instagram.com\/notibras\/\"]},{\"@type\":\"Person\",\"@id\":\"https:\/\/www.notibras.com\/site\/#\/schema\/person\/36ab0979449956132d3e5b517ea76ac8\",\"name\":\"Reda\u00e7\u00e3o\",\"image\":{\"@type\":\"ImageObject\",\"inLanguage\":\"pt-BR\",\"@id\":\"https:\/\/secure.gravatar.com\/avatar\/e0a867bdedb85fd243eadf09663511f96fc81e0720a4a42581f334ad4303aa6b?s=96&d=mm&r=g\",\"url\":\"https:\/\/secure.gravatar.com\/avatar\/e0a867bdedb85fd243eadf09663511f96fc81e0720a4a42581f334ad4303aa6b?s=96&d=mm&r=g\",\"contentUrl\":\"https:\/\/secure.gravatar.com\/avatar\/e0a867bdedb85fd243eadf09663511f96fc81e0720a4a42581f334ad4303aa6b?s=96&d=mm&r=g\",\"caption\":\"Reda\u00e7\u00e3o\"}}]}<\/script>\n<!-- \/ Yoast SEO plugin. -->","yoast_head_json":{"title":"Dilma \u00e9 hostil, diz Indon\u00e9sia, e acentua crise Bras\u00edlia-Jacarta - Notibras","robots":{"index":"index","follow":"follow","max-snippet":"max-snippet:-1","max-image-preview":"max-image-preview:large","max-video-preview":"max-video-preview:-1"},"canonical":"https:\/\/www.notibras.com\/site\/dilma-e-hostil-diz-indonesia-e-acentua-crise-entre-brasilia-e-jacarta\/","og_locale":"pt_BR","og_type":"article","og_title":"Dilma \u00e9 hostil, diz Indon\u00e9sia, e acentua crise Bras\u00edlia-Jacarta - Notibras","og_description":"O governo da Indon\u00e9sia protestou contra o gesto da presidenta Dilma Rousseff, que n\u00e3o recebeu as credenciais de seu novo embaixador designado para servir no Brasil, Toto Riyanto, em cerim\u00f4nia realizada na nesta sexta 20 no Pal\u00e1cio do Planalto. Al\u00e9m de publicar uma nota de rep\u00fadio em seu site oficial, o Minist\u00e9rio das Rela\u00e7\u00f5es Exteriores [&hellip;]","og_url":"https:\/\/www.notibras.com\/site\/dilma-e-hostil-diz-indonesia-e-acentua-crise-entre-brasilia-e-jacarta\/","og_site_name":"Notibras","article_publisher":"https:\/\/www.facebook.com\/notibras\/","article_published_time":"2015-02-21T01:51:27+00:00","article_modified_time":"2015-02-21T17:30:21+00:00","og_image":[{"width":580,"height":388,"url":"https:\/\/www.notibras.com\/site\/wp-content\/uploads\/2015\/02\/947993-dsc_4281.jpg","type":"image\/jpeg"}],"author":"Reda\u00e7\u00e3o","twitter_card":"summary_large_image","twitter_creator":"@Notibras","twitter_site":"@Notibras","twitter_misc":{"Escrito por":"Reda\u00e7\u00e3o","Est. tempo de leitura":"2 minutos"},"schema":{"@context":"https:\/\/schema.org","@graph":[{"@type":"Article","@id":"https:\/\/www.notibras.com\/site\/dilma-e-hostil-diz-indonesia-e-acentua-crise-entre-brasilia-e-jacarta\/#article","isPartOf":{"@id":"https:\/\/www.notibras.com\/site\/dilma-e-hostil-diz-indonesia-e-acentua-crise-entre-brasilia-e-jacarta\/"},"author":{"name":"Reda\u00e7\u00e3o","@id":"https:\/\/www.notibras.com\/site\/#\/schema\/person\/36ab0979449956132d3e5b517ea76ac8"},"headline":"Dilma \u00e9 hostil, diz Indon\u00e9sia, e acentua crise Bras\u00edlia-Jacarta","datePublished":"2015-02-21T01:51:27+00:00","dateModified":"2015-02-21T17:30:21+00:00","mainEntityOfPage":{"@id":"https:\/\/www.notibras.com\/site\/dilma-e-hostil-diz-indonesia-e-acentua-crise-entre-brasilia-e-jacarta\/"},"wordCount":377,"commentCount":0,"publisher":{"@id":"https:\/\/www.notibras.com\/site\/#organization"},"image":{"@id":"https:\/\/www.notibras.com\/site\/dilma-e-hostil-diz-indonesia-e-acentua-crise-entre-brasilia-e-jacarta\/#primaryimage"},"thumbnailUrl":"https:\/\/www.notibras.com\/site\/wp-content\/uploads\/2015\/02\/947993-dsc_4281.jpg","articleSection":["Brasil"],"inLanguage":"pt-BR","potentialAction":[{"@type":"CommentAction","name":"Comment","target":["https:\/\/www.notibras.com\/site\/dilma-e-hostil-diz-indonesia-e-acentua-crise-entre-brasilia-e-jacarta\/#respond"]}]},{"@type":"WebPage","@id":"https:\/\/www.notibras.com\/site\/dilma-e-hostil-diz-indonesia-e-acentua-crise-entre-brasilia-e-jacarta\/","url":"https:\/\/www.notibras.com\/site\/dilma-e-hostil-diz-indonesia-e-acentua-crise-entre-brasilia-e-jacarta\/","name":"Dilma \u00e9 hostil, diz Indon\u00e9sia, e acentua crise Bras\u00edlia-Jacarta - Notibras","isPartOf":{"@id":"https:\/\/www.notibras.com\/site\/#website"},"primaryImageOfPage":{"@id":"https:\/\/www.notibras.com\/site\/dilma-e-hostil-diz-indonesia-e-acentua-crise-entre-brasilia-e-jacarta\/#primaryimage"},"image":{"@id":"https:\/\/www.notibras.com\/site\/dilma-e-hostil-diz-indonesia-e-acentua-crise-entre-brasilia-e-jacarta\/#primaryimage"},"thumbnailUrl":"https:\/\/www.notibras.com\/site\/wp-content\/uploads\/2015\/02\/947993-dsc_4281.jpg","datePublished":"2015-02-21T01:51:27+00:00","dateModified":"2015-02-21T17:30:21+00:00","breadcrumb":{"@id":"https:\/\/www.notibras.com\/site\/dilma-e-hostil-diz-indonesia-e-acentua-crise-entre-brasilia-e-jacarta\/#breadcrumb"},"inLanguage":"pt-BR","potentialAction":[{"@type":"ReadAction","target":["https:\/\/www.notibras.com\/site\/dilma-e-hostil-diz-indonesia-e-acentua-crise-entre-brasilia-e-jacarta\/"]}]},{"@type":"ImageObject","inLanguage":"pt-BR","@id":"https:\/\/www.notibras.com\/site\/dilma-e-hostil-diz-indonesia-e-acentua-crise-entre-brasilia-e-jacarta\/#primaryimage","url":"https:\/\/www.notibras.com\/site\/wp-content\/uploads\/2015\/02\/947993-dsc_4281.jpg","contentUrl":"https:\/\/www.notibras.com\/site\/wp-content\/uploads\/2015\/02\/947993-dsc_4281.jpg","width":580,"height":388},{"@type":"BreadcrumbList","@id":"https:\/\/www.notibras.com\/site\/dilma-e-hostil-diz-indonesia-e-acentua-crise-entre-brasilia-e-jacarta\/#breadcrumb","itemListElement":[{"@type":"ListItem","position":1,"name":"In\u00edcio","item":"https:\/\/www.notibras.com\/site\/"},{"@type":"ListItem","position":2,"name":"Dilma \u00e9 hostil, diz Indon\u00e9sia, e acentua crise Bras\u00edlia-Jacarta"}]},{"@type":"WebSite","@id":"https:\/\/www.notibras.com\/site\/#website","url":"https:\/\/www.notibras.com\/site\/","name":"Notibras","description":"Not\u00edcias de Bras\u00edlia, do Brasil e do Mundo","publisher":{"@id":"https:\/\/www.notibras.com\/site\/#organization"},"potentialAction":[{"@type":"SearchAction","target":{"@type":"EntryPoint","urlTemplate":"https:\/\/www.notibras.com\/site\/?s={search_term_string}"},"query-input":{"@type":"PropertyValueSpecification","valueRequired":true,"valueName":"search_term_string"}}],"inLanguage":"pt-BR"},{"@type":"Organization","@id":"https:\/\/www.notibras.com\/site\/#organization","name":"Grupo Notibras de Comunica\u00e7\u00e3o","url":"https:\/\/www.notibras.com\/site\/","logo":{"@type":"ImageObject","inLanguage":"pt-BR","@id":"https:\/\/www.notibras.com\/site\/#\/schema\/logo\/image\/","url":"https:\/\/www.notibras.com\/site\/wp-content\/uploads\/2023\/01\/notibras23.png","contentUrl":"https:\/\/www.notibras.com\/site\/wp-content\/uploads\/2023\/01\/notibras23.png","width":350,"height":87,"caption":"Grupo Notibras de Comunica\u00e7\u00e3o"},"image":{"@id":"https:\/\/www.notibras.com\/site\/#\/schema\/logo\/image\/"},"sameAs":["https:\/\/www.facebook.com\/notibras\/","https:\/\/x.com\/Notibras","https:\/\/www.instagram.com\/notibras\/"]},{"@type":"Person","@id":"https:\/\/www.notibras.com\/site\/#\/schema\/person\/36ab0979449956132d3e5b517ea76ac8","name":"Reda\u00e7\u00e3o","image":{"@type":"ImageObject","inLanguage":"pt-BR","@id":"https:\/\/secure.gravatar.com\/avatar\/e0a867bdedb85fd243eadf09663511f96fc81e0720a4a42581f334ad4303aa6b?s=96&d=mm&r=g","url":"https:\/\/secure.gravatar.com\/avatar\/e0a867bdedb85fd243eadf09663511f96fc81e0720a4a42581f334ad4303aa6b?s=96&d=mm&r=g","contentUrl":"https:\/\/secure.gravatar.com\/avatar\/e0a867bdedb85fd243eadf09663511f96fc81e0720a4a42581f334ad4303aa6b?s=96&d=mm&r=g","caption":"Reda\u00e7\u00e3o"}}]}},"amp_enabled":true,"_links":{"self":[{"href":"https:\/\/www.notibras.com\/site\/wp-json\/wp\/v2\/posts\/37714","targetHints":{"allow":["GET"]}}],"collection":[{"href":"https:\/\/www.notibras.com\/site\/wp-json\/wp\/v2\/posts"}],"about":[{"href":"https:\/\/www.notibras.com\/site\/wp-json\/wp\/v2\/types\/post"}],"author":[{"embeddable":true,"href":"https:\/\/www.notibras.com\/site\/wp-json\/wp\/v2\/users\/2"}],"replies":[{"embeddable":true,"href":"https:\/\/www.notibras.com\/site\/wp-json\/wp\/v2\/comments?post=37714"}],"version-history":[{"count":0,"href":"https:\/\/www.notibras.com\/site\/wp-json\/wp\/v2\/posts\/37714\/revisions"}],"wp:featuredmedia":[{"embeddable":true,"href":"https:\/\/www.notibras.com\/site\/wp-json\/wp\/v2\/media\/37715"}],"wp:attachment":[{"href":"https:\/\/www.notibras.com\/site\/wp-json\/wp\/v2\/media?parent=37714"}],"wp:term":[{"taxonomy":"category","embeddable":true,"href":"https:\/\/www.notibras.com\/site\/wp-json\/wp\/v2\/categories?post=37714"},{"taxonomy":"post_tag","embeddable":true,"href":"https:\/\/www.notibras.com\/site\/wp-json\/wp\/v2\/tags?post=37714"}],"curies":[{"name":"wp","href":"https:\/\/api.w.org\/{rel}","templated":true}]}}