{"id":377180,"date":"2025-12-31T15:29:28","date_gmt":"2025-12-31T18:29:28","guid":{"rendered":"https:\/\/www.notibras.com\/site\/?p=377180"},"modified":"2025-12-31T15:29:28","modified_gmt":"2025-12-31T18:29:28","slug":"erveiras-se-atualizam-para-atender-novas-tradicoes","status":"publish","type":"post","link":"https:\/\/www.notibras.com\/site\/erveiras-se-atualizam-para-atender-novas-tradicoes\/","title":{"rendered":"Erveiras se atualizam para atender novas tradi\u00e7\u00f5es"},"content":{"rendered":"<p>O movimento na barraca de ervas de Elisabete Monteiro, no Mercad\u00e3o de Madureira, n\u00e3o para, e seu celular toca sem parar. Dona do ponto no centro de com\u00e9rcio popular na zona norte do Rio de Janeiro, ela atende, faz a venda por telefone e depois explica \u00e0 reportagem da Ag\u00eancia Brasil:<\/p>\n<p>\u201cEssa aqui \u00e9 uma cliente que acabou de sair e esqueceu a folha de bananeira. Quer que eu leve para o Uber l\u00e1 na porta do mercado, mas eu n\u00e3o posso, estou com muito movimento. Eu vou levar para minha casa, e ela vai buscar l\u00e1, de noite\u201d.<\/p>\n<p>O pedido urgente da bananeira \u00e9 para uma celebra\u00e7\u00e3o prevista para aquela noite mesmo, em um terreiro de religi\u00e3o afro-brasileira. As folhas, nessas cren\u00e7as, representam o ax\u00e9, a for\u00e7a vital que conecta o mundo espiritual ao mundo real, sendo cada esp\u00e9cie usada para uma finalidade, como rituais, oferendas e banhos.<\/p>\n<p>Para atender a essas religi\u00f5es, Dona Rosa, a erveira mais antiga do Mercad\u00e3o, m\u00e3e de Bete, reorientou a produ\u00e7\u00e3o de verduras e hortali\u00e7as, h\u00e1 50 anos. A agricultora, que veio de Portugal, aprendeu, no Brasil, com os pais e m\u00e3es de santo, a plantar e colher as ervas que hoje abastecem feiras livres e bancas em toda a cidade. Hoje, a fam\u00edlia cultiva folhas em tr\u00eas hortas, em Iraj\u00e1, perto do Mercad\u00e3o.<\/p>\n<p>\u201cIniciamos com umbanda e candombl\u00e9 [jeje], depois passamos a atender [candombl\u00e9] Ketu e Angola, e hoje temos o If\u00e1, que vende bem\u201d, conta Luiza de F\u00e1tima Monteiro, a outra filha de Rosa, que \u00e9 cat\u00f3lica e comanda outra barraca da fam\u00edlia.<\/p>\n<p><strong>Tradi\u00e7\u00e3o que evolui<\/strong><br \/>\nRefer\u00eancia para os terreiros, a fam\u00edlia de Rosa busca se atualizar para atender a novos pedidos. S\u00e3o as tradi\u00e7\u00f5es religiosas que orientam, por exemplo, a forma de plantar e colher, de acordo com os ciclos da lua, e a de secar, al\u00e9m da qualidade das ervas \u2013 muitas utilizadas tamb\u00e9m em cuidados de sa\u00fade.<\/p>\n<p>\u201cOs rituais religiosos s\u00e3o como a tecnologia, evoluem\u201d, destaca Bete, candomblecista e frequentadora do If\u00e1. \u201cFolha \u00e9 a mesma coisa. Toda hora, voc\u00ea aprende uma magia nova, um rem\u00e9dio novo, sai um estudo, comprova que faz bem para uma coisa, h\u00e1 uma evolu\u00e7\u00e3o\u201d, completa.<\/p>\n<p>Mais recentemente, a fam\u00edlia passou a fornecer para o If\u00e1, uma filosofia que preserva saberes e pr\u00e1ticas do povo iorub\u00e1. Para isso, foi necess\u00e1rio encontrar novas esp\u00e9cies, que n\u00e3o existiam no Brasil. O jeito foi comprar de viajantes vindos da Nig\u00e9ria ou de Cuba.<\/p>\n<p>\u201cN\u00f3s pedimos para trazerem as mudas de l\u00e1, como as de orob\u00f4, obi, arid\u00e3 e tet\u00e9 (caruru de mancha), que vieram com os religiosos ou de nossos clientes mesmos\u201d, revela Elisabete. \u201cHoje, elas j\u00e1 est\u00e3o dando. N\u00f3s somos um dos \u00fanicos produtores dessas plantas no Rio\u201d, o que torna as barracas as mais procuradas.<\/p>\n<p>H\u00e1 alguns anos, Bete lembra que era mais f\u00e1cil conseguir plantas ex\u00f3ticas, ou seja, de fora do Brasil, no Horto do Jardim Bot\u00e2nico, onde ela comprou uma muda de baob\u00e1 \u2500 \u00e1rvore considera sagrada pelas religi\u00f5es afro \u2500 que plantou no quintal.<\/p>\n<p>\u201cEu tenho um baob\u00e1 na minha casa que \u00e9 de l\u00e1 [Nig\u00e9ria], mas, hoje n\u00e3o t\u00eam mais para venda nem doa\u00e7\u00e3o. Era importante ter, para fornecer para essas pr\u00e1ticas\u201d, avalia Bete. \u201cDe baob\u00e1 mesmo, eu n\u00e3o tenho tempo de fazer, e as pessoas pedem\u201d.<\/p>\n<p>O horto do JB existe h\u00e1 120 anos, mas h\u00e1 dez n\u00e3o doa mais para o p\u00fablico. Hoje, o \u00f3rg\u00e3o repassa mudas da Mata Atl\u00e2ntica para o poder p\u00fablico e a\u00e7\u00f5es de reflorestamento.<\/p>\n<p><strong>Uso requer cuidados<\/strong><br \/>\nO conhecimento ancestral de erveiras, benzedeiras e curandeiras est\u00e1 na base de avan\u00e7os cient\u00edficos e presente no modo que os brasileiros cuidam da sa\u00fade. Mas, o uso de elementos da natureza, seja para fins medicinais ou rituais, deve ter acompanhamento, alerta a professora de biotecnologia vegetal, Andrea Furtado Macedo, da Universidade Federal do Estado do Rio de Janeiro (Unirio). Ela lembra que algumas plantas, como a erva de guin\u00e9, usada em banhos de descarrego, podem causar dermatites.<\/p>\n<p>\u201cSe tomar banho de Guine, n\u00e3o pode se expor ao Sol, para evitar queimaduras\u201d, alerta.<\/p>\n<p>\u201cO Brasil \u00e9 um grande caldeir\u00e3o quente em termos de inova\u00e7\u00e3o, porque temos tanto a diversidade biol\u00f3gica, quanto social, fruto do conhecimento de imigrantes [europeus], africanos, popula\u00e7\u00f5es ind\u00edgenas, ribeirinhas, cai\u00e7aras, ent\u00e3o, sim, \u00e9 poss\u00edvel fazer uso de plantas medicinais, mas com cuidado\u201d, refor\u00e7a Andrea.<\/p>\n<p>A pesquisadora desaconselha a automedica\u00e7\u00e3o e destaca o risco de efeitos colaterais e intoxica\u00e7\u00e3o.<\/p>\n<p>\u201cAs plantas podem fazer bem, como podem fazer mal\u201d, diz. \u201cElas podem interagir com medicamentos que a pessoa j\u00e1 fa\u00e7a uso, podem provocar rea\u00e7\u00f5es adversas e ser at\u00e9 fatais\u201d, adverte.<\/p>\n<p>Para ela, acreditar na ci\u00eancia \u00e9 a melhor forma de se proteger desses problemas. \u201cMuitas plantas medicinais ainda n\u00e3o passaram por todas etapas da pesquisa cient\u00edfica, incluindo testes cl\u00ednicos, apesar da import\u00e2ncia do conhecimento etnofarmacol\u00f3gico, ainda h\u00e1 muita adultera\u00e7\u00e3o\u201d, informa.<\/p>\n<p>Andrea d\u00e1 como exemplo a erva espinheira-santa. \u201cO uso dela \u00e9 comprovado para combater gastrite, \u00falcera, mas \u00e9 dif\u00edcil encontrar a esp\u00e9cie verdadeira \u00e0 venda\u201d.<\/p>\n<p>As recomenda\u00e7\u00f5es de uso, mesmo ritual, devem ser feitas por quem conhece as plantas. Nos terreiros, por exemplo, por ialorix\u00e1s e babalorix\u00e1s, explica M\u00e3e Nilce de Ians\u00e3, coordenadora da Rede nacional de Religi\u00f5es Afro-Brasileiras (Renafro).<\/p>\n<p>A Renafro acrescenta que os usos das folhas para cuidados de sa\u00fade, como banhos, sejam reconhecidos como Pr\u00e1ticas Integrativas e Complementares de Sa\u00fade (PIC), pelo Sistema \u00danico de Sa\u00fade (SUS). As abordagens terap\u00eauticas inclu\u00eddas nas PIC t\u00eam objetivo de prevenir e promover a sa\u00fade. O Minist\u00e9rio da Sa\u00fade j\u00e1 oferece 29 dessas pr\u00e1ticas. Entre elas, reiki, homeopatia, yoga e a acupuntura.<\/p>\n","protected":false},"excerpt":{"rendered":"<p>O movimento na barraca de ervas de Elisabete Monteiro, no Mercad\u00e3o de Madureira, n\u00e3o para, e seu celular toca sem parar. Dona do ponto no centro de com\u00e9rcio popular na zona norte do Rio de Janeiro, ela atende, faz a venda por telefone e depois explica \u00e0 reportagem da Ag\u00eancia Brasil: \u201cEssa aqui \u00e9 uma [&hellip;]<\/p>\n","protected":false},"author":2,"featured_media":377181,"comment_status":"closed","ping_status":"closed","sticky":false,"template":"","format":"standard","meta":{"_acf_changed":false,"footnotes":""},"categories":[155],"tags":[],"class_list":["post-377180","post","type-post","status-publish","format-standard","has-post-thumbnail","hentry","category-leitura-vip"],"acf":[],"yoast_head":"<!-- This site is optimized with the Yoast SEO plugin v27.2 - https:\/\/yoast.com\/product\/yoast-seo-wordpress\/ -->\n<title>Erveiras se atualizam para atender novas tradi\u00e7\u00f5es - Notibras<\/title>\n<meta name=\"robots\" content=\"index, follow, max-snippet:-1, max-image-preview:large, max-video-preview:-1\" \/>\n<link rel=\"canonical\" href=\"https:\/\/www.notibras.com\/site\/erveiras-se-atualizam-para-atender-novas-tradicoes\/\" \/>\n<meta property=\"og:locale\" content=\"pt_BR\" \/>\n<meta property=\"og:type\" content=\"article\" \/>\n<meta property=\"og:title\" content=\"Erveiras se atualizam para atender novas tradi\u00e7\u00f5es - Notibras\" \/>\n<meta property=\"og:description\" content=\"O movimento na barraca de ervas de Elisabete Monteiro, no Mercad\u00e3o de Madureira, n\u00e3o para, e seu celular toca sem parar. Dona do ponto no centro de com\u00e9rcio popular na zona norte do Rio de Janeiro, ela atende, faz a venda por telefone e depois explica \u00e0 reportagem da Ag\u00eancia Brasil: \u201cEssa aqui \u00e9 uma [&hellip;]\" \/>\n<meta property=\"og:url\" content=\"https:\/\/www.notibras.com\/site\/erveiras-se-atualizam-para-atender-novas-tradicoes\/\" \/>\n<meta property=\"og:site_name\" content=\"Notibras\" \/>\n<meta property=\"article:publisher\" content=\"https:\/\/www.facebook.com\/notibras\/\" \/>\n<meta property=\"article:published_time\" content=\"2025-12-31T18:29:28+00:00\" \/>\n<meta property=\"og:image\" content=\"https:\/\/www.notibras.com\/site\/wp-content\/uploads\/2025\/12\/d6a4081.webp\" \/>\n\t<meta property=\"og:image:width\" content=\"1170\" \/>\n\t<meta property=\"og:image:height\" content=\"700\" \/>\n\t<meta property=\"og:image:type\" content=\"image\/webp\" \/>\n<meta name=\"author\" content=\"Reda\u00e7\u00e3o\" \/>\n<meta name=\"twitter:card\" content=\"summary_large_image\" \/>\n<meta name=\"twitter:creator\" content=\"@Notibras\" \/>\n<meta name=\"twitter:site\" content=\"@Notibras\" \/>\n<meta name=\"twitter:label1\" content=\"Escrito por\" \/>\n\t<meta name=\"twitter:data1\" content=\"Reda\u00e7\u00e3o\" \/>\n\t<meta name=\"twitter:label2\" content=\"Est. tempo de leitura\" \/>\n\t<meta name=\"twitter:data2\" content=\"6 minutos\" \/>\n<script type=\"application\/ld+json\" class=\"yoast-schema-graph\">{\"@context\":\"https:\/\/schema.org\",\"@graph\":[{\"@type\":\"Article\",\"@id\":\"https:\/\/www.notibras.com\/site\/erveiras-se-atualizam-para-atender-novas-tradicoes\/#article\",\"isPartOf\":{\"@id\":\"https:\/\/www.notibras.com\/site\/erveiras-se-atualizam-para-atender-novas-tradicoes\/\"},\"author\":{\"name\":\"Reda\u00e7\u00e3o\",\"@id\":\"https:\/\/www.notibras.com\/site\/#\/schema\/person\/36ab0979449956132d3e5b517ea76ac8\"},\"headline\":\"Erveiras se atualizam para atender novas tradi\u00e7\u00f5es\",\"datePublished\":\"2025-12-31T18:29:28+00:00\",\"mainEntityOfPage\":{\"@id\":\"https:\/\/www.notibras.com\/site\/erveiras-se-atualizam-para-atender-novas-tradicoes\/\"},\"wordCount\":1014,\"publisher\":{\"@id\":\"https:\/\/www.notibras.com\/site\/#organization\"},\"image\":{\"@id\":\"https:\/\/www.notibras.com\/site\/erveiras-se-atualizam-para-atender-novas-tradicoes\/#primaryimage\"},\"thumbnailUrl\":\"https:\/\/www.notibras.com\/site\/wp-content\/uploads\/2025\/12\/d6a4081.webp\",\"articleSection\":[\"Leitura Vip\"],\"inLanguage\":\"pt-BR\"},{\"@type\":\"WebPage\",\"@id\":\"https:\/\/www.notibras.com\/site\/erveiras-se-atualizam-para-atender-novas-tradicoes\/\",\"url\":\"https:\/\/www.notibras.com\/site\/erveiras-se-atualizam-para-atender-novas-tradicoes\/\",\"name\":\"Erveiras se atualizam para atender novas tradi\u00e7\u00f5es - Notibras\",\"isPartOf\":{\"@id\":\"https:\/\/www.notibras.com\/site\/#website\"},\"primaryImageOfPage\":{\"@id\":\"https:\/\/www.notibras.com\/site\/erveiras-se-atualizam-para-atender-novas-tradicoes\/#primaryimage\"},\"image\":{\"@id\":\"https:\/\/www.notibras.com\/site\/erveiras-se-atualizam-para-atender-novas-tradicoes\/#primaryimage\"},\"thumbnailUrl\":\"https:\/\/www.notibras.com\/site\/wp-content\/uploads\/2025\/12\/d6a4081.webp\",\"datePublished\":\"2025-12-31T18:29:28+00:00\",\"breadcrumb\":{\"@id\":\"https:\/\/www.notibras.com\/site\/erveiras-se-atualizam-para-atender-novas-tradicoes\/#breadcrumb\"},\"inLanguage\":\"pt-BR\",\"potentialAction\":[{\"@type\":\"ReadAction\",\"target\":[\"https:\/\/www.notibras.com\/site\/erveiras-se-atualizam-para-atender-novas-tradicoes\/\"]}]},{\"@type\":\"ImageObject\",\"inLanguage\":\"pt-BR\",\"@id\":\"https:\/\/www.notibras.com\/site\/erveiras-se-atualizam-para-atender-novas-tradicoes\/#primaryimage\",\"url\":\"https:\/\/www.notibras.com\/site\/wp-content\/uploads\/2025\/12\/d6a4081.webp\",\"contentUrl\":\"https:\/\/www.notibras.com\/site\/wp-content\/uploads\/2025\/12\/d6a4081.webp\",\"width\":1170,\"height\":700},{\"@type\":\"BreadcrumbList\",\"@id\":\"https:\/\/www.notibras.com\/site\/erveiras-se-atualizam-para-atender-novas-tradicoes\/#breadcrumb\",\"itemListElement\":[{\"@type\":\"ListItem\",\"position\":1,\"name\":\"In\u00edcio\",\"item\":\"https:\/\/www.notibras.com\/site\/\"},{\"@type\":\"ListItem\",\"position\":2,\"name\":\"Erveiras se atualizam para atender novas tradi\u00e7\u00f5es\"}]},{\"@type\":\"WebSite\",\"@id\":\"https:\/\/www.notibras.com\/site\/#website\",\"url\":\"https:\/\/www.notibras.com\/site\/\",\"name\":\"Notibras\",\"description\":\"Not\u00edcias de Bras\u00edlia, do Brasil e do Mundo\",\"publisher\":{\"@id\":\"https:\/\/www.notibras.com\/site\/#organization\"},\"potentialAction\":[{\"@type\":\"SearchAction\",\"target\":{\"@type\":\"EntryPoint\",\"urlTemplate\":\"https:\/\/www.notibras.com\/site\/?s={search_term_string}\"},\"query-input\":{\"@type\":\"PropertyValueSpecification\",\"valueRequired\":true,\"valueName\":\"search_term_string\"}}],\"inLanguage\":\"pt-BR\"},{\"@type\":\"Organization\",\"@id\":\"https:\/\/www.notibras.com\/site\/#organization\",\"name\":\"Grupo Notibras de Comunica\u00e7\u00e3o\",\"url\":\"https:\/\/www.notibras.com\/site\/\",\"logo\":{\"@type\":\"ImageObject\",\"inLanguage\":\"pt-BR\",\"@id\":\"https:\/\/www.notibras.com\/site\/#\/schema\/logo\/image\/\",\"url\":\"https:\/\/www.notibras.com\/site\/wp-content\/uploads\/2023\/01\/notibras23.png\",\"contentUrl\":\"https:\/\/www.notibras.com\/site\/wp-content\/uploads\/2023\/01\/notibras23.png\",\"width\":350,\"height\":87,\"caption\":\"Grupo Notibras de Comunica\u00e7\u00e3o\"},\"image\":{\"@id\":\"https:\/\/www.notibras.com\/site\/#\/schema\/logo\/image\/\"},\"sameAs\":[\"https:\/\/www.facebook.com\/notibras\/\",\"https:\/\/x.com\/Notibras\",\"https:\/\/www.instagram.com\/notibras\/\"]},{\"@type\":\"Person\",\"@id\":\"https:\/\/www.notibras.com\/site\/#\/schema\/person\/36ab0979449956132d3e5b517ea76ac8\",\"name\":\"Reda\u00e7\u00e3o\",\"image\":{\"@type\":\"ImageObject\",\"inLanguage\":\"pt-BR\",\"@id\":\"https:\/\/secure.gravatar.com\/avatar\/e0a867bdedb85fd243eadf09663511f96fc81e0720a4a42581f334ad4303aa6b?s=96&d=mm&r=g\",\"url\":\"https:\/\/secure.gravatar.com\/avatar\/e0a867bdedb85fd243eadf09663511f96fc81e0720a4a42581f334ad4303aa6b?s=96&d=mm&r=g\",\"contentUrl\":\"https:\/\/secure.gravatar.com\/avatar\/e0a867bdedb85fd243eadf09663511f96fc81e0720a4a42581f334ad4303aa6b?s=96&d=mm&r=g\",\"caption\":\"Reda\u00e7\u00e3o\"}}]}<\/script>\n<!-- \/ Yoast SEO plugin. -->","yoast_head_json":{"title":"Erveiras se atualizam para atender novas tradi\u00e7\u00f5es - Notibras","robots":{"index":"index","follow":"follow","max-snippet":"max-snippet:-1","max-image-preview":"max-image-preview:large","max-video-preview":"max-video-preview:-1"},"canonical":"https:\/\/www.notibras.com\/site\/erveiras-se-atualizam-para-atender-novas-tradicoes\/","og_locale":"pt_BR","og_type":"article","og_title":"Erveiras se atualizam para atender novas tradi\u00e7\u00f5es - Notibras","og_description":"O movimento na barraca de ervas de Elisabete Monteiro, no Mercad\u00e3o de Madureira, n\u00e3o para, e seu celular toca sem parar. Dona do ponto no centro de com\u00e9rcio popular na zona norte do Rio de Janeiro, ela atende, faz a venda por telefone e depois explica \u00e0 reportagem da Ag\u00eancia Brasil: \u201cEssa aqui \u00e9 uma [&hellip;]","og_url":"https:\/\/www.notibras.com\/site\/erveiras-se-atualizam-para-atender-novas-tradicoes\/","og_site_name":"Notibras","article_publisher":"https:\/\/www.facebook.com\/notibras\/","article_published_time":"2025-12-31T18:29:28+00:00","og_image":[{"width":1170,"height":700,"url":"https:\/\/www.notibras.com\/site\/wp-content\/uploads\/2025\/12\/d6a4081.webp","type":"image\/webp"}],"author":"Reda\u00e7\u00e3o","twitter_card":"summary_large_image","twitter_creator":"@Notibras","twitter_site":"@Notibras","twitter_misc":{"Escrito por":"Reda\u00e7\u00e3o","Est. tempo de leitura":"6 minutos"},"schema":{"@context":"https:\/\/schema.org","@graph":[{"@type":"Article","@id":"https:\/\/www.notibras.com\/site\/erveiras-se-atualizam-para-atender-novas-tradicoes\/#article","isPartOf":{"@id":"https:\/\/www.notibras.com\/site\/erveiras-se-atualizam-para-atender-novas-tradicoes\/"},"author":{"name":"Reda\u00e7\u00e3o","@id":"https:\/\/www.notibras.com\/site\/#\/schema\/person\/36ab0979449956132d3e5b517ea76ac8"},"headline":"Erveiras se atualizam para atender novas tradi\u00e7\u00f5es","datePublished":"2025-12-31T18:29:28+00:00","mainEntityOfPage":{"@id":"https:\/\/www.notibras.com\/site\/erveiras-se-atualizam-para-atender-novas-tradicoes\/"},"wordCount":1014,"publisher":{"@id":"https:\/\/www.notibras.com\/site\/#organization"},"image":{"@id":"https:\/\/www.notibras.com\/site\/erveiras-se-atualizam-para-atender-novas-tradicoes\/#primaryimage"},"thumbnailUrl":"https:\/\/www.notibras.com\/site\/wp-content\/uploads\/2025\/12\/d6a4081.webp","articleSection":["Leitura Vip"],"inLanguage":"pt-BR"},{"@type":"WebPage","@id":"https:\/\/www.notibras.com\/site\/erveiras-se-atualizam-para-atender-novas-tradicoes\/","url":"https:\/\/www.notibras.com\/site\/erveiras-se-atualizam-para-atender-novas-tradicoes\/","name":"Erveiras se atualizam para atender novas tradi\u00e7\u00f5es - Notibras","isPartOf":{"@id":"https:\/\/www.notibras.com\/site\/#website"},"primaryImageOfPage":{"@id":"https:\/\/www.notibras.com\/site\/erveiras-se-atualizam-para-atender-novas-tradicoes\/#primaryimage"},"image":{"@id":"https:\/\/www.notibras.com\/site\/erveiras-se-atualizam-para-atender-novas-tradicoes\/#primaryimage"},"thumbnailUrl":"https:\/\/www.notibras.com\/site\/wp-content\/uploads\/2025\/12\/d6a4081.webp","datePublished":"2025-12-31T18:29:28+00:00","breadcrumb":{"@id":"https:\/\/www.notibras.com\/site\/erveiras-se-atualizam-para-atender-novas-tradicoes\/#breadcrumb"},"inLanguage":"pt-BR","potentialAction":[{"@type":"ReadAction","target":["https:\/\/www.notibras.com\/site\/erveiras-se-atualizam-para-atender-novas-tradicoes\/"]}]},{"@type":"ImageObject","inLanguage":"pt-BR","@id":"https:\/\/www.notibras.com\/site\/erveiras-se-atualizam-para-atender-novas-tradicoes\/#primaryimage","url":"https:\/\/www.notibras.com\/site\/wp-content\/uploads\/2025\/12\/d6a4081.webp","contentUrl":"https:\/\/www.notibras.com\/site\/wp-content\/uploads\/2025\/12\/d6a4081.webp","width":1170,"height":700},{"@type":"BreadcrumbList","@id":"https:\/\/www.notibras.com\/site\/erveiras-se-atualizam-para-atender-novas-tradicoes\/#breadcrumb","itemListElement":[{"@type":"ListItem","position":1,"name":"In\u00edcio","item":"https:\/\/www.notibras.com\/site\/"},{"@type":"ListItem","position":2,"name":"Erveiras se atualizam para atender novas tradi\u00e7\u00f5es"}]},{"@type":"WebSite","@id":"https:\/\/www.notibras.com\/site\/#website","url":"https:\/\/www.notibras.com\/site\/","name":"Notibras","description":"Not\u00edcias de Bras\u00edlia, do Brasil e do Mundo","publisher":{"@id":"https:\/\/www.notibras.com\/site\/#organization"},"potentialAction":[{"@type":"SearchAction","target":{"@type":"EntryPoint","urlTemplate":"https:\/\/www.notibras.com\/site\/?s={search_term_string}"},"query-input":{"@type":"PropertyValueSpecification","valueRequired":true,"valueName":"search_term_string"}}],"inLanguage":"pt-BR"},{"@type":"Organization","@id":"https:\/\/www.notibras.com\/site\/#organization","name":"Grupo Notibras de Comunica\u00e7\u00e3o","url":"https:\/\/www.notibras.com\/site\/","logo":{"@type":"ImageObject","inLanguage":"pt-BR","@id":"https:\/\/www.notibras.com\/site\/#\/schema\/logo\/image\/","url":"https:\/\/www.notibras.com\/site\/wp-content\/uploads\/2023\/01\/notibras23.png","contentUrl":"https:\/\/www.notibras.com\/site\/wp-content\/uploads\/2023\/01\/notibras23.png","width":350,"height":87,"caption":"Grupo Notibras de Comunica\u00e7\u00e3o"},"image":{"@id":"https:\/\/www.notibras.com\/site\/#\/schema\/logo\/image\/"},"sameAs":["https:\/\/www.facebook.com\/notibras\/","https:\/\/x.com\/Notibras","https:\/\/www.instagram.com\/notibras\/"]},{"@type":"Person","@id":"https:\/\/www.notibras.com\/site\/#\/schema\/person\/36ab0979449956132d3e5b517ea76ac8","name":"Reda\u00e7\u00e3o","image":{"@type":"ImageObject","inLanguage":"pt-BR","@id":"https:\/\/secure.gravatar.com\/avatar\/e0a867bdedb85fd243eadf09663511f96fc81e0720a4a42581f334ad4303aa6b?s=96&d=mm&r=g","url":"https:\/\/secure.gravatar.com\/avatar\/e0a867bdedb85fd243eadf09663511f96fc81e0720a4a42581f334ad4303aa6b?s=96&d=mm&r=g","contentUrl":"https:\/\/secure.gravatar.com\/avatar\/e0a867bdedb85fd243eadf09663511f96fc81e0720a4a42581f334ad4303aa6b?s=96&d=mm&r=g","caption":"Reda\u00e7\u00e3o"}}]}},"amp_enabled":true,"_links":{"self":[{"href":"https:\/\/www.notibras.com\/site\/wp-json\/wp\/v2\/posts\/377180","targetHints":{"allow":["GET"]}}],"collection":[{"href":"https:\/\/www.notibras.com\/site\/wp-json\/wp\/v2\/posts"}],"about":[{"href":"https:\/\/www.notibras.com\/site\/wp-json\/wp\/v2\/types\/post"}],"author":[{"embeddable":true,"href":"https:\/\/www.notibras.com\/site\/wp-json\/wp\/v2\/users\/2"}],"replies":[{"embeddable":true,"href":"https:\/\/www.notibras.com\/site\/wp-json\/wp\/v2\/comments?post=377180"}],"version-history":[{"count":1,"href":"https:\/\/www.notibras.com\/site\/wp-json\/wp\/v2\/posts\/377180\/revisions"}],"predecessor-version":[{"id":377182,"href":"https:\/\/www.notibras.com\/site\/wp-json\/wp\/v2\/posts\/377180\/revisions\/377182"}],"wp:featuredmedia":[{"embeddable":true,"href":"https:\/\/www.notibras.com\/site\/wp-json\/wp\/v2\/media\/377181"}],"wp:attachment":[{"href":"https:\/\/www.notibras.com\/site\/wp-json\/wp\/v2\/media?parent=377180"}],"wp:term":[{"taxonomy":"category","embeddable":true,"href":"https:\/\/www.notibras.com\/site\/wp-json\/wp\/v2\/categories?post=377180"},{"taxonomy":"post_tag","embeddable":true,"href":"https:\/\/www.notibras.com\/site\/wp-json\/wp\/v2\/tags?post=377180"}],"curies":[{"name":"wp","href":"https:\/\/api.w.org\/{rel}","templated":true}]}}