{"id":377209,"date":"2026-01-07T01:00:53","date_gmt":"2026-01-07T04:00:53","guid":{"rendered":"https:\/\/www.notibras.com\/site\/?p=377209"},"modified":"2025-12-31T22:05:47","modified_gmt":"2026-01-01T01:05:47","slug":"quando-a-chama-rasga-a-noite","status":"publish","type":"post","link":"https:\/\/www.notibras.com\/site\/quando-a-chama-rasga-a-noite\/","title":{"rendered":"Quando a Chama Rasga a Noite"},"content":{"rendered":"<p>O desejo n\u00e3o nasce:<br \/>\nele desperta das ra\u00edzes ocultas,<br \/>\ncomo estrela enterrada no sil\u00eancio,<br \/>\nesperando o instante de cintilar.<\/p>\n<p>Surge de uma profundidade antiga,<br \/>\nonde o fogo dorme como fera adormecida,<br \/>\nque desperta ao perfume do risco,<br \/>\nao sopro secreto do crep\u00fasculo.<\/p>\n<p>Aparece quando duas presen\u00e7as<br \/>\nse reconhecem na penumbra,<br \/>\nquando a respira\u00e7\u00e3o do outro<br \/>\nse torna pr\u00f3xima demais,<br \/>\ne o mundo, por um instante,<br \/>\nperde sua forma habitual.<\/p>\n<p>Ent\u00e3o o corpo decide,<br \/>\nantes que a raz\u00e3o desperte.<\/p>\n<p>\u00c9 pacto silencioso,<br \/>\numa fenda de luz vermelha na noite,<br \/>\numa corrente que arrasta,<br \/>\ncomo rio impetuoso ap\u00f3s a tempestade.<\/p>\n<p>N\u00e3o h\u00e1 c\u00e1lculo, nem desculpa:<br \/>\napenas uma fome que vibra,<br \/>\nna raiz mais profunda do peito.<\/p>\n<p>L\u00e1bios se aproximam,<br \/>\ncomo quem cruza um limiar sagrado;<br \/>\nm\u00e3os buscam territ\u00f3rios ocultos<br \/>\ncom a \u00e2nsia febril<br \/>\nde quem sabe que arde em fogo,<br \/>\ne ainda assim se entrega,<br \/>\nporque nada pode deter<br \/>\no que j\u00e1 come\u00e7ou a florescer.<\/p>\n<p>Naquele instante de sombra e claridade,<br \/>\no desejo se torna templo:<br \/>\nali a vontade \u00e9 sacrificada<br \/>\nna fogueira do toque,<br \/>\nali o nome se dissolve,<br \/>\ne resta apenas o pulso,<br \/>\nsincero, inevit\u00e1vel,<br \/>\nnu como verdade.<\/p>\n<p>Porque existem desejos que n\u00e3o s\u00e3o escolhidos,<br \/>\ndesejos que assaltam,<br \/>\ndesejos que rasgam a noite<br \/>\ncom a f\u00faria de um raio ardente.<\/p>\n<p>E quando chegam,<br \/>\nn\u00e3o perguntam,<br \/>\nn\u00e3o esperam:<br \/>\nconsomem,<br \/>\ntransformam,<br \/>\niluminam.<\/p>\n","protected":false},"excerpt":{"rendered":"<p>O desejo n\u00e3o nasce: ele desperta das ra\u00edzes ocultas, como estrela enterrada no sil\u00eancio, esperando o instante de cintilar. Surge de uma profundidade antiga, onde o fogo dorme como fera adormecida, que desperta ao perfume do risco, ao sopro secreto do crep\u00fasculo. Aparece quando duas presen\u00e7as se reconhecem na penumbra, quando a respira\u00e7\u00e3o do outro [&hellip;]<\/p>\n","protected":false},"author":21,"featured_media":377210,"comment_status":"closed","ping_status":"closed","sticky":false,"template":"","format":"standard","meta":{"_acf_changed":false,"footnotes":""},"categories":[234],"tags":[],"class_list":["post-377209","post","type-post","status-publish","format-standard","has-post-thumbnail","hentry","category-cafe-literario"],"acf":[],"yoast_head":"<!-- This site is optimized with the Yoast SEO plugin v27.2 - https:\/\/yoast.com\/product\/yoast-seo-wordpress\/ -->\n<title>Quando a Chama Rasga a Noite - Notibras<\/title>\n<meta name=\"robots\" content=\"index, follow, max-snippet:-1, max-image-preview:large, max-video-preview:-1\" \/>\n<link rel=\"canonical\" href=\"https:\/\/www.notibras.com\/site\/quando-a-chama-rasga-a-noite\/\" \/>\n<meta property=\"og:locale\" content=\"pt_BR\" \/>\n<meta property=\"og:type\" content=\"article\" \/>\n<meta property=\"og:title\" content=\"Quando a Chama Rasga a Noite - Notibras\" \/>\n<meta property=\"og:description\" content=\"O desejo n\u00e3o nasce: ele desperta das ra\u00edzes ocultas, como estrela enterrada no sil\u00eancio, esperando o instante de cintilar. Surge de uma profundidade antiga, onde o fogo dorme como fera adormecida, que desperta ao perfume do risco, ao sopro secreto do crep\u00fasculo. Aparece quando duas presen\u00e7as se reconhecem na penumbra, quando a respira\u00e7\u00e3o do outro [&hellip;]\" \/>\n<meta property=\"og:url\" content=\"https:\/\/www.notibras.com\/site\/quando-a-chama-rasga-a-noite\/\" \/>\n<meta property=\"og:site_name\" content=\"Notibras\" \/>\n<meta property=\"article:publisher\" content=\"https:\/\/www.facebook.com\/notibras\/\" \/>\n<meta property=\"article:published_time\" content=\"2026-01-07T04:00:53+00:00\" \/>\n<meta property=\"og:image\" content=\"https:\/\/www.notibras.com\/site\/wp-content\/uploads\/2025\/12\/IMG_9963.jpg\" \/>\n\t<meta property=\"og:image:width\" content=\"1023\" \/>\n\t<meta property=\"og:image:height\" content=\"900\" \/>\n\t<meta property=\"og:image:type\" content=\"image\/jpeg\" \/>\n<meta name=\"author\" content=\"Eduardo Mart\u00ednez\" \/>\n<meta name=\"twitter:card\" content=\"summary_large_image\" \/>\n<meta name=\"twitter:creator\" content=\"@Notibras\" \/>\n<meta name=\"twitter:site\" content=\"@Notibras\" \/>\n<meta name=\"twitter:label1\" content=\"Escrito por\" \/>\n\t<meta name=\"twitter:data1\" content=\"Eduardo Mart\u00ednez\" \/>\n\t<meta name=\"twitter:label2\" content=\"Est. tempo de leitura\" \/>\n\t<meta name=\"twitter:data2\" content=\"2 minutos\" \/>\n<script type=\"application\/ld+json\" class=\"yoast-schema-graph\">{\"@context\":\"https:\/\/schema.org\",\"@graph\":[{\"@type\":\"Article\",\"@id\":\"https:\/\/www.notibras.com\/site\/quando-a-chama-rasga-a-noite\/#article\",\"isPartOf\":{\"@id\":\"https:\/\/www.notibras.com\/site\/quando-a-chama-rasga-a-noite\/\"},\"author\":{\"name\":\"Eduardo Mart\u00ednez\",\"@id\":\"https:\/\/www.notibras.com\/site\/#\/schema\/person\/5b7fabf2aedc3ada2105f03b22b4d3dd\"},\"headline\":\"Quando a Chama Rasga a Noite\",\"datePublished\":\"2026-01-07T04:00:53+00:00\",\"mainEntityOfPage\":{\"@id\":\"https:\/\/www.notibras.com\/site\/quando-a-chama-rasga-a-noite\/\"},\"wordCount\":246,\"publisher\":{\"@id\":\"https:\/\/www.notibras.com\/site\/#organization\"},\"image\":{\"@id\":\"https:\/\/www.notibras.com\/site\/quando-a-chama-rasga-a-noite\/#primaryimage\"},\"thumbnailUrl\":\"https:\/\/www.notibras.com\/site\/wp-content\/uploads\/2025\/12\/IMG_9963.jpg\",\"articleSection\":[\"Caf\u00e9 Liter\u00e1rio\"],\"inLanguage\":\"pt-BR\"},{\"@type\":\"WebPage\",\"@id\":\"https:\/\/www.notibras.com\/site\/quando-a-chama-rasga-a-noite\/\",\"url\":\"https:\/\/www.notibras.com\/site\/quando-a-chama-rasga-a-noite\/\",\"name\":\"Quando a Chama Rasga a Noite - Notibras\",\"isPartOf\":{\"@id\":\"https:\/\/www.notibras.com\/site\/#website\"},\"primaryImageOfPage\":{\"@id\":\"https:\/\/www.notibras.com\/site\/quando-a-chama-rasga-a-noite\/#primaryimage\"},\"image\":{\"@id\":\"https:\/\/www.notibras.com\/site\/quando-a-chama-rasga-a-noite\/#primaryimage\"},\"thumbnailUrl\":\"https:\/\/www.notibras.com\/site\/wp-content\/uploads\/2025\/12\/IMG_9963.jpg\",\"datePublished\":\"2026-01-07T04:00:53+00:00\",\"breadcrumb\":{\"@id\":\"https:\/\/www.notibras.com\/site\/quando-a-chama-rasga-a-noite\/#breadcrumb\"},\"inLanguage\":\"pt-BR\",\"potentialAction\":[{\"@type\":\"ReadAction\",\"target\":[\"https:\/\/www.notibras.com\/site\/quando-a-chama-rasga-a-noite\/\"]}]},{\"@type\":\"ImageObject\",\"inLanguage\":\"pt-BR\",\"@id\":\"https:\/\/www.notibras.com\/site\/quando-a-chama-rasga-a-noite\/#primaryimage\",\"url\":\"https:\/\/www.notibras.com\/site\/wp-content\/uploads\/2025\/12\/IMG_9963.jpg\",\"contentUrl\":\"https:\/\/www.notibras.com\/site\/wp-content\/uploads\/2025\/12\/IMG_9963.jpg\",\"width\":1023,\"height\":900},{\"@type\":\"BreadcrumbList\",\"@id\":\"https:\/\/www.notibras.com\/site\/quando-a-chama-rasga-a-noite\/#breadcrumb\",\"itemListElement\":[{\"@type\":\"ListItem\",\"position\":1,\"name\":\"In\u00edcio\",\"item\":\"https:\/\/www.notibras.com\/site\/\"},{\"@type\":\"ListItem\",\"position\":2,\"name\":\"Quando a Chama Rasga a Noite\"}]},{\"@type\":\"WebSite\",\"@id\":\"https:\/\/www.notibras.com\/site\/#website\",\"url\":\"https:\/\/www.notibras.com\/site\/\",\"name\":\"Notibras\",\"description\":\"Not\u00edcias de Bras\u00edlia, do Brasil e do Mundo\",\"publisher\":{\"@id\":\"https:\/\/www.notibras.com\/site\/#organization\"},\"potentialAction\":[{\"@type\":\"SearchAction\",\"target\":{\"@type\":\"EntryPoint\",\"urlTemplate\":\"https:\/\/www.notibras.com\/site\/?s={search_term_string}\"},\"query-input\":{\"@type\":\"PropertyValueSpecification\",\"valueRequired\":true,\"valueName\":\"search_term_string\"}}],\"inLanguage\":\"pt-BR\"},{\"@type\":\"Organization\",\"@id\":\"https:\/\/www.notibras.com\/site\/#organization\",\"name\":\"Grupo Notibras de Comunica\u00e7\u00e3o\",\"url\":\"https:\/\/www.notibras.com\/site\/\",\"logo\":{\"@type\":\"ImageObject\",\"inLanguage\":\"pt-BR\",\"@id\":\"https:\/\/www.notibras.com\/site\/#\/schema\/logo\/image\/\",\"url\":\"https:\/\/www.notibras.com\/site\/wp-content\/uploads\/2023\/01\/notibras23.png\",\"contentUrl\":\"https:\/\/www.notibras.com\/site\/wp-content\/uploads\/2023\/01\/notibras23.png\",\"width\":350,\"height\":87,\"caption\":\"Grupo Notibras de Comunica\u00e7\u00e3o\"},\"image\":{\"@id\":\"https:\/\/www.notibras.com\/site\/#\/schema\/logo\/image\/\"},\"sameAs\":[\"https:\/\/www.facebook.com\/notibras\/\",\"https:\/\/x.com\/Notibras\",\"https:\/\/www.instagram.com\/notibras\/\"]},{\"@type\":\"Person\",\"@id\":\"https:\/\/www.notibras.com\/site\/#\/schema\/person\/5b7fabf2aedc3ada2105f03b22b4d3dd\",\"name\":\"Eduardo Mart\u00ednez\",\"image\":{\"@type\":\"ImageObject\",\"inLanguage\":\"pt-BR\",\"@id\":\"https:\/\/secure.gravatar.com\/avatar\/7902f906289926289cbcda644b5197c796b893c6ffd7b9a536a42d290f7704a0?s=96&d=mm&r=g\",\"url\":\"https:\/\/secure.gravatar.com\/avatar\/7902f906289926289cbcda644b5197c796b893c6ffd7b9a536a42d290f7704a0?s=96&d=mm&r=g\",\"contentUrl\":\"https:\/\/secure.gravatar.com\/avatar\/7902f906289926289cbcda644b5197c796b893c6ffd7b9a536a42d290f7704a0?s=96&d=mm&r=g\",\"caption\":\"Eduardo Mart\u00ednez\"}}]}<\/script>\n<!-- \/ Yoast SEO plugin. -->","yoast_head_json":{"title":"Quando a Chama Rasga a Noite - Notibras","robots":{"index":"index","follow":"follow","max-snippet":"max-snippet:-1","max-image-preview":"max-image-preview:large","max-video-preview":"max-video-preview:-1"},"canonical":"https:\/\/www.notibras.com\/site\/quando-a-chama-rasga-a-noite\/","og_locale":"pt_BR","og_type":"article","og_title":"Quando a Chama Rasga a Noite - Notibras","og_description":"O desejo n\u00e3o nasce: ele desperta das ra\u00edzes ocultas, como estrela enterrada no sil\u00eancio, esperando o instante de cintilar. Surge de uma profundidade antiga, onde o fogo dorme como fera adormecida, que desperta ao perfume do risco, ao sopro secreto do crep\u00fasculo. Aparece quando duas presen\u00e7as se reconhecem na penumbra, quando a respira\u00e7\u00e3o do outro [&hellip;]","og_url":"https:\/\/www.notibras.com\/site\/quando-a-chama-rasga-a-noite\/","og_site_name":"Notibras","article_publisher":"https:\/\/www.facebook.com\/notibras\/","article_published_time":"2026-01-07T04:00:53+00:00","og_image":[{"width":1023,"height":900,"url":"https:\/\/www.notibras.com\/site\/wp-content\/uploads\/2025\/12\/IMG_9963.jpg","type":"image\/jpeg"}],"author":"Eduardo Mart\u00ednez","twitter_card":"summary_large_image","twitter_creator":"@Notibras","twitter_site":"@Notibras","twitter_misc":{"Escrito por":"Eduardo Mart\u00ednez","Est. tempo de leitura":"2 minutos"},"schema":{"@context":"https:\/\/schema.org","@graph":[{"@type":"Article","@id":"https:\/\/www.notibras.com\/site\/quando-a-chama-rasga-a-noite\/#article","isPartOf":{"@id":"https:\/\/www.notibras.com\/site\/quando-a-chama-rasga-a-noite\/"},"author":{"name":"Eduardo Mart\u00ednez","@id":"https:\/\/www.notibras.com\/site\/#\/schema\/person\/5b7fabf2aedc3ada2105f03b22b4d3dd"},"headline":"Quando a Chama Rasga a Noite","datePublished":"2026-01-07T04:00:53+00:00","mainEntityOfPage":{"@id":"https:\/\/www.notibras.com\/site\/quando-a-chama-rasga-a-noite\/"},"wordCount":246,"publisher":{"@id":"https:\/\/www.notibras.com\/site\/#organization"},"image":{"@id":"https:\/\/www.notibras.com\/site\/quando-a-chama-rasga-a-noite\/#primaryimage"},"thumbnailUrl":"https:\/\/www.notibras.com\/site\/wp-content\/uploads\/2025\/12\/IMG_9963.jpg","articleSection":["Caf\u00e9 Liter\u00e1rio"],"inLanguage":"pt-BR"},{"@type":"WebPage","@id":"https:\/\/www.notibras.com\/site\/quando-a-chama-rasga-a-noite\/","url":"https:\/\/www.notibras.com\/site\/quando-a-chama-rasga-a-noite\/","name":"Quando a Chama Rasga a Noite - Notibras","isPartOf":{"@id":"https:\/\/www.notibras.com\/site\/#website"},"primaryImageOfPage":{"@id":"https:\/\/www.notibras.com\/site\/quando-a-chama-rasga-a-noite\/#primaryimage"},"image":{"@id":"https:\/\/www.notibras.com\/site\/quando-a-chama-rasga-a-noite\/#primaryimage"},"thumbnailUrl":"https:\/\/www.notibras.com\/site\/wp-content\/uploads\/2025\/12\/IMG_9963.jpg","datePublished":"2026-01-07T04:00:53+00:00","breadcrumb":{"@id":"https:\/\/www.notibras.com\/site\/quando-a-chama-rasga-a-noite\/#breadcrumb"},"inLanguage":"pt-BR","potentialAction":[{"@type":"ReadAction","target":["https:\/\/www.notibras.com\/site\/quando-a-chama-rasga-a-noite\/"]}]},{"@type":"ImageObject","inLanguage":"pt-BR","@id":"https:\/\/www.notibras.com\/site\/quando-a-chama-rasga-a-noite\/#primaryimage","url":"https:\/\/www.notibras.com\/site\/wp-content\/uploads\/2025\/12\/IMG_9963.jpg","contentUrl":"https:\/\/www.notibras.com\/site\/wp-content\/uploads\/2025\/12\/IMG_9963.jpg","width":1023,"height":900},{"@type":"BreadcrumbList","@id":"https:\/\/www.notibras.com\/site\/quando-a-chama-rasga-a-noite\/#breadcrumb","itemListElement":[{"@type":"ListItem","position":1,"name":"In\u00edcio","item":"https:\/\/www.notibras.com\/site\/"},{"@type":"ListItem","position":2,"name":"Quando a Chama Rasga a Noite"}]},{"@type":"WebSite","@id":"https:\/\/www.notibras.com\/site\/#website","url":"https:\/\/www.notibras.com\/site\/","name":"Notibras","description":"Not\u00edcias de Bras\u00edlia, do Brasil e do Mundo","publisher":{"@id":"https:\/\/www.notibras.com\/site\/#organization"},"potentialAction":[{"@type":"SearchAction","target":{"@type":"EntryPoint","urlTemplate":"https:\/\/www.notibras.com\/site\/?s={search_term_string}"},"query-input":{"@type":"PropertyValueSpecification","valueRequired":true,"valueName":"search_term_string"}}],"inLanguage":"pt-BR"},{"@type":"Organization","@id":"https:\/\/www.notibras.com\/site\/#organization","name":"Grupo Notibras de Comunica\u00e7\u00e3o","url":"https:\/\/www.notibras.com\/site\/","logo":{"@type":"ImageObject","inLanguage":"pt-BR","@id":"https:\/\/www.notibras.com\/site\/#\/schema\/logo\/image\/","url":"https:\/\/www.notibras.com\/site\/wp-content\/uploads\/2023\/01\/notibras23.png","contentUrl":"https:\/\/www.notibras.com\/site\/wp-content\/uploads\/2023\/01\/notibras23.png","width":350,"height":87,"caption":"Grupo Notibras de Comunica\u00e7\u00e3o"},"image":{"@id":"https:\/\/www.notibras.com\/site\/#\/schema\/logo\/image\/"},"sameAs":["https:\/\/www.facebook.com\/notibras\/","https:\/\/x.com\/Notibras","https:\/\/www.instagram.com\/notibras\/"]},{"@type":"Person","@id":"https:\/\/www.notibras.com\/site\/#\/schema\/person\/5b7fabf2aedc3ada2105f03b22b4d3dd","name":"Eduardo Mart\u00ednez","image":{"@type":"ImageObject","inLanguage":"pt-BR","@id":"https:\/\/secure.gravatar.com\/avatar\/7902f906289926289cbcda644b5197c796b893c6ffd7b9a536a42d290f7704a0?s=96&d=mm&r=g","url":"https:\/\/secure.gravatar.com\/avatar\/7902f906289926289cbcda644b5197c796b893c6ffd7b9a536a42d290f7704a0?s=96&d=mm&r=g","contentUrl":"https:\/\/secure.gravatar.com\/avatar\/7902f906289926289cbcda644b5197c796b893c6ffd7b9a536a42d290f7704a0?s=96&d=mm&r=g","caption":"Eduardo Mart\u00ednez"}}]}},"amp_enabled":true,"_links":{"self":[{"href":"https:\/\/www.notibras.com\/site\/wp-json\/wp\/v2\/posts\/377209","targetHints":{"allow":["GET"]}}],"collection":[{"href":"https:\/\/www.notibras.com\/site\/wp-json\/wp\/v2\/posts"}],"about":[{"href":"https:\/\/www.notibras.com\/site\/wp-json\/wp\/v2\/types\/post"}],"author":[{"embeddable":true,"href":"https:\/\/www.notibras.com\/site\/wp-json\/wp\/v2\/users\/21"}],"replies":[{"embeddable":true,"href":"https:\/\/www.notibras.com\/site\/wp-json\/wp\/v2\/comments?post=377209"}],"version-history":[{"count":2,"href":"https:\/\/www.notibras.com\/site\/wp-json\/wp\/v2\/posts\/377209\/revisions"}],"predecessor-version":[{"id":377212,"href":"https:\/\/www.notibras.com\/site\/wp-json\/wp\/v2\/posts\/377209\/revisions\/377212"}],"wp:featuredmedia":[{"embeddable":true,"href":"https:\/\/www.notibras.com\/site\/wp-json\/wp\/v2\/media\/377210"}],"wp:attachment":[{"href":"https:\/\/www.notibras.com\/site\/wp-json\/wp\/v2\/media?parent=377209"}],"wp:term":[{"taxonomy":"category","embeddable":true,"href":"https:\/\/www.notibras.com\/site\/wp-json\/wp\/v2\/categories?post=377209"},{"taxonomy":"post_tag","embeddable":true,"href":"https:\/\/www.notibras.com\/site\/wp-json\/wp\/v2\/tags?post=377209"}],"curies":[{"name":"wp","href":"https:\/\/api.w.org\/{rel}","templated":true}]}}