{"id":377217,"date":"2025-12-31T22:26:12","date_gmt":"2026-01-01T01:26:12","guid":{"rendered":"https:\/\/www.notibras.com\/site\/?p=377217"},"modified":"2025-12-31T22:28:28","modified_gmt":"2026-01-01T01:28:28","slug":"e-chegamos-ao-final-de-mais-um-ano","status":"publish","type":"post","link":"https:\/\/www.notibras.com\/site\/e-chegamos-ao-final-de-mais-um-ano\/","title":{"rendered":"E chegamos ao final de mais um ano&#8230;"},"content":{"rendered":"<p>Hoje eu n\u00e3o sei bem o que dizer, mas&#8230; \u00e9 o \u00faltimo dia do ano, e ele costuma ser assim mesmo: meio silencioso, meio suspenso&#8230; N\u00e3o \u00e9 exatamente um fechamento solene, nem uma virada \u00e9pica. \u00c9 s\u00f3 um dia comum com consci\u00eancia de passagem.<\/p>\n<p>As pessoas costumam esperar algum tipo de revela\u00e7\u00e3o hoje, como se \u00e0 meia-noite tudo devesse se organizar sozinho, mas o que existe, de verdade, s\u00e3o coisas inacabadas ficando onde est\u00e3o. Pensamentos que n\u00e3o formaram uma frase. Planos que n\u00e3o viraram a\u00e7\u00e3o. E est\u00e1 tudo bem.<\/p>\n<p>O \u00faltimo dia do ano n\u00e3o pede balan\u00e7o detalhado, nem promessa grandiosa. Ele s\u00f3 passa, o rel\u00f3gio anda e a casa continua no mesmo lugar. Amanh\u00e3, muitas coisas ser\u00e3o iguais e outras, inevitavelmente, n\u00e3o.<\/p>\n<p>Talvez seja s\u00f3 um bom dia para observar. Para deixar o ano terminar sem exigir conclus\u00f5es dele. Nem gratid\u00e3o for\u00e7ada, nem perd\u00e3o pelos ressentimentos. Apenas constatar: aconteceu. E agora est\u00e1 acabando&#8230;<\/p>\n<p>Talvez, s\u00f3 talvez, isso j\u00e1 seja o suficiente.<\/p>\n","protected":false},"excerpt":{"rendered":"<p>Hoje eu n\u00e3o sei bem o que dizer, mas&#8230; \u00e9 o \u00faltimo dia do ano, e ele costuma ser assim mesmo: meio silencioso, meio suspenso&#8230; N\u00e3o \u00e9 exatamente um fechamento solene, nem uma virada \u00e9pica. \u00c9 s\u00f3 um dia comum com consci\u00eancia de passagem. As pessoas costumam esperar algum tipo de revela\u00e7\u00e3o hoje, como se [&hellip;]<\/p>\n","protected":false},"author":21,"featured_media":377218,"comment_status":"closed","ping_status":"closed","sticky":false,"template":"","format":"standard","meta":{"_acf_changed":false,"footnotes":""},"categories":[236],"tags":[],"class_list":["post-377217","post","type-post","status-publish","format-standard","has-post-thumbnail","hentry","category-ponto-de-vista"],"acf":[],"yoast_head":"<!-- This site is optimized with the Yoast SEO plugin v27.2 - https:\/\/yoast.com\/product\/yoast-seo-wordpress\/ -->\n<title>E chegamos ao final de mais um ano... - Notibras<\/title>\n<meta name=\"robots\" content=\"index, follow, max-snippet:-1, max-image-preview:large, max-video-preview:-1\" \/>\n<link rel=\"canonical\" href=\"https:\/\/www.notibras.com\/site\/e-chegamos-ao-final-de-mais-um-ano\/\" \/>\n<meta property=\"og:locale\" content=\"pt_BR\" \/>\n<meta property=\"og:type\" content=\"article\" \/>\n<meta property=\"og:title\" content=\"E chegamos ao final de mais um ano... - Notibras\" \/>\n<meta property=\"og:description\" content=\"Hoje eu n\u00e3o sei bem o que dizer, mas&#8230; \u00e9 o \u00faltimo dia do ano, e ele costuma ser assim mesmo: meio silencioso, meio suspenso&#8230; N\u00e3o \u00e9 exatamente um fechamento solene, nem uma virada \u00e9pica. \u00c9 s\u00f3 um dia comum com consci\u00eancia de passagem. As pessoas costumam esperar algum tipo de revela\u00e7\u00e3o hoje, como se [&hellip;]\" \/>\n<meta property=\"og:url\" content=\"https:\/\/www.notibras.com\/site\/e-chegamos-ao-final-de-mais-um-ano\/\" \/>\n<meta property=\"og:site_name\" content=\"Notibras\" \/>\n<meta property=\"article:publisher\" content=\"https:\/\/www.facebook.com\/notibras\/\" \/>\n<meta property=\"article:published_time\" content=\"2026-01-01T01:26:12+00:00\" \/>\n<meta property=\"article:modified_time\" content=\"2026-01-01T01:28:28+00:00\" \/>\n<meta property=\"og:image\" content=\"https:\/\/www.notibras.com\/site\/wp-content\/uploads\/2025\/12\/1000986999.jpg\" \/>\n\t<meta property=\"og:image:width\" content=\"768\" \/>\n\t<meta property=\"og:image:height\" content=\"1257\" \/>\n\t<meta property=\"og:image:type\" content=\"image\/jpeg\" \/>\n<meta name=\"author\" content=\"Eduardo Mart\u00ednez\" \/>\n<meta name=\"twitter:card\" content=\"summary_large_image\" \/>\n<meta name=\"twitter:creator\" content=\"@Notibras\" \/>\n<meta name=\"twitter:site\" content=\"@Notibras\" \/>\n<meta name=\"twitter:label1\" content=\"Escrito por\" \/>\n\t<meta name=\"twitter:data1\" content=\"Eduardo Mart\u00ednez\" \/>\n\t<meta name=\"twitter:label2\" content=\"Est. tempo de leitura\" \/>\n\t<meta name=\"twitter:data2\" content=\"2 minutos\" \/>\n<script type=\"application\/ld+json\" class=\"yoast-schema-graph\">{\"@context\":\"https:\/\/schema.org\",\"@graph\":[{\"@type\":\"Article\",\"@id\":\"https:\/\/www.notibras.com\/site\/e-chegamos-ao-final-de-mais-um-ano\/#article\",\"isPartOf\":{\"@id\":\"https:\/\/www.notibras.com\/site\/e-chegamos-ao-final-de-mais-um-ano\/\"},\"author\":{\"name\":\"Eduardo Mart\u00ednez\",\"@id\":\"https:\/\/www.notibras.com\/site\/#\/schema\/person\/5b7fabf2aedc3ada2105f03b22b4d3dd\"},\"headline\":\"E chegamos ao final de mais um ano&#8230;\",\"datePublished\":\"2026-01-01T01:26:12+00:00\",\"dateModified\":\"2026-01-01T01:28:28+00:00\",\"mainEntityOfPage\":{\"@id\":\"https:\/\/www.notibras.com\/site\/e-chegamos-ao-final-de-mais-um-ano\/\"},\"wordCount\":184,\"publisher\":{\"@id\":\"https:\/\/www.notibras.com\/site\/#organization\"},\"image\":{\"@id\":\"https:\/\/www.notibras.com\/site\/e-chegamos-ao-final-de-mais-um-ano\/#primaryimage\"},\"thumbnailUrl\":\"https:\/\/www.notibras.com\/site\/wp-content\/uploads\/2025\/12\/1000986999.jpg\",\"articleSection\":[\"Ponto de Vista\"],\"inLanguage\":\"pt-BR\"},{\"@type\":\"WebPage\",\"@id\":\"https:\/\/www.notibras.com\/site\/e-chegamos-ao-final-de-mais-um-ano\/\",\"url\":\"https:\/\/www.notibras.com\/site\/e-chegamos-ao-final-de-mais-um-ano\/\",\"name\":\"E chegamos ao final de mais um ano... - Notibras\",\"isPartOf\":{\"@id\":\"https:\/\/www.notibras.com\/site\/#website\"},\"primaryImageOfPage\":{\"@id\":\"https:\/\/www.notibras.com\/site\/e-chegamos-ao-final-de-mais-um-ano\/#primaryimage\"},\"image\":{\"@id\":\"https:\/\/www.notibras.com\/site\/e-chegamos-ao-final-de-mais-um-ano\/#primaryimage\"},\"thumbnailUrl\":\"https:\/\/www.notibras.com\/site\/wp-content\/uploads\/2025\/12\/1000986999.jpg\",\"datePublished\":\"2026-01-01T01:26:12+00:00\",\"dateModified\":\"2026-01-01T01:28:28+00:00\",\"breadcrumb\":{\"@id\":\"https:\/\/www.notibras.com\/site\/e-chegamos-ao-final-de-mais-um-ano\/#breadcrumb\"},\"inLanguage\":\"pt-BR\",\"potentialAction\":[{\"@type\":\"ReadAction\",\"target\":[\"https:\/\/www.notibras.com\/site\/e-chegamos-ao-final-de-mais-um-ano\/\"]}]},{\"@type\":\"ImageObject\",\"inLanguage\":\"pt-BR\",\"@id\":\"https:\/\/www.notibras.com\/site\/e-chegamos-ao-final-de-mais-um-ano\/#primaryimage\",\"url\":\"https:\/\/www.notibras.com\/site\/wp-content\/uploads\/2025\/12\/1000986999.jpg\",\"contentUrl\":\"https:\/\/www.notibras.com\/site\/wp-content\/uploads\/2025\/12\/1000986999.jpg\",\"width\":768,\"height\":1257},{\"@type\":\"BreadcrumbList\",\"@id\":\"https:\/\/www.notibras.com\/site\/e-chegamos-ao-final-de-mais-um-ano\/#breadcrumb\",\"itemListElement\":[{\"@type\":\"ListItem\",\"position\":1,\"name\":\"In\u00edcio\",\"item\":\"https:\/\/www.notibras.com\/site\/\"},{\"@type\":\"ListItem\",\"position\":2,\"name\":\"E chegamos ao final de mais um ano&#8230;\"}]},{\"@type\":\"WebSite\",\"@id\":\"https:\/\/www.notibras.com\/site\/#website\",\"url\":\"https:\/\/www.notibras.com\/site\/\",\"name\":\"Notibras\",\"description\":\"Not\u00edcias de Bras\u00edlia, do Brasil e do Mundo\",\"publisher\":{\"@id\":\"https:\/\/www.notibras.com\/site\/#organization\"},\"potentialAction\":[{\"@type\":\"SearchAction\",\"target\":{\"@type\":\"EntryPoint\",\"urlTemplate\":\"https:\/\/www.notibras.com\/site\/?s={search_term_string}\"},\"query-input\":{\"@type\":\"PropertyValueSpecification\",\"valueRequired\":true,\"valueName\":\"search_term_string\"}}],\"inLanguage\":\"pt-BR\"},{\"@type\":\"Organization\",\"@id\":\"https:\/\/www.notibras.com\/site\/#organization\",\"name\":\"Grupo Notibras de Comunica\u00e7\u00e3o\",\"url\":\"https:\/\/www.notibras.com\/site\/\",\"logo\":{\"@type\":\"ImageObject\",\"inLanguage\":\"pt-BR\",\"@id\":\"https:\/\/www.notibras.com\/site\/#\/schema\/logo\/image\/\",\"url\":\"https:\/\/www.notibras.com\/site\/wp-content\/uploads\/2023\/01\/notibras23.png\",\"contentUrl\":\"https:\/\/www.notibras.com\/site\/wp-content\/uploads\/2023\/01\/notibras23.png\",\"width\":350,\"height\":87,\"caption\":\"Grupo Notibras de Comunica\u00e7\u00e3o\"},\"image\":{\"@id\":\"https:\/\/www.notibras.com\/site\/#\/schema\/logo\/image\/\"},\"sameAs\":[\"https:\/\/www.facebook.com\/notibras\/\",\"https:\/\/x.com\/Notibras\",\"https:\/\/www.instagram.com\/notibras\/\"]},{\"@type\":\"Person\",\"@id\":\"https:\/\/www.notibras.com\/site\/#\/schema\/person\/5b7fabf2aedc3ada2105f03b22b4d3dd\",\"name\":\"Eduardo Mart\u00ednez\",\"image\":{\"@type\":\"ImageObject\",\"inLanguage\":\"pt-BR\",\"@id\":\"https:\/\/secure.gravatar.com\/avatar\/7902f906289926289cbcda644b5197c796b893c6ffd7b9a536a42d290f7704a0?s=96&d=mm&r=g\",\"url\":\"https:\/\/secure.gravatar.com\/avatar\/7902f906289926289cbcda644b5197c796b893c6ffd7b9a536a42d290f7704a0?s=96&d=mm&r=g\",\"contentUrl\":\"https:\/\/secure.gravatar.com\/avatar\/7902f906289926289cbcda644b5197c796b893c6ffd7b9a536a42d290f7704a0?s=96&d=mm&r=g\",\"caption\":\"Eduardo Mart\u00ednez\"}}]}<\/script>\n<!-- \/ Yoast SEO plugin. -->","yoast_head_json":{"title":"E chegamos ao final de mais um ano... - Notibras","robots":{"index":"index","follow":"follow","max-snippet":"max-snippet:-1","max-image-preview":"max-image-preview:large","max-video-preview":"max-video-preview:-1"},"canonical":"https:\/\/www.notibras.com\/site\/e-chegamos-ao-final-de-mais-um-ano\/","og_locale":"pt_BR","og_type":"article","og_title":"E chegamos ao final de mais um ano... - Notibras","og_description":"Hoje eu n\u00e3o sei bem o que dizer, mas&#8230; \u00e9 o \u00faltimo dia do ano, e ele costuma ser assim mesmo: meio silencioso, meio suspenso&#8230; N\u00e3o \u00e9 exatamente um fechamento solene, nem uma virada \u00e9pica. \u00c9 s\u00f3 um dia comum com consci\u00eancia de passagem. As pessoas costumam esperar algum tipo de revela\u00e7\u00e3o hoje, como se [&hellip;]","og_url":"https:\/\/www.notibras.com\/site\/e-chegamos-ao-final-de-mais-um-ano\/","og_site_name":"Notibras","article_publisher":"https:\/\/www.facebook.com\/notibras\/","article_published_time":"2026-01-01T01:26:12+00:00","article_modified_time":"2026-01-01T01:28:28+00:00","og_image":[{"width":768,"height":1257,"url":"https:\/\/www.notibras.com\/site\/wp-content\/uploads\/2025\/12\/1000986999.jpg","type":"image\/jpeg"}],"author":"Eduardo Mart\u00ednez","twitter_card":"summary_large_image","twitter_creator":"@Notibras","twitter_site":"@Notibras","twitter_misc":{"Escrito por":"Eduardo Mart\u00ednez","Est. tempo de leitura":"2 minutos"},"schema":{"@context":"https:\/\/schema.org","@graph":[{"@type":"Article","@id":"https:\/\/www.notibras.com\/site\/e-chegamos-ao-final-de-mais-um-ano\/#article","isPartOf":{"@id":"https:\/\/www.notibras.com\/site\/e-chegamos-ao-final-de-mais-um-ano\/"},"author":{"name":"Eduardo Mart\u00ednez","@id":"https:\/\/www.notibras.com\/site\/#\/schema\/person\/5b7fabf2aedc3ada2105f03b22b4d3dd"},"headline":"E chegamos ao final de mais um ano&#8230;","datePublished":"2026-01-01T01:26:12+00:00","dateModified":"2026-01-01T01:28:28+00:00","mainEntityOfPage":{"@id":"https:\/\/www.notibras.com\/site\/e-chegamos-ao-final-de-mais-um-ano\/"},"wordCount":184,"publisher":{"@id":"https:\/\/www.notibras.com\/site\/#organization"},"image":{"@id":"https:\/\/www.notibras.com\/site\/e-chegamos-ao-final-de-mais-um-ano\/#primaryimage"},"thumbnailUrl":"https:\/\/www.notibras.com\/site\/wp-content\/uploads\/2025\/12\/1000986999.jpg","articleSection":["Ponto de Vista"],"inLanguage":"pt-BR"},{"@type":"WebPage","@id":"https:\/\/www.notibras.com\/site\/e-chegamos-ao-final-de-mais-um-ano\/","url":"https:\/\/www.notibras.com\/site\/e-chegamos-ao-final-de-mais-um-ano\/","name":"E chegamos ao final de mais um ano... - Notibras","isPartOf":{"@id":"https:\/\/www.notibras.com\/site\/#website"},"primaryImageOfPage":{"@id":"https:\/\/www.notibras.com\/site\/e-chegamos-ao-final-de-mais-um-ano\/#primaryimage"},"image":{"@id":"https:\/\/www.notibras.com\/site\/e-chegamos-ao-final-de-mais-um-ano\/#primaryimage"},"thumbnailUrl":"https:\/\/www.notibras.com\/site\/wp-content\/uploads\/2025\/12\/1000986999.jpg","datePublished":"2026-01-01T01:26:12+00:00","dateModified":"2026-01-01T01:28:28+00:00","breadcrumb":{"@id":"https:\/\/www.notibras.com\/site\/e-chegamos-ao-final-de-mais-um-ano\/#breadcrumb"},"inLanguage":"pt-BR","potentialAction":[{"@type":"ReadAction","target":["https:\/\/www.notibras.com\/site\/e-chegamos-ao-final-de-mais-um-ano\/"]}]},{"@type":"ImageObject","inLanguage":"pt-BR","@id":"https:\/\/www.notibras.com\/site\/e-chegamos-ao-final-de-mais-um-ano\/#primaryimage","url":"https:\/\/www.notibras.com\/site\/wp-content\/uploads\/2025\/12\/1000986999.jpg","contentUrl":"https:\/\/www.notibras.com\/site\/wp-content\/uploads\/2025\/12\/1000986999.jpg","width":768,"height":1257},{"@type":"BreadcrumbList","@id":"https:\/\/www.notibras.com\/site\/e-chegamos-ao-final-de-mais-um-ano\/#breadcrumb","itemListElement":[{"@type":"ListItem","position":1,"name":"In\u00edcio","item":"https:\/\/www.notibras.com\/site\/"},{"@type":"ListItem","position":2,"name":"E chegamos ao final de mais um ano&#8230;"}]},{"@type":"WebSite","@id":"https:\/\/www.notibras.com\/site\/#website","url":"https:\/\/www.notibras.com\/site\/","name":"Notibras","description":"Not\u00edcias de Bras\u00edlia, do Brasil e do Mundo","publisher":{"@id":"https:\/\/www.notibras.com\/site\/#organization"},"potentialAction":[{"@type":"SearchAction","target":{"@type":"EntryPoint","urlTemplate":"https:\/\/www.notibras.com\/site\/?s={search_term_string}"},"query-input":{"@type":"PropertyValueSpecification","valueRequired":true,"valueName":"search_term_string"}}],"inLanguage":"pt-BR"},{"@type":"Organization","@id":"https:\/\/www.notibras.com\/site\/#organization","name":"Grupo Notibras de Comunica\u00e7\u00e3o","url":"https:\/\/www.notibras.com\/site\/","logo":{"@type":"ImageObject","inLanguage":"pt-BR","@id":"https:\/\/www.notibras.com\/site\/#\/schema\/logo\/image\/","url":"https:\/\/www.notibras.com\/site\/wp-content\/uploads\/2023\/01\/notibras23.png","contentUrl":"https:\/\/www.notibras.com\/site\/wp-content\/uploads\/2023\/01\/notibras23.png","width":350,"height":87,"caption":"Grupo Notibras de Comunica\u00e7\u00e3o"},"image":{"@id":"https:\/\/www.notibras.com\/site\/#\/schema\/logo\/image\/"},"sameAs":["https:\/\/www.facebook.com\/notibras\/","https:\/\/x.com\/Notibras","https:\/\/www.instagram.com\/notibras\/"]},{"@type":"Person","@id":"https:\/\/www.notibras.com\/site\/#\/schema\/person\/5b7fabf2aedc3ada2105f03b22b4d3dd","name":"Eduardo Mart\u00ednez","image":{"@type":"ImageObject","inLanguage":"pt-BR","@id":"https:\/\/secure.gravatar.com\/avatar\/7902f906289926289cbcda644b5197c796b893c6ffd7b9a536a42d290f7704a0?s=96&d=mm&r=g","url":"https:\/\/secure.gravatar.com\/avatar\/7902f906289926289cbcda644b5197c796b893c6ffd7b9a536a42d290f7704a0?s=96&d=mm&r=g","contentUrl":"https:\/\/secure.gravatar.com\/avatar\/7902f906289926289cbcda644b5197c796b893c6ffd7b9a536a42d290f7704a0?s=96&d=mm&r=g","caption":"Eduardo Mart\u00ednez"}}]}},"amp_enabled":true,"_links":{"self":[{"href":"https:\/\/www.notibras.com\/site\/wp-json\/wp\/v2\/posts\/377217","targetHints":{"allow":["GET"]}}],"collection":[{"href":"https:\/\/www.notibras.com\/site\/wp-json\/wp\/v2\/posts"}],"about":[{"href":"https:\/\/www.notibras.com\/site\/wp-json\/wp\/v2\/types\/post"}],"author":[{"embeddable":true,"href":"https:\/\/www.notibras.com\/site\/wp-json\/wp\/v2\/users\/21"}],"replies":[{"embeddable":true,"href":"https:\/\/www.notibras.com\/site\/wp-json\/wp\/v2\/comments?post=377217"}],"version-history":[{"count":2,"href":"https:\/\/www.notibras.com\/site\/wp-json\/wp\/v2\/posts\/377217\/revisions"}],"predecessor-version":[{"id":377220,"href":"https:\/\/www.notibras.com\/site\/wp-json\/wp\/v2\/posts\/377217\/revisions\/377220"}],"wp:featuredmedia":[{"embeddable":true,"href":"https:\/\/www.notibras.com\/site\/wp-json\/wp\/v2\/media\/377218"}],"wp:attachment":[{"href":"https:\/\/www.notibras.com\/site\/wp-json\/wp\/v2\/media?parent=377217"}],"wp:term":[{"taxonomy":"category","embeddable":true,"href":"https:\/\/www.notibras.com\/site\/wp-json\/wp\/v2\/categories?post=377217"},{"taxonomy":"post_tag","embeddable":true,"href":"https:\/\/www.notibras.com\/site\/wp-json\/wp\/v2\/tags?post=377217"}],"curies":[{"name":"wp","href":"https:\/\/api.w.org\/{rel}","templated":true}]}}