{"id":377221,"date":"2026-01-01T02:15:43","date_gmt":"2026-01-01T05:15:43","guid":{"rendered":"https:\/\/www.notibras.com\/site\/?p=377221"},"modified":"2025-12-31T22:44:49","modified_gmt":"2026-01-01T01:44:49","slug":"economia-saudavel-e-pujante-proporciona-bem-estar-coletivo","status":"publish","type":"post","link":"https:\/\/www.notibras.com\/site\/economia-saudavel-e-pujante-proporciona-bem-estar-coletivo\/","title":{"rendered":"Economia saud\u00e1vel e pujante proporciona bem-estar coletivo"},"content":{"rendered":"<p>Iniciamos 2026 muito bem, obrigado. E digo isso sem medo de errar, porque os n\u00fameros est\u00e3o a\u00ed, escancarados, para quem quiser ver, e tamb\u00e9m para quem insiste em fingir que n\u00e3o v\u00ea. O Brasil come\u00e7a o ano com a menor taxa de desemprego da sua hist\u00f3ria, algo que por si s\u00f3 j\u00e1 muda o humor de um pa\u00eds inteiro. Trabalho n\u00e3o \u00e9 apenas renda: \u00e9 dignidade, pertencimento, perspectiva de futuro.<\/p>\n<p>Nunca tivemos tantas pessoas com carteira assinada. Isso significa prote\u00e7\u00e3o social, direitos garantidos, menos informalidade e mais seguran\u00e7a para planejar a vida. Soma-se a isso o maior rendimento m\u00e9dio do trabalhador, que chegou a R$ 3.574, um dado que conversa diretamente com a mesa posta, com o aluguel pago em dia, com o g\u00e1s comprado sem desespero.<\/p>\n<p>A infla\u00e7\u00e3o, que tanto assombrou o cotidiano das fam\u00edlias brasileiras por anos, hoje est\u00e1 no menor patamar acumulado em quatro anos desde o in\u00edcio do Plano Real. Isso n\u00e3o \u00e9 detalhe t\u00e9cnico para economista: \u00e9 o pre\u00e7o do arroz, do feij\u00e3o, do leite e do rem\u00e9dio que finalmente pararam de subir de forma sufocante. \u00c9 o al\u00edvio silencioso que se sente no mercado.<\/p>\n<p>Temos tamb\u00e9m o maior n\u00famero de pessoas ocupadas da hist\u00f3ria e um recorde de turistas estrangeiros visitando o pa\u00eds. Gente trabalhando, gente circulando, gente consumindo. O com\u00e9rcio sente, a economia gira, os pequenos neg\u00f3cios respiram. O Brasil volta a se mover com alguma fluidez depois de tempos duros demais.<\/p>\n<p>N\u00e3o \u00e0 toa, o otimismo cresceu. Sete em cada dez brasileiros acreditam que 2026 ser\u00e1 ainda melhor, e h\u00e1 raz\u00f5es concretas para isso. A isen\u00e7\u00e3o do imposto de renda para quem ganha at\u00e9 cinco mil reais n\u00e3o \u00e9 s\u00f3 uma medida fiscal: \u00e9 dinheiro que fica no bolso de quem vive do pr\u00f3prio trabalho. \u00c9 mais consumo, mais circula\u00e7\u00e3o, mais justi\u00e7a tribut\u00e1ria.<\/p>\n<p>N\u00e3o estamos falando de milagre, nem de m\u00e1gica. Estamos falando de escolhas, de pol\u00edtica econ\u00f4mica com foco em gente de verdade, de reconstru\u00e7\u00e3o lenta, por\u00e9m consistente. O Brasil come\u00e7a 2026 brilhando, com dados que sustentam a esperan\u00e7a. E, pela primeira vez em algum tempo, essa esperan\u00e7a n\u00e3o \u00e9 apenas sentimento, \u00e9 fato.<\/p>\n","protected":false},"excerpt":{"rendered":"<p>Iniciamos 2026 muito bem, obrigado. E digo isso sem medo de errar, porque os n\u00fameros est\u00e3o a\u00ed, escancarados, para quem quiser ver, e tamb\u00e9m para quem insiste em fingir que n\u00e3o v\u00ea. O Brasil come\u00e7a o ano com a menor taxa de desemprego da sua hist\u00f3ria, algo que por si s\u00f3 j\u00e1 muda o humor [&hellip;]<\/p>\n","protected":false},"author":21,"featured_media":377222,"comment_status":"closed","ping_status":"closed","sticky":false,"template":"","format":"standard","meta":{"_acf_changed":false,"footnotes":""},"categories":[235],"tags":[],"class_list":["post-377221","post","type-post","status-publish","format-standard","has-post-thumbnail","hentry","category-dona-irene"],"acf":[],"yoast_head":"<!-- This site is optimized with the Yoast SEO plugin v27.2 - https:\/\/yoast.com\/product\/yoast-seo-wordpress\/ -->\n<title>Economia saud\u00e1vel e pujante proporciona bem-estar coletivo - Notibras<\/title>\n<meta name=\"robots\" content=\"index, follow, max-snippet:-1, max-image-preview:large, max-video-preview:-1\" \/>\n<link rel=\"canonical\" href=\"https:\/\/www.notibras.com\/site\/economia-saudavel-e-pujante-proporciona-bem-estar-coletivo\/\" \/>\n<meta property=\"og:locale\" content=\"pt_BR\" \/>\n<meta property=\"og:type\" content=\"article\" \/>\n<meta property=\"og:title\" content=\"Economia saud\u00e1vel e pujante proporciona bem-estar coletivo - Notibras\" \/>\n<meta property=\"og:description\" content=\"Iniciamos 2026 muito bem, obrigado. E digo isso sem medo de errar, porque os n\u00fameros est\u00e3o a\u00ed, escancarados, para quem quiser ver, e tamb\u00e9m para quem insiste em fingir que n\u00e3o v\u00ea. O Brasil come\u00e7a o ano com a menor taxa de desemprego da sua hist\u00f3ria, algo que por si s\u00f3 j\u00e1 muda o humor [&hellip;]\" \/>\n<meta property=\"og:url\" content=\"https:\/\/www.notibras.com\/site\/economia-saudavel-e-pujante-proporciona-bem-estar-coletivo\/\" \/>\n<meta property=\"og:site_name\" content=\"Notibras\" \/>\n<meta property=\"article:publisher\" content=\"https:\/\/www.facebook.com\/notibras\/\" \/>\n<meta property=\"article:published_time\" content=\"2026-01-01T05:15:43+00:00\" \/>\n<meta property=\"og:image\" content=\"https:\/\/www.notibras.com\/site\/wp-content\/uploads\/2025\/12\/24mttzq25jq8g.webp\" \/>\n\t<meta property=\"og:image:width\" content=\"1200\" \/>\n\t<meta property=\"og:image:height\" content=\"800\" \/>\n\t<meta property=\"og:image:type\" content=\"image\/webp\" \/>\n<meta name=\"author\" content=\"Eduardo Mart\u00ednez\" \/>\n<meta name=\"twitter:card\" content=\"summary_large_image\" \/>\n<meta name=\"twitter:creator\" content=\"@Notibras\" \/>\n<meta name=\"twitter:site\" content=\"@Notibras\" \/>\n<meta name=\"twitter:label1\" content=\"Escrito por\" \/>\n\t<meta name=\"twitter:data1\" content=\"Eduardo Mart\u00ednez\" \/>\n\t<meta name=\"twitter:label2\" content=\"Est. tempo de leitura\" \/>\n\t<meta name=\"twitter:data2\" content=\"3 minutos\" \/>\n<script type=\"application\/ld+json\" class=\"yoast-schema-graph\">{\"@context\":\"https:\/\/schema.org\",\"@graph\":[{\"@type\":\"Article\",\"@id\":\"https:\/\/www.notibras.com\/site\/economia-saudavel-e-pujante-proporciona-bem-estar-coletivo\/#article\",\"isPartOf\":{\"@id\":\"https:\/\/www.notibras.com\/site\/economia-saudavel-e-pujante-proporciona-bem-estar-coletivo\/\"},\"author\":{\"name\":\"Eduardo Mart\u00ednez\",\"@id\":\"https:\/\/www.notibras.com\/site\/#\/schema\/person\/5b7fabf2aedc3ada2105f03b22b4d3dd\"},\"headline\":\"Economia saud\u00e1vel e pujante proporciona bem-estar coletivo\",\"datePublished\":\"2026-01-01T05:15:43+00:00\",\"mainEntityOfPage\":{\"@id\":\"https:\/\/www.notibras.com\/site\/economia-saudavel-e-pujante-proporciona-bem-estar-coletivo\/\"},\"wordCount\":391,\"publisher\":{\"@id\":\"https:\/\/www.notibras.com\/site\/#organization\"},\"image\":{\"@id\":\"https:\/\/www.notibras.com\/site\/economia-saudavel-e-pujante-proporciona-bem-estar-coletivo\/#primaryimage\"},\"thumbnailUrl\":\"https:\/\/www.notibras.com\/site\/wp-content\/uploads\/2025\/12\/24mttzq25jq8g.webp\",\"articleSection\":[\"Dona Irene\"],\"inLanguage\":\"pt-BR\"},{\"@type\":\"WebPage\",\"@id\":\"https:\/\/www.notibras.com\/site\/economia-saudavel-e-pujante-proporciona-bem-estar-coletivo\/\",\"url\":\"https:\/\/www.notibras.com\/site\/economia-saudavel-e-pujante-proporciona-bem-estar-coletivo\/\",\"name\":\"Economia saud\u00e1vel e pujante proporciona bem-estar coletivo - Notibras\",\"isPartOf\":{\"@id\":\"https:\/\/www.notibras.com\/site\/#website\"},\"primaryImageOfPage\":{\"@id\":\"https:\/\/www.notibras.com\/site\/economia-saudavel-e-pujante-proporciona-bem-estar-coletivo\/#primaryimage\"},\"image\":{\"@id\":\"https:\/\/www.notibras.com\/site\/economia-saudavel-e-pujante-proporciona-bem-estar-coletivo\/#primaryimage\"},\"thumbnailUrl\":\"https:\/\/www.notibras.com\/site\/wp-content\/uploads\/2025\/12\/24mttzq25jq8g.webp\",\"datePublished\":\"2026-01-01T05:15:43+00:00\",\"breadcrumb\":{\"@id\":\"https:\/\/www.notibras.com\/site\/economia-saudavel-e-pujante-proporciona-bem-estar-coletivo\/#breadcrumb\"},\"inLanguage\":\"pt-BR\",\"potentialAction\":[{\"@type\":\"ReadAction\",\"target\":[\"https:\/\/www.notibras.com\/site\/economia-saudavel-e-pujante-proporciona-bem-estar-coletivo\/\"]}]},{\"@type\":\"ImageObject\",\"inLanguage\":\"pt-BR\",\"@id\":\"https:\/\/www.notibras.com\/site\/economia-saudavel-e-pujante-proporciona-bem-estar-coletivo\/#primaryimage\",\"url\":\"https:\/\/www.notibras.com\/site\/wp-content\/uploads\/2025\/12\/24mttzq25jq8g.webp\",\"contentUrl\":\"https:\/\/www.notibras.com\/site\/wp-content\/uploads\/2025\/12\/24mttzq25jq8g.webp\",\"width\":1200,\"height\":800},{\"@type\":\"BreadcrumbList\",\"@id\":\"https:\/\/www.notibras.com\/site\/economia-saudavel-e-pujante-proporciona-bem-estar-coletivo\/#breadcrumb\",\"itemListElement\":[{\"@type\":\"ListItem\",\"position\":1,\"name\":\"In\u00edcio\",\"item\":\"https:\/\/www.notibras.com\/site\/\"},{\"@type\":\"ListItem\",\"position\":2,\"name\":\"Economia saud\u00e1vel e pujante proporciona bem-estar coletivo\"}]},{\"@type\":\"WebSite\",\"@id\":\"https:\/\/www.notibras.com\/site\/#website\",\"url\":\"https:\/\/www.notibras.com\/site\/\",\"name\":\"Notibras\",\"description\":\"Not\u00edcias de Bras\u00edlia, do Brasil e do Mundo\",\"publisher\":{\"@id\":\"https:\/\/www.notibras.com\/site\/#organization\"},\"potentialAction\":[{\"@type\":\"SearchAction\",\"target\":{\"@type\":\"EntryPoint\",\"urlTemplate\":\"https:\/\/www.notibras.com\/site\/?s={search_term_string}\"},\"query-input\":{\"@type\":\"PropertyValueSpecification\",\"valueRequired\":true,\"valueName\":\"search_term_string\"}}],\"inLanguage\":\"pt-BR\"},{\"@type\":\"Organization\",\"@id\":\"https:\/\/www.notibras.com\/site\/#organization\",\"name\":\"Grupo Notibras de Comunica\u00e7\u00e3o\",\"url\":\"https:\/\/www.notibras.com\/site\/\",\"logo\":{\"@type\":\"ImageObject\",\"inLanguage\":\"pt-BR\",\"@id\":\"https:\/\/www.notibras.com\/site\/#\/schema\/logo\/image\/\",\"url\":\"https:\/\/www.notibras.com\/site\/wp-content\/uploads\/2023\/01\/notibras23.png\",\"contentUrl\":\"https:\/\/www.notibras.com\/site\/wp-content\/uploads\/2023\/01\/notibras23.png\",\"width\":350,\"height\":87,\"caption\":\"Grupo Notibras de Comunica\u00e7\u00e3o\"},\"image\":{\"@id\":\"https:\/\/www.notibras.com\/site\/#\/schema\/logo\/image\/\"},\"sameAs\":[\"https:\/\/www.facebook.com\/notibras\/\",\"https:\/\/x.com\/Notibras\",\"https:\/\/www.instagram.com\/notibras\/\"]},{\"@type\":\"Person\",\"@id\":\"https:\/\/www.notibras.com\/site\/#\/schema\/person\/5b7fabf2aedc3ada2105f03b22b4d3dd\",\"name\":\"Eduardo Mart\u00ednez\",\"image\":{\"@type\":\"ImageObject\",\"inLanguage\":\"pt-BR\",\"@id\":\"https:\/\/secure.gravatar.com\/avatar\/7902f906289926289cbcda644b5197c796b893c6ffd7b9a536a42d290f7704a0?s=96&d=mm&r=g\",\"url\":\"https:\/\/secure.gravatar.com\/avatar\/7902f906289926289cbcda644b5197c796b893c6ffd7b9a536a42d290f7704a0?s=96&d=mm&r=g\",\"contentUrl\":\"https:\/\/secure.gravatar.com\/avatar\/7902f906289926289cbcda644b5197c796b893c6ffd7b9a536a42d290f7704a0?s=96&d=mm&r=g\",\"caption\":\"Eduardo Mart\u00ednez\"}}]}<\/script>\n<!-- \/ Yoast SEO plugin. -->","yoast_head_json":{"title":"Economia saud\u00e1vel e pujante proporciona bem-estar coletivo - Notibras","robots":{"index":"index","follow":"follow","max-snippet":"max-snippet:-1","max-image-preview":"max-image-preview:large","max-video-preview":"max-video-preview:-1"},"canonical":"https:\/\/www.notibras.com\/site\/economia-saudavel-e-pujante-proporciona-bem-estar-coletivo\/","og_locale":"pt_BR","og_type":"article","og_title":"Economia saud\u00e1vel e pujante proporciona bem-estar coletivo - Notibras","og_description":"Iniciamos 2026 muito bem, obrigado. E digo isso sem medo de errar, porque os n\u00fameros est\u00e3o a\u00ed, escancarados, para quem quiser ver, e tamb\u00e9m para quem insiste em fingir que n\u00e3o v\u00ea. O Brasil come\u00e7a o ano com a menor taxa de desemprego da sua hist\u00f3ria, algo que por si s\u00f3 j\u00e1 muda o humor [&hellip;]","og_url":"https:\/\/www.notibras.com\/site\/economia-saudavel-e-pujante-proporciona-bem-estar-coletivo\/","og_site_name":"Notibras","article_publisher":"https:\/\/www.facebook.com\/notibras\/","article_published_time":"2026-01-01T05:15:43+00:00","og_image":[{"width":1200,"height":800,"url":"https:\/\/www.notibras.com\/site\/wp-content\/uploads\/2025\/12\/24mttzq25jq8g.webp","type":"image\/webp"}],"author":"Eduardo Mart\u00ednez","twitter_card":"summary_large_image","twitter_creator":"@Notibras","twitter_site":"@Notibras","twitter_misc":{"Escrito por":"Eduardo Mart\u00ednez","Est. tempo de leitura":"3 minutos"},"schema":{"@context":"https:\/\/schema.org","@graph":[{"@type":"Article","@id":"https:\/\/www.notibras.com\/site\/economia-saudavel-e-pujante-proporciona-bem-estar-coletivo\/#article","isPartOf":{"@id":"https:\/\/www.notibras.com\/site\/economia-saudavel-e-pujante-proporciona-bem-estar-coletivo\/"},"author":{"name":"Eduardo Mart\u00ednez","@id":"https:\/\/www.notibras.com\/site\/#\/schema\/person\/5b7fabf2aedc3ada2105f03b22b4d3dd"},"headline":"Economia saud\u00e1vel e pujante proporciona bem-estar coletivo","datePublished":"2026-01-01T05:15:43+00:00","mainEntityOfPage":{"@id":"https:\/\/www.notibras.com\/site\/economia-saudavel-e-pujante-proporciona-bem-estar-coletivo\/"},"wordCount":391,"publisher":{"@id":"https:\/\/www.notibras.com\/site\/#organization"},"image":{"@id":"https:\/\/www.notibras.com\/site\/economia-saudavel-e-pujante-proporciona-bem-estar-coletivo\/#primaryimage"},"thumbnailUrl":"https:\/\/www.notibras.com\/site\/wp-content\/uploads\/2025\/12\/24mttzq25jq8g.webp","articleSection":["Dona Irene"],"inLanguage":"pt-BR"},{"@type":"WebPage","@id":"https:\/\/www.notibras.com\/site\/economia-saudavel-e-pujante-proporciona-bem-estar-coletivo\/","url":"https:\/\/www.notibras.com\/site\/economia-saudavel-e-pujante-proporciona-bem-estar-coletivo\/","name":"Economia saud\u00e1vel e pujante proporciona bem-estar coletivo - Notibras","isPartOf":{"@id":"https:\/\/www.notibras.com\/site\/#website"},"primaryImageOfPage":{"@id":"https:\/\/www.notibras.com\/site\/economia-saudavel-e-pujante-proporciona-bem-estar-coletivo\/#primaryimage"},"image":{"@id":"https:\/\/www.notibras.com\/site\/economia-saudavel-e-pujante-proporciona-bem-estar-coletivo\/#primaryimage"},"thumbnailUrl":"https:\/\/www.notibras.com\/site\/wp-content\/uploads\/2025\/12\/24mttzq25jq8g.webp","datePublished":"2026-01-01T05:15:43+00:00","breadcrumb":{"@id":"https:\/\/www.notibras.com\/site\/economia-saudavel-e-pujante-proporciona-bem-estar-coletivo\/#breadcrumb"},"inLanguage":"pt-BR","potentialAction":[{"@type":"ReadAction","target":["https:\/\/www.notibras.com\/site\/economia-saudavel-e-pujante-proporciona-bem-estar-coletivo\/"]}]},{"@type":"ImageObject","inLanguage":"pt-BR","@id":"https:\/\/www.notibras.com\/site\/economia-saudavel-e-pujante-proporciona-bem-estar-coletivo\/#primaryimage","url":"https:\/\/www.notibras.com\/site\/wp-content\/uploads\/2025\/12\/24mttzq25jq8g.webp","contentUrl":"https:\/\/www.notibras.com\/site\/wp-content\/uploads\/2025\/12\/24mttzq25jq8g.webp","width":1200,"height":800},{"@type":"BreadcrumbList","@id":"https:\/\/www.notibras.com\/site\/economia-saudavel-e-pujante-proporciona-bem-estar-coletivo\/#breadcrumb","itemListElement":[{"@type":"ListItem","position":1,"name":"In\u00edcio","item":"https:\/\/www.notibras.com\/site\/"},{"@type":"ListItem","position":2,"name":"Economia saud\u00e1vel e pujante proporciona bem-estar coletivo"}]},{"@type":"WebSite","@id":"https:\/\/www.notibras.com\/site\/#website","url":"https:\/\/www.notibras.com\/site\/","name":"Notibras","description":"Not\u00edcias de Bras\u00edlia, do Brasil e do Mundo","publisher":{"@id":"https:\/\/www.notibras.com\/site\/#organization"},"potentialAction":[{"@type":"SearchAction","target":{"@type":"EntryPoint","urlTemplate":"https:\/\/www.notibras.com\/site\/?s={search_term_string}"},"query-input":{"@type":"PropertyValueSpecification","valueRequired":true,"valueName":"search_term_string"}}],"inLanguage":"pt-BR"},{"@type":"Organization","@id":"https:\/\/www.notibras.com\/site\/#organization","name":"Grupo Notibras de Comunica\u00e7\u00e3o","url":"https:\/\/www.notibras.com\/site\/","logo":{"@type":"ImageObject","inLanguage":"pt-BR","@id":"https:\/\/www.notibras.com\/site\/#\/schema\/logo\/image\/","url":"https:\/\/www.notibras.com\/site\/wp-content\/uploads\/2023\/01\/notibras23.png","contentUrl":"https:\/\/www.notibras.com\/site\/wp-content\/uploads\/2023\/01\/notibras23.png","width":350,"height":87,"caption":"Grupo Notibras de Comunica\u00e7\u00e3o"},"image":{"@id":"https:\/\/www.notibras.com\/site\/#\/schema\/logo\/image\/"},"sameAs":["https:\/\/www.facebook.com\/notibras\/","https:\/\/x.com\/Notibras","https:\/\/www.instagram.com\/notibras\/"]},{"@type":"Person","@id":"https:\/\/www.notibras.com\/site\/#\/schema\/person\/5b7fabf2aedc3ada2105f03b22b4d3dd","name":"Eduardo Mart\u00ednez","image":{"@type":"ImageObject","inLanguage":"pt-BR","@id":"https:\/\/secure.gravatar.com\/avatar\/7902f906289926289cbcda644b5197c796b893c6ffd7b9a536a42d290f7704a0?s=96&d=mm&r=g","url":"https:\/\/secure.gravatar.com\/avatar\/7902f906289926289cbcda644b5197c796b893c6ffd7b9a536a42d290f7704a0?s=96&d=mm&r=g","contentUrl":"https:\/\/secure.gravatar.com\/avatar\/7902f906289926289cbcda644b5197c796b893c6ffd7b9a536a42d290f7704a0?s=96&d=mm&r=g","caption":"Eduardo Mart\u00ednez"}}]}},"amp_enabled":true,"_links":{"self":[{"href":"https:\/\/www.notibras.com\/site\/wp-json\/wp\/v2\/posts\/377221","targetHints":{"allow":["GET"]}}],"collection":[{"href":"https:\/\/www.notibras.com\/site\/wp-json\/wp\/v2\/posts"}],"about":[{"href":"https:\/\/www.notibras.com\/site\/wp-json\/wp\/v2\/types\/post"}],"author":[{"embeddable":true,"href":"https:\/\/www.notibras.com\/site\/wp-json\/wp\/v2\/users\/21"}],"replies":[{"embeddable":true,"href":"https:\/\/www.notibras.com\/site\/wp-json\/wp\/v2\/comments?post=377221"}],"version-history":[{"count":4,"href":"https:\/\/www.notibras.com\/site\/wp-json\/wp\/v2\/posts\/377221\/revisions"}],"predecessor-version":[{"id":377226,"href":"https:\/\/www.notibras.com\/site\/wp-json\/wp\/v2\/posts\/377221\/revisions\/377226"}],"wp:featuredmedia":[{"embeddable":true,"href":"https:\/\/www.notibras.com\/site\/wp-json\/wp\/v2\/media\/377222"}],"wp:attachment":[{"href":"https:\/\/www.notibras.com\/site\/wp-json\/wp\/v2\/media?parent=377221"}],"wp:term":[{"taxonomy":"category","embeddable":true,"href":"https:\/\/www.notibras.com\/site\/wp-json\/wp\/v2\/categories?post=377221"},{"taxonomy":"post_tag","embeddable":true,"href":"https:\/\/www.notibras.com\/site\/wp-json\/wp\/v2\/tags?post=377221"}],"curies":[{"name":"wp","href":"https:\/\/api.w.org\/{rel}","templated":true}]}}