{"id":377235,"date":"2026-01-01T06:15:17","date_gmt":"2026-01-01T09:15:17","guid":{"rendered":"https:\/\/www.notibras.com\/site\/?p=377235"},"modified":"2026-01-01T06:17:53","modified_gmt":"2026-01-01T09:17:53","slug":"novo-ano-chega-como-convite-para-o-brasil-escrever-historia-feliz","status":"publish","type":"post","link":"https:\/\/www.notibras.com\/site\/novo-ano-chega-como-convite-para-o-brasil-escrever-historia-feliz\/","title":{"rendered":"Novo ano chega como convite para o Brasil escrever hist\u00f3ria feliz"},"content":{"rendered":"<p>O tempo realmente n\u00e3o para. Mais um ano est\u00e1 come\u00e7ando. Como ele ser\u00e1? Podemos sonhar, consultar os astros, os b\u00fazios para tentar imaginar o que ocorrer\u00e1 nesses pr\u00f3ximos 365 dias. Melhor n\u00e3o pensar nisso! O que devemos fazer \u00e9 olhar os pr\u00f3ximos dias e apenas visualizar o que queremos que esteja reservado para n\u00f3s dentro de cada um deles. Como dizem os pensadores, \u00e9 assim que um ano feliz \u00e9 feito: de esperan\u00e7as. Feliz Ano Novo, feliz 2026. E que, no fim deste ano, possamos nos reunir novamente para somar as barreiras que superamos e os sonhos que realizamos.<\/p>\n<p>O ano que terminou ontem n\u00e3o existe mais. \u00c9 um f\u00f3sforo riscado. Ele nunca mais acender\u00e1. Da\u00ed a profunda sabedoria de soprar as velas na festa do nosso \u00faltimo anivers\u00e1rio. Como tarefa que nos propusemos a fazer em casa, a vida \u00e9 exatamente assim. Quando se olha j\u00e1 \u00e9 dia 1\u00ba. de janeiro de um novo ano. Quando olharmos novamente, acabou o m\u00eas, o ano, a d\u00e9cada. \u00c9 a\u00ed que percebemos o quanto estamos distantes de nossa inf\u00e2ncia, de nossa adolesc\u00eancia, de nossa juventude. Meu Deus, como esconderei de meus pais os cabelos grisalhos? E de minhas filhas o medo do futuro?<\/p>\n<p>Apesar das d\u00favidas, que bom ter alcan\u00e7ado a idade adulta, a s\u00e1bia velhice. Quero come\u00e7ar 2026 agradecendo a Deus por ter me concedido mais um ano de vida, agradecer pelo sorriso que tenho no rosto, pelas l\u00e1grimas que rolam em minha face, pelas pessoas que vieram e partiram e, principalmente, pelas que permanecem comigo. Amanh\u00e3 ser\u00e1 outra sexta-feira. E de repente, em breve comemorarei mais um anivers\u00e1rio. Novamente me valendo dos pensadores, a vida \u00e9 mesmo um sopro! Hoje somos e estamos. Amanh\u00e3, deixamos de ser.<\/p>\n<p>N\u00e3o d\u00e1 mais para voltar em 2025. O dia \u00e9 hoje! O ano \u00e9 agora! Em pleno ver\u00e3o, 2026 talvez seja o s\u00edmbolo de mais um girassol em meu jardim virtual. Troquei a ruga pela experi\u00eancia, escondi os medos no arm\u00e1rio e definitivamente tirei da estante a coragem que imaginei perdida. \u00c2nimo! \u00c9 s\u00f3 mais um ano? Claro que n\u00e3o! \u00c9 um novo ano inaugurando minha nova vers\u00e3o, a nossa nova vers\u00e3o. Feliz Ano Novo. Com ele, que tudo seja mais bonito, mais eloquente, mais exigente, mais coerente, mais indulgente, mais reluzente, mais solid\u00e1rio e, quem sabe, menos politicamente insensato e odioso.<\/p>\n<p>Com todos os clich\u00eas de que dispomos, o que posso dizer \u00e9 que, eu de c\u00e1 e voc\u00ea de l\u00e1, come\u00e7amos hoje a contagem regressiva para 2027. Sorte a nossa. Os que ficaram pelo caminho n\u00e3o podem mais se lembrar que o tempo n\u00e3o p\u00e1ra e que os dias s\u00e3o \u00fanicos. Ao olhar para ontem, para o ano que terminou, agradeci por ter chegado at\u00e9 aqui. Apesar do tempo que n\u00e3o parou, o cora\u00e7\u00e3o continua batendo forte, o olhar \u00e9 muito mais decidido e ainda maior \u00e9 a vontade de colher os frutos das sementes que deixei pelo longo caminho j\u00e1 percorrido.<\/p>\n<p>Ent\u00e3o, s\u00f3 me resta dizer am\u00e9m e seguir em frente? Mais uma vez, n\u00e3o. Mesmo sem perder a capacidade de sonhar, \u00e9 chegada a hora de trocar os sonhos pela realidade, de derrubar os muros da ignor\u00e2ncia e da intoler\u00e2ncia, de caminharmos juntos, de cercear a tristeza e de abrir sorrisos. Quem sabe 2026 seja um convite para escrevermos a quatro, a dez ou a 213 milh\u00f5es de m\u00e3os um novo cap\u00edtulo da hist\u00f3ria do Brasil. Feliz Ano Novo para todos n\u00f3s! Que continuemos a alimentar o velho h\u00e1bito de ser feliz. Que brilhemos tanto quanto o c\u00e9u \u00e0 meia-noite de 2025. Fa\u00e7amos das pr\u00f3ximas 365 p\u00e1ginas de nossas vidas um livro que sempre nos dar\u00e1 prazer em reler. Obrigado 2025! Chegue em paz 2026!<\/p>\n<p>&#8230;&#8230;&#8230;<\/p>\n<p><strong>Armando Cardoso \u00e9 presidente do Conselho Editorial de Notibras<\/strong><\/p>\n","protected":false},"excerpt":{"rendered":"<p>O tempo realmente n\u00e3o para. Mais um ano est\u00e1 come\u00e7ando. Como ele ser\u00e1? Podemos sonhar, consultar os astros, os b\u00fazios para tentar imaginar o que ocorrer\u00e1 nesses pr\u00f3ximos 365 dias. Melhor n\u00e3o pensar nisso! O que devemos fazer \u00e9 olhar os pr\u00f3ximos dias e apenas visualizar o que queremos que esteja reservado para n\u00f3s dentro [&hellip;]<\/p>\n","protected":false},"author":2,"featured_media":217412,"comment_status":"closed","ping_status":"closed","sticky":false,"template":"","format":"standard","meta":{"_acf_changed":false,"footnotes":""},"categories":[16],"tags":[95],"class_list":["post-377235","post","type-post","status-publish","format-standard","has-post-thumbnail","hentry","category-brasil","tag-capa"],"acf":[],"yoast_head":"<!-- This site is optimized with the Yoast SEO plugin v27.2 - https:\/\/yoast.com\/product\/yoast-seo-wordpress\/ -->\n<title>Novo ano chega como convite para o Brasil escrever hist\u00f3ria feliz - Notibras<\/title>\n<meta name=\"robots\" content=\"index, follow, max-snippet:-1, max-image-preview:large, max-video-preview:-1\" \/>\n<link rel=\"canonical\" href=\"https:\/\/www.notibras.com\/site\/novo-ano-chega-como-convite-para-o-brasil-escrever-historia-feliz\/\" \/>\n<meta property=\"og:locale\" content=\"pt_BR\" \/>\n<meta property=\"og:type\" content=\"article\" \/>\n<meta property=\"og:title\" content=\"Novo ano chega como convite para o Brasil escrever hist\u00f3ria feliz - Notibras\" \/>\n<meta property=\"og:description\" content=\"O tempo realmente n\u00e3o para. Mais um ano est\u00e1 come\u00e7ando. Como ele ser\u00e1? Podemos sonhar, consultar os astros, os b\u00fazios para tentar imaginar o que ocorrer\u00e1 nesses pr\u00f3ximos 365 dias. Melhor n\u00e3o pensar nisso! O que devemos fazer \u00e9 olhar os pr\u00f3ximos dias e apenas visualizar o que queremos que esteja reservado para n\u00f3s dentro [&hellip;]\" \/>\n<meta property=\"og:url\" content=\"https:\/\/www.notibras.com\/site\/novo-ano-chega-como-convite-para-o-brasil-escrever-historia-feliz\/\" \/>\n<meta property=\"og:site_name\" content=\"Notibras\" \/>\n<meta property=\"article:publisher\" content=\"https:\/\/www.facebook.com\/notibras\/\" \/>\n<meta property=\"article:published_time\" content=\"2026-01-01T09:15:17+00:00\" \/>\n<meta property=\"article:modified_time\" content=\"2026-01-01T09:17:53+00:00\" \/>\n<meta property=\"og:image\" content=\"https:\/\/www.notibras.com\/site\/wp-content\/uploads\/2019\/10\/crian\u00e7a-futuro.2.jpg\" \/>\n\t<meta property=\"og:image:width\" content=\"754\" \/>\n\t<meta property=\"og:image:height\" content=\"501\" \/>\n\t<meta property=\"og:image:type\" content=\"image\/jpeg\" \/>\n<meta name=\"author\" content=\"Reda\u00e7\u00e3o\" \/>\n<meta name=\"twitter:card\" content=\"summary_large_image\" \/>\n<meta name=\"twitter:creator\" content=\"@Notibras\" \/>\n<meta name=\"twitter:site\" content=\"@Notibras\" \/>\n<meta name=\"twitter:label1\" content=\"Escrito por\" \/>\n\t<meta name=\"twitter:data1\" content=\"Reda\u00e7\u00e3o\" \/>\n\t<meta name=\"twitter:label2\" content=\"Est. tempo de leitura\" \/>\n\t<meta name=\"twitter:data2\" content=\"4 minutos\" \/>\n<script type=\"application\/ld+json\" class=\"yoast-schema-graph\">{\"@context\":\"https:\/\/schema.org\",\"@graph\":[{\"@type\":\"Article\",\"@id\":\"https:\/\/www.notibras.com\/site\/novo-ano-chega-como-convite-para-o-brasil-escrever-historia-feliz\/#article\",\"isPartOf\":{\"@id\":\"https:\/\/www.notibras.com\/site\/novo-ano-chega-como-convite-para-o-brasil-escrever-historia-feliz\/\"},\"author\":{\"name\":\"Reda\u00e7\u00e3o\",\"@id\":\"https:\/\/www.notibras.com\/site\/#\/schema\/person\/36ab0979449956132d3e5b517ea76ac8\"},\"headline\":\"Novo ano chega como convite para o Brasil escrever hist\u00f3ria feliz\",\"datePublished\":\"2026-01-01T09:15:17+00:00\",\"dateModified\":\"2026-01-01T09:17:53+00:00\",\"mainEntityOfPage\":{\"@id\":\"https:\/\/www.notibras.com\/site\/novo-ano-chega-como-convite-para-o-brasil-escrever-historia-feliz\/\"},\"wordCount\":659,\"publisher\":{\"@id\":\"https:\/\/www.notibras.com\/site\/#organization\"},\"image\":{\"@id\":\"https:\/\/www.notibras.com\/site\/novo-ano-chega-como-convite-para-o-brasil-escrever-historia-feliz\/#primaryimage\"},\"thumbnailUrl\":\"https:\/\/www.notibras.com\/site\/wp-content\/uploads\/2019\/10\/crian\u00e7a-futuro.2.jpg\",\"keywords\":[\"capa\"],\"articleSection\":[\"Brasil\"],\"inLanguage\":\"pt-BR\"},{\"@type\":\"WebPage\",\"@id\":\"https:\/\/www.notibras.com\/site\/novo-ano-chega-como-convite-para-o-brasil-escrever-historia-feliz\/\",\"url\":\"https:\/\/www.notibras.com\/site\/novo-ano-chega-como-convite-para-o-brasil-escrever-historia-feliz\/\",\"name\":\"Novo ano chega como convite para o Brasil escrever hist\u00f3ria feliz - Notibras\",\"isPartOf\":{\"@id\":\"https:\/\/www.notibras.com\/site\/#website\"},\"primaryImageOfPage\":{\"@id\":\"https:\/\/www.notibras.com\/site\/novo-ano-chega-como-convite-para-o-brasil-escrever-historia-feliz\/#primaryimage\"},\"image\":{\"@id\":\"https:\/\/www.notibras.com\/site\/novo-ano-chega-como-convite-para-o-brasil-escrever-historia-feliz\/#primaryimage\"},\"thumbnailUrl\":\"https:\/\/www.notibras.com\/site\/wp-content\/uploads\/2019\/10\/crian\u00e7a-futuro.2.jpg\",\"datePublished\":\"2026-01-01T09:15:17+00:00\",\"dateModified\":\"2026-01-01T09:17:53+00:00\",\"breadcrumb\":{\"@id\":\"https:\/\/www.notibras.com\/site\/novo-ano-chega-como-convite-para-o-brasil-escrever-historia-feliz\/#breadcrumb\"},\"inLanguage\":\"pt-BR\",\"potentialAction\":[{\"@type\":\"ReadAction\",\"target\":[\"https:\/\/www.notibras.com\/site\/novo-ano-chega-como-convite-para-o-brasil-escrever-historia-feliz\/\"]}]},{\"@type\":\"ImageObject\",\"inLanguage\":\"pt-BR\",\"@id\":\"https:\/\/www.notibras.com\/site\/novo-ano-chega-como-convite-para-o-brasil-escrever-historia-feliz\/#primaryimage\",\"url\":\"https:\/\/www.notibras.com\/site\/wp-content\/uploads\/2019\/10\/crian\u00e7a-futuro.2.jpg\",\"contentUrl\":\"https:\/\/www.notibras.com\/site\/wp-content\/uploads\/2019\/10\/crian\u00e7a-futuro.2.jpg\",\"width\":754,\"height\":501},{\"@type\":\"BreadcrumbList\",\"@id\":\"https:\/\/www.notibras.com\/site\/novo-ano-chega-como-convite-para-o-brasil-escrever-historia-feliz\/#breadcrumb\",\"itemListElement\":[{\"@type\":\"ListItem\",\"position\":1,\"name\":\"In\u00edcio\",\"item\":\"https:\/\/www.notibras.com\/site\/\"},{\"@type\":\"ListItem\",\"position\":2,\"name\":\"Novo ano chega como convite para o Brasil escrever hist\u00f3ria feliz\"}]},{\"@type\":\"WebSite\",\"@id\":\"https:\/\/www.notibras.com\/site\/#website\",\"url\":\"https:\/\/www.notibras.com\/site\/\",\"name\":\"Notibras\",\"description\":\"Not\u00edcias de Bras\u00edlia, do Brasil e do Mundo\",\"publisher\":{\"@id\":\"https:\/\/www.notibras.com\/site\/#organization\"},\"potentialAction\":[{\"@type\":\"SearchAction\",\"target\":{\"@type\":\"EntryPoint\",\"urlTemplate\":\"https:\/\/www.notibras.com\/site\/?s={search_term_string}\"},\"query-input\":{\"@type\":\"PropertyValueSpecification\",\"valueRequired\":true,\"valueName\":\"search_term_string\"}}],\"inLanguage\":\"pt-BR\"},{\"@type\":\"Organization\",\"@id\":\"https:\/\/www.notibras.com\/site\/#organization\",\"name\":\"Grupo Notibras de Comunica\u00e7\u00e3o\",\"url\":\"https:\/\/www.notibras.com\/site\/\",\"logo\":{\"@type\":\"ImageObject\",\"inLanguage\":\"pt-BR\",\"@id\":\"https:\/\/www.notibras.com\/site\/#\/schema\/logo\/image\/\",\"url\":\"https:\/\/www.notibras.com\/site\/wp-content\/uploads\/2023\/01\/notibras23.png\",\"contentUrl\":\"https:\/\/www.notibras.com\/site\/wp-content\/uploads\/2023\/01\/notibras23.png\",\"width\":350,\"height\":87,\"caption\":\"Grupo Notibras de Comunica\u00e7\u00e3o\"},\"image\":{\"@id\":\"https:\/\/www.notibras.com\/site\/#\/schema\/logo\/image\/\"},\"sameAs\":[\"https:\/\/www.facebook.com\/notibras\/\",\"https:\/\/x.com\/Notibras\",\"https:\/\/www.instagram.com\/notibras\/\"]},{\"@type\":\"Person\",\"@id\":\"https:\/\/www.notibras.com\/site\/#\/schema\/person\/36ab0979449956132d3e5b517ea76ac8\",\"name\":\"Reda\u00e7\u00e3o\",\"image\":{\"@type\":\"ImageObject\",\"inLanguage\":\"pt-BR\",\"@id\":\"https:\/\/secure.gravatar.com\/avatar\/e0a867bdedb85fd243eadf09663511f96fc81e0720a4a42581f334ad4303aa6b?s=96&d=mm&r=g\",\"url\":\"https:\/\/secure.gravatar.com\/avatar\/e0a867bdedb85fd243eadf09663511f96fc81e0720a4a42581f334ad4303aa6b?s=96&d=mm&r=g\",\"contentUrl\":\"https:\/\/secure.gravatar.com\/avatar\/e0a867bdedb85fd243eadf09663511f96fc81e0720a4a42581f334ad4303aa6b?s=96&d=mm&r=g\",\"caption\":\"Reda\u00e7\u00e3o\"}}]}<\/script>\n<!-- \/ Yoast SEO plugin. -->","yoast_head_json":{"title":"Novo ano chega como convite para o Brasil escrever hist\u00f3ria feliz - Notibras","robots":{"index":"index","follow":"follow","max-snippet":"max-snippet:-1","max-image-preview":"max-image-preview:large","max-video-preview":"max-video-preview:-1"},"canonical":"https:\/\/www.notibras.com\/site\/novo-ano-chega-como-convite-para-o-brasil-escrever-historia-feliz\/","og_locale":"pt_BR","og_type":"article","og_title":"Novo ano chega como convite para o Brasil escrever hist\u00f3ria feliz - Notibras","og_description":"O tempo realmente n\u00e3o para. Mais um ano est\u00e1 come\u00e7ando. Como ele ser\u00e1? Podemos sonhar, consultar os astros, os b\u00fazios para tentar imaginar o que ocorrer\u00e1 nesses pr\u00f3ximos 365 dias. Melhor n\u00e3o pensar nisso! O que devemos fazer \u00e9 olhar os pr\u00f3ximos dias e apenas visualizar o que queremos que esteja reservado para n\u00f3s dentro [&hellip;]","og_url":"https:\/\/www.notibras.com\/site\/novo-ano-chega-como-convite-para-o-brasil-escrever-historia-feliz\/","og_site_name":"Notibras","article_publisher":"https:\/\/www.facebook.com\/notibras\/","article_published_time":"2026-01-01T09:15:17+00:00","article_modified_time":"2026-01-01T09:17:53+00:00","og_image":[{"width":754,"height":501,"url":"https:\/\/www.notibras.com\/site\/wp-content\/uploads\/2019\/10\/crian\u00e7a-futuro.2.jpg","type":"image\/jpeg"}],"author":"Reda\u00e7\u00e3o","twitter_card":"summary_large_image","twitter_creator":"@Notibras","twitter_site":"@Notibras","twitter_misc":{"Escrito por":"Reda\u00e7\u00e3o","Est. tempo de leitura":"4 minutos"},"schema":{"@context":"https:\/\/schema.org","@graph":[{"@type":"Article","@id":"https:\/\/www.notibras.com\/site\/novo-ano-chega-como-convite-para-o-brasil-escrever-historia-feliz\/#article","isPartOf":{"@id":"https:\/\/www.notibras.com\/site\/novo-ano-chega-como-convite-para-o-brasil-escrever-historia-feliz\/"},"author":{"name":"Reda\u00e7\u00e3o","@id":"https:\/\/www.notibras.com\/site\/#\/schema\/person\/36ab0979449956132d3e5b517ea76ac8"},"headline":"Novo ano chega como convite para o Brasil escrever hist\u00f3ria feliz","datePublished":"2026-01-01T09:15:17+00:00","dateModified":"2026-01-01T09:17:53+00:00","mainEntityOfPage":{"@id":"https:\/\/www.notibras.com\/site\/novo-ano-chega-como-convite-para-o-brasil-escrever-historia-feliz\/"},"wordCount":659,"publisher":{"@id":"https:\/\/www.notibras.com\/site\/#organization"},"image":{"@id":"https:\/\/www.notibras.com\/site\/novo-ano-chega-como-convite-para-o-brasil-escrever-historia-feliz\/#primaryimage"},"thumbnailUrl":"https:\/\/www.notibras.com\/site\/wp-content\/uploads\/2019\/10\/crian\u00e7a-futuro.2.jpg","keywords":["capa"],"articleSection":["Brasil"],"inLanguage":"pt-BR"},{"@type":"WebPage","@id":"https:\/\/www.notibras.com\/site\/novo-ano-chega-como-convite-para-o-brasil-escrever-historia-feliz\/","url":"https:\/\/www.notibras.com\/site\/novo-ano-chega-como-convite-para-o-brasil-escrever-historia-feliz\/","name":"Novo ano chega como convite para o Brasil escrever hist\u00f3ria feliz - Notibras","isPartOf":{"@id":"https:\/\/www.notibras.com\/site\/#website"},"primaryImageOfPage":{"@id":"https:\/\/www.notibras.com\/site\/novo-ano-chega-como-convite-para-o-brasil-escrever-historia-feliz\/#primaryimage"},"image":{"@id":"https:\/\/www.notibras.com\/site\/novo-ano-chega-como-convite-para-o-brasil-escrever-historia-feliz\/#primaryimage"},"thumbnailUrl":"https:\/\/www.notibras.com\/site\/wp-content\/uploads\/2019\/10\/crian\u00e7a-futuro.2.jpg","datePublished":"2026-01-01T09:15:17+00:00","dateModified":"2026-01-01T09:17:53+00:00","breadcrumb":{"@id":"https:\/\/www.notibras.com\/site\/novo-ano-chega-como-convite-para-o-brasil-escrever-historia-feliz\/#breadcrumb"},"inLanguage":"pt-BR","potentialAction":[{"@type":"ReadAction","target":["https:\/\/www.notibras.com\/site\/novo-ano-chega-como-convite-para-o-brasil-escrever-historia-feliz\/"]}]},{"@type":"ImageObject","inLanguage":"pt-BR","@id":"https:\/\/www.notibras.com\/site\/novo-ano-chega-como-convite-para-o-brasil-escrever-historia-feliz\/#primaryimage","url":"https:\/\/www.notibras.com\/site\/wp-content\/uploads\/2019\/10\/crian\u00e7a-futuro.2.jpg","contentUrl":"https:\/\/www.notibras.com\/site\/wp-content\/uploads\/2019\/10\/crian\u00e7a-futuro.2.jpg","width":754,"height":501},{"@type":"BreadcrumbList","@id":"https:\/\/www.notibras.com\/site\/novo-ano-chega-como-convite-para-o-brasil-escrever-historia-feliz\/#breadcrumb","itemListElement":[{"@type":"ListItem","position":1,"name":"In\u00edcio","item":"https:\/\/www.notibras.com\/site\/"},{"@type":"ListItem","position":2,"name":"Novo ano chega como convite para o Brasil escrever hist\u00f3ria feliz"}]},{"@type":"WebSite","@id":"https:\/\/www.notibras.com\/site\/#website","url":"https:\/\/www.notibras.com\/site\/","name":"Notibras","description":"Not\u00edcias de Bras\u00edlia, do Brasil e do Mundo","publisher":{"@id":"https:\/\/www.notibras.com\/site\/#organization"},"potentialAction":[{"@type":"SearchAction","target":{"@type":"EntryPoint","urlTemplate":"https:\/\/www.notibras.com\/site\/?s={search_term_string}"},"query-input":{"@type":"PropertyValueSpecification","valueRequired":true,"valueName":"search_term_string"}}],"inLanguage":"pt-BR"},{"@type":"Organization","@id":"https:\/\/www.notibras.com\/site\/#organization","name":"Grupo Notibras de Comunica\u00e7\u00e3o","url":"https:\/\/www.notibras.com\/site\/","logo":{"@type":"ImageObject","inLanguage":"pt-BR","@id":"https:\/\/www.notibras.com\/site\/#\/schema\/logo\/image\/","url":"https:\/\/www.notibras.com\/site\/wp-content\/uploads\/2023\/01\/notibras23.png","contentUrl":"https:\/\/www.notibras.com\/site\/wp-content\/uploads\/2023\/01\/notibras23.png","width":350,"height":87,"caption":"Grupo Notibras de Comunica\u00e7\u00e3o"},"image":{"@id":"https:\/\/www.notibras.com\/site\/#\/schema\/logo\/image\/"},"sameAs":["https:\/\/www.facebook.com\/notibras\/","https:\/\/x.com\/Notibras","https:\/\/www.instagram.com\/notibras\/"]},{"@type":"Person","@id":"https:\/\/www.notibras.com\/site\/#\/schema\/person\/36ab0979449956132d3e5b517ea76ac8","name":"Reda\u00e7\u00e3o","image":{"@type":"ImageObject","inLanguage":"pt-BR","@id":"https:\/\/secure.gravatar.com\/avatar\/e0a867bdedb85fd243eadf09663511f96fc81e0720a4a42581f334ad4303aa6b?s=96&d=mm&r=g","url":"https:\/\/secure.gravatar.com\/avatar\/e0a867bdedb85fd243eadf09663511f96fc81e0720a4a42581f334ad4303aa6b?s=96&d=mm&r=g","contentUrl":"https:\/\/secure.gravatar.com\/avatar\/e0a867bdedb85fd243eadf09663511f96fc81e0720a4a42581f334ad4303aa6b?s=96&d=mm&r=g","caption":"Reda\u00e7\u00e3o"}}]}},"amp_enabled":true,"_links":{"self":[{"href":"https:\/\/www.notibras.com\/site\/wp-json\/wp\/v2\/posts\/377235","targetHints":{"allow":["GET"]}}],"collection":[{"href":"https:\/\/www.notibras.com\/site\/wp-json\/wp\/v2\/posts"}],"about":[{"href":"https:\/\/www.notibras.com\/site\/wp-json\/wp\/v2\/types\/post"}],"author":[{"embeddable":true,"href":"https:\/\/www.notibras.com\/site\/wp-json\/wp\/v2\/users\/2"}],"replies":[{"embeddable":true,"href":"https:\/\/www.notibras.com\/site\/wp-json\/wp\/v2\/comments?post=377235"}],"version-history":[{"count":4,"href":"https:\/\/www.notibras.com\/site\/wp-json\/wp\/v2\/posts\/377235\/revisions"}],"predecessor-version":[{"id":377239,"href":"https:\/\/www.notibras.com\/site\/wp-json\/wp\/v2\/posts\/377235\/revisions\/377239"}],"wp:featuredmedia":[{"embeddable":true,"href":"https:\/\/www.notibras.com\/site\/wp-json\/wp\/v2\/media\/217412"}],"wp:attachment":[{"href":"https:\/\/www.notibras.com\/site\/wp-json\/wp\/v2\/media?parent=377235"}],"wp:term":[{"taxonomy":"category","embeddable":true,"href":"https:\/\/www.notibras.com\/site\/wp-json\/wp\/v2\/categories?post=377235"},{"taxonomy":"post_tag","embeddable":true,"href":"https:\/\/www.notibras.com\/site\/wp-json\/wp\/v2\/tags?post=377235"}],"curies":[{"name":"wp","href":"https:\/\/api.w.org\/{rel}","templated":true}]}}