{"id":377244,"date":"2026-01-01T07:05:09","date_gmt":"2026-01-01T10:05:09","guid":{"rendered":"https:\/\/www.notibras.com\/site\/?p=377244"},"modified":"2026-01-01T07:05:09","modified_gmt":"2026-01-01T10:05:09","slug":"a-morte-nao-e-o-fim-mas-o-caminho-da-alma","status":"publish","type":"post","link":"https:\/\/www.notibras.com\/site\/a-morte-nao-e-o-fim-mas-o-caminho-da-alma\/","title":{"rendered":"A morte n\u00e3o \u00e9 o fim, mas o caminho da alma"},"content":{"rendered":"<p data-start=\"425\" data-end=\"736\">Para os antigos eg\u00edpcios, a morte jamais foi um ponto final. Era, antes, uma travessia \u2014 silenciosa, ritual\u00edstica e profundamente sagrada. Enquanto outras civiliza\u00e7\u00f5es temiam o escuro al\u00e9m do \u00faltimo suspiro, o Egito Antigo construiu uma das vis\u00f5es mais elaboradas e m\u00edsticas sobre o destino da alma ap\u00f3s a vida. Morrer significava seguir viagem, mudando de margem<strong data-start=\"757\" data-end=\"774\">.<\/strong><\/p>\n<p data-start=\"820\" data-end=\"1088\">Na cosmovis\u00e3o eg\u00edpcia, o ser humano era composto por v\u00e1rias dimens\u00f5es espirituais. O corpo f\u00edsico, o <em data-start=\"921\" data-end=\"927\">khat<\/em>, precisava ser preservado porque servia de \u00e2ncora para outras partes da alma. A mumifica\u00e7\u00e3o n\u00e3o era um capricho macabro, mas um ato de amor pela eternidade.<\/p>\n<p data-start=\"1090\" data-end=\"1304\">Sem o corpo intacto, o <em data-start=\"1113\" data-end=\"1117\">ka<\/em> \u2014 a for\u00e7a vital \u2014 n\u00e3o reconheceria sua morada. E sem o <em data-start=\"1173\" data-end=\"1177\">ba<\/em> \u2014 a personalidade, representada como um p\u00e1ssaro de cabe\u00e7a humana \u2014 n\u00e3o haveria retorno \u00e0s visitas noturnas ao mundo dos vivos.<\/p>\n<p data-start=\"1306\" data-end=\"1377\">A morte exigia prepara\u00e7\u00e3o. N\u00e3o apenas do falecido, mas dos que ficavam.<\/p>\n<p data-start=\"1419\" data-end=\"1664\">Ao deixar o mundo material, a alma era conduzida por An\u00fabis, o deus de cabe\u00e7a de chacal, guardi\u00e3o dos cemit\u00e9rios e das passagens invis\u00edveis. Ele n\u00e3o julgava; ele guiava. Seu papel era garantir que a alma chegasse inteira ao momento decisivo.<\/p>\n<p data-start=\"1666\" data-end=\"1771\">Ali, no Sal\u00e3o das Duas Verdades, acontecia o ritual mais temido e mais sagrado: a pesagem do cora\u00e7\u00e3o.<\/p>\n<p data-start=\"1773\" data-end=\"2004\">O cora\u00e7\u00e3o \u2014 sede da consci\u00eancia e da mem\u00f3ria \u2014 era colocado em uma balan\u00e7a diante da pena de Ma\u2019at, deusa da verdade, da justi\u00e7a e da ordem c\u00f3smica. N\u00e3o importavam t\u00edtulos, riquezas ou poder terreno. Apenas o peso das escolhas.<\/p>\n<p data-start=\"2049\" data-end=\"2254\">Presidindo o julgamento estava Os\u00edris, o deus que morreu, foi esquartejado, ressuscitou e se tornou senhor do al\u00e9m. Ele personificava a promessa suprema: a morte n\u00e3o anula a vida; ela a transforma.<\/p>\n<p data-start=\"2256\" data-end=\"2497\">Se o cora\u00e7\u00e3o fosse mais leve que a pena, a alma era admitida nos Campos de Juncos, um para\u00edso onde a exist\u00eancia continuava em harmonia, trabalho e abund\u00e2ncia. N\u00e3o era um descanso eterno, mas uma continuidade aperfei\u00e7oada da vida terrena.<\/p>\n<p data-start=\"2499\" data-end=\"2682\">Se o cora\u00e7\u00e3o falhasse, era devorado por Ammit, criatura h\u00edbrida de crocodilo, le\u00e3o e hipop\u00f3tamo. N\u00e3o havia inferno de tortura \u2014 apenas o esquecimento absoluto. A verdadeira morte.<\/p>\n<p data-start=\"2722\" data-end=\"3007\">Nada disso acontecia sem o aux\u00edlio da palavra sagrada. Os eg\u00edpcios acreditavam que o verbo cria e sustenta o real. Por isso, o <em data-start=\"2853\" data-end=\"2871\">Livro dos Mortos<\/em> \u2014 na verdade, o <em data-start=\"2888\" data-end=\"2918\">Livro para Sair \u00e0 Luz do Dia<\/em> \u2014 acompanhava o falecido, repleto de f\u00f3rmulas, encantamentos e declara\u00e7\u00f5es de inoc\u00eancia.<\/p>\n<p data-start=\"3009\" data-end=\"3119\">N\u00e3o era um manual para enganar os deuses, mas um <strong data-start=\"3058\" data-end=\"3077\">mapa espiritual<\/strong>, uma b\u00fassola para atravessar o invis\u00edvel.<\/p>\n<p data-start=\"3165\" data-end=\"3322\">No fundo, a mitologia eg\u00edpcia n\u00e3o falava apenas da morte. Falava da vida \u2014 e de como ela deveria ser vivida para que o cora\u00e7\u00e3o n\u00e3o se tornasse pesado demais.<\/p>\n<p data-start=\"3324\" data-end=\"3388\">Honrar Ma\u2019at em vida era o verdadeiro preparo para a eternidade.<\/p>\n<p data-start=\"3390\" data-end=\"3530\">Talvez por isso, milhares de anos depois, essa vis\u00e3o ainda ecoe: a morte n\u00e3o \u00e9 castigo, nem ruptura. \u00c9 espelho. E travessia. E continuidade.<\/p>\n","protected":false},"excerpt":{"rendered":"<p>Para os antigos eg\u00edpcios, a morte jamais foi um ponto final. Era, antes, uma travessia \u2014 silenciosa, ritual\u00edstica e profundamente sagrada. Enquanto outras civiliza\u00e7\u00f5es temiam o escuro al\u00e9m do \u00faltimo suspiro, o Egito Antigo construiu uma das vis\u00f5es mais elaboradas e m\u00edsticas sobre o destino da alma ap\u00f3s a vida. Morrer significava seguir viagem, mudando [&hellip;]<\/p>\n","protected":false},"author":2,"featured_media":377245,"comment_status":"closed","ping_status":"closed","sticky":false,"template":"","format":"standard","meta":{"_acf_changed":false,"footnotes":""},"categories":[237],"tags":[],"class_list":["post-377244","post","type-post","status-publish","format-standard","has-post-thumbnail","hentry","category-oraculos"],"acf":[],"yoast_head":"<!-- This site is optimized with the Yoast SEO plugin v27.2 - https:\/\/yoast.com\/product\/yoast-seo-wordpress\/ -->\n<title>A morte n\u00e3o \u00e9 o fim, mas o caminho da alma - Notibras<\/title>\n<meta name=\"robots\" content=\"index, follow, max-snippet:-1, max-image-preview:large, max-video-preview:-1\" \/>\n<link rel=\"canonical\" href=\"https:\/\/www.notibras.com\/site\/a-morte-nao-e-o-fim-mas-o-caminho-da-alma\/\" \/>\n<meta property=\"og:locale\" content=\"pt_BR\" \/>\n<meta property=\"og:type\" content=\"article\" \/>\n<meta property=\"og:title\" content=\"A morte n\u00e3o \u00e9 o fim, mas o caminho da alma - Notibras\" \/>\n<meta property=\"og:description\" content=\"Para os antigos eg\u00edpcios, a morte jamais foi um ponto final. Era, antes, uma travessia \u2014 silenciosa, ritual\u00edstica e profundamente sagrada. Enquanto outras civiliza\u00e7\u00f5es temiam o escuro al\u00e9m do \u00faltimo suspiro, o Egito Antigo construiu uma das vis\u00f5es mais elaboradas e m\u00edsticas sobre o destino da alma ap\u00f3s a vida. Morrer significava seguir viagem, mudando [&hellip;]\" \/>\n<meta property=\"og:url\" content=\"https:\/\/www.notibras.com\/site\/a-morte-nao-e-o-fim-mas-o-caminho-da-alma\/\" \/>\n<meta property=\"og:site_name\" content=\"Notibras\" \/>\n<meta property=\"article:publisher\" content=\"https:\/\/www.facebook.com\/notibras\/\" \/>\n<meta property=\"article:published_time\" content=\"2026-01-01T10:05:09+00:00\" \/>\n<meta property=\"og:image\" content=\"https:\/\/www.notibras.com\/site\/wp-content\/uploads\/2026\/01\/686e0cd6-be12-4d14-92a1-c047f43663e8-683x1024.png\" \/>\n\t<meta property=\"og:image:width\" content=\"683\" \/>\n\t<meta property=\"og:image:height\" content=\"1024\" \/>\n\t<meta property=\"og:image:type\" content=\"image\/png\" \/>\n<meta name=\"author\" content=\"Reda\u00e7\u00e3o\" \/>\n<meta name=\"twitter:card\" content=\"summary_large_image\" \/>\n<meta name=\"twitter:creator\" content=\"@Notibras\" \/>\n<meta name=\"twitter:site\" content=\"@Notibras\" \/>\n<meta name=\"twitter:label1\" content=\"Escrito por\" \/>\n\t<meta name=\"twitter:data1\" content=\"Reda\u00e7\u00e3o\" \/>\n\t<meta name=\"twitter:label2\" content=\"Est. tempo de leitura\" \/>\n\t<meta name=\"twitter:data2\" content=\"3 minutos\" \/>\n<script type=\"application\/ld+json\" class=\"yoast-schema-graph\">{\"@context\":\"https:\/\/schema.org\",\"@graph\":[{\"@type\":\"Article\",\"@id\":\"https:\/\/www.notibras.com\/site\/a-morte-nao-e-o-fim-mas-o-caminho-da-alma\/#article\",\"isPartOf\":{\"@id\":\"https:\/\/www.notibras.com\/site\/a-morte-nao-e-o-fim-mas-o-caminho-da-alma\/\"},\"author\":{\"name\":\"Reda\u00e7\u00e3o\",\"@id\":\"https:\/\/www.notibras.com\/site\/#\/schema\/person\/36ab0979449956132d3e5b517ea76ac8\"},\"headline\":\"A morte n\u00e3o \u00e9 o fim, mas o caminho da alma\",\"datePublished\":\"2026-01-01T10:05:09+00:00\",\"mainEntityOfPage\":{\"@id\":\"https:\/\/www.notibras.com\/site\/a-morte-nao-e-o-fim-mas-o-caminho-da-alma\/\"},\"wordCount\":548,\"publisher\":{\"@id\":\"https:\/\/www.notibras.com\/site\/#organization\"},\"image\":{\"@id\":\"https:\/\/www.notibras.com\/site\/a-morte-nao-e-o-fim-mas-o-caminho-da-alma\/#primaryimage\"},\"thumbnailUrl\":\"https:\/\/www.notibras.com\/site\/wp-content\/uploads\/2026\/01\/686e0cd6-be12-4d14-92a1-c047f43663e8.png\",\"articleSection\":[\"Or\u00e1culos\"],\"inLanguage\":\"pt-BR\"},{\"@type\":\"WebPage\",\"@id\":\"https:\/\/www.notibras.com\/site\/a-morte-nao-e-o-fim-mas-o-caminho-da-alma\/\",\"url\":\"https:\/\/www.notibras.com\/site\/a-morte-nao-e-o-fim-mas-o-caminho-da-alma\/\",\"name\":\"A morte n\u00e3o \u00e9 o fim, mas o caminho da alma - Notibras\",\"isPartOf\":{\"@id\":\"https:\/\/www.notibras.com\/site\/#website\"},\"primaryImageOfPage\":{\"@id\":\"https:\/\/www.notibras.com\/site\/a-morte-nao-e-o-fim-mas-o-caminho-da-alma\/#primaryimage\"},\"image\":{\"@id\":\"https:\/\/www.notibras.com\/site\/a-morte-nao-e-o-fim-mas-o-caminho-da-alma\/#primaryimage\"},\"thumbnailUrl\":\"https:\/\/www.notibras.com\/site\/wp-content\/uploads\/2026\/01\/686e0cd6-be12-4d14-92a1-c047f43663e8.png\",\"datePublished\":\"2026-01-01T10:05:09+00:00\",\"breadcrumb\":{\"@id\":\"https:\/\/www.notibras.com\/site\/a-morte-nao-e-o-fim-mas-o-caminho-da-alma\/#breadcrumb\"},\"inLanguage\":\"pt-BR\",\"potentialAction\":[{\"@type\":\"ReadAction\",\"target\":[\"https:\/\/www.notibras.com\/site\/a-morte-nao-e-o-fim-mas-o-caminho-da-alma\/\"]}]},{\"@type\":\"ImageObject\",\"inLanguage\":\"pt-BR\",\"@id\":\"https:\/\/www.notibras.com\/site\/a-morte-nao-e-o-fim-mas-o-caminho-da-alma\/#primaryimage\",\"url\":\"https:\/\/www.notibras.com\/site\/wp-content\/uploads\/2026\/01\/686e0cd6-be12-4d14-92a1-c047f43663e8.png\",\"contentUrl\":\"https:\/\/www.notibras.com\/site\/wp-content\/uploads\/2026\/01\/686e0cd6-be12-4d14-92a1-c047f43663e8.png\",\"width\":1024,\"height\":1536},{\"@type\":\"BreadcrumbList\",\"@id\":\"https:\/\/www.notibras.com\/site\/a-morte-nao-e-o-fim-mas-o-caminho-da-alma\/#breadcrumb\",\"itemListElement\":[{\"@type\":\"ListItem\",\"position\":1,\"name\":\"In\u00edcio\",\"item\":\"https:\/\/www.notibras.com\/site\/\"},{\"@type\":\"ListItem\",\"position\":2,\"name\":\"A morte n\u00e3o \u00e9 o fim, mas o caminho da alma\"}]},{\"@type\":\"WebSite\",\"@id\":\"https:\/\/www.notibras.com\/site\/#website\",\"url\":\"https:\/\/www.notibras.com\/site\/\",\"name\":\"Notibras\",\"description\":\"Not\u00edcias de Bras\u00edlia, do Brasil e do Mundo\",\"publisher\":{\"@id\":\"https:\/\/www.notibras.com\/site\/#organization\"},\"potentialAction\":[{\"@type\":\"SearchAction\",\"target\":{\"@type\":\"EntryPoint\",\"urlTemplate\":\"https:\/\/www.notibras.com\/site\/?s={search_term_string}\"},\"query-input\":{\"@type\":\"PropertyValueSpecification\",\"valueRequired\":true,\"valueName\":\"search_term_string\"}}],\"inLanguage\":\"pt-BR\"},{\"@type\":\"Organization\",\"@id\":\"https:\/\/www.notibras.com\/site\/#organization\",\"name\":\"Grupo Notibras de Comunica\u00e7\u00e3o\",\"url\":\"https:\/\/www.notibras.com\/site\/\",\"logo\":{\"@type\":\"ImageObject\",\"inLanguage\":\"pt-BR\",\"@id\":\"https:\/\/www.notibras.com\/site\/#\/schema\/logo\/image\/\",\"url\":\"https:\/\/www.notibras.com\/site\/wp-content\/uploads\/2023\/01\/notibras23.png\",\"contentUrl\":\"https:\/\/www.notibras.com\/site\/wp-content\/uploads\/2023\/01\/notibras23.png\",\"width\":350,\"height\":87,\"caption\":\"Grupo Notibras de Comunica\u00e7\u00e3o\"},\"image\":{\"@id\":\"https:\/\/www.notibras.com\/site\/#\/schema\/logo\/image\/\"},\"sameAs\":[\"https:\/\/www.facebook.com\/notibras\/\",\"https:\/\/x.com\/Notibras\",\"https:\/\/www.instagram.com\/notibras\/\"]},{\"@type\":\"Person\",\"@id\":\"https:\/\/www.notibras.com\/site\/#\/schema\/person\/36ab0979449956132d3e5b517ea76ac8\",\"name\":\"Reda\u00e7\u00e3o\",\"image\":{\"@type\":\"ImageObject\",\"inLanguage\":\"pt-BR\",\"@id\":\"https:\/\/secure.gravatar.com\/avatar\/e0a867bdedb85fd243eadf09663511f96fc81e0720a4a42581f334ad4303aa6b?s=96&d=mm&r=g\",\"url\":\"https:\/\/secure.gravatar.com\/avatar\/e0a867bdedb85fd243eadf09663511f96fc81e0720a4a42581f334ad4303aa6b?s=96&d=mm&r=g\",\"contentUrl\":\"https:\/\/secure.gravatar.com\/avatar\/e0a867bdedb85fd243eadf09663511f96fc81e0720a4a42581f334ad4303aa6b?s=96&d=mm&r=g\",\"caption\":\"Reda\u00e7\u00e3o\"}}]}<\/script>\n<!-- \/ Yoast SEO plugin. -->","yoast_head_json":{"title":"A morte n\u00e3o \u00e9 o fim, mas o caminho da alma - Notibras","robots":{"index":"index","follow":"follow","max-snippet":"max-snippet:-1","max-image-preview":"max-image-preview:large","max-video-preview":"max-video-preview:-1"},"canonical":"https:\/\/www.notibras.com\/site\/a-morte-nao-e-o-fim-mas-o-caminho-da-alma\/","og_locale":"pt_BR","og_type":"article","og_title":"A morte n\u00e3o \u00e9 o fim, mas o caminho da alma - Notibras","og_description":"Para os antigos eg\u00edpcios, a morte jamais foi um ponto final. Era, antes, uma travessia \u2014 silenciosa, ritual\u00edstica e profundamente sagrada. Enquanto outras civiliza\u00e7\u00f5es temiam o escuro al\u00e9m do \u00faltimo suspiro, o Egito Antigo construiu uma das vis\u00f5es mais elaboradas e m\u00edsticas sobre o destino da alma ap\u00f3s a vida. Morrer significava seguir viagem, mudando [&hellip;]","og_url":"https:\/\/www.notibras.com\/site\/a-morte-nao-e-o-fim-mas-o-caminho-da-alma\/","og_site_name":"Notibras","article_publisher":"https:\/\/www.facebook.com\/notibras\/","article_published_time":"2026-01-01T10:05:09+00:00","og_image":[{"width":683,"height":1024,"url":"https:\/\/www.notibras.com\/site\/wp-content\/uploads\/2026\/01\/686e0cd6-be12-4d14-92a1-c047f43663e8-683x1024.png","type":"image\/png"}],"author":"Reda\u00e7\u00e3o","twitter_card":"summary_large_image","twitter_creator":"@Notibras","twitter_site":"@Notibras","twitter_misc":{"Escrito por":"Reda\u00e7\u00e3o","Est. tempo de leitura":"3 minutos"},"schema":{"@context":"https:\/\/schema.org","@graph":[{"@type":"Article","@id":"https:\/\/www.notibras.com\/site\/a-morte-nao-e-o-fim-mas-o-caminho-da-alma\/#article","isPartOf":{"@id":"https:\/\/www.notibras.com\/site\/a-morte-nao-e-o-fim-mas-o-caminho-da-alma\/"},"author":{"name":"Reda\u00e7\u00e3o","@id":"https:\/\/www.notibras.com\/site\/#\/schema\/person\/36ab0979449956132d3e5b517ea76ac8"},"headline":"A morte n\u00e3o \u00e9 o fim, mas o caminho da alma","datePublished":"2026-01-01T10:05:09+00:00","mainEntityOfPage":{"@id":"https:\/\/www.notibras.com\/site\/a-morte-nao-e-o-fim-mas-o-caminho-da-alma\/"},"wordCount":548,"publisher":{"@id":"https:\/\/www.notibras.com\/site\/#organization"},"image":{"@id":"https:\/\/www.notibras.com\/site\/a-morte-nao-e-o-fim-mas-o-caminho-da-alma\/#primaryimage"},"thumbnailUrl":"https:\/\/www.notibras.com\/site\/wp-content\/uploads\/2026\/01\/686e0cd6-be12-4d14-92a1-c047f43663e8.png","articleSection":["Or\u00e1culos"],"inLanguage":"pt-BR"},{"@type":"WebPage","@id":"https:\/\/www.notibras.com\/site\/a-morte-nao-e-o-fim-mas-o-caminho-da-alma\/","url":"https:\/\/www.notibras.com\/site\/a-morte-nao-e-o-fim-mas-o-caminho-da-alma\/","name":"A morte n\u00e3o \u00e9 o fim, mas o caminho da alma - Notibras","isPartOf":{"@id":"https:\/\/www.notibras.com\/site\/#website"},"primaryImageOfPage":{"@id":"https:\/\/www.notibras.com\/site\/a-morte-nao-e-o-fim-mas-o-caminho-da-alma\/#primaryimage"},"image":{"@id":"https:\/\/www.notibras.com\/site\/a-morte-nao-e-o-fim-mas-o-caminho-da-alma\/#primaryimage"},"thumbnailUrl":"https:\/\/www.notibras.com\/site\/wp-content\/uploads\/2026\/01\/686e0cd6-be12-4d14-92a1-c047f43663e8.png","datePublished":"2026-01-01T10:05:09+00:00","breadcrumb":{"@id":"https:\/\/www.notibras.com\/site\/a-morte-nao-e-o-fim-mas-o-caminho-da-alma\/#breadcrumb"},"inLanguage":"pt-BR","potentialAction":[{"@type":"ReadAction","target":["https:\/\/www.notibras.com\/site\/a-morte-nao-e-o-fim-mas-o-caminho-da-alma\/"]}]},{"@type":"ImageObject","inLanguage":"pt-BR","@id":"https:\/\/www.notibras.com\/site\/a-morte-nao-e-o-fim-mas-o-caminho-da-alma\/#primaryimage","url":"https:\/\/www.notibras.com\/site\/wp-content\/uploads\/2026\/01\/686e0cd6-be12-4d14-92a1-c047f43663e8.png","contentUrl":"https:\/\/www.notibras.com\/site\/wp-content\/uploads\/2026\/01\/686e0cd6-be12-4d14-92a1-c047f43663e8.png","width":1024,"height":1536},{"@type":"BreadcrumbList","@id":"https:\/\/www.notibras.com\/site\/a-morte-nao-e-o-fim-mas-o-caminho-da-alma\/#breadcrumb","itemListElement":[{"@type":"ListItem","position":1,"name":"In\u00edcio","item":"https:\/\/www.notibras.com\/site\/"},{"@type":"ListItem","position":2,"name":"A morte n\u00e3o \u00e9 o fim, mas o caminho da alma"}]},{"@type":"WebSite","@id":"https:\/\/www.notibras.com\/site\/#website","url":"https:\/\/www.notibras.com\/site\/","name":"Notibras","description":"Not\u00edcias de Bras\u00edlia, do Brasil e do Mundo","publisher":{"@id":"https:\/\/www.notibras.com\/site\/#organization"},"potentialAction":[{"@type":"SearchAction","target":{"@type":"EntryPoint","urlTemplate":"https:\/\/www.notibras.com\/site\/?s={search_term_string}"},"query-input":{"@type":"PropertyValueSpecification","valueRequired":true,"valueName":"search_term_string"}}],"inLanguage":"pt-BR"},{"@type":"Organization","@id":"https:\/\/www.notibras.com\/site\/#organization","name":"Grupo Notibras de Comunica\u00e7\u00e3o","url":"https:\/\/www.notibras.com\/site\/","logo":{"@type":"ImageObject","inLanguage":"pt-BR","@id":"https:\/\/www.notibras.com\/site\/#\/schema\/logo\/image\/","url":"https:\/\/www.notibras.com\/site\/wp-content\/uploads\/2023\/01\/notibras23.png","contentUrl":"https:\/\/www.notibras.com\/site\/wp-content\/uploads\/2023\/01\/notibras23.png","width":350,"height":87,"caption":"Grupo Notibras de Comunica\u00e7\u00e3o"},"image":{"@id":"https:\/\/www.notibras.com\/site\/#\/schema\/logo\/image\/"},"sameAs":["https:\/\/www.facebook.com\/notibras\/","https:\/\/x.com\/Notibras","https:\/\/www.instagram.com\/notibras\/"]},{"@type":"Person","@id":"https:\/\/www.notibras.com\/site\/#\/schema\/person\/36ab0979449956132d3e5b517ea76ac8","name":"Reda\u00e7\u00e3o","image":{"@type":"ImageObject","inLanguage":"pt-BR","@id":"https:\/\/secure.gravatar.com\/avatar\/e0a867bdedb85fd243eadf09663511f96fc81e0720a4a42581f334ad4303aa6b?s=96&d=mm&r=g","url":"https:\/\/secure.gravatar.com\/avatar\/e0a867bdedb85fd243eadf09663511f96fc81e0720a4a42581f334ad4303aa6b?s=96&d=mm&r=g","contentUrl":"https:\/\/secure.gravatar.com\/avatar\/e0a867bdedb85fd243eadf09663511f96fc81e0720a4a42581f334ad4303aa6b?s=96&d=mm&r=g","caption":"Reda\u00e7\u00e3o"}}]}},"amp_enabled":true,"_links":{"self":[{"href":"https:\/\/www.notibras.com\/site\/wp-json\/wp\/v2\/posts\/377244","targetHints":{"allow":["GET"]}}],"collection":[{"href":"https:\/\/www.notibras.com\/site\/wp-json\/wp\/v2\/posts"}],"about":[{"href":"https:\/\/www.notibras.com\/site\/wp-json\/wp\/v2\/types\/post"}],"author":[{"embeddable":true,"href":"https:\/\/www.notibras.com\/site\/wp-json\/wp\/v2\/users\/2"}],"replies":[{"embeddable":true,"href":"https:\/\/www.notibras.com\/site\/wp-json\/wp\/v2\/comments?post=377244"}],"version-history":[{"count":1,"href":"https:\/\/www.notibras.com\/site\/wp-json\/wp\/v2\/posts\/377244\/revisions"}],"predecessor-version":[{"id":377246,"href":"https:\/\/www.notibras.com\/site\/wp-json\/wp\/v2\/posts\/377244\/revisions\/377246"}],"wp:featuredmedia":[{"embeddable":true,"href":"https:\/\/www.notibras.com\/site\/wp-json\/wp\/v2\/media\/377245"}],"wp:attachment":[{"href":"https:\/\/www.notibras.com\/site\/wp-json\/wp\/v2\/media?parent=377244"}],"wp:term":[{"taxonomy":"category","embeddable":true,"href":"https:\/\/www.notibras.com\/site\/wp-json\/wp\/v2\/categories?post=377244"},{"taxonomy":"post_tag","embeddable":true,"href":"https:\/\/www.notibras.com\/site\/wp-json\/wp\/v2\/tags?post=377244"}],"curies":[{"name":"wp","href":"https:\/\/api.w.org\/{rel}","templated":true}]}}