{"id":377255,"date":"2026-01-01T00:08:32","date_gmt":"2026-01-01T03:08:32","guid":{"rendered":"https:\/\/www.notibras.com\/site\/?p=377255"},"modified":"2026-01-01T08:11:05","modified_gmt":"2026-01-01T11:11:05","slug":"piauiense-vive-dias-mais-tranquilos-com-saneamento-basico-e-agua-limpa","status":"publish","type":"post","link":"https:\/\/www.notibras.com\/site\/piauiense-vive-dias-mais-tranquilos-com-saneamento-basico-e-agua-limpa\/","title":{"rendered":"Piauiense vive dias mais tranquilos com saneamento b\u00e1sico e \u00e1gua limpa"},"content":{"rendered":"<p>O acesso ao saneamento b\u00e1sico \u00e9 um pilar essencial para a promo\u00e7\u00e3o da sa\u00fade p\u00fablica em todas as suas dimens\u00f5es, abrangendo desde a preven\u00e7\u00e3o de doen\u00e7as sist\u00eamicas at\u00e9 o fortalecimento da sa\u00fade bucal.<\/p>\n<p>O tratamento adequado de \u00e1gua e esgoto desempenha um papel decisivo na preven\u00e7\u00e3o de doen\u00e7as infecciosas e parasit\u00e1rias, al\u00e9m de proporcionar condi\u00e7\u00f5es favor\u00e1veis para pr\u00e1ticas de higiene que protegem a boca contra problemas como c\u00e1ries, infec\u00e7\u00f5es e doen\u00e7as periodontais. A garantia de saneamento b\u00e1sico simboliza um compromisso com o bem-estar coletivo, promovendo simultaneamente a sa\u00fade integral e o sorriso da popula\u00e7\u00e3o.<\/p>\n<p>Em Teresina, os avan\u00e7os nos indicadores de saneamento b\u00e1sico t\u00eam refletido diretamente na sa\u00fade p\u00fablica. De acordo com a Funda\u00e7\u00e3o Municipal de Sa\u00fade (FMS), a capital registrou uma redu\u00e7\u00e3o nos casos de doen\u00e7as relacionadas ao saneamento ambiental inadequado. Em 2023, foram contabilizados um total de 29 casos de leptospirose e Doen\u00e7a de Chagas aguda. J\u00e1 em 2024, houve uma redu\u00e7\u00e3o de 38,5% de casos de leptospirose e de 50% da doen\u00e7a de Chagas. Al\u00e9m disso, n\u00e3o houve registros de febre tifoide ou c\u00f3lera, consolidando um progresso significativo.<\/p>\n<p>A \u00c1guas de Teresina, subconcession\u00e1ria respons\u00e1vel pelo servi\u00e7o na capital, tem contribu\u00eddo ativamente para esses resultados positivos. Entre suas principais entregas est\u00e3o a universaliza\u00e7\u00e3o do abastecimento de \u00e1gua, alcan\u00e7ada em 2020, e o aumento expressivo na cobertura de esgotamento sanit\u00e1rio, que triplicou de 19% para 59%, promovendo benef\u00edcios tanto para a sa\u00fade p\u00fablica quanto para a preserva\u00e7\u00e3o ambiental.<\/p>\n","protected":false},"excerpt":{"rendered":"<p>O acesso ao saneamento b\u00e1sico \u00e9 um pilar essencial para a promo\u00e7\u00e3o da sa\u00fade p\u00fablica em todas as suas dimens\u00f5es, abrangendo desde a preven\u00e7\u00e3o de doen\u00e7as sist\u00eamicas at\u00e9 o fortalecimento da sa\u00fade bucal. O tratamento adequado de \u00e1gua e esgoto desempenha um papel decisivo na preven\u00e7\u00e3o de doen\u00e7as infecciosas e parasit\u00e1rias, al\u00e9m de proporcionar condi\u00e7\u00f5es [&hellip;]<\/p>\n","protected":false},"author":2,"featured_media":377256,"comment_status":"closed","ping_status":"closed","sticky":false,"template":"","format":"standard","meta":{"_acf_changed":false,"footnotes":""},"categories":[165],"tags":[],"class_list":["post-377255","post","type-post","status-publish","format-standard","has-post-thumbnail","hentry","category-nordeste"],"acf":[],"yoast_head":"<!-- This site is optimized with the Yoast SEO plugin v27.2 - https:\/\/yoast.com\/product\/yoast-seo-wordpress\/ -->\n<title>Piauiense vive dias mais tranquilos com saneamento b\u00e1sico e \u00e1gua limpa - Notibras<\/title>\n<meta name=\"robots\" content=\"index, follow, max-snippet:-1, max-image-preview:large, max-video-preview:-1\" \/>\n<link rel=\"canonical\" href=\"https:\/\/www.notibras.com\/site\/piauiense-vive-dias-mais-tranquilos-com-saneamento-basico-e-agua-limpa\/\" \/>\n<meta property=\"og:locale\" content=\"pt_BR\" \/>\n<meta property=\"og:type\" content=\"article\" \/>\n<meta property=\"og:title\" content=\"Piauiense vive dias mais tranquilos com saneamento b\u00e1sico e \u00e1gua limpa - Notibras\" \/>\n<meta property=\"og:description\" content=\"O acesso ao saneamento b\u00e1sico \u00e9 um pilar essencial para a promo\u00e7\u00e3o da sa\u00fade p\u00fablica em todas as suas dimens\u00f5es, abrangendo desde a preven\u00e7\u00e3o de doen\u00e7as sist\u00eamicas at\u00e9 o fortalecimento da sa\u00fade bucal. O tratamento adequado de \u00e1gua e esgoto desempenha um papel decisivo na preven\u00e7\u00e3o de doen\u00e7as infecciosas e parasit\u00e1rias, al\u00e9m de proporcionar condi\u00e7\u00f5es [&hellip;]\" \/>\n<meta property=\"og:url\" content=\"https:\/\/www.notibras.com\/site\/piauiense-vive-dias-mais-tranquilos-com-saneamento-basico-e-agua-limpa\/\" \/>\n<meta property=\"og:site_name\" content=\"Notibras\" \/>\n<meta property=\"article:publisher\" content=\"https:\/\/www.facebook.com\/notibras\/\" \/>\n<meta property=\"article:published_time\" content=\"2026-01-01T03:08:32+00:00\" \/>\n<meta property=\"article:modified_time\" content=\"2026-01-01T11:11:05+00:00\" \/>\n<meta property=\"og:image\" content=\"https:\/\/www.notibras.com\/site\/wp-content\/uploads\/2026\/01\/e71e1597-133b-471b-a942-c5672b35c980.jpg\" \/>\n\t<meta property=\"og:image:width\" content=\"984\" \/>\n\t<meta property=\"og:image:height\" content=\"615\" \/>\n\t<meta property=\"og:image:type\" content=\"image\/jpeg\" \/>\n<meta name=\"author\" content=\"Reda\u00e7\u00e3o\" \/>\n<meta name=\"twitter:card\" content=\"summary_large_image\" \/>\n<meta name=\"twitter:creator\" content=\"@Notibras\" \/>\n<meta name=\"twitter:site\" content=\"@Notibras\" \/>\n<meta name=\"twitter:label1\" content=\"Escrito por\" \/>\n\t<meta name=\"twitter:data1\" content=\"Reda\u00e7\u00e3o\" \/>\n\t<meta name=\"twitter:label2\" content=\"Est. tempo de leitura\" \/>\n\t<meta name=\"twitter:data2\" content=\"2 minutos\" \/>\n<script type=\"application\/ld+json\" class=\"yoast-schema-graph\">{\"@context\":\"https:\/\/schema.org\",\"@graph\":[{\"@type\":\"Article\",\"@id\":\"https:\/\/www.notibras.com\/site\/piauiense-vive-dias-mais-tranquilos-com-saneamento-basico-e-agua-limpa\/#article\",\"isPartOf\":{\"@id\":\"https:\/\/www.notibras.com\/site\/piauiense-vive-dias-mais-tranquilos-com-saneamento-basico-e-agua-limpa\/\"},\"author\":{\"name\":\"Reda\u00e7\u00e3o\",\"@id\":\"https:\/\/www.notibras.com\/site\/#\/schema\/person\/36ab0979449956132d3e5b517ea76ac8\"},\"headline\":\"Piauiense vive dias mais tranquilos com saneamento b\u00e1sico e \u00e1gua limpa\",\"datePublished\":\"2026-01-01T03:08:32+00:00\",\"dateModified\":\"2026-01-01T11:11:05+00:00\",\"mainEntityOfPage\":{\"@id\":\"https:\/\/www.notibras.com\/site\/piauiense-vive-dias-mais-tranquilos-com-saneamento-basico-e-agua-limpa\/\"},\"wordCount\":291,\"publisher\":{\"@id\":\"https:\/\/www.notibras.com\/site\/#organization\"},\"image\":{\"@id\":\"https:\/\/www.notibras.com\/site\/piauiense-vive-dias-mais-tranquilos-com-saneamento-basico-e-agua-limpa\/#primaryimage\"},\"thumbnailUrl\":\"https:\/\/www.notibras.com\/site\/wp-content\/uploads\/2026\/01\/e71e1597-133b-471b-a942-c5672b35c980.jpg\",\"articleSection\":[\"Nordeste\"],\"inLanguage\":\"pt-BR\"},{\"@type\":\"WebPage\",\"@id\":\"https:\/\/www.notibras.com\/site\/piauiense-vive-dias-mais-tranquilos-com-saneamento-basico-e-agua-limpa\/\",\"url\":\"https:\/\/www.notibras.com\/site\/piauiense-vive-dias-mais-tranquilos-com-saneamento-basico-e-agua-limpa\/\",\"name\":\"Piauiense vive dias mais tranquilos com saneamento b\u00e1sico e \u00e1gua limpa - Notibras\",\"isPartOf\":{\"@id\":\"https:\/\/www.notibras.com\/site\/#website\"},\"primaryImageOfPage\":{\"@id\":\"https:\/\/www.notibras.com\/site\/piauiense-vive-dias-mais-tranquilos-com-saneamento-basico-e-agua-limpa\/#primaryimage\"},\"image\":{\"@id\":\"https:\/\/www.notibras.com\/site\/piauiense-vive-dias-mais-tranquilos-com-saneamento-basico-e-agua-limpa\/#primaryimage\"},\"thumbnailUrl\":\"https:\/\/www.notibras.com\/site\/wp-content\/uploads\/2026\/01\/e71e1597-133b-471b-a942-c5672b35c980.jpg\",\"datePublished\":\"2026-01-01T03:08:32+00:00\",\"dateModified\":\"2026-01-01T11:11:05+00:00\",\"breadcrumb\":{\"@id\":\"https:\/\/www.notibras.com\/site\/piauiense-vive-dias-mais-tranquilos-com-saneamento-basico-e-agua-limpa\/#breadcrumb\"},\"inLanguage\":\"pt-BR\",\"potentialAction\":[{\"@type\":\"ReadAction\",\"target\":[\"https:\/\/www.notibras.com\/site\/piauiense-vive-dias-mais-tranquilos-com-saneamento-basico-e-agua-limpa\/\"]}]},{\"@type\":\"ImageObject\",\"inLanguage\":\"pt-BR\",\"@id\":\"https:\/\/www.notibras.com\/site\/piauiense-vive-dias-mais-tranquilos-com-saneamento-basico-e-agua-limpa\/#primaryimage\",\"url\":\"https:\/\/www.notibras.com\/site\/wp-content\/uploads\/2026\/01\/e71e1597-133b-471b-a942-c5672b35c980.jpg\",\"contentUrl\":\"https:\/\/www.notibras.com\/site\/wp-content\/uploads\/2026\/01\/e71e1597-133b-471b-a942-c5672b35c980.jpg\",\"width\":984,\"height\":615},{\"@type\":\"BreadcrumbList\",\"@id\":\"https:\/\/www.notibras.com\/site\/piauiense-vive-dias-mais-tranquilos-com-saneamento-basico-e-agua-limpa\/#breadcrumb\",\"itemListElement\":[{\"@type\":\"ListItem\",\"position\":1,\"name\":\"In\u00edcio\",\"item\":\"https:\/\/www.notibras.com\/site\/\"},{\"@type\":\"ListItem\",\"position\":2,\"name\":\"Piauiense vive dias mais tranquilos com saneamento b\u00e1sico e \u00e1gua limpa\"}]},{\"@type\":\"WebSite\",\"@id\":\"https:\/\/www.notibras.com\/site\/#website\",\"url\":\"https:\/\/www.notibras.com\/site\/\",\"name\":\"Notibras\",\"description\":\"Not\u00edcias de Bras\u00edlia, do Brasil e do Mundo\",\"publisher\":{\"@id\":\"https:\/\/www.notibras.com\/site\/#organization\"},\"potentialAction\":[{\"@type\":\"SearchAction\",\"target\":{\"@type\":\"EntryPoint\",\"urlTemplate\":\"https:\/\/www.notibras.com\/site\/?s={search_term_string}\"},\"query-input\":{\"@type\":\"PropertyValueSpecification\",\"valueRequired\":true,\"valueName\":\"search_term_string\"}}],\"inLanguage\":\"pt-BR\"},{\"@type\":\"Organization\",\"@id\":\"https:\/\/www.notibras.com\/site\/#organization\",\"name\":\"Grupo Notibras de Comunica\u00e7\u00e3o\",\"url\":\"https:\/\/www.notibras.com\/site\/\",\"logo\":{\"@type\":\"ImageObject\",\"inLanguage\":\"pt-BR\",\"@id\":\"https:\/\/www.notibras.com\/site\/#\/schema\/logo\/image\/\",\"url\":\"https:\/\/www.notibras.com\/site\/wp-content\/uploads\/2023\/01\/notibras23.png\",\"contentUrl\":\"https:\/\/www.notibras.com\/site\/wp-content\/uploads\/2023\/01\/notibras23.png\",\"width\":350,\"height\":87,\"caption\":\"Grupo Notibras de Comunica\u00e7\u00e3o\"},\"image\":{\"@id\":\"https:\/\/www.notibras.com\/site\/#\/schema\/logo\/image\/\"},\"sameAs\":[\"https:\/\/www.facebook.com\/notibras\/\",\"https:\/\/x.com\/Notibras\",\"https:\/\/www.instagram.com\/notibras\/\"]},{\"@type\":\"Person\",\"@id\":\"https:\/\/www.notibras.com\/site\/#\/schema\/person\/36ab0979449956132d3e5b517ea76ac8\",\"name\":\"Reda\u00e7\u00e3o\",\"image\":{\"@type\":\"ImageObject\",\"inLanguage\":\"pt-BR\",\"@id\":\"https:\/\/secure.gravatar.com\/avatar\/e0a867bdedb85fd243eadf09663511f96fc81e0720a4a42581f334ad4303aa6b?s=96&d=mm&r=g\",\"url\":\"https:\/\/secure.gravatar.com\/avatar\/e0a867bdedb85fd243eadf09663511f96fc81e0720a4a42581f334ad4303aa6b?s=96&d=mm&r=g\",\"contentUrl\":\"https:\/\/secure.gravatar.com\/avatar\/e0a867bdedb85fd243eadf09663511f96fc81e0720a4a42581f334ad4303aa6b?s=96&d=mm&r=g\",\"caption\":\"Reda\u00e7\u00e3o\"}}]}<\/script>\n<!-- \/ Yoast SEO plugin. -->","yoast_head_json":{"title":"Piauiense vive dias mais tranquilos com saneamento b\u00e1sico e \u00e1gua limpa - Notibras","robots":{"index":"index","follow":"follow","max-snippet":"max-snippet:-1","max-image-preview":"max-image-preview:large","max-video-preview":"max-video-preview:-1"},"canonical":"https:\/\/www.notibras.com\/site\/piauiense-vive-dias-mais-tranquilos-com-saneamento-basico-e-agua-limpa\/","og_locale":"pt_BR","og_type":"article","og_title":"Piauiense vive dias mais tranquilos com saneamento b\u00e1sico e \u00e1gua limpa - Notibras","og_description":"O acesso ao saneamento b\u00e1sico \u00e9 um pilar essencial para a promo\u00e7\u00e3o da sa\u00fade p\u00fablica em todas as suas dimens\u00f5es, abrangendo desde a preven\u00e7\u00e3o de doen\u00e7as sist\u00eamicas at\u00e9 o fortalecimento da sa\u00fade bucal. O tratamento adequado de \u00e1gua e esgoto desempenha um papel decisivo na preven\u00e7\u00e3o de doen\u00e7as infecciosas e parasit\u00e1rias, al\u00e9m de proporcionar condi\u00e7\u00f5es [&hellip;]","og_url":"https:\/\/www.notibras.com\/site\/piauiense-vive-dias-mais-tranquilos-com-saneamento-basico-e-agua-limpa\/","og_site_name":"Notibras","article_publisher":"https:\/\/www.facebook.com\/notibras\/","article_published_time":"2026-01-01T03:08:32+00:00","article_modified_time":"2026-01-01T11:11:05+00:00","og_image":[{"width":984,"height":615,"url":"https:\/\/www.notibras.com\/site\/wp-content\/uploads\/2026\/01\/e71e1597-133b-471b-a942-c5672b35c980.jpg","type":"image\/jpeg"}],"author":"Reda\u00e7\u00e3o","twitter_card":"summary_large_image","twitter_creator":"@Notibras","twitter_site":"@Notibras","twitter_misc":{"Escrito por":"Reda\u00e7\u00e3o","Est. tempo de leitura":"2 minutos"},"schema":{"@context":"https:\/\/schema.org","@graph":[{"@type":"Article","@id":"https:\/\/www.notibras.com\/site\/piauiense-vive-dias-mais-tranquilos-com-saneamento-basico-e-agua-limpa\/#article","isPartOf":{"@id":"https:\/\/www.notibras.com\/site\/piauiense-vive-dias-mais-tranquilos-com-saneamento-basico-e-agua-limpa\/"},"author":{"name":"Reda\u00e7\u00e3o","@id":"https:\/\/www.notibras.com\/site\/#\/schema\/person\/36ab0979449956132d3e5b517ea76ac8"},"headline":"Piauiense vive dias mais tranquilos com saneamento b\u00e1sico e \u00e1gua limpa","datePublished":"2026-01-01T03:08:32+00:00","dateModified":"2026-01-01T11:11:05+00:00","mainEntityOfPage":{"@id":"https:\/\/www.notibras.com\/site\/piauiense-vive-dias-mais-tranquilos-com-saneamento-basico-e-agua-limpa\/"},"wordCount":291,"publisher":{"@id":"https:\/\/www.notibras.com\/site\/#organization"},"image":{"@id":"https:\/\/www.notibras.com\/site\/piauiense-vive-dias-mais-tranquilos-com-saneamento-basico-e-agua-limpa\/#primaryimage"},"thumbnailUrl":"https:\/\/www.notibras.com\/site\/wp-content\/uploads\/2026\/01\/e71e1597-133b-471b-a942-c5672b35c980.jpg","articleSection":["Nordeste"],"inLanguage":"pt-BR"},{"@type":"WebPage","@id":"https:\/\/www.notibras.com\/site\/piauiense-vive-dias-mais-tranquilos-com-saneamento-basico-e-agua-limpa\/","url":"https:\/\/www.notibras.com\/site\/piauiense-vive-dias-mais-tranquilos-com-saneamento-basico-e-agua-limpa\/","name":"Piauiense vive dias mais tranquilos com saneamento b\u00e1sico e \u00e1gua limpa - Notibras","isPartOf":{"@id":"https:\/\/www.notibras.com\/site\/#website"},"primaryImageOfPage":{"@id":"https:\/\/www.notibras.com\/site\/piauiense-vive-dias-mais-tranquilos-com-saneamento-basico-e-agua-limpa\/#primaryimage"},"image":{"@id":"https:\/\/www.notibras.com\/site\/piauiense-vive-dias-mais-tranquilos-com-saneamento-basico-e-agua-limpa\/#primaryimage"},"thumbnailUrl":"https:\/\/www.notibras.com\/site\/wp-content\/uploads\/2026\/01\/e71e1597-133b-471b-a942-c5672b35c980.jpg","datePublished":"2026-01-01T03:08:32+00:00","dateModified":"2026-01-01T11:11:05+00:00","breadcrumb":{"@id":"https:\/\/www.notibras.com\/site\/piauiense-vive-dias-mais-tranquilos-com-saneamento-basico-e-agua-limpa\/#breadcrumb"},"inLanguage":"pt-BR","potentialAction":[{"@type":"ReadAction","target":["https:\/\/www.notibras.com\/site\/piauiense-vive-dias-mais-tranquilos-com-saneamento-basico-e-agua-limpa\/"]}]},{"@type":"ImageObject","inLanguage":"pt-BR","@id":"https:\/\/www.notibras.com\/site\/piauiense-vive-dias-mais-tranquilos-com-saneamento-basico-e-agua-limpa\/#primaryimage","url":"https:\/\/www.notibras.com\/site\/wp-content\/uploads\/2026\/01\/e71e1597-133b-471b-a942-c5672b35c980.jpg","contentUrl":"https:\/\/www.notibras.com\/site\/wp-content\/uploads\/2026\/01\/e71e1597-133b-471b-a942-c5672b35c980.jpg","width":984,"height":615},{"@type":"BreadcrumbList","@id":"https:\/\/www.notibras.com\/site\/piauiense-vive-dias-mais-tranquilos-com-saneamento-basico-e-agua-limpa\/#breadcrumb","itemListElement":[{"@type":"ListItem","position":1,"name":"In\u00edcio","item":"https:\/\/www.notibras.com\/site\/"},{"@type":"ListItem","position":2,"name":"Piauiense vive dias mais tranquilos com saneamento b\u00e1sico e \u00e1gua limpa"}]},{"@type":"WebSite","@id":"https:\/\/www.notibras.com\/site\/#website","url":"https:\/\/www.notibras.com\/site\/","name":"Notibras","description":"Not\u00edcias de Bras\u00edlia, do Brasil e do Mundo","publisher":{"@id":"https:\/\/www.notibras.com\/site\/#organization"},"potentialAction":[{"@type":"SearchAction","target":{"@type":"EntryPoint","urlTemplate":"https:\/\/www.notibras.com\/site\/?s={search_term_string}"},"query-input":{"@type":"PropertyValueSpecification","valueRequired":true,"valueName":"search_term_string"}}],"inLanguage":"pt-BR"},{"@type":"Organization","@id":"https:\/\/www.notibras.com\/site\/#organization","name":"Grupo Notibras de Comunica\u00e7\u00e3o","url":"https:\/\/www.notibras.com\/site\/","logo":{"@type":"ImageObject","inLanguage":"pt-BR","@id":"https:\/\/www.notibras.com\/site\/#\/schema\/logo\/image\/","url":"https:\/\/www.notibras.com\/site\/wp-content\/uploads\/2023\/01\/notibras23.png","contentUrl":"https:\/\/www.notibras.com\/site\/wp-content\/uploads\/2023\/01\/notibras23.png","width":350,"height":87,"caption":"Grupo Notibras de Comunica\u00e7\u00e3o"},"image":{"@id":"https:\/\/www.notibras.com\/site\/#\/schema\/logo\/image\/"},"sameAs":["https:\/\/www.facebook.com\/notibras\/","https:\/\/x.com\/Notibras","https:\/\/www.instagram.com\/notibras\/"]},{"@type":"Person","@id":"https:\/\/www.notibras.com\/site\/#\/schema\/person\/36ab0979449956132d3e5b517ea76ac8","name":"Reda\u00e7\u00e3o","image":{"@type":"ImageObject","inLanguage":"pt-BR","@id":"https:\/\/secure.gravatar.com\/avatar\/e0a867bdedb85fd243eadf09663511f96fc81e0720a4a42581f334ad4303aa6b?s=96&d=mm&r=g","url":"https:\/\/secure.gravatar.com\/avatar\/e0a867bdedb85fd243eadf09663511f96fc81e0720a4a42581f334ad4303aa6b?s=96&d=mm&r=g","contentUrl":"https:\/\/secure.gravatar.com\/avatar\/e0a867bdedb85fd243eadf09663511f96fc81e0720a4a42581f334ad4303aa6b?s=96&d=mm&r=g","caption":"Reda\u00e7\u00e3o"}}]}},"amp_enabled":true,"_links":{"self":[{"href":"https:\/\/www.notibras.com\/site\/wp-json\/wp\/v2\/posts\/377255","targetHints":{"allow":["GET"]}}],"collection":[{"href":"https:\/\/www.notibras.com\/site\/wp-json\/wp\/v2\/posts"}],"about":[{"href":"https:\/\/www.notibras.com\/site\/wp-json\/wp\/v2\/types\/post"}],"author":[{"embeddable":true,"href":"https:\/\/www.notibras.com\/site\/wp-json\/wp\/v2\/users\/2"}],"replies":[{"embeddable":true,"href":"https:\/\/www.notibras.com\/site\/wp-json\/wp\/v2\/comments?post=377255"}],"version-history":[{"count":1,"href":"https:\/\/www.notibras.com\/site\/wp-json\/wp\/v2\/posts\/377255\/revisions"}],"predecessor-version":[{"id":377257,"href":"https:\/\/www.notibras.com\/site\/wp-json\/wp\/v2\/posts\/377255\/revisions\/377257"}],"wp:featuredmedia":[{"embeddable":true,"href":"https:\/\/www.notibras.com\/site\/wp-json\/wp\/v2\/media\/377256"}],"wp:attachment":[{"href":"https:\/\/www.notibras.com\/site\/wp-json\/wp\/v2\/media?parent=377255"}],"wp:term":[{"taxonomy":"category","embeddable":true,"href":"https:\/\/www.notibras.com\/site\/wp-json\/wp\/v2\/categories?post=377255"},{"taxonomy":"post_tag","embeddable":true,"href":"https:\/\/www.notibras.com\/site\/wp-json\/wp\/v2\/tags?post=377255"}],"curies":[{"name":"wp","href":"https:\/\/api.w.org\/{rel}","templated":true}]}}