{"id":377258,"date":"2026-01-01T00:13:05","date_gmt":"2026-01-01T03:13:05","guid":{"rendered":"https:\/\/www.notibras.com\/site\/?p=377258"},"modified":"2026-01-01T08:17:22","modified_gmt":"2026-01-01T11:17:22","slug":"governo-inscreve-mais-25-mil-mulheres-no-auxilio-de-300-reais-por-mes","status":"publish","type":"post","link":"https:\/\/www.notibras.com\/site\/governo-inscreve-mais-25-mil-mulheres-no-auxilio-de-300-reais-por-mes\/","title":{"rendered":"Governo inscreve mais 2,5 mil mulheres no aux\u00edlio de 300 reais por m\u00eas"},"content":{"rendered":"<p>O Governo de Pernambuco anunciou a abertura de mais 2.512 vagas no Programa M\u00e3es de Pernambuco, iniciativa estadual que concede um aux\u00edlio mensal de R$ 300 a mulheres em situa\u00e7\u00e3o de vulnerabilidade social residentes no estado.<\/p>\n<p>A nova etapa de confirma\u00e7\u00f5es foi iniciada em dezembro de 2025 e segue at\u00e9 22 de janeiro de 2026. As interessadas devem acessar o site oficial do programa e informar o N\u00famero de Identifica\u00e7\u00e3o Social (NIS) e a data de nascimento para verificar a disponibilidade da vaga.<\/p>\n<p>Podem participar mulheres que atendam aos crit\u00e9rios do programa, dentre eles:<\/p>\n<p>* Residir em Pernambuco;<br \/>\n* Ter cadastro atualizado no Bolsa Fam\u00edlia e no Cadastro \u00danico (Cad\u00danico);<br \/>\n* Ser respons\u00e1vel familiar;<br \/>\n* Estar gestante, ser m\u00e3e ou respons\u00e1vel por crian\u00e7a de at\u00e9 6 anos de idade;<br \/>\n* N\u00e3o possuir emprego ou renda formal.<\/p>\n<p>As mulheres que confirmarem a participa\u00e7\u00e3o dentro do prazo ter\u00e3o direito ao benef\u00edcio mensal de R$ 300, com o primeiro pagamento dessa rodada previsto para 6 de fevereiro de 2026, creditado na conta associada ao Bolsa Fam\u00edlia.<\/p>\n<p>O M\u00e3es de Pernambuco \u00e9 uma das principais pol\u00edticas de prote\u00e7\u00e3o social do estado e integra a\u00e7\u00f5es que visam reduzir a pobreza e fortalecer a autonomia das mulheres em situa\u00e7\u00e3o de maior vulnerabilidade. Desde o seu lan\u00e7amento em mar\u00e7o de 2024, o programa j\u00e1 beneficiou mais de 135 mil mulheres, refor\u00e7ando a rede de apoio a fam\u00edlias chefiadas por mulheres e contribuindo diretamente para a seguran\u00e7a alimentar e o bem-estar infantil.<\/p>\n<p>Autoridades estaduais destacam que ampliar a oferta de vagas \u00e9 uma forma de ampliar o alcance da transfer\u00eancia de renda, garantindo que mais fam\u00edlias tenham condi\u00e7\u00f5es de enfrentar desafios econ\u00f4micos e proporcionar cuidado adequado \u00e0s crian\u00e7as na primeira inf\u00e2ncia.<\/p>\n<p>O programa refor\u00e7a a pol\u00edtica p\u00fablica estadual de transfer\u00eancia de renda voltada \u00e0s m\u00e3es em situa\u00e7\u00e3o de vulnerabilidade social, funcionando como complemento ao Bolsa Fam\u00edlia e contribuindo para a melhoria das condi\u00e7\u00f5es de vida de milhares de fam\u00edlias em Pernambuco.<\/p>\n","protected":false},"excerpt":{"rendered":"<p>O Governo de Pernambuco anunciou a abertura de mais 2.512 vagas no Programa M\u00e3es de Pernambuco, iniciativa estadual que concede um aux\u00edlio mensal de R$ 300 a mulheres em situa\u00e7\u00e3o de vulnerabilidade social residentes no estado. A nova etapa de confirma\u00e7\u00f5es foi iniciada em dezembro de 2025 e segue at\u00e9 22 de janeiro de 2026. [&hellip;]<\/p>\n","protected":false},"author":2,"featured_media":377259,"comment_status":"closed","ping_status":"closed","sticky":false,"template":"","format":"standard","meta":{"_acf_changed":false,"footnotes":""},"categories":[165],"tags":[],"class_list":["post-377258","post","type-post","status-publish","format-standard","has-post-thumbnail","hentry","category-nordeste"],"acf":[],"yoast_head":"<!-- This site is optimized with the Yoast SEO plugin v27.2 - https:\/\/yoast.com\/product\/yoast-seo-wordpress\/ -->\n<title>Governo inscreve mais 2,5 mil mulheres no aux\u00edlio de 300 reais por m\u00eas - Notibras<\/title>\n<meta name=\"robots\" content=\"index, follow, max-snippet:-1, max-image-preview:large, max-video-preview:-1\" \/>\n<link rel=\"canonical\" href=\"https:\/\/www.notibras.com\/site\/governo-inscreve-mais-25-mil-mulheres-no-auxilio-de-300-reais-por-mes\/\" \/>\n<meta property=\"og:locale\" content=\"pt_BR\" \/>\n<meta property=\"og:type\" content=\"article\" \/>\n<meta property=\"og:title\" content=\"Governo inscreve mais 2,5 mil mulheres no aux\u00edlio de 300 reais por m\u00eas - Notibras\" \/>\n<meta property=\"og:description\" content=\"O Governo de Pernambuco anunciou a abertura de mais 2.512 vagas no Programa M\u00e3es de Pernambuco, iniciativa estadual que concede um aux\u00edlio mensal de R$ 300 a mulheres em situa\u00e7\u00e3o de vulnerabilidade social residentes no estado. A nova etapa de confirma\u00e7\u00f5es foi iniciada em dezembro de 2025 e segue at\u00e9 22 de janeiro de 2026. [&hellip;]\" \/>\n<meta property=\"og:url\" content=\"https:\/\/www.notibras.com\/site\/governo-inscreve-mais-25-mil-mulheres-no-auxilio-de-300-reais-por-mes\/\" \/>\n<meta property=\"og:site_name\" content=\"Notibras\" \/>\n<meta property=\"article:publisher\" content=\"https:\/\/www.facebook.com\/notibras\/\" \/>\n<meta property=\"article:published_time\" content=\"2026-01-01T03:13:05+00:00\" \/>\n<meta property=\"article:modified_time\" content=\"2026-01-01T11:17:22+00:00\" \/>\n<meta property=\"og:image\" content=\"https:\/\/www.notibras.com\/site\/wp-content\/uploads\/2026\/01\/c38b21fb-9d2e-43c1-a848-6558fb7bd647.jpg\" \/>\n\t<meta property=\"og:image:width\" content=\"984\" \/>\n\t<meta property=\"og:image:height\" content=\"609\" \/>\n\t<meta property=\"og:image:type\" content=\"image\/jpeg\" \/>\n<meta name=\"author\" content=\"Reda\u00e7\u00e3o\" \/>\n<meta name=\"twitter:card\" content=\"summary_large_image\" \/>\n<meta name=\"twitter:creator\" content=\"@Notibras\" \/>\n<meta name=\"twitter:site\" content=\"@Notibras\" \/>\n<meta name=\"twitter:label1\" content=\"Escrito por\" \/>\n\t<meta name=\"twitter:data1\" content=\"Reda\u00e7\u00e3o\" \/>\n\t<meta name=\"twitter:label2\" content=\"Est. tempo de leitura\" \/>\n\t<meta name=\"twitter:data2\" content=\"3 minutos\" \/>\n<script type=\"application\/ld+json\" class=\"yoast-schema-graph\">{\"@context\":\"https:\/\/schema.org\",\"@graph\":[{\"@type\":\"Article\",\"@id\":\"https:\/\/www.notibras.com\/site\/governo-inscreve-mais-25-mil-mulheres-no-auxilio-de-300-reais-por-mes\/#article\",\"isPartOf\":{\"@id\":\"https:\/\/www.notibras.com\/site\/governo-inscreve-mais-25-mil-mulheres-no-auxilio-de-300-reais-por-mes\/\"},\"author\":{\"name\":\"Reda\u00e7\u00e3o\",\"@id\":\"https:\/\/www.notibras.com\/site\/#\/schema\/person\/36ab0979449956132d3e5b517ea76ac8\"},\"headline\":\"Governo inscreve mais 2,5 mil mulheres no aux\u00edlio de 300 reais por m\u00eas\",\"datePublished\":\"2026-01-01T03:13:05+00:00\",\"dateModified\":\"2026-01-01T11:17:22+00:00\",\"mainEntityOfPage\":{\"@id\":\"https:\/\/www.notibras.com\/site\/governo-inscreve-mais-25-mil-mulheres-no-auxilio-de-300-reais-por-mes\/\"},\"wordCount\":361,\"publisher\":{\"@id\":\"https:\/\/www.notibras.com\/site\/#organization\"},\"image\":{\"@id\":\"https:\/\/www.notibras.com\/site\/governo-inscreve-mais-25-mil-mulheres-no-auxilio-de-300-reais-por-mes\/#primaryimage\"},\"thumbnailUrl\":\"https:\/\/www.notibras.com\/site\/wp-content\/uploads\/2026\/01\/c38b21fb-9d2e-43c1-a848-6558fb7bd647.jpg\",\"articleSection\":[\"Nordeste\"],\"inLanguage\":\"pt-BR\"},{\"@type\":\"WebPage\",\"@id\":\"https:\/\/www.notibras.com\/site\/governo-inscreve-mais-25-mil-mulheres-no-auxilio-de-300-reais-por-mes\/\",\"url\":\"https:\/\/www.notibras.com\/site\/governo-inscreve-mais-25-mil-mulheres-no-auxilio-de-300-reais-por-mes\/\",\"name\":\"Governo inscreve mais 2,5 mil mulheres no aux\u00edlio de 300 reais por m\u00eas - Notibras\",\"isPartOf\":{\"@id\":\"https:\/\/www.notibras.com\/site\/#website\"},\"primaryImageOfPage\":{\"@id\":\"https:\/\/www.notibras.com\/site\/governo-inscreve-mais-25-mil-mulheres-no-auxilio-de-300-reais-por-mes\/#primaryimage\"},\"image\":{\"@id\":\"https:\/\/www.notibras.com\/site\/governo-inscreve-mais-25-mil-mulheres-no-auxilio-de-300-reais-por-mes\/#primaryimage\"},\"thumbnailUrl\":\"https:\/\/www.notibras.com\/site\/wp-content\/uploads\/2026\/01\/c38b21fb-9d2e-43c1-a848-6558fb7bd647.jpg\",\"datePublished\":\"2026-01-01T03:13:05+00:00\",\"dateModified\":\"2026-01-01T11:17:22+00:00\",\"breadcrumb\":{\"@id\":\"https:\/\/www.notibras.com\/site\/governo-inscreve-mais-25-mil-mulheres-no-auxilio-de-300-reais-por-mes\/#breadcrumb\"},\"inLanguage\":\"pt-BR\",\"potentialAction\":[{\"@type\":\"ReadAction\",\"target\":[\"https:\/\/www.notibras.com\/site\/governo-inscreve-mais-25-mil-mulheres-no-auxilio-de-300-reais-por-mes\/\"]}]},{\"@type\":\"ImageObject\",\"inLanguage\":\"pt-BR\",\"@id\":\"https:\/\/www.notibras.com\/site\/governo-inscreve-mais-25-mil-mulheres-no-auxilio-de-300-reais-por-mes\/#primaryimage\",\"url\":\"https:\/\/www.notibras.com\/site\/wp-content\/uploads\/2026\/01\/c38b21fb-9d2e-43c1-a848-6558fb7bd647.jpg\",\"contentUrl\":\"https:\/\/www.notibras.com\/site\/wp-content\/uploads\/2026\/01\/c38b21fb-9d2e-43c1-a848-6558fb7bd647.jpg\",\"width\":984,\"height\":609},{\"@type\":\"BreadcrumbList\",\"@id\":\"https:\/\/www.notibras.com\/site\/governo-inscreve-mais-25-mil-mulheres-no-auxilio-de-300-reais-por-mes\/#breadcrumb\",\"itemListElement\":[{\"@type\":\"ListItem\",\"position\":1,\"name\":\"In\u00edcio\",\"item\":\"https:\/\/www.notibras.com\/site\/\"},{\"@type\":\"ListItem\",\"position\":2,\"name\":\"Governo inscreve mais 2,5 mil mulheres no aux\u00edlio de 300 reais por m\u00eas\"}]},{\"@type\":\"WebSite\",\"@id\":\"https:\/\/www.notibras.com\/site\/#website\",\"url\":\"https:\/\/www.notibras.com\/site\/\",\"name\":\"Notibras\",\"description\":\"Not\u00edcias de Bras\u00edlia, do Brasil e do Mundo\",\"publisher\":{\"@id\":\"https:\/\/www.notibras.com\/site\/#organization\"},\"potentialAction\":[{\"@type\":\"SearchAction\",\"target\":{\"@type\":\"EntryPoint\",\"urlTemplate\":\"https:\/\/www.notibras.com\/site\/?s={search_term_string}\"},\"query-input\":{\"@type\":\"PropertyValueSpecification\",\"valueRequired\":true,\"valueName\":\"search_term_string\"}}],\"inLanguage\":\"pt-BR\"},{\"@type\":\"Organization\",\"@id\":\"https:\/\/www.notibras.com\/site\/#organization\",\"name\":\"Grupo Notibras de Comunica\u00e7\u00e3o\",\"url\":\"https:\/\/www.notibras.com\/site\/\",\"logo\":{\"@type\":\"ImageObject\",\"inLanguage\":\"pt-BR\",\"@id\":\"https:\/\/www.notibras.com\/site\/#\/schema\/logo\/image\/\",\"url\":\"https:\/\/www.notibras.com\/site\/wp-content\/uploads\/2023\/01\/notibras23.png\",\"contentUrl\":\"https:\/\/www.notibras.com\/site\/wp-content\/uploads\/2023\/01\/notibras23.png\",\"width\":350,\"height\":87,\"caption\":\"Grupo Notibras de Comunica\u00e7\u00e3o\"},\"image\":{\"@id\":\"https:\/\/www.notibras.com\/site\/#\/schema\/logo\/image\/\"},\"sameAs\":[\"https:\/\/www.facebook.com\/notibras\/\",\"https:\/\/x.com\/Notibras\",\"https:\/\/www.instagram.com\/notibras\/\"]},{\"@type\":\"Person\",\"@id\":\"https:\/\/www.notibras.com\/site\/#\/schema\/person\/36ab0979449956132d3e5b517ea76ac8\",\"name\":\"Reda\u00e7\u00e3o\",\"image\":{\"@type\":\"ImageObject\",\"inLanguage\":\"pt-BR\",\"@id\":\"https:\/\/secure.gravatar.com\/avatar\/e0a867bdedb85fd243eadf09663511f96fc81e0720a4a42581f334ad4303aa6b?s=96&d=mm&r=g\",\"url\":\"https:\/\/secure.gravatar.com\/avatar\/e0a867bdedb85fd243eadf09663511f96fc81e0720a4a42581f334ad4303aa6b?s=96&d=mm&r=g\",\"contentUrl\":\"https:\/\/secure.gravatar.com\/avatar\/e0a867bdedb85fd243eadf09663511f96fc81e0720a4a42581f334ad4303aa6b?s=96&d=mm&r=g\",\"caption\":\"Reda\u00e7\u00e3o\"}}]}<\/script>\n<!-- \/ Yoast SEO plugin. -->","yoast_head_json":{"title":"Governo inscreve mais 2,5 mil mulheres no aux\u00edlio de 300 reais por m\u00eas - Notibras","robots":{"index":"index","follow":"follow","max-snippet":"max-snippet:-1","max-image-preview":"max-image-preview:large","max-video-preview":"max-video-preview:-1"},"canonical":"https:\/\/www.notibras.com\/site\/governo-inscreve-mais-25-mil-mulheres-no-auxilio-de-300-reais-por-mes\/","og_locale":"pt_BR","og_type":"article","og_title":"Governo inscreve mais 2,5 mil mulheres no aux\u00edlio de 300 reais por m\u00eas - Notibras","og_description":"O Governo de Pernambuco anunciou a abertura de mais 2.512 vagas no Programa M\u00e3es de Pernambuco, iniciativa estadual que concede um aux\u00edlio mensal de R$ 300 a mulheres em situa\u00e7\u00e3o de vulnerabilidade social residentes no estado. A nova etapa de confirma\u00e7\u00f5es foi iniciada em dezembro de 2025 e segue at\u00e9 22 de janeiro de 2026. [&hellip;]","og_url":"https:\/\/www.notibras.com\/site\/governo-inscreve-mais-25-mil-mulheres-no-auxilio-de-300-reais-por-mes\/","og_site_name":"Notibras","article_publisher":"https:\/\/www.facebook.com\/notibras\/","article_published_time":"2026-01-01T03:13:05+00:00","article_modified_time":"2026-01-01T11:17:22+00:00","og_image":[{"width":984,"height":609,"url":"https:\/\/www.notibras.com\/site\/wp-content\/uploads\/2026\/01\/c38b21fb-9d2e-43c1-a848-6558fb7bd647.jpg","type":"image\/jpeg"}],"author":"Reda\u00e7\u00e3o","twitter_card":"summary_large_image","twitter_creator":"@Notibras","twitter_site":"@Notibras","twitter_misc":{"Escrito por":"Reda\u00e7\u00e3o","Est. tempo de leitura":"3 minutos"},"schema":{"@context":"https:\/\/schema.org","@graph":[{"@type":"Article","@id":"https:\/\/www.notibras.com\/site\/governo-inscreve-mais-25-mil-mulheres-no-auxilio-de-300-reais-por-mes\/#article","isPartOf":{"@id":"https:\/\/www.notibras.com\/site\/governo-inscreve-mais-25-mil-mulheres-no-auxilio-de-300-reais-por-mes\/"},"author":{"name":"Reda\u00e7\u00e3o","@id":"https:\/\/www.notibras.com\/site\/#\/schema\/person\/36ab0979449956132d3e5b517ea76ac8"},"headline":"Governo inscreve mais 2,5 mil mulheres no aux\u00edlio de 300 reais por m\u00eas","datePublished":"2026-01-01T03:13:05+00:00","dateModified":"2026-01-01T11:17:22+00:00","mainEntityOfPage":{"@id":"https:\/\/www.notibras.com\/site\/governo-inscreve-mais-25-mil-mulheres-no-auxilio-de-300-reais-por-mes\/"},"wordCount":361,"publisher":{"@id":"https:\/\/www.notibras.com\/site\/#organization"},"image":{"@id":"https:\/\/www.notibras.com\/site\/governo-inscreve-mais-25-mil-mulheres-no-auxilio-de-300-reais-por-mes\/#primaryimage"},"thumbnailUrl":"https:\/\/www.notibras.com\/site\/wp-content\/uploads\/2026\/01\/c38b21fb-9d2e-43c1-a848-6558fb7bd647.jpg","articleSection":["Nordeste"],"inLanguage":"pt-BR"},{"@type":"WebPage","@id":"https:\/\/www.notibras.com\/site\/governo-inscreve-mais-25-mil-mulheres-no-auxilio-de-300-reais-por-mes\/","url":"https:\/\/www.notibras.com\/site\/governo-inscreve-mais-25-mil-mulheres-no-auxilio-de-300-reais-por-mes\/","name":"Governo inscreve mais 2,5 mil mulheres no aux\u00edlio de 300 reais por m\u00eas - Notibras","isPartOf":{"@id":"https:\/\/www.notibras.com\/site\/#website"},"primaryImageOfPage":{"@id":"https:\/\/www.notibras.com\/site\/governo-inscreve-mais-25-mil-mulheres-no-auxilio-de-300-reais-por-mes\/#primaryimage"},"image":{"@id":"https:\/\/www.notibras.com\/site\/governo-inscreve-mais-25-mil-mulheres-no-auxilio-de-300-reais-por-mes\/#primaryimage"},"thumbnailUrl":"https:\/\/www.notibras.com\/site\/wp-content\/uploads\/2026\/01\/c38b21fb-9d2e-43c1-a848-6558fb7bd647.jpg","datePublished":"2026-01-01T03:13:05+00:00","dateModified":"2026-01-01T11:17:22+00:00","breadcrumb":{"@id":"https:\/\/www.notibras.com\/site\/governo-inscreve-mais-25-mil-mulheres-no-auxilio-de-300-reais-por-mes\/#breadcrumb"},"inLanguage":"pt-BR","potentialAction":[{"@type":"ReadAction","target":["https:\/\/www.notibras.com\/site\/governo-inscreve-mais-25-mil-mulheres-no-auxilio-de-300-reais-por-mes\/"]}]},{"@type":"ImageObject","inLanguage":"pt-BR","@id":"https:\/\/www.notibras.com\/site\/governo-inscreve-mais-25-mil-mulheres-no-auxilio-de-300-reais-por-mes\/#primaryimage","url":"https:\/\/www.notibras.com\/site\/wp-content\/uploads\/2026\/01\/c38b21fb-9d2e-43c1-a848-6558fb7bd647.jpg","contentUrl":"https:\/\/www.notibras.com\/site\/wp-content\/uploads\/2026\/01\/c38b21fb-9d2e-43c1-a848-6558fb7bd647.jpg","width":984,"height":609},{"@type":"BreadcrumbList","@id":"https:\/\/www.notibras.com\/site\/governo-inscreve-mais-25-mil-mulheres-no-auxilio-de-300-reais-por-mes\/#breadcrumb","itemListElement":[{"@type":"ListItem","position":1,"name":"In\u00edcio","item":"https:\/\/www.notibras.com\/site\/"},{"@type":"ListItem","position":2,"name":"Governo inscreve mais 2,5 mil mulheres no aux\u00edlio de 300 reais por m\u00eas"}]},{"@type":"WebSite","@id":"https:\/\/www.notibras.com\/site\/#website","url":"https:\/\/www.notibras.com\/site\/","name":"Notibras","description":"Not\u00edcias de Bras\u00edlia, do Brasil e do Mundo","publisher":{"@id":"https:\/\/www.notibras.com\/site\/#organization"},"potentialAction":[{"@type":"SearchAction","target":{"@type":"EntryPoint","urlTemplate":"https:\/\/www.notibras.com\/site\/?s={search_term_string}"},"query-input":{"@type":"PropertyValueSpecification","valueRequired":true,"valueName":"search_term_string"}}],"inLanguage":"pt-BR"},{"@type":"Organization","@id":"https:\/\/www.notibras.com\/site\/#organization","name":"Grupo Notibras de Comunica\u00e7\u00e3o","url":"https:\/\/www.notibras.com\/site\/","logo":{"@type":"ImageObject","inLanguage":"pt-BR","@id":"https:\/\/www.notibras.com\/site\/#\/schema\/logo\/image\/","url":"https:\/\/www.notibras.com\/site\/wp-content\/uploads\/2023\/01\/notibras23.png","contentUrl":"https:\/\/www.notibras.com\/site\/wp-content\/uploads\/2023\/01\/notibras23.png","width":350,"height":87,"caption":"Grupo Notibras de Comunica\u00e7\u00e3o"},"image":{"@id":"https:\/\/www.notibras.com\/site\/#\/schema\/logo\/image\/"},"sameAs":["https:\/\/www.facebook.com\/notibras\/","https:\/\/x.com\/Notibras","https:\/\/www.instagram.com\/notibras\/"]},{"@type":"Person","@id":"https:\/\/www.notibras.com\/site\/#\/schema\/person\/36ab0979449956132d3e5b517ea76ac8","name":"Reda\u00e7\u00e3o","image":{"@type":"ImageObject","inLanguage":"pt-BR","@id":"https:\/\/secure.gravatar.com\/avatar\/e0a867bdedb85fd243eadf09663511f96fc81e0720a4a42581f334ad4303aa6b?s=96&d=mm&r=g","url":"https:\/\/secure.gravatar.com\/avatar\/e0a867bdedb85fd243eadf09663511f96fc81e0720a4a42581f334ad4303aa6b?s=96&d=mm&r=g","contentUrl":"https:\/\/secure.gravatar.com\/avatar\/e0a867bdedb85fd243eadf09663511f96fc81e0720a4a42581f334ad4303aa6b?s=96&d=mm&r=g","caption":"Reda\u00e7\u00e3o"}}]}},"amp_enabled":true,"_links":{"self":[{"href":"https:\/\/www.notibras.com\/site\/wp-json\/wp\/v2\/posts\/377258","targetHints":{"allow":["GET"]}}],"collection":[{"href":"https:\/\/www.notibras.com\/site\/wp-json\/wp\/v2\/posts"}],"about":[{"href":"https:\/\/www.notibras.com\/site\/wp-json\/wp\/v2\/types\/post"}],"author":[{"embeddable":true,"href":"https:\/\/www.notibras.com\/site\/wp-json\/wp\/v2\/users\/2"}],"replies":[{"embeddable":true,"href":"https:\/\/www.notibras.com\/site\/wp-json\/wp\/v2\/comments?post=377258"}],"version-history":[{"count":3,"href":"https:\/\/www.notibras.com\/site\/wp-json\/wp\/v2\/posts\/377258\/revisions"}],"predecessor-version":[{"id":377262,"href":"https:\/\/www.notibras.com\/site\/wp-json\/wp\/v2\/posts\/377258\/revisions\/377262"}],"wp:featuredmedia":[{"embeddable":true,"href":"https:\/\/www.notibras.com\/site\/wp-json\/wp\/v2\/media\/377259"}],"wp:attachment":[{"href":"https:\/\/www.notibras.com\/site\/wp-json\/wp\/v2\/media?parent=377258"}],"wp:term":[{"taxonomy":"category","embeddable":true,"href":"https:\/\/www.notibras.com\/site\/wp-json\/wp\/v2\/categories?post=377258"},{"taxonomy":"post_tag","embeddable":true,"href":"https:\/\/www.notibras.com\/site\/wp-json\/wp\/v2\/tags?post=377258"}],"curies":[{"name":"wp","href":"https:\/\/api.w.org\/{rel}","templated":true}]}}