{"id":377263,"date":"2026-01-01T08:23:01","date_gmt":"2026-01-01T11:23:01","guid":{"rendered":"https:\/\/www.notibras.com\/site\/?p=377263"},"modified":"2026-01-01T08:23:01","modified_gmt":"2026-01-01T11:23:01","slug":"nordestino-vai-levando-a-vida-entre-belezas-naturais-e-problemas-sociais","status":"publish","type":"post","link":"https:\/\/www.notibras.com\/site\/nordestino-vai-levando-a-vida-entre-belezas-naturais-e-problemas-sociais\/","title":{"rendered":"Nordestino vai levando a vida entre belezas naturais e problemas sociais"},"content":{"rendered":"<p>O Nordeste brasileiro \u00e9 uma terra de contrastes intensos. Entre dunas douradas, mares de azul profundo, serras verdes ap\u00f3s a chuva e o sert\u00e3o marcado pela resist\u00eancia da Caatinga, vive o nordestino comum \u2014 aqui chamado de galego, figura simb\u00f3lica do povo simples, trabalhador e persistente. Sua vida cotidiana se constr\u00f3i entre a admira\u00e7\u00e3o pelas belezas naturais e o enfrentamento di\u00e1rio de problemas sociais hist\u00f3ricos.<\/p>\n<p>Nas primeiras horas da manh\u00e3, o galego observa o sol nascer forte, iluminando praias, rios e paisagens que encantam turistas do mundo inteiro. O litoral nordestino, com suas fal\u00e9sias, piscinas naturais e coqueirais, \u00e9 fonte de orgulho e tamb\u00e9m de renda. O turismo movimenta economias locais, gera empregos e coloca o Nordeste no mapa global das grandes belezas naturais. No interior, a Caatinga, muitas vezes incompreendida, revela uma biodiversidade \u00fanica e uma beleza austera que ensina a conviver com a escassez.<\/p>\n<p>Entretanto, por tr\u00e1s desse cen\u00e1rio exuberante, a realidade social imp\u00f5e desafios profundos. O galego, que sorri f\u00e1cil e acolhe bem, enfrenta dificuldades no acesso a servi\u00e7os b\u00e1sicos. Em muitas comunidades, a precariedade da sa\u00fade, da educa\u00e7\u00e3o e do saneamento ainda limita oportunidades e compromete a qualidade de vida. A desigualdade social, herdada de um passado marcado pela concentra\u00e7\u00e3o de renda e pela neglig\u00eancia hist\u00f3rica, segue presente em \u00e1reas urbanas e rurais.<\/p>\n<p>No sert\u00e3o, a seca \u2014 embora hoje mitigada por pol\u00edticas p\u00fablicas, cisternas e programas de conviv\u00eancia com o semi\u00e1rido \u2014 ainda afeta a produ\u00e7\u00e3o agr\u00edcola e a seguran\u00e7a alimentar. O galego do campo precisa reinventar seu modo de viver, adaptando-se \u00e0s mudan\u00e7as clim\u00e1ticas e \u00e0 instabilidade econ\u00f4mica. J\u00e1 nas cidades, o crescimento urbano acelerado trouxe novos problemas: desemprego, informalidade, viol\u00eancia e moradia prec\u00e1ria nas periferias.<\/p>\n<p>Apesar disso, a vida nordestina \u00e9 movida pela resili\u00eancia. O galego transforma dificuldades em for\u00e7a coletiva. A cultura, a m\u00fasica, a literatura de cordel, as festas populares e a culin\u00e1ria regional funcionam como instrumentos de identidade e resist\u00eancia. Mesmo diante das adversidades, h\u00e1 um sentimento profundo de pertencimento e orgulho pela terra onde nasceu.<\/p>\n<p>A complexa vida nordestina do galego \u00e9, portanto, um retrato fiel do pr\u00f3prio Nordeste: belo, vibrante e cheio de potencial, mas ainda marcado por desafios sociais que exigem pol\u00edticas p\u00fablicas consistentes, investimento cont\u00ednuo e respeito \u00e0s especificidades regionais. Entre o azul do mar e o ch\u00e3o rachado do sert\u00e3o, o galego segue em frente \u2014 firme, esperan\u00e7oso e determinado a construir um futuro mais justo sem abrir m\u00e3o de suas ra\u00edzes.<\/p>\n","protected":false},"excerpt":{"rendered":"<p>O Nordeste brasileiro \u00e9 uma terra de contrastes intensos. Entre dunas douradas, mares de azul profundo, serras verdes ap\u00f3s a chuva e o sert\u00e3o marcado pela resist\u00eancia da Caatinga, vive o nordestino comum \u2014 aqui chamado de galego, figura simb\u00f3lica do povo simples, trabalhador e persistente. Sua vida cotidiana se constr\u00f3i entre a admira\u00e7\u00e3o pelas [&hellip;]<\/p>\n","protected":false},"author":2,"featured_media":243819,"comment_status":"closed","ping_status":"closed","sticky":false,"template":"","format":"standard","meta":{"_acf_changed":false,"footnotes":""},"categories":[165],"tags":[],"class_list":["post-377263","post","type-post","status-publish","format-standard","has-post-thumbnail","hentry","category-nordeste"],"acf":[],"yoast_head":"<!-- This site is optimized with the Yoast SEO plugin v27.2 - https:\/\/yoast.com\/product\/yoast-seo-wordpress\/ -->\n<title>Nordestino vai levando a vida entre belezas naturais e problemas sociais - Notibras<\/title>\n<meta name=\"robots\" content=\"index, follow, max-snippet:-1, max-image-preview:large, max-video-preview:-1\" \/>\n<link rel=\"canonical\" href=\"https:\/\/www.notibras.com\/site\/nordestino-vai-levando-a-vida-entre-belezas-naturais-e-problemas-sociais\/\" \/>\n<meta property=\"og:locale\" content=\"pt_BR\" \/>\n<meta property=\"og:type\" content=\"article\" \/>\n<meta property=\"og:title\" content=\"Nordestino vai levando a vida entre belezas naturais e problemas sociais - Notibras\" \/>\n<meta property=\"og:description\" content=\"O Nordeste brasileiro \u00e9 uma terra de contrastes intensos. Entre dunas douradas, mares de azul profundo, serras verdes ap\u00f3s a chuva e o sert\u00e3o marcado pela resist\u00eancia da Caatinga, vive o nordestino comum \u2014 aqui chamado de galego, figura simb\u00f3lica do povo simples, trabalhador e persistente. Sua vida cotidiana se constr\u00f3i entre a admira\u00e7\u00e3o pelas [&hellip;]\" \/>\n<meta property=\"og:url\" content=\"https:\/\/www.notibras.com\/site\/nordestino-vai-levando-a-vida-entre-belezas-naturais-e-problemas-sociais\/\" \/>\n<meta property=\"og:site_name\" content=\"Notibras\" \/>\n<meta property=\"article:publisher\" content=\"https:\/\/www.facebook.com\/notibras\/\" \/>\n<meta property=\"article:published_time\" content=\"2026-01-01T11:23:01+00:00\" \/>\n<meta property=\"og:image\" content=\"https:\/\/www.notibras.com\/site\/wp-content\/uploads\/2020\/10\/nordeste.jpg\" \/>\n\t<meta property=\"og:image:width\" content=\"750\" \/>\n\t<meta property=\"og:image:height\" content=\"430\" \/>\n\t<meta property=\"og:image:type\" content=\"image\/jpeg\" \/>\n<meta name=\"author\" content=\"Reda\u00e7\u00e3o\" \/>\n<meta name=\"twitter:card\" content=\"summary_large_image\" \/>\n<meta name=\"twitter:creator\" content=\"@Notibras\" \/>\n<meta name=\"twitter:site\" content=\"@Notibras\" \/>\n<meta name=\"twitter:label1\" content=\"Escrito por\" \/>\n\t<meta name=\"twitter:data1\" content=\"Reda\u00e7\u00e3o\" \/>\n\t<meta name=\"twitter:label2\" content=\"Est. tempo de leitura\" \/>\n\t<meta name=\"twitter:data2\" content=\"3 minutos\" \/>\n<script type=\"application\/ld+json\" class=\"yoast-schema-graph\">{\"@context\":\"https:\/\/schema.org\",\"@graph\":[{\"@type\":\"Article\",\"@id\":\"https:\/\/www.notibras.com\/site\/nordestino-vai-levando-a-vida-entre-belezas-naturais-e-problemas-sociais\/#article\",\"isPartOf\":{\"@id\":\"https:\/\/www.notibras.com\/site\/nordestino-vai-levando-a-vida-entre-belezas-naturais-e-problemas-sociais\/\"},\"author\":{\"name\":\"Reda\u00e7\u00e3o\",\"@id\":\"https:\/\/www.notibras.com\/site\/#\/schema\/person\/36ab0979449956132d3e5b517ea76ac8\"},\"headline\":\"Nordestino vai levando a vida entre belezas naturais e problemas sociais\",\"datePublished\":\"2026-01-01T11:23:01+00:00\",\"mainEntityOfPage\":{\"@id\":\"https:\/\/www.notibras.com\/site\/nordestino-vai-levando-a-vida-entre-belezas-naturais-e-problemas-sociais\/\"},\"wordCount\":457,\"publisher\":{\"@id\":\"https:\/\/www.notibras.com\/site\/#organization\"},\"image\":{\"@id\":\"https:\/\/www.notibras.com\/site\/nordestino-vai-levando-a-vida-entre-belezas-naturais-e-problemas-sociais\/#primaryimage\"},\"thumbnailUrl\":\"https:\/\/www.notibras.com\/site\/wp-content\/uploads\/2020\/10\/nordeste.jpg\",\"articleSection\":[\"Nordeste\"],\"inLanguage\":\"pt-BR\"},{\"@type\":\"WebPage\",\"@id\":\"https:\/\/www.notibras.com\/site\/nordestino-vai-levando-a-vida-entre-belezas-naturais-e-problemas-sociais\/\",\"url\":\"https:\/\/www.notibras.com\/site\/nordestino-vai-levando-a-vida-entre-belezas-naturais-e-problemas-sociais\/\",\"name\":\"Nordestino vai levando a vida entre belezas naturais e problemas sociais - Notibras\",\"isPartOf\":{\"@id\":\"https:\/\/www.notibras.com\/site\/#website\"},\"primaryImageOfPage\":{\"@id\":\"https:\/\/www.notibras.com\/site\/nordestino-vai-levando-a-vida-entre-belezas-naturais-e-problemas-sociais\/#primaryimage\"},\"image\":{\"@id\":\"https:\/\/www.notibras.com\/site\/nordestino-vai-levando-a-vida-entre-belezas-naturais-e-problemas-sociais\/#primaryimage\"},\"thumbnailUrl\":\"https:\/\/www.notibras.com\/site\/wp-content\/uploads\/2020\/10\/nordeste.jpg\",\"datePublished\":\"2026-01-01T11:23:01+00:00\",\"breadcrumb\":{\"@id\":\"https:\/\/www.notibras.com\/site\/nordestino-vai-levando-a-vida-entre-belezas-naturais-e-problemas-sociais\/#breadcrumb\"},\"inLanguage\":\"pt-BR\",\"potentialAction\":[{\"@type\":\"ReadAction\",\"target\":[\"https:\/\/www.notibras.com\/site\/nordestino-vai-levando-a-vida-entre-belezas-naturais-e-problemas-sociais\/\"]}]},{\"@type\":\"ImageObject\",\"inLanguage\":\"pt-BR\",\"@id\":\"https:\/\/www.notibras.com\/site\/nordestino-vai-levando-a-vida-entre-belezas-naturais-e-problemas-sociais\/#primaryimage\",\"url\":\"https:\/\/www.notibras.com\/site\/wp-content\/uploads\/2020\/10\/nordeste.jpg\",\"contentUrl\":\"https:\/\/www.notibras.com\/site\/wp-content\/uploads\/2020\/10\/nordeste.jpg\",\"width\":750,\"height\":430},{\"@type\":\"BreadcrumbList\",\"@id\":\"https:\/\/www.notibras.com\/site\/nordestino-vai-levando-a-vida-entre-belezas-naturais-e-problemas-sociais\/#breadcrumb\",\"itemListElement\":[{\"@type\":\"ListItem\",\"position\":1,\"name\":\"In\u00edcio\",\"item\":\"https:\/\/www.notibras.com\/site\/\"},{\"@type\":\"ListItem\",\"position\":2,\"name\":\"Nordestino vai levando a vida entre belezas naturais e problemas sociais\"}]},{\"@type\":\"WebSite\",\"@id\":\"https:\/\/www.notibras.com\/site\/#website\",\"url\":\"https:\/\/www.notibras.com\/site\/\",\"name\":\"Notibras\",\"description\":\"Not\u00edcias de Bras\u00edlia, do Brasil e do Mundo\",\"publisher\":{\"@id\":\"https:\/\/www.notibras.com\/site\/#organization\"},\"potentialAction\":[{\"@type\":\"SearchAction\",\"target\":{\"@type\":\"EntryPoint\",\"urlTemplate\":\"https:\/\/www.notibras.com\/site\/?s={search_term_string}\"},\"query-input\":{\"@type\":\"PropertyValueSpecification\",\"valueRequired\":true,\"valueName\":\"search_term_string\"}}],\"inLanguage\":\"pt-BR\"},{\"@type\":\"Organization\",\"@id\":\"https:\/\/www.notibras.com\/site\/#organization\",\"name\":\"Grupo Notibras de Comunica\u00e7\u00e3o\",\"url\":\"https:\/\/www.notibras.com\/site\/\",\"logo\":{\"@type\":\"ImageObject\",\"inLanguage\":\"pt-BR\",\"@id\":\"https:\/\/www.notibras.com\/site\/#\/schema\/logo\/image\/\",\"url\":\"https:\/\/www.notibras.com\/site\/wp-content\/uploads\/2023\/01\/notibras23.png\",\"contentUrl\":\"https:\/\/www.notibras.com\/site\/wp-content\/uploads\/2023\/01\/notibras23.png\",\"width\":350,\"height\":87,\"caption\":\"Grupo Notibras de Comunica\u00e7\u00e3o\"},\"image\":{\"@id\":\"https:\/\/www.notibras.com\/site\/#\/schema\/logo\/image\/\"},\"sameAs\":[\"https:\/\/www.facebook.com\/notibras\/\",\"https:\/\/x.com\/Notibras\",\"https:\/\/www.instagram.com\/notibras\/\"]},{\"@type\":\"Person\",\"@id\":\"https:\/\/www.notibras.com\/site\/#\/schema\/person\/36ab0979449956132d3e5b517ea76ac8\",\"name\":\"Reda\u00e7\u00e3o\",\"image\":{\"@type\":\"ImageObject\",\"inLanguage\":\"pt-BR\",\"@id\":\"https:\/\/secure.gravatar.com\/avatar\/e0a867bdedb85fd243eadf09663511f96fc81e0720a4a42581f334ad4303aa6b?s=96&d=mm&r=g\",\"url\":\"https:\/\/secure.gravatar.com\/avatar\/e0a867bdedb85fd243eadf09663511f96fc81e0720a4a42581f334ad4303aa6b?s=96&d=mm&r=g\",\"contentUrl\":\"https:\/\/secure.gravatar.com\/avatar\/e0a867bdedb85fd243eadf09663511f96fc81e0720a4a42581f334ad4303aa6b?s=96&d=mm&r=g\",\"caption\":\"Reda\u00e7\u00e3o\"}}]}<\/script>\n<!-- \/ Yoast SEO plugin. -->","yoast_head_json":{"title":"Nordestino vai levando a vida entre belezas naturais e problemas sociais - Notibras","robots":{"index":"index","follow":"follow","max-snippet":"max-snippet:-1","max-image-preview":"max-image-preview:large","max-video-preview":"max-video-preview:-1"},"canonical":"https:\/\/www.notibras.com\/site\/nordestino-vai-levando-a-vida-entre-belezas-naturais-e-problemas-sociais\/","og_locale":"pt_BR","og_type":"article","og_title":"Nordestino vai levando a vida entre belezas naturais e problemas sociais - Notibras","og_description":"O Nordeste brasileiro \u00e9 uma terra de contrastes intensos. Entre dunas douradas, mares de azul profundo, serras verdes ap\u00f3s a chuva e o sert\u00e3o marcado pela resist\u00eancia da Caatinga, vive o nordestino comum \u2014 aqui chamado de galego, figura simb\u00f3lica do povo simples, trabalhador e persistente. Sua vida cotidiana se constr\u00f3i entre a admira\u00e7\u00e3o pelas [&hellip;]","og_url":"https:\/\/www.notibras.com\/site\/nordestino-vai-levando-a-vida-entre-belezas-naturais-e-problemas-sociais\/","og_site_name":"Notibras","article_publisher":"https:\/\/www.facebook.com\/notibras\/","article_published_time":"2026-01-01T11:23:01+00:00","og_image":[{"width":750,"height":430,"url":"https:\/\/www.notibras.com\/site\/wp-content\/uploads\/2020\/10\/nordeste.jpg","type":"image\/jpeg"}],"author":"Reda\u00e7\u00e3o","twitter_card":"summary_large_image","twitter_creator":"@Notibras","twitter_site":"@Notibras","twitter_misc":{"Escrito por":"Reda\u00e7\u00e3o","Est. tempo de leitura":"3 minutos"},"schema":{"@context":"https:\/\/schema.org","@graph":[{"@type":"Article","@id":"https:\/\/www.notibras.com\/site\/nordestino-vai-levando-a-vida-entre-belezas-naturais-e-problemas-sociais\/#article","isPartOf":{"@id":"https:\/\/www.notibras.com\/site\/nordestino-vai-levando-a-vida-entre-belezas-naturais-e-problemas-sociais\/"},"author":{"name":"Reda\u00e7\u00e3o","@id":"https:\/\/www.notibras.com\/site\/#\/schema\/person\/36ab0979449956132d3e5b517ea76ac8"},"headline":"Nordestino vai levando a vida entre belezas naturais e problemas sociais","datePublished":"2026-01-01T11:23:01+00:00","mainEntityOfPage":{"@id":"https:\/\/www.notibras.com\/site\/nordestino-vai-levando-a-vida-entre-belezas-naturais-e-problemas-sociais\/"},"wordCount":457,"publisher":{"@id":"https:\/\/www.notibras.com\/site\/#organization"},"image":{"@id":"https:\/\/www.notibras.com\/site\/nordestino-vai-levando-a-vida-entre-belezas-naturais-e-problemas-sociais\/#primaryimage"},"thumbnailUrl":"https:\/\/www.notibras.com\/site\/wp-content\/uploads\/2020\/10\/nordeste.jpg","articleSection":["Nordeste"],"inLanguage":"pt-BR"},{"@type":"WebPage","@id":"https:\/\/www.notibras.com\/site\/nordestino-vai-levando-a-vida-entre-belezas-naturais-e-problemas-sociais\/","url":"https:\/\/www.notibras.com\/site\/nordestino-vai-levando-a-vida-entre-belezas-naturais-e-problemas-sociais\/","name":"Nordestino vai levando a vida entre belezas naturais e problemas sociais - Notibras","isPartOf":{"@id":"https:\/\/www.notibras.com\/site\/#website"},"primaryImageOfPage":{"@id":"https:\/\/www.notibras.com\/site\/nordestino-vai-levando-a-vida-entre-belezas-naturais-e-problemas-sociais\/#primaryimage"},"image":{"@id":"https:\/\/www.notibras.com\/site\/nordestino-vai-levando-a-vida-entre-belezas-naturais-e-problemas-sociais\/#primaryimage"},"thumbnailUrl":"https:\/\/www.notibras.com\/site\/wp-content\/uploads\/2020\/10\/nordeste.jpg","datePublished":"2026-01-01T11:23:01+00:00","breadcrumb":{"@id":"https:\/\/www.notibras.com\/site\/nordestino-vai-levando-a-vida-entre-belezas-naturais-e-problemas-sociais\/#breadcrumb"},"inLanguage":"pt-BR","potentialAction":[{"@type":"ReadAction","target":["https:\/\/www.notibras.com\/site\/nordestino-vai-levando-a-vida-entre-belezas-naturais-e-problemas-sociais\/"]}]},{"@type":"ImageObject","inLanguage":"pt-BR","@id":"https:\/\/www.notibras.com\/site\/nordestino-vai-levando-a-vida-entre-belezas-naturais-e-problemas-sociais\/#primaryimage","url":"https:\/\/www.notibras.com\/site\/wp-content\/uploads\/2020\/10\/nordeste.jpg","contentUrl":"https:\/\/www.notibras.com\/site\/wp-content\/uploads\/2020\/10\/nordeste.jpg","width":750,"height":430},{"@type":"BreadcrumbList","@id":"https:\/\/www.notibras.com\/site\/nordestino-vai-levando-a-vida-entre-belezas-naturais-e-problemas-sociais\/#breadcrumb","itemListElement":[{"@type":"ListItem","position":1,"name":"In\u00edcio","item":"https:\/\/www.notibras.com\/site\/"},{"@type":"ListItem","position":2,"name":"Nordestino vai levando a vida entre belezas naturais e problemas sociais"}]},{"@type":"WebSite","@id":"https:\/\/www.notibras.com\/site\/#website","url":"https:\/\/www.notibras.com\/site\/","name":"Notibras","description":"Not\u00edcias de Bras\u00edlia, do Brasil e do Mundo","publisher":{"@id":"https:\/\/www.notibras.com\/site\/#organization"},"potentialAction":[{"@type":"SearchAction","target":{"@type":"EntryPoint","urlTemplate":"https:\/\/www.notibras.com\/site\/?s={search_term_string}"},"query-input":{"@type":"PropertyValueSpecification","valueRequired":true,"valueName":"search_term_string"}}],"inLanguage":"pt-BR"},{"@type":"Organization","@id":"https:\/\/www.notibras.com\/site\/#organization","name":"Grupo Notibras de Comunica\u00e7\u00e3o","url":"https:\/\/www.notibras.com\/site\/","logo":{"@type":"ImageObject","inLanguage":"pt-BR","@id":"https:\/\/www.notibras.com\/site\/#\/schema\/logo\/image\/","url":"https:\/\/www.notibras.com\/site\/wp-content\/uploads\/2023\/01\/notibras23.png","contentUrl":"https:\/\/www.notibras.com\/site\/wp-content\/uploads\/2023\/01\/notibras23.png","width":350,"height":87,"caption":"Grupo Notibras de Comunica\u00e7\u00e3o"},"image":{"@id":"https:\/\/www.notibras.com\/site\/#\/schema\/logo\/image\/"},"sameAs":["https:\/\/www.facebook.com\/notibras\/","https:\/\/x.com\/Notibras","https:\/\/www.instagram.com\/notibras\/"]},{"@type":"Person","@id":"https:\/\/www.notibras.com\/site\/#\/schema\/person\/36ab0979449956132d3e5b517ea76ac8","name":"Reda\u00e7\u00e3o","image":{"@type":"ImageObject","inLanguage":"pt-BR","@id":"https:\/\/secure.gravatar.com\/avatar\/e0a867bdedb85fd243eadf09663511f96fc81e0720a4a42581f334ad4303aa6b?s=96&d=mm&r=g","url":"https:\/\/secure.gravatar.com\/avatar\/e0a867bdedb85fd243eadf09663511f96fc81e0720a4a42581f334ad4303aa6b?s=96&d=mm&r=g","contentUrl":"https:\/\/secure.gravatar.com\/avatar\/e0a867bdedb85fd243eadf09663511f96fc81e0720a4a42581f334ad4303aa6b?s=96&d=mm&r=g","caption":"Reda\u00e7\u00e3o"}}]}},"amp_enabled":true,"_links":{"self":[{"href":"https:\/\/www.notibras.com\/site\/wp-json\/wp\/v2\/posts\/377263","targetHints":{"allow":["GET"]}}],"collection":[{"href":"https:\/\/www.notibras.com\/site\/wp-json\/wp\/v2\/posts"}],"about":[{"href":"https:\/\/www.notibras.com\/site\/wp-json\/wp\/v2\/types\/post"}],"author":[{"embeddable":true,"href":"https:\/\/www.notibras.com\/site\/wp-json\/wp\/v2\/users\/2"}],"replies":[{"embeddable":true,"href":"https:\/\/www.notibras.com\/site\/wp-json\/wp\/v2\/comments?post=377263"}],"version-history":[{"count":1,"href":"https:\/\/www.notibras.com\/site\/wp-json\/wp\/v2\/posts\/377263\/revisions"}],"predecessor-version":[{"id":377265,"href":"https:\/\/www.notibras.com\/site\/wp-json\/wp\/v2\/posts\/377263\/revisions\/377265"}],"wp:featuredmedia":[{"embeddable":true,"href":"https:\/\/www.notibras.com\/site\/wp-json\/wp\/v2\/media\/243819"}],"wp:attachment":[{"href":"https:\/\/www.notibras.com\/site\/wp-json\/wp\/v2\/media?parent=377263"}],"wp:term":[{"taxonomy":"category","embeddable":true,"href":"https:\/\/www.notibras.com\/site\/wp-json\/wp\/v2\/categories?post=377263"},{"taxonomy":"post_tag","embeddable":true,"href":"https:\/\/www.notibras.com\/site\/wp-json\/wp\/v2\/tags?post=377263"}],"curies":[{"name":"wp","href":"https:\/\/api.w.org\/{rel}","templated":true}]}}