{"id":377281,"date":"2026-01-01T09:20:25","date_gmt":"2026-01-01T12:20:25","guid":{"rendered":"https:\/\/www.notibras.com\/site\/?p=377281"},"modified":"2026-01-01T09:21:18","modified_gmt":"2026-01-01T12:21:18","slug":"bastardos-sem-gloria-do-ocidente-promovem-chacina-em-cafe-russo","status":"publish","type":"post","link":"https:\/\/www.notibras.com\/site\/bastardos-sem-gloria-do-ocidente-promovem-chacina-em-cafe-russo\/","title":{"rendered":"&#8216;Bastardos sem gl\u00f3ria&#8217; do Ocidente promovem chacina em caf\u00e9 russo"},"content":{"rendered":"<p>Tr\u00eas drones ucranianos atacaram um hotel e um caf\u00e9 na regi\u00e3o de Kherson, sendo que um deles carregava um dispositivo incendi\u00e1rio. O governador da regi\u00e3o ocupada pela R\u00fassia, Vladimir Saldo, afirmou que o ataque teve como alvo civis, deixando 24 mortos e 29 feridos, incluindo 5 crian\u00e7as.<\/p>\n<p>&#8220;Esta manh\u00e3, ao lado de seus croissants e ovos poch\u00ea, os presidentes e primeiros-ministros do Ocidente coletivo deveriam ter em suas mesas de caf\u00e9 da manh\u00e3 relat\u00f3rios detalhando como bilh\u00f5es do dinheiro dos contribuintes foram gastos, quantos presentes de Ano Novo \u2014 comprados com esses fundos \u2014 foram usados \u200b\u200bpara matar civis e como eles foram c\u00famplices na destrui\u00e7\u00e3o de crian\u00e7as&#8221;, disse a porta-voz do Minist\u00e9rio das Rela\u00e7\u00f5es Exteriores da R\u00fassia, Maria Zakharova.<\/p>\n<p>&#8220;Acusamos todos aqueles que patrocinam esses bastardos terroristas na Ucr\u00e2nia! Acusamos-os de assassinar crian\u00e7as e destruir civis! Acusamos-os de corromper o Estado ucraniano, que se transformou numa m\u00e1quina de matar!&#8221;, enfatizou ela.<\/p>\n<p>O ataque ucraniano a um caf\u00e9 na regi\u00e3o de Kherson deve receber a mais severa condena\u00e7\u00e3o legal e pol\u00edtica de todos os pa\u00edses para os quais as normas do direito internacional humanit\u00e1rio ainda tenham algum significado, afirmou Rodion Miroshnik, embaixador itinerante do Minist\u00e9rio das Rela\u00e7\u00f5es Exteriores da R\u00fassia para os Crimes de Guerra do Regime de Kiev.<\/p>\n<p>&#8220;Este ato desumano deve receber a mais severa avalia\u00e7\u00e3o jur\u00eddica e pol\u00edtica de todos os pa\u00edses para os quais o pr\u00f3prio conceito de normas de direito internacional humanit\u00e1rio ainda n\u00e3o passa de palavras vazias&#8221;, disse Miroshnik no Telegram.<\/p>\n<p>Diplomatas russos levantar\u00e3o essa quest\u00e3o em todas as principais plataformas internacionais, disse ele, acrescentando que o assassinato de dezenas de civis pelas for\u00e7as armadas ucranianas &#8220;n\u00e3o pode ficar impune&#8221;.<\/p>\n<p>A R\u00fassia espera uma condena\u00e7\u00e3o clara da comunidade internacional e dos l\u00edderes estatais pelo ataque ucraniano a um caf\u00e9 na regi\u00e3o de Kherson, afirmou a presidente da c\u00e2mara alta russa, Valentina Matvienko.<\/p>\n<p>&#8220;Esperamos uma condena\u00e7\u00e3o clara da comunidade internacional e dos l\u00edderes estatais&#8221;, disse Matvienko no Telegram. &#8220;N\u00e3o h\u00e1 desculpas para o cinismo e a crueldade bestial dos altos funcion\u00e1rios ucranianos que decidiram matar civis em uma noite festiva de Ano Novo&#8221;, frisou.<\/p>\n<p>&#8220;Estamos lidando com a mais absoluta feiura moral. Com criaturas organicamente desprovidas de conex\u00e3o com a lei moral interna com a qual o Senhor dotou o homem. E, portanto, elas n\u00e3o t\u00eam o direito moral de representar o poder em uma sociedade normal ou reivindicar apoio popular. Certamente n\u00e3o deveriam ter futuro pol\u00edtico&#8221;, disse ela.<\/p>\n<p>As for\u00e7as armadas ucranianas sabiam que havia turistas pac\u00edficos, fam\u00edlias com crian\u00e7as no caf\u00e9, mas mesmo assim realizaram um ataque premeditado, acrescentou. &#8220;A R\u00fassia far\u00e1 tudo o que for necess\u00e1rio para apoiar os afetados pelo ataque&#8221;, finalizou.<\/p>\n","protected":false},"excerpt":{"rendered":"<p>Tr\u00eas drones ucranianos atacaram um hotel e um caf\u00e9 na regi\u00e3o de Kherson, sendo que um deles carregava um dispositivo incendi\u00e1rio. O governador da regi\u00e3o ocupada pela R\u00fassia, Vladimir Saldo, afirmou que o ataque teve como alvo civis, deixando 24 mortos e 29 feridos, incluindo 5 crian\u00e7as. &#8220;Esta manh\u00e3, ao lado de seus croissants e [&hellip;]<\/p>\n","protected":false},"author":2,"featured_media":377282,"comment_status":"closed","ping_status":"closed","sticky":false,"template":"","format":"standard","meta":{"_acf_changed":false,"footnotes":""},"categories":[159],"tags":[95],"class_list":["post-377281","post","type-post","status-publish","format-standard","has-post-thumbnail","hentry","category-apocalipse","tag-capa"],"acf":[],"yoast_head":"<!-- This site is optimized with the Yoast SEO plugin v27.2 - https:\/\/yoast.com\/product\/yoast-seo-wordpress\/ -->\n<title>&#039;Bastardos sem gl\u00f3ria&#039; do Ocidente promovem chacina em caf\u00e9 russo - Notibras<\/title>\n<meta name=\"robots\" content=\"index, follow, max-snippet:-1, max-image-preview:large, max-video-preview:-1\" \/>\n<link rel=\"canonical\" href=\"https:\/\/www.notibras.com\/site\/bastardos-sem-gloria-do-ocidente-promovem-chacina-em-cafe-russo\/\" \/>\n<meta property=\"og:locale\" content=\"pt_BR\" \/>\n<meta property=\"og:type\" content=\"article\" \/>\n<meta property=\"og:title\" content=\"&#039;Bastardos sem gl\u00f3ria&#039; do Ocidente promovem chacina em caf\u00e9 russo - Notibras\" \/>\n<meta property=\"og:description\" content=\"Tr\u00eas drones ucranianos atacaram um hotel e um caf\u00e9 na regi\u00e3o de Kherson, sendo que um deles carregava um dispositivo incendi\u00e1rio. O governador da regi\u00e3o ocupada pela R\u00fassia, Vladimir Saldo, afirmou que o ataque teve como alvo civis, deixando 24 mortos e 29 feridos, incluindo 5 crian\u00e7as. &#8220;Esta manh\u00e3, ao lado de seus croissants e [&hellip;]\" \/>\n<meta property=\"og:url\" content=\"https:\/\/www.notibras.com\/site\/bastardos-sem-gloria-do-ocidente-promovem-chacina-em-cafe-russo\/\" \/>\n<meta property=\"og:site_name\" content=\"Notibras\" \/>\n<meta property=\"article:publisher\" content=\"https:\/\/www.facebook.com\/notibras\/\" \/>\n<meta property=\"article:published_time\" content=\"2026-01-01T12:20:25+00:00\" \/>\n<meta property=\"article:modified_time\" content=\"2026-01-01T12:21:18+00:00\" \/>\n<meta property=\"og:image\" content=\"https:\/\/www.notibras.com\/site\/wp-content\/uploads\/2026\/01\/1116585583_0_0_2792_2048_1440x900_80_0_1_ede58439cee37079177a87bc16f3a529.jpg.webp\" \/>\n\t<meta property=\"og:image:width\" content=\"1227\" \/>\n\t<meta property=\"og:image:height\" content=\"900\" \/>\n\t<meta property=\"og:image:type\" content=\"image\/webp\" \/>\n<meta name=\"author\" content=\"Reda\u00e7\u00e3o\" \/>\n<meta name=\"twitter:card\" content=\"summary_large_image\" \/>\n<meta name=\"twitter:creator\" content=\"@Notibras\" \/>\n<meta name=\"twitter:site\" content=\"@Notibras\" \/>\n<meta name=\"twitter:label1\" content=\"Escrito por\" \/>\n\t<meta name=\"twitter:data1\" content=\"Reda\u00e7\u00e3o\" \/>\n\t<meta name=\"twitter:label2\" content=\"Est. tempo de leitura\" \/>\n\t<meta name=\"twitter:data2\" content=\"3 minutos\" \/>\n<script type=\"application\/ld+json\" class=\"yoast-schema-graph\">{\"@context\":\"https:\/\/schema.org\",\"@graph\":[{\"@type\":\"Article\",\"@id\":\"https:\/\/www.notibras.com\/site\/bastardos-sem-gloria-do-ocidente-promovem-chacina-em-cafe-russo\/#article\",\"isPartOf\":{\"@id\":\"https:\/\/www.notibras.com\/site\/bastardos-sem-gloria-do-ocidente-promovem-chacina-em-cafe-russo\/\"},\"author\":{\"name\":\"Reda\u00e7\u00e3o\",\"@id\":\"https:\/\/www.notibras.com\/site\/#\/schema\/person\/36ab0979449956132d3e5b517ea76ac8\"},\"headline\":\"&#8216;Bastardos sem gl\u00f3ria&#8217; do Ocidente promovem chacina em caf\u00e9 russo\",\"datePublished\":\"2026-01-01T12:20:25+00:00\",\"dateModified\":\"2026-01-01T12:21:18+00:00\",\"mainEntityOfPage\":{\"@id\":\"https:\/\/www.notibras.com\/site\/bastardos-sem-gloria-do-ocidente-promovem-chacina-em-cafe-russo\/\"},\"wordCount\":503,\"publisher\":{\"@id\":\"https:\/\/www.notibras.com\/site\/#organization\"},\"image\":{\"@id\":\"https:\/\/www.notibras.com\/site\/bastardos-sem-gloria-do-ocidente-promovem-chacina-em-cafe-russo\/#primaryimage\"},\"thumbnailUrl\":\"https:\/\/www.notibras.com\/site\/wp-content\/uploads\/2026\/01\/1116585583_0_0_2792_2048_1440x900_80_0_1_ede58439cee37079177a87bc16f3a529.jpg.webp\",\"keywords\":[\"capa\"],\"articleSection\":[\"Apocalipse\"],\"inLanguage\":\"pt-BR\"},{\"@type\":\"WebPage\",\"@id\":\"https:\/\/www.notibras.com\/site\/bastardos-sem-gloria-do-ocidente-promovem-chacina-em-cafe-russo\/\",\"url\":\"https:\/\/www.notibras.com\/site\/bastardos-sem-gloria-do-ocidente-promovem-chacina-em-cafe-russo\/\",\"name\":\"'Bastardos sem gl\u00f3ria' do Ocidente promovem chacina em caf\u00e9 russo - Notibras\",\"isPartOf\":{\"@id\":\"https:\/\/www.notibras.com\/site\/#website\"},\"primaryImageOfPage\":{\"@id\":\"https:\/\/www.notibras.com\/site\/bastardos-sem-gloria-do-ocidente-promovem-chacina-em-cafe-russo\/#primaryimage\"},\"image\":{\"@id\":\"https:\/\/www.notibras.com\/site\/bastardos-sem-gloria-do-ocidente-promovem-chacina-em-cafe-russo\/#primaryimage\"},\"thumbnailUrl\":\"https:\/\/www.notibras.com\/site\/wp-content\/uploads\/2026\/01\/1116585583_0_0_2792_2048_1440x900_80_0_1_ede58439cee37079177a87bc16f3a529.jpg.webp\",\"datePublished\":\"2026-01-01T12:20:25+00:00\",\"dateModified\":\"2026-01-01T12:21:18+00:00\",\"breadcrumb\":{\"@id\":\"https:\/\/www.notibras.com\/site\/bastardos-sem-gloria-do-ocidente-promovem-chacina-em-cafe-russo\/#breadcrumb\"},\"inLanguage\":\"pt-BR\",\"potentialAction\":[{\"@type\":\"ReadAction\",\"target\":[\"https:\/\/www.notibras.com\/site\/bastardos-sem-gloria-do-ocidente-promovem-chacina-em-cafe-russo\/\"]}]},{\"@type\":\"ImageObject\",\"inLanguage\":\"pt-BR\",\"@id\":\"https:\/\/www.notibras.com\/site\/bastardos-sem-gloria-do-ocidente-promovem-chacina-em-cafe-russo\/#primaryimage\",\"url\":\"https:\/\/www.notibras.com\/site\/wp-content\/uploads\/2026\/01\/1116585583_0_0_2792_2048_1440x900_80_0_1_ede58439cee37079177a87bc16f3a529.jpg.webp\",\"contentUrl\":\"https:\/\/www.notibras.com\/site\/wp-content\/uploads\/2026\/01\/1116585583_0_0_2792_2048_1440x900_80_0_1_ede58439cee37079177a87bc16f3a529.jpg.webp\",\"width\":1227,\"height\":900},{\"@type\":\"BreadcrumbList\",\"@id\":\"https:\/\/www.notibras.com\/site\/bastardos-sem-gloria-do-ocidente-promovem-chacina-em-cafe-russo\/#breadcrumb\",\"itemListElement\":[{\"@type\":\"ListItem\",\"position\":1,\"name\":\"In\u00edcio\",\"item\":\"https:\/\/www.notibras.com\/site\/\"},{\"@type\":\"ListItem\",\"position\":2,\"name\":\"&#8216;Bastardos sem gl\u00f3ria&#8217; do Ocidente promovem chacina em caf\u00e9 russo\"}]},{\"@type\":\"WebSite\",\"@id\":\"https:\/\/www.notibras.com\/site\/#website\",\"url\":\"https:\/\/www.notibras.com\/site\/\",\"name\":\"Notibras\",\"description\":\"Not\u00edcias de Bras\u00edlia, do Brasil e do Mundo\",\"publisher\":{\"@id\":\"https:\/\/www.notibras.com\/site\/#organization\"},\"potentialAction\":[{\"@type\":\"SearchAction\",\"target\":{\"@type\":\"EntryPoint\",\"urlTemplate\":\"https:\/\/www.notibras.com\/site\/?s={search_term_string}\"},\"query-input\":{\"@type\":\"PropertyValueSpecification\",\"valueRequired\":true,\"valueName\":\"search_term_string\"}}],\"inLanguage\":\"pt-BR\"},{\"@type\":\"Organization\",\"@id\":\"https:\/\/www.notibras.com\/site\/#organization\",\"name\":\"Grupo Notibras de Comunica\u00e7\u00e3o\",\"url\":\"https:\/\/www.notibras.com\/site\/\",\"logo\":{\"@type\":\"ImageObject\",\"inLanguage\":\"pt-BR\",\"@id\":\"https:\/\/www.notibras.com\/site\/#\/schema\/logo\/image\/\",\"url\":\"https:\/\/www.notibras.com\/site\/wp-content\/uploads\/2023\/01\/notibras23.png\",\"contentUrl\":\"https:\/\/www.notibras.com\/site\/wp-content\/uploads\/2023\/01\/notibras23.png\",\"width\":350,\"height\":87,\"caption\":\"Grupo Notibras de Comunica\u00e7\u00e3o\"},\"image\":{\"@id\":\"https:\/\/www.notibras.com\/site\/#\/schema\/logo\/image\/\"},\"sameAs\":[\"https:\/\/www.facebook.com\/notibras\/\",\"https:\/\/x.com\/Notibras\",\"https:\/\/www.instagram.com\/notibras\/\"]},{\"@type\":\"Person\",\"@id\":\"https:\/\/www.notibras.com\/site\/#\/schema\/person\/36ab0979449956132d3e5b517ea76ac8\",\"name\":\"Reda\u00e7\u00e3o\",\"image\":{\"@type\":\"ImageObject\",\"inLanguage\":\"pt-BR\",\"@id\":\"https:\/\/secure.gravatar.com\/avatar\/e0a867bdedb85fd243eadf09663511f96fc81e0720a4a42581f334ad4303aa6b?s=96&d=mm&r=g\",\"url\":\"https:\/\/secure.gravatar.com\/avatar\/e0a867bdedb85fd243eadf09663511f96fc81e0720a4a42581f334ad4303aa6b?s=96&d=mm&r=g\",\"contentUrl\":\"https:\/\/secure.gravatar.com\/avatar\/e0a867bdedb85fd243eadf09663511f96fc81e0720a4a42581f334ad4303aa6b?s=96&d=mm&r=g\",\"caption\":\"Reda\u00e7\u00e3o\"}}]}<\/script>\n<!-- \/ Yoast SEO plugin. -->","yoast_head_json":{"title":"'Bastardos sem gl\u00f3ria' do Ocidente promovem chacina em caf\u00e9 russo - Notibras","robots":{"index":"index","follow":"follow","max-snippet":"max-snippet:-1","max-image-preview":"max-image-preview:large","max-video-preview":"max-video-preview:-1"},"canonical":"https:\/\/www.notibras.com\/site\/bastardos-sem-gloria-do-ocidente-promovem-chacina-em-cafe-russo\/","og_locale":"pt_BR","og_type":"article","og_title":"'Bastardos sem gl\u00f3ria' do Ocidente promovem chacina em caf\u00e9 russo - Notibras","og_description":"Tr\u00eas drones ucranianos atacaram um hotel e um caf\u00e9 na regi\u00e3o de Kherson, sendo que um deles carregava um dispositivo incendi\u00e1rio. O governador da regi\u00e3o ocupada pela R\u00fassia, Vladimir Saldo, afirmou que o ataque teve como alvo civis, deixando 24 mortos e 29 feridos, incluindo 5 crian\u00e7as. &#8220;Esta manh\u00e3, ao lado de seus croissants e [&hellip;]","og_url":"https:\/\/www.notibras.com\/site\/bastardos-sem-gloria-do-ocidente-promovem-chacina-em-cafe-russo\/","og_site_name":"Notibras","article_publisher":"https:\/\/www.facebook.com\/notibras\/","article_published_time":"2026-01-01T12:20:25+00:00","article_modified_time":"2026-01-01T12:21:18+00:00","og_image":[{"width":1227,"height":900,"url":"https:\/\/www.notibras.com\/site\/wp-content\/uploads\/2026\/01\/1116585583_0_0_2792_2048_1440x900_80_0_1_ede58439cee37079177a87bc16f3a529.jpg.webp","type":"image\/webp"}],"author":"Reda\u00e7\u00e3o","twitter_card":"summary_large_image","twitter_creator":"@Notibras","twitter_site":"@Notibras","twitter_misc":{"Escrito por":"Reda\u00e7\u00e3o","Est. tempo de leitura":"3 minutos"},"schema":{"@context":"https:\/\/schema.org","@graph":[{"@type":"Article","@id":"https:\/\/www.notibras.com\/site\/bastardos-sem-gloria-do-ocidente-promovem-chacina-em-cafe-russo\/#article","isPartOf":{"@id":"https:\/\/www.notibras.com\/site\/bastardos-sem-gloria-do-ocidente-promovem-chacina-em-cafe-russo\/"},"author":{"name":"Reda\u00e7\u00e3o","@id":"https:\/\/www.notibras.com\/site\/#\/schema\/person\/36ab0979449956132d3e5b517ea76ac8"},"headline":"&#8216;Bastardos sem gl\u00f3ria&#8217; do Ocidente promovem chacina em caf\u00e9 russo","datePublished":"2026-01-01T12:20:25+00:00","dateModified":"2026-01-01T12:21:18+00:00","mainEntityOfPage":{"@id":"https:\/\/www.notibras.com\/site\/bastardos-sem-gloria-do-ocidente-promovem-chacina-em-cafe-russo\/"},"wordCount":503,"publisher":{"@id":"https:\/\/www.notibras.com\/site\/#organization"},"image":{"@id":"https:\/\/www.notibras.com\/site\/bastardos-sem-gloria-do-ocidente-promovem-chacina-em-cafe-russo\/#primaryimage"},"thumbnailUrl":"https:\/\/www.notibras.com\/site\/wp-content\/uploads\/2026\/01\/1116585583_0_0_2792_2048_1440x900_80_0_1_ede58439cee37079177a87bc16f3a529.jpg.webp","keywords":["capa"],"articleSection":["Apocalipse"],"inLanguage":"pt-BR"},{"@type":"WebPage","@id":"https:\/\/www.notibras.com\/site\/bastardos-sem-gloria-do-ocidente-promovem-chacina-em-cafe-russo\/","url":"https:\/\/www.notibras.com\/site\/bastardos-sem-gloria-do-ocidente-promovem-chacina-em-cafe-russo\/","name":"'Bastardos sem gl\u00f3ria' do Ocidente promovem chacina em caf\u00e9 russo - Notibras","isPartOf":{"@id":"https:\/\/www.notibras.com\/site\/#website"},"primaryImageOfPage":{"@id":"https:\/\/www.notibras.com\/site\/bastardos-sem-gloria-do-ocidente-promovem-chacina-em-cafe-russo\/#primaryimage"},"image":{"@id":"https:\/\/www.notibras.com\/site\/bastardos-sem-gloria-do-ocidente-promovem-chacina-em-cafe-russo\/#primaryimage"},"thumbnailUrl":"https:\/\/www.notibras.com\/site\/wp-content\/uploads\/2026\/01\/1116585583_0_0_2792_2048_1440x900_80_0_1_ede58439cee37079177a87bc16f3a529.jpg.webp","datePublished":"2026-01-01T12:20:25+00:00","dateModified":"2026-01-01T12:21:18+00:00","breadcrumb":{"@id":"https:\/\/www.notibras.com\/site\/bastardos-sem-gloria-do-ocidente-promovem-chacina-em-cafe-russo\/#breadcrumb"},"inLanguage":"pt-BR","potentialAction":[{"@type":"ReadAction","target":["https:\/\/www.notibras.com\/site\/bastardos-sem-gloria-do-ocidente-promovem-chacina-em-cafe-russo\/"]}]},{"@type":"ImageObject","inLanguage":"pt-BR","@id":"https:\/\/www.notibras.com\/site\/bastardos-sem-gloria-do-ocidente-promovem-chacina-em-cafe-russo\/#primaryimage","url":"https:\/\/www.notibras.com\/site\/wp-content\/uploads\/2026\/01\/1116585583_0_0_2792_2048_1440x900_80_0_1_ede58439cee37079177a87bc16f3a529.jpg.webp","contentUrl":"https:\/\/www.notibras.com\/site\/wp-content\/uploads\/2026\/01\/1116585583_0_0_2792_2048_1440x900_80_0_1_ede58439cee37079177a87bc16f3a529.jpg.webp","width":1227,"height":900},{"@type":"BreadcrumbList","@id":"https:\/\/www.notibras.com\/site\/bastardos-sem-gloria-do-ocidente-promovem-chacina-em-cafe-russo\/#breadcrumb","itemListElement":[{"@type":"ListItem","position":1,"name":"In\u00edcio","item":"https:\/\/www.notibras.com\/site\/"},{"@type":"ListItem","position":2,"name":"&#8216;Bastardos sem gl\u00f3ria&#8217; do Ocidente promovem chacina em caf\u00e9 russo"}]},{"@type":"WebSite","@id":"https:\/\/www.notibras.com\/site\/#website","url":"https:\/\/www.notibras.com\/site\/","name":"Notibras","description":"Not\u00edcias de Bras\u00edlia, do Brasil e do Mundo","publisher":{"@id":"https:\/\/www.notibras.com\/site\/#organization"},"potentialAction":[{"@type":"SearchAction","target":{"@type":"EntryPoint","urlTemplate":"https:\/\/www.notibras.com\/site\/?s={search_term_string}"},"query-input":{"@type":"PropertyValueSpecification","valueRequired":true,"valueName":"search_term_string"}}],"inLanguage":"pt-BR"},{"@type":"Organization","@id":"https:\/\/www.notibras.com\/site\/#organization","name":"Grupo Notibras de Comunica\u00e7\u00e3o","url":"https:\/\/www.notibras.com\/site\/","logo":{"@type":"ImageObject","inLanguage":"pt-BR","@id":"https:\/\/www.notibras.com\/site\/#\/schema\/logo\/image\/","url":"https:\/\/www.notibras.com\/site\/wp-content\/uploads\/2023\/01\/notibras23.png","contentUrl":"https:\/\/www.notibras.com\/site\/wp-content\/uploads\/2023\/01\/notibras23.png","width":350,"height":87,"caption":"Grupo Notibras de Comunica\u00e7\u00e3o"},"image":{"@id":"https:\/\/www.notibras.com\/site\/#\/schema\/logo\/image\/"},"sameAs":["https:\/\/www.facebook.com\/notibras\/","https:\/\/x.com\/Notibras","https:\/\/www.instagram.com\/notibras\/"]},{"@type":"Person","@id":"https:\/\/www.notibras.com\/site\/#\/schema\/person\/36ab0979449956132d3e5b517ea76ac8","name":"Reda\u00e7\u00e3o","image":{"@type":"ImageObject","inLanguage":"pt-BR","@id":"https:\/\/secure.gravatar.com\/avatar\/e0a867bdedb85fd243eadf09663511f96fc81e0720a4a42581f334ad4303aa6b?s=96&d=mm&r=g","url":"https:\/\/secure.gravatar.com\/avatar\/e0a867bdedb85fd243eadf09663511f96fc81e0720a4a42581f334ad4303aa6b?s=96&d=mm&r=g","contentUrl":"https:\/\/secure.gravatar.com\/avatar\/e0a867bdedb85fd243eadf09663511f96fc81e0720a4a42581f334ad4303aa6b?s=96&d=mm&r=g","caption":"Reda\u00e7\u00e3o"}}]}},"amp_enabled":true,"_links":{"self":[{"href":"https:\/\/www.notibras.com\/site\/wp-json\/wp\/v2\/posts\/377281","targetHints":{"allow":["GET"]}}],"collection":[{"href":"https:\/\/www.notibras.com\/site\/wp-json\/wp\/v2\/posts"}],"about":[{"href":"https:\/\/www.notibras.com\/site\/wp-json\/wp\/v2\/types\/post"}],"author":[{"embeddable":true,"href":"https:\/\/www.notibras.com\/site\/wp-json\/wp\/v2\/users\/2"}],"replies":[{"embeddable":true,"href":"https:\/\/www.notibras.com\/site\/wp-json\/wp\/v2\/comments?post=377281"}],"version-history":[{"count":2,"href":"https:\/\/www.notibras.com\/site\/wp-json\/wp\/v2\/posts\/377281\/revisions"}],"predecessor-version":[{"id":377284,"href":"https:\/\/www.notibras.com\/site\/wp-json\/wp\/v2\/posts\/377281\/revisions\/377284"}],"wp:featuredmedia":[{"embeddable":true,"href":"https:\/\/www.notibras.com\/site\/wp-json\/wp\/v2\/media\/377282"}],"wp:attachment":[{"href":"https:\/\/www.notibras.com\/site\/wp-json\/wp\/v2\/media?parent=377281"}],"wp:term":[{"taxonomy":"category","embeddable":true,"href":"https:\/\/www.notibras.com\/site\/wp-json\/wp\/v2\/categories?post=377281"},{"taxonomy":"post_tag","embeddable":true,"href":"https:\/\/www.notibras.com\/site\/wp-json\/wp\/v2\/tags?post=377281"}],"curies":[{"name":"wp","href":"https:\/\/api.w.org\/{rel}","templated":true}]}}