{"id":377285,"date":"2026-01-02T00:00:26","date_gmt":"2026-01-02T03:00:26","guid":{"rendered":"https:\/\/www.notibras.com\/site\/?p=377285"},"modified":"2026-01-01T11:40:28","modified_gmt":"2026-01-01T14:40:28","slug":"pra-nao-dizer-que-nao-falei-de-flores-em-2025","status":"publish","type":"post","link":"https:\/\/www.notibras.com\/site\/pra-nao-dizer-que-nao-falei-de-flores-em-2025\/","title":{"rendered":"Pra n\u00e3o dizer que n\u00e3o falei de flores, em 2025"},"content":{"rendered":"<p>O aumento dos casos de feminic\u00eddios me faz lembrar da toler\u00e2ncia da censura em rela\u00e7\u00e3o \u00e0s letras de m\u00fasicas machistas; da falta de diagn\u00f3stico e atendimento do ciumento m\u00f3rbido; na frouxa puni\u00e7\u00e3o ao crime de misoginia.<\/p>\n<p>A Extrema Direita tem financiado musicais sertanejos com frequ\u00eancia. Via de regra suas letras s\u00e3o machistas. Tomo por exemplo uma m\u00fasica popular que, \u00e0 revelia de n\u00e3o ser sertaneja, \u00e9 digna do meu maior rep\u00fadio, em especial, do refr\u00e3o: &#8220;Se te agarro com outro, te mato!\/Te mando algumas flores e depois escapo&#8221;.<\/p>\n<p>Inevit\u00e1vel lembrar da &#8220;frieza do psicopata&#8221; descrita por Paim (Vide Isa\u00edas Paim &#8211; Psicopatologia, comp\u00eandio).<\/p>\n<p>Os feminic\u00eddios costumam ser crimes praticados com performances hediondas e, na legisla\u00e7\u00e3o brasileira (C\u00f3digo Penal) n\u00e3o h\u00e1 o rigor punitivo demandado.<\/p>\n<p>Como se n\u00e3o bastasse, o Congresso apresenta a &#8221; frieza do psicopata&#8221; em rela\u00e7\u00e3o \u00e0 toda sorte de demandas da base da pir\u00e2mide social, a exemplo dos direitos das mulheres. Talvez movido por um ci\u00fame m\u00f3rbido dos poderes judici\u00e1rio e executivo&#8230; Talvez por pura misoginia inerente ao homem branco (dono da Lei).<\/p>\n<p><strong>&#8230;&#8230;&#8230;&#8230;&#8230;&#8230;..<\/strong><\/p>\n<p><strong>Edna Domenica \u00e9 pedagoga, cronista e poeta. Autora desses votos merecidos aos leitores e equipe do Notibras: &#8220;Feliz ano novo (de novo).<\/strong><br \/>\n<strong>Fogos silenciosos inaugurem renovada fraternidade entre as gentes. <\/strong><br \/>\n<strong>Luzes silentes unam delicadas palmas<\/strong><br \/>\n<strong>Em prece presente que acalma.&#8221;<\/strong><\/p>\n","protected":false},"excerpt":{"rendered":"<p>O aumento dos casos de feminic\u00eddios me faz lembrar da toler\u00e2ncia da censura em rela\u00e7\u00e3o \u00e0s letras de m\u00fasicas machistas; da falta de diagn\u00f3stico e atendimento do ciumento m\u00f3rbido; na frouxa puni\u00e7\u00e3o ao crime de misoginia. A Extrema Direita tem financiado musicais sertanejos com frequ\u00eancia. Via de regra suas letras s\u00e3o machistas. Tomo por exemplo [&hellip;]<\/p>\n","protected":false},"author":21,"featured_media":377286,"comment_status":"closed","ping_status":"closed","sticky":false,"template":"","format":"standard","meta":{"_acf_changed":false,"footnotes":""},"categories":[234],"tags":[],"class_list":["post-377285","post","type-post","status-publish","format-standard","has-post-thumbnail","hentry","category-cafe-literario"],"acf":[],"yoast_head":"<!-- This site is optimized with the Yoast SEO plugin v27.2 - https:\/\/yoast.com\/product\/yoast-seo-wordpress\/ -->\n<title>Pra n\u00e3o dizer que n\u00e3o falei de flores, em 2025 - Notibras<\/title>\n<meta name=\"robots\" content=\"index, follow, max-snippet:-1, max-image-preview:large, max-video-preview:-1\" \/>\n<link rel=\"canonical\" href=\"https:\/\/www.notibras.com\/site\/pra-nao-dizer-que-nao-falei-de-flores-em-2025\/\" \/>\n<meta property=\"og:locale\" content=\"pt_BR\" \/>\n<meta property=\"og:type\" content=\"article\" \/>\n<meta property=\"og:title\" content=\"Pra n\u00e3o dizer que n\u00e3o falei de flores, em 2025 - Notibras\" \/>\n<meta property=\"og:description\" content=\"O aumento dos casos de feminic\u00eddios me faz lembrar da toler\u00e2ncia da censura em rela\u00e7\u00e3o \u00e0s letras de m\u00fasicas machistas; da falta de diagn\u00f3stico e atendimento do ciumento m\u00f3rbido; na frouxa puni\u00e7\u00e3o ao crime de misoginia. A Extrema Direita tem financiado musicais sertanejos com frequ\u00eancia. Via de regra suas letras s\u00e3o machistas. Tomo por exemplo [&hellip;]\" \/>\n<meta property=\"og:url\" content=\"https:\/\/www.notibras.com\/site\/pra-nao-dizer-que-nao-falei-de-flores-em-2025\/\" \/>\n<meta property=\"og:site_name\" content=\"Notibras\" \/>\n<meta property=\"article:publisher\" content=\"https:\/\/www.facebook.com\/notibras\/\" \/>\n<meta property=\"article:published_time\" content=\"2026-01-02T03:00:26+00:00\" \/>\n<meta property=\"og:image\" content=\"https:\/\/www.notibras.com\/site\/wp-content\/uploads\/2026\/01\/IMG_9975.jpg\" \/>\n\t<meta property=\"og:image:width\" content=\"1023\" \/>\n\t<meta property=\"og:image:height\" content=\"912\" \/>\n\t<meta property=\"og:image:type\" content=\"image\/jpeg\" \/>\n<meta name=\"author\" content=\"Eduardo Mart\u00ednez\" \/>\n<meta name=\"twitter:card\" content=\"summary_large_image\" \/>\n<meta name=\"twitter:creator\" content=\"@Notibras\" \/>\n<meta name=\"twitter:site\" content=\"@Notibras\" \/>\n<meta name=\"twitter:label1\" content=\"Escrito por\" \/>\n\t<meta name=\"twitter:data1\" content=\"Eduardo Mart\u00ednez\" \/>\n\t<meta name=\"twitter:label2\" content=\"Est. tempo de leitura\" \/>\n\t<meta name=\"twitter:data2\" content=\"2 minutos\" \/>\n<script type=\"application\/ld+json\" class=\"yoast-schema-graph\">{\"@context\":\"https:\/\/schema.org\",\"@graph\":[{\"@type\":\"Article\",\"@id\":\"https:\/\/www.notibras.com\/site\/pra-nao-dizer-que-nao-falei-de-flores-em-2025\/#article\",\"isPartOf\":{\"@id\":\"https:\/\/www.notibras.com\/site\/pra-nao-dizer-que-nao-falei-de-flores-em-2025\/\"},\"author\":{\"name\":\"Eduardo Mart\u00ednez\",\"@id\":\"https:\/\/www.notibras.com\/site\/#\/schema\/person\/5b7fabf2aedc3ada2105f03b22b4d3dd\"},\"headline\":\"Pra n\u00e3o dizer que n\u00e3o falei de flores, em 2025\",\"datePublished\":\"2026-01-02T03:00:26+00:00\",\"mainEntityOfPage\":{\"@id\":\"https:\/\/www.notibras.com\/site\/pra-nao-dizer-que-nao-falei-de-flores-em-2025\/\"},\"wordCount\":249,\"publisher\":{\"@id\":\"https:\/\/www.notibras.com\/site\/#organization\"},\"image\":{\"@id\":\"https:\/\/www.notibras.com\/site\/pra-nao-dizer-que-nao-falei-de-flores-em-2025\/#primaryimage\"},\"thumbnailUrl\":\"https:\/\/www.notibras.com\/site\/wp-content\/uploads\/2026\/01\/IMG_9975.jpg\",\"articleSection\":[\"Caf\u00e9 Liter\u00e1rio\"],\"inLanguage\":\"pt-BR\"},{\"@type\":\"WebPage\",\"@id\":\"https:\/\/www.notibras.com\/site\/pra-nao-dizer-que-nao-falei-de-flores-em-2025\/\",\"url\":\"https:\/\/www.notibras.com\/site\/pra-nao-dizer-que-nao-falei-de-flores-em-2025\/\",\"name\":\"Pra n\u00e3o dizer que n\u00e3o falei de flores, em 2025 - Notibras\",\"isPartOf\":{\"@id\":\"https:\/\/www.notibras.com\/site\/#website\"},\"primaryImageOfPage\":{\"@id\":\"https:\/\/www.notibras.com\/site\/pra-nao-dizer-que-nao-falei-de-flores-em-2025\/#primaryimage\"},\"image\":{\"@id\":\"https:\/\/www.notibras.com\/site\/pra-nao-dizer-que-nao-falei-de-flores-em-2025\/#primaryimage\"},\"thumbnailUrl\":\"https:\/\/www.notibras.com\/site\/wp-content\/uploads\/2026\/01\/IMG_9975.jpg\",\"datePublished\":\"2026-01-02T03:00:26+00:00\",\"breadcrumb\":{\"@id\":\"https:\/\/www.notibras.com\/site\/pra-nao-dizer-que-nao-falei-de-flores-em-2025\/#breadcrumb\"},\"inLanguage\":\"pt-BR\",\"potentialAction\":[{\"@type\":\"ReadAction\",\"target\":[\"https:\/\/www.notibras.com\/site\/pra-nao-dizer-que-nao-falei-de-flores-em-2025\/\"]}]},{\"@type\":\"ImageObject\",\"inLanguage\":\"pt-BR\",\"@id\":\"https:\/\/www.notibras.com\/site\/pra-nao-dizer-que-nao-falei-de-flores-em-2025\/#primaryimage\",\"url\":\"https:\/\/www.notibras.com\/site\/wp-content\/uploads\/2026\/01\/IMG_9975.jpg\",\"contentUrl\":\"https:\/\/www.notibras.com\/site\/wp-content\/uploads\/2026\/01\/IMG_9975.jpg\",\"width\":1023,\"height\":912},{\"@type\":\"BreadcrumbList\",\"@id\":\"https:\/\/www.notibras.com\/site\/pra-nao-dizer-que-nao-falei-de-flores-em-2025\/#breadcrumb\",\"itemListElement\":[{\"@type\":\"ListItem\",\"position\":1,\"name\":\"In\u00edcio\",\"item\":\"https:\/\/www.notibras.com\/site\/\"},{\"@type\":\"ListItem\",\"position\":2,\"name\":\"Pra n\u00e3o dizer que n\u00e3o falei de flores, em 2025\"}]},{\"@type\":\"WebSite\",\"@id\":\"https:\/\/www.notibras.com\/site\/#website\",\"url\":\"https:\/\/www.notibras.com\/site\/\",\"name\":\"Notibras\",\"description\":\"Not\u00edcias de Bras\u00edlia, do Brasil e do Mundo\",\"publisher\":{\"@id\":\"https:\/\/www.notibras.com\/site\/#organization\"},\"potentialAction\":[{\"@type\":\"SearchAction\",\"target\":{\"@type\":\"EntryPoint\",\"urlTemplate\":\"https:\/\/www.notibras.com\/site\/?s={search_term_string}\"},\"query-input\":{\"@type\":\"PropertyValueSpecification\",\"valueRequired\":true,\"valueName\":\"search_term_string\"}}],\"inLanguage\":\"pt-BR\"},{\"@type\":\"Organization\",\"@id\":\"https:\/\/www.notibras.com\/site\/#organization\",\"name\":\"Grupo Notibras de Comunica\u00e7\u00e3o\",\"url\":\"https:\/\/www.notibras.com\/site\/\",\"logo\":{\"@type\":\"ImageObject\",\"inLanguage\":\"pt-BR\",\"@id\":\"https:\/\/www.notibras.com\/site\/#\/schema\/logo\/image\/\",\"url\":\"https:\/\/www.notibras.com\/site\/wp-content\/uploads\/2023\/01\/notibras23.png\",\"contentUrl\":\"https:\/\/www.notibras.com\/site\/wp-content\/uploads\/2023\/01\/notibras23.png\",\"width\":350,\"height\":87,\"caption\":\"Grupo Notibras de Comunica\u00e7\u00e3o\"},\"image\":{\"@id\":\"https:\/\/www.notibras.com\/site\/#\/schema\/logo\/image\/\"},\"sameAs\":[\"https:\/\/www.facebook.com\/notibras\/\",\"https:\/\/x.com\/Notibras\",\"https:\/\/www.instagram.com\/notibras\/\"]},{\"@type\":\"Person\",\"@id\":\"https:\/\/www.notibras.com\/site\/#\/schema\/person\/5b7fabf2aedc3ada2105f03b22b4d3dd\",\"name\":\"Eduardo Mart\u00ednez\",\"image\":{\"@type\":\"ImageObject\",\"inLanguage\":\"pt-BR\",\"@id\":\"https:\/\/secure.gravatar.com\/avatar\/7902f906289926289cbcda644b5197c796b893c6ffd7b9a536a42d290f7704a0?s=96&d=mm&r=g\",\"url\":\"https:\/\/secure.gravatar.com\/avatar\/7902f906289926289cbcda644b5197c796b893c6ffd7b9a536a42d290f7704a0?s=96&d=mm&r=g\",\"contentUrl\":\"https:\/\/secure.gravatar.com\/avatar\/7902f906289926289cbcda644b5197c796b893c6ffd7b9a536a42d290f7704a0?s=96&d=mm&r=g\",\"caption\":\"Eduardo Mart\u00ednez\"}}]}<\/script>\n<!-- \/ Yoast SEO plugin. -->","yoast_head_json":{"title":"Pra n\u00e3o dizer que n\u00e3o falei de flores, em 2025 - Notibras","robots":{"index":"index","follow":"follow","max-snippet":"max-snippet:-1","max-image-preview":"max-image-preview:large","max-video-preview":"max-video-preview:-1"},"canonical":"https:\/\/www.notibras.com\/site\/pra-nao-dizer-que-nao-falei-de-flores-em-2025\/","og_locale":"pt_BR","og_type":"article","og_title":"Pra n\u00e3o dizer que n\u00e3o falei de flores, em 2025 - Notibras","og_description":"O aumento dos casos de feminic\u00eddios me faz lembrar da toler\u00e2ncia da censura em rela\u00e7\u00e3o \u00e0s letras de m\u00fasicas machistas; da falta de diagn\u00f3stico e atendimento do ciumento m\u00f3rbido; na frouxa puni\u00e7\u00e3o ao crime de misoginia. A Extrema Direita tem financiado musicais sertanejos com frequ\u00eancia. Via de regra suas letras s\u00e3o machistas. Tomo por exemplo [&hellip;]","og_url":"https:\/\/www.notibras.com\/site\/pra-nao-dizer-que-nao-falei-de-flores-em-2025\/","og_site_name":"Notibras","article_publisher":"https:\/\/www.facebook.com\/notibras\/","article_published_time":"2026-01-02T03:00:26+00:00","og_image":[{"width":1023,"height":912,"url":"https:\/\/www.notibras.com\/site\/wp-content\/uploads\/2026\/01\/IMG_9975.jpg","type":"image\/jpeg"}],"author":"Eduardo Mart\u00ednez","twitter_card":"summary_large_image","twitter_creator":"@Notibras","twitter_site":"@Notibras","twitter_misc":{"Escrito por":"Eduardo Mart\u00ednez","Est. tempo de leitura":"2 minutos"},"schema":{"@context":"https:\/\/schema.org","@graph":[{"@type":"Article","@id":"https:\/\/www.notibras.com\/site\/pra-nao-dizer-que-nao-falei-de-flores-em-2025\/#article","isPartOf":{"@id":"https:\/\/www.notibras.com\/site\/pra-nao-dizer-que-nao-falei-de-flores-em-2025\/"},"author":{"name":"Eduardo Mart\u00ednez","@id":"https:\/\/www.notibras.com\/site\/#\/schema\/person\/5b7fabf2aedc3ada2105f03b22b4d3dd"},"headline":"Pra n\u00e3o dizer que n\u00e3o falei de flores, em 2025","datePublished":"2026-01-02T03:00:26+00:00","mainEntityOfPage":{"@id":"https:\/\/www.notibras.com\/site\/pra-nao-dizer-que-nao-falei-de-flores-em-2025\/"},"wordCount":249,"publisher":{"@id":"https:\/\/www.notibras.com\/site\/#organization"},"image":{"@id":"https:\/\/www.notibras.com\/site\/pra-nao-dizer-que-nao-falei-de-flores-em-2025\/#primaryimage"},"thumbnailUrl":"https:\/\/www.notibras.com\/site\/wp-content\/uploads\/2026\/01\/IMG_9975.jpg","articleSection":["Caf\u00e9 Liter\u00e1rio"],"inLanguage":"pt-BR"},{"@type":"WebPage","@id":"https:\/\/www.notibras.com\/site\/pra-nao-dizer-que-nao-falei-de-flores-em-2025\/","url":"https:\/\/www.notibras.com\/site\/pra-nao-dizer-que-nao-falei-de-flores-em-2025\/","name":"Pra n\u00e3o dizer que n\u00e3o falei de flores, em 2025 - Notibras","isPartOf":{"@id":"https:\/\/www.notibras.com\/site\/#website"},"primaryImageOfPage":{"@id":"https:\/\/www.notibras.com\/site\/pra-nao-dizer-que-nao-falei-de-flores-em-2025\/#primaryimage"},"image":{"@id":"https:\/\/www.notibras.com\/site\/pra-nao-dizer-que-nao-falei-de-flores-em-2025\/#primaryimage"},"thumbnailUrl":"https:\/\/www.notibras.com\/site\/wp-content\/uploads\/2026\/01\/IMG_9975.jpg","datePublished":"2026-01-02T03:00:26+00:00","breadcrumb":{"@id":"https:\/\/www.notibras.com\/site\/pra-nao-dizer-que-nao-falei-de-flores-em-2025\/#breadcrumb"},"inLanguage":"pt-BR","potentialAction":[{"@type":"ReadAction","target":["https:\/\/www.notibras.com\/site\/pra-nao-dizer-que-nao-falei-de-flores-em-2025\/"]}]},{"@type":"ImageObject","inLanguage":"pt-BR","@id":"https:\/\/www.notibras.com\/site\/pra-nao-dizer-que-nao-falei-de-flores-em-2025\/#primaryimage","url":"https:\/\/www.notibras.com\/site\/wp-content\/uploads\/2026\/01\/IMG_9975.jpg","contentUrl":"https:\/\/www.notibras.com\/site\/wp-content\/uploads\/2026\/01\/IMG_9975.jpg","width":1023,"height":912},{"@type":"BreadcrumbList","@id":"https:\/\/www.notibras.com\/site\/pra-nao-dizer-que-nao-falei-de-flores-em-2025\/#breadcrumb","itemListElement":[{"@type":"ListItem","position":1,"name":"In\u00edcio","item":"https:\/\/www.notibras.com\/site\/"},{"@type":"ListItem","position":2,"name":"Pra n\u00e3o dizer que n\u00e3o falei de flores, em 2025"}]},{"@type":"WebSite","@id":"https:\/\/www.notibras.com\/site\/#website","url":"https:\/\/www.notibras.com\/site\/","name":"Notibras","description":"Not\u00edcias de Bras\u00edlia, do Brasil e do Mundo","publisher":{"@id":"https:\/\/www.notibras.com\/site\/#organization"},"potentialAction":[{"@type":"SearchAction","target":{"@type":"EntryPoint","urlTemplate":"https:\/\/www.notibras.com\/site\/?s={search_term_string}"},"query-input":{"@type":"PropertyValueSpecification","valueRequired":true,"valueName":"search_term_string"}}],"inLanguage":"pt-BR"},{"@type":"Organization","@id":"https:\/\/www.notibras.com\/site\/#organization","name":"Grupo Notibras de Comunica\u00e7\u00e3o","url":"https:\/\/www.notibras.com\/site\/","logo":{"@type":"ImageObject","inLanguage":"pt-BR","@id":"https:\/\/www.notibras.com\/site\/#\/schema\/logo\/image\/","url":"https:\/\/www.notibras.com\/site\/wp-content\/uploads\/2023\/01\/notibras23.png","contentUrl":"https:\/\/www.notibras.com\/site\/wp-content\/uploads\/2023\/01\/notibras23.png","width":350,"height":87,"caption":"Grupo Notibras de Comunica\u00e7\u00e3o"},"image":{"@id":"https:\/\/www.notibras.com\/site\/#\/schema\/logo\/image\/"},"sameAs":["https:\/\/www.facebook.com\/notibras\/","https:\/\/x.com\/Notibras","https:\/\/www.instagram.com\/notibras\/"]},{"@type":"Person","@id":"https:\/\/www.notibras.com\/site\/#\/schema\/person\/5b7fabf2aedc3ada2105f03b22b4d3dd","name":"Eduardo Mart\u00ednez","image":{"@type":"ImageObject","inLanguage":"pt-BR","@id":"https:\/\/secure.gravatar.com\/avatar\/7902f906289926289cbcda644b5197c796b893c6ffd7b9a536a42d290f7704a0?s=96&d=mm&r=g","url":"https:\/\/secure.gravatar.com\/avatar\/7902f906289926289cbcda644b5197c796b893c6ffd7b9a536a42d290f7704a0?s=96&d=mm&r=g","contentUrl":"https:\/\/secure.gravatar.com\/avatar\/7902f906289926289cbcda644b5197c796b893c6ffd7b9a536a42d290f7704a0?s=96&d=mm&r=g","caption":"Eduardo Mart\u00ednez"}}]}},"amp_enabled":true,"_links":{"self":[{"href":"https:\/\/www.notibras.com\/site\/wp-json\/wp\/v2\/posts\/377285","targetHints":{"allow":["GET"]}}],"collection":[{"href":"https:\/\/www.notibras.com\/site\/wp-json\/wp\/v2\/posts"}],"about":[{"href":"https:\/\/www.notibras.com\/site\/wp-json\/wp\/v2\/types\/post"}],"author":[{"embeddable":true,"href":"https:\/\/www.notibras.com\/site\/wp-json\/wp\/v2\/users\/21"}],"replies":[{"embeddable":true,"href":"https:\/\/www.notibras.com\/site\/wp-json\/wp\/v2\/comments?post=377285"}],"version-history":[{"count":2,"href":"https:\/\/www.notibras.com\/site\/wp-json\/wp\/v2\/posts\/377285\/revisions"}],"predecessor-version":[{"id":377288,"href":"https:\/\/www.notibras.com\/site\/wp-json\/wp\/v2\/posts\/377285\/revisions\/377288"}],"wp:featuredmedia":[{"embeddable":true,"href":"https:\/\/www.notibras.com\/site\/wp-json\/wp\/v2\/media\/377286"}],"wp:attachment":[{"href":"https:\/\/www.notibras.com\/site\/wp-json\/wp\/v2\/media?parent=377285"}],"wp:term":[{"taxonomy":"category","embeddable":true,"href":"https:\/\/www.notibras.com\/site\/wp-json\/wp\/v2\/categories?post=377285"},{"taxonomy":"post_tag","embeddable":true,"href":"https:\/\/www.notibras.com\/site\/wp-json\/wp\/v2\/tags?post=377285"}],"curies":[{"name":"wp","href":"https:\/\/api.w.org\/{rel}","templated":true}]}}