{"id":377298,"date":"2026-01-01T18:14:31","date_gmt":"2026-01-01T21:14:31","guid":{"rendered":"https:\/\/www.notibras.com\/site\/?p=377298"},"modified":"2026-01-01T19:16:12","modified_gmt":"2026-01-01T22:16:12","slug":"bolsonaro-tem-alta-hospitalar-e-volta-para-cela-da-policia-federal","status":"publish","type":"post","link":"https:\/\/www.notibras.com\/site\/bolsonaro-tem-alta-hospitalar-e-volta-para-cela-da-policia-federal\/","title":{"rendered":"Bolsonaro tem alta hospitalar e volta para cela da Pol\u00edcia Federal"},"content":{"rendered":"<p>O ex-presidente Jair Bolsonaro recebeu alta e deixou o Hospital DF Star no fim da tarde desta quinta-feira (1\u00ba). Um comboio formado por batedores da Pol\u00edcia Militar do Distrito Federal e carros pretos descaracterizados sa\u00edram h\u00e1 pouco da garagem do hospital localizado na Asa Sul, regi\u00e3o central da capital federal, a poucos quil\u00f4metros de dist\u00e2ncia da Superintend\u00eancia da Pol\u00edcia Federal, onde Bolsonaro est\u00e1 preso desde novembro, ap\u00f3s condena\u00e7\u00e3o de 27 anos pela trama golpista.<\/p>\n<p>Bolsonaro estava internado na unidade desde o \u00faltimo dia 24 para fazer uma cirurgia de h\u00e9rnia inguinal bilateral.<\/p>\n<p>Em seguida, a equipe m\u00e9dica avaliou a necessidade de realizar outros procedimentos para conter o quadro de solu\u00e7os. Ontem (31), o ex-presidente passou por uma endoscopia, quando os m\u00e9dicos constataram a persist\u00eancia de esofagite e gastrite.<\/p>\n<p>M\u00e9dicos que acompanham o ex-presidente Jair Bolsonaro informaram na quarta-feira (31) melhora da crise de solu\u00e7os e j\u00e1 haviam programado a alta para quinta-feira caso n\u00e3o houvesse nenhum novo problema de sa\u00fade.<\/p>\n<p>Com a libera\u00e7\u00e3o hospitalar, Bolsonaro retorna \u00e0 Superintend\u00eancia da Pol\u00edcia Federal, em Bras\u00edlia, onde est\u00e1 preso desde novembro ap\u00f3s condena\u00e7\u00e3o de 27 anos pela trama golpista.<\/p>\n<p>Na manh\u00e3 desta quinta-feira, o ministro do Supremo Tribunal Federal (STF) Alexandre de Moraes negou pedido feito pela defesa do ex-presidente que solicitava pris\u00e3o domiciliar de natureza humanit\u00e1ria ap\u00f3s a alta.<\/p>\n<p>Na decis\u00e3o, Moraes avalia que a defesa de Bolsonaro n\u00e3o apresentou \u201cfatos supervenientes que pudessem afastar os motivos determinantes da decis\u00e3o de indeferimento do pedido de pris\u00e3o domiciliar humanit\u00e1ria proferida no dia 19 de dezembro de 2025\u201d.<\/p>\n<p>O documento refor\u00e7a que permanece autorizado acesso integral dos m\u00e9dicos de Bolsonaro, com os medicamentos necess\u00e1rios, incluindo um fisioterapeuta, \u201ce a entrega de comida produzida por seus familiares\u201d.<\/p>\n","protected":false},"excerpt":{"rendered":"<p>O ex-presidente Jair Bolsonaro recebeu alta e deixou o Hospital DF Star no fim da tarde desta quinta-feira (1\u00ba). Um comboio formado por batedores da Pol\u00edcia Militar do Distrito Federal e carros pretos descaracterizados sa\u00edram h\u00e1 pouco da garagem do hospital localizado na Asa Sul, regi\u00e3o central da capital federal, a poucos quil\u00f4metros de dist\u00e2ncia [&hellip;]<\/p>\n","protected":false},"author":2,"featured_media":377299,"comment_status":"closed","ping_status":"closed","sticky":false,"template":"","format":"standard","meta":{"_acf_changed":false,"footnotes":""},"categories":[16],"tags":[95],"class_list":["post-377298","post","type-post","status-publish","format-standard","has-post-thumbnail","hentry","category-brasil","tag-capa"],"acf":[],"yoast_head":"<!-- This site is optimized with the Yoast SEO plugin v27.2 - https:\/\/yoast.com\/product\/yoast-seo-wordpress\/ -->\n<title>Bolsonaro tem alta hospitalar e volta para cela da Pol\u00edcia Federal - Notibras<\/title>\n<meta name=\"robots\" content=\"index, follow, max-snippet:-1, max-image-preview:large, max-video-preview:-1\" \/>\n<link rel=\"canonical\" href=\"https:\/\/www.notibras.com\/site\/bolsonaro-tem-alta-hospitalar-e-volta-para-cela-da-policia-federal\/\" \/>\n<meta property=\"og:locale\" content=\"pt_BR\" \/>\n<meta property=\"og:type\" content=\"article\" \/>\n<meta property=\"og:title\" content=\"Bolsonaro tem alta hospitalar e volta para cela da Pol\u00edcia Federal - Notibras\" \/>\n<meta property=\"og:description\" content=\"O ex-presidente Jair Bolsonaro recebeu alta e deixou o Hospital DF Star no fim da tarde desta quinta-feira (1\u00ba). Um comboio formado por batedores da Pol\u00edcia Militar do Distrito Federal e carros pretos descaracterizados sa\u00edram h\u00e1 pouco da garagem do hospital localizado na Asa Sul, regi\u00e3o central da capital federal, a poucos quil\u00f4metros de dist\u00e2ncia [&hellip;]\" \/>\n<meta property=\"og:url\" content=\"https:\/\/www.notibras.com\/site\/bolsonaro-tem-alta-hospitalar-e-volta-para-cela-da-policia-federal\/\" \/>\n<meta property=\"og:site_name\" content=\"Notibras\" \/>\n<meta property=\"article:publisher\" content=\"https:\/\/www.facebook.com\/notibras\/\" \/>\n<meta property=\"article:published_time\" content=\"2026-01-01T21:14:31+00:00\" \/>\n<meta property=\"article:modified_time\" content=\"2026-01-01T22:16:12+00:00\" \/>\n<meta property=\"og:image\" content=\"https:\/\/www.notibras.com\/site\/wp-content\/uploads\/2026\/01\/bolsonarocfstar.webp\" \/>\n\t<meta property=\"og:image:width\" content=\"770\" \/>\n\t<meta property=\"og:image:height\" content=\"481\" \/>\n\t<meta property=\"og:image:type\" content=\"image\/webp\" \/>\n<meta name=\"author\" content=\"Reda\u00e7\u00e3o\" \/>\n<meta name=\"twitter:card\" content=\"summary_large_image\" \/>\n<meta name=\"twitter:creator\" content=\"@Notibras\" \/>\n<meta name=\"twitter:site\" content=\"@Notibras\" \/>\n<meta name=\"twitter:label1\" content=\"Escrito por\" \/>\n\t<meta name=\"twitter:data1\" content=\"Reda\u00e7\u00e3o\" \/>\n\t<meta name=\"twitter:label2\" content=\"Est. tempo de leitura\" \/>\n\t<meta name=\"twitter:data2\" content=\"2 minutos\" \/>\n<script type=\"application\/ld+json\" class=\"yoast-schema-graph\">{\"@context\":\"https:\/\/schema.org\",\"@graph\":[{\"@type\":\"Article\",\"@id\":\"https:\/\/www.notibras.com\/site\/bolsonaro-tem-alta-hospitalar-e-volta-para-cela-da-policia-federal\/#article\",\"isPartOf\":{\"@id\":\"https:\/\/www.notibras.com\/site\/bolsonaro-tem-alta-hospitalar-e-volta-para-cela-da-policia-federal\/\"},\"author\":{\"name\":\"Reda\u00e7\u00e3o\",\"@id\":\"https:\/\/www.notibras.com\/site\/#\/schema\/person\/36ab0979449956132d3e5b517ea76ac8\"},\"headline\":\"Bolsonaro tem alta hospitalar e volta para cela da Pol\u00edcia Federal\",\"datePublished\":\"2026-01-01T21:14:31+00:00\",\"dateModified\":\"2026-01-01T22:16:12+00:00\",\"mainEntityOfPage\":{\"@id\":\"https:\/\/www.notibras.com\/site\/bolsonaro-tem-alta-hospitalar-e-volta-para-cela-da-policia-federal\/\"},\"wordCount\":320,\"publisher\":{\"@id\":\"https:\/\/www.notibras.com\/site\/#organization\"},\"image\":{\"@id\":\"https:\/\/www.notibras.com\/site\/bolsonaro-tem-alta-hospitalar-e-volta-para-cela-da-policia-federal\/#primaryimage\"},\"thumbnailUrl\":\"https:\/\/www.notibras.com\/site\/wp-content\/uploads\/2026\/01\/bolsonarocfstar.webp\",\"keywords\":[\"capa\"],\"articleSection\":[\"Brasil\"],\"inLanguage\":\"pt-BR\"},{\"@type\":\"WebPage\",\"@id\":\"https:\/\/www.notibras.com\/site\/bolsonaro-tem-alta-hospitalar-e-volta-para-cela-da-policia-federal\/\",\"url\":\"https:\/\/www.notibras.com\/site\/bolsonaro-tem-alta-hospitalar-e-volta-para-cela-da-policia-federal\/\",\"name\":\"Bolsonaro tem alta hospitalar e volta para cela da Pol\u00edcia Federal - Notibras\",\"isPartOf\":{\"@id\":\"https:\/\/www.notibras.com\/site\/#website\"},\"primaryImageOfPage\":{\"@id\":\"https:\/\/www.notibras.com\/site\/bolsonaro-tem-alta-hospitalar-e-volta-para-cela-da-policia-federal\/#primaryimage\"},\"image\":{\"@id\":\"https:\/\/www.notibras.com\/site\/bolsonaro-tem-alta-hospitalar-e-volta-para-cela-da-policia-federal\/#primaryimage\"},\"thumbnailUrl\":\"https:\/\/www.notibras.com\/site\/wp-content\/uploads\/2026\/01\/bolsonarocfstar.webp\",\"datePublished\":\"2026-01-01T21:14:31+00:00\",\"dateModified\":\"2026-01-01T22:16:12+00:00\",\"breadcrumb\":{\"@id\":\"https:\/\/www.notibras.com\/site\/bolsonaro-tem-alta-hospitalar-e-volta-para-cela-da-policia-federal\/#breadcrumb\"},\"inLanguage\":\"pt-BR\",\"potentialAction\":[{\"@type\":\"ReadAction\",\"target\":[\"https:\/\/www.notibras.com\/site\/bolsonaro-tem-alta-hospitalar-e-volta-para-cela-da-policia-federal\/\"]}]},{\"@type\":\"ImageObject\",\"inLanguage\":\"pt-BR\",\"@id\":\"https:\/\/www.notibras.com\/site\/bolsonaro-tem-alta-hospitalar-e-volta-para-cela-da-policia-federal\/#primaryimage\",\"url\":\"https:\/\/www.notibras.com\/site\/wp-content\/uploads\/2026\/01\/bolsonarocfstar.webp\",\"contentUrl\":\"https:\/\/www.notibras.com\/site\/wp-content\/uploads\/2026\/01\/bolsonarocfstar.webp\",\"width\":770,\"height\":481},{\"@type\":\"BreadcrumbList\",\"@id\":\"https:\/\/www.notibras.com\/site\/bolsonaro-tem-alta-hospitalar-e-volta-para-cela-da-policia-federal\/#breadcrumb\",\"itemListElement\":[{\"@type\":\"ListItem\",\"position\":1,\"name\":\"In\u00edcio\",\"item\":\"https:\/\/www.notibras.com\/site\/\"},{\"@type\":\"ListItem\",\"position\":2,\"name\":\"Bolsonaro tem alta hospitalar e volta para cela da Pol\u00edcia Federal\"}]},{\"@type\":\"WebSite\",\"@id\":\"https:\/\/www.notibras.com\/site\/#website\",\"url\":\"https:\/\/www.notibras.com\/site\/\",\"name\":\"Notibras\",\"description\":\"Not\u00edcias de Bras\u00edlia, do Brasil e do Mundo\",\"publisher\":{\"@id\":\"https:\/\/www.notibras.com\/site\/#organization\"},\"potentialAction\":[{\"@type\":\"SearchAction\",\"target\":{\"@type\":\"EntryPoint\",\"urlTemplate\":\"https:\/\/www.notibras.com\/site\/?s={search_term_string}\"},\"query-input\":{\"@type\":\"PropertyValueSpecification\",\"valueRequired\":true,\"valueName\":\"search_term_string\"}}],\"inLanguage\":\"pt-BR\"},{\"@type\":\"Organization\",\"@id\":\"https:\/\/www.notibras.com\/site\/#organization\",\"name\":\"Grupo Notibras de Comunica\u00e7\u00e3o\",\"url\":\"https:\/\/www.notibras.com\/site\/\",\"logo\":{\"@type\":\"ImageObject\",\"inLanguage\":\"pt-BR\",\"@id\":\"https:\/\/www.notibras.com\/site\/#\/schema\/logo\/image\/\",\"url\":\"https:\/\/www.notibras.com\/site\/wp-content\/uploads\/2023\/01\/notibras23.png\",\"contentUrl\":\"https:\/\/www.notibras.com\/site\/wp-content\/uploads\/2023\/01\/notibras23.png\",\"width\":350,\"height\":87,\"caption\":\"Grupo Notibras de Comunica\u00e7\u00e3o\"},\"image\":{\"@id\":\"https:\/\/www.notibras.com\/site\/#\/schema\/logo\/image\/\"},\"sameAs\":[\"https:\/\/www.facebook.com\/notibras\/\",\"https:\/\/x.com\/Notibras\",\"https:\/\/www.instagram.com\/notibras\/\"]},{\"@type\":\"Person\",\"@id\":\"https:\/\/www.notibras.com\/site\/#\/schema\/person\/36ab0979449956132d3e5b517ea76ac8\",\"name\":\"Reda\u00e7\u00e3o\",\"image\":{\"@type\":\"ImageObject\",\"inLanguage\":\"pt-BR\",\"@id\":\"https:\/\/secure.gravatar.com\/avatar\/e0a867bdedb85fd243eadf09663511f96fc81e0720a4a42581f334ad4303aa6b?s=96&d=mm&r=g\",\"url\":\"https:\/\/secure.gravatar.com\/avatar\/e0a867bdedb85fd243eadf09663511f96fc81e0720a4a42581f334ad4303aa6b?s=96&d=mm&r=g\",\"contentUrl\":\"https:\/\/secure.gravatar.com\/avatar\/e0a867bdedb85fd243eadf09663511f96fc81e0720a4a42581f334ad4303aa6b?s=96&d=mm&r=g\",\"caption\":\"Reda\u00e7\u00e3o\"}}]}<\/script>\n<!-- \/ Yoast SEO plugin. -->","yoast_head_json":{"title":"Bolsonaro tem alta hospitalar e volta para cela da Pol\u00edcia Federal - Notibras","robots":{"index":"index","follow":"follow","max-snippet":"max-snippet:-1","max-image-preview":"max-image-preview:large","max-video-preview":"max-video-preview:-1"},"canonical":"https:\/\/www.notibras.com\/site\/bolsonaro-tem-alta-hospitalar-e-volta-para-cela-da-policia-federal\/","og_locale":"pt_BR","og_type":"article","og_title":"Bolsonaro tem alta hospitalar e volta para cela da Pol\u00edcia Federal - Notibras","og_description":"O ex-presidente Jair Bolsonaro recebeu alta e deixou o Hospital DF Star no fim da tarde desta quinta-feira (1\u00ba). Um comboio formado por batedores da Pol\u00edcia Militar do Distrito Federal e carros pretos descaracterizados sa\u00edram h\u00e1 pouco da garagem do hospital localizado na Asa Sul, regi\u00e3o central da capital federal, a poucos quil\u00f4metros de dist\u00e2ncia [&hellip;]","og_url":"https:\/\/www.notibras.com\/site\/bolsonaro-tem-alta-hospitalar-e-volta-para-cela-da-policia-federal\/","og_site_name":"Notibras","article_publisher":"https:\/\/www.facebook.com\/notibras\/","article_published_time":"2026-01-01T21:14:31+00:00","article_modified_time":"2026-01-01T22:16:12+00:00","og_image":[{"width":770,"height":481,"url":"https:\/\/www.notibras.com\/site\/wp-content\/uploads\/2026\/01\/bolsonarocfstar.webp","type":"image\/webp"}],"author":"Reda\u00e7\u00e3o","twitter_card":"summary_large_image","twitter_creator":"@Notibras","twitter_site":"@Notibras","twitter_misc":{"Escrito por":"Reda\u00e7\u00e3o","Est. tempo de leitura":"2 minutos"},"schema":{"@context":"https:\/\/schema.org","@graph":[{"@type":"Article","@id":"https:\/\/www.notibras.com\/site\/bolsonaro-tem-alta-hospitalar-e-volta-para-cela-da-policia-federal\/#article","isPartOf":{"@id":"https:\/\/www.notibras.com\/site\/bolsonaro-tem-alta-hospitalar-e-volta-para-cela-da-policia-federal\/"},"author":{"name":"Reda\u00e7\u00e3o","@id":"https:\/\/www.notibras.com\/site\/#\/schema\/person\/36ab0979449956132d3e5b517ea76ac8"},"headline":"Bolsonaro tem alta hospitalar e volta para cela da Pol\u00edcia Federal","datePublished":"2026-01-01T21:14:31+00:00","dateModified":"2026-01-01T22:16:12+00:00","mainEntityOfPage":{"@id":"https:\/\/www.notibras.com\/site\/bolsonaro-tem-alta-hospitalar-e-volta-para-cela-da-policia-federal\/"},"wordCount":320,"publisher":{"@id":"https:\/\/www.notibras.com\/site\/#organization"},"image":{"@id":"https:\/\/www.notibras.com\/site\/bolsonaro-tem-alta-hospitalar-e-volta-para-cela-da-policia-federal\/#primaryimage"},"thumbnailUrl":"https:\/\/www.notibras.com\/site\/wp-content\/uploads\/2026\/01\/bolsonarocfstar.webp","keywords":["capa"],"articleSection":["Brasil"],"inLanguage":"pt-BR"},{"@type":"WebPage","@id":"https:\/\/www.notibras.com\/site\/bolsonaro-tem-alta-hospitalar-e-volta-para-cela-da-policia-federal\/","url":"https:\/\/www.notibras.com\/site\/bolsonaro-tem-alta-hospitalar-e-volta-para-cela-da-policia-federal\/","name":"Bolsonaro tem alta hospitalar e volta para cela da Pol\u00edcia Federal - Notibras","isPartOf":{"@id":"https:\/\/www.notibras.com\/site\/#website"},"primaryImageOfPage":{"@id":"https:\/\/www.notibras.com\/site\/bolsonaro-tem-alta-hospitalar-e-volta-para-cela-da-policia-federal\/#primaryimage"},"image":{"@id":"https:\/\/www.notibras.com\/site\/bolsonaro-tem-alta-hospitalar-e-volta-para-cela-da-policia-federal\/#primaryimage"},"thumbnailUrl":"https:\/\/www.notibras.com\/site\/wp-content\/uploads\/2026\/01\/bolsonarocfstar.webp","datePublished":"2026-01-01T21:14:31+00:00","dateModified":"2026-01-01T22:16:12+00:00","breadcrumb":{"@id":"https:\/\/www.notibras.com\/site\/bolsonaro-tem-alta-hospitalar-e-volta-para-cela-da-policia-federal\/#breadcrumb"},"inLanguage":"pt-BR","potentialAction":[{"@type":"ReadAction","target":["https:\/\/www.notibras.com\/site\/bolsonaro-tem-alta-hospitalar-e-volta-para-cela-da-policia-federal\/"]}]},{"@type":"ImageObject","inLanguage":"pt-BR","@id":"https:\/\/www.notibras.com\/site\/bolsonaro-tem-alta-hospitalar-e-volta-para-cela-da-policia-federal\/#primaryimage","url":"https:\/\/www.notibras.com\/site\/wp-content\/uploads\/2026\/01\/bolsonarocfstar.webp","contentUrl":"https:\/\/www.notibras.com\/site\/wp-content\/uploads\/2026\/01\/bolsonarocfstar.webp","width":770,"height":481},{"@type":"BreadcrumbList","@id":"https:\/\/www.notibras.com\/site\/bolsonaro-tem-alta-hospitalar-e-volta-para-cela-da-policia-federal\/#breadcrumb","itemListElement":[{"@type":"ListItem","position":1,"name":"In\u00edcio","item":"https:\/\/www.notibras.com\/site\/"},{"@type":"ListItem","position":2,"name":"Bolsonaro tem alta hospitalar e volta para cela da Pol\u00edcia Federal"}]},{"@type":"WebSite","@id":"https:\/\/www.notibras.com\/site\/#website","url":"https:\/\/www.notibras.com\/site\/","name":"Notibras","description":"Not\u00edcias de Bras\u00edlia, do Brasil e do Mundo","publisher":{"@id":"https:\/\/www.notibras.com\/site\/#organization"},"potentialAction":[{"@type":"SearchAction","target":{"@type":"EntryPoint","urlTemplate":"https:\/\/www.notibras.com\/site\/?s={search_term_string}"},"query-input":{"@type":"PropertyValueSpecification","valueRequired":true,"valueName":"search_term_string"}}],"inLanguage":"pt-BR"},{"@type":"Organization","@id":"https:\/\/www.notibras.com\/site\/#organization","name":"Grupo Notibras de Comunica\u00e7\u00e3o","url":"https:\/\/www.notibras.com\/site\/","logo":{"@type":"ImageObject","inLanguage":"pt-BR","@id":"https:\/\/www.notibras.com\/site\/#\/schema\/logo\/image\/","url":"https:\/\/www.notibras.com\/site\/wp-content\/uploads\/2023\/01\/notibras23.png","contentUrl":"https:\/\/www.notibras.com\/site\/wp-content\/uploads\/2023\/01\/notibras23.png","width":350,"height":87,"caption":"Grupo Notibras de Comunica\u00e7\u00e3o"},"image":{"@id":"https:\/\/www.notibras.com\/site\/#\/schema\/logo\/image\/"},"sameAs":["https:\/\/www.facebook.com\/notibras\/","https:\/\/x.com\/Notibras","https:\/\/www.instagram.com\/notibras\/"]},{"@type":"Person","@id":"https:\/\/www.notibras.com\/site\/#\/schema\/person\/36ab0979449956132d3e5b517ea76ac8","name":"Reda\u00e7\u00e3o","image":{"@type":"ImageObject","inLanguage":"pt-BR","@id":"https:\/\/secure.gravatar.com\/avatar\/e0a867bdedb85fd243eadf09663511f96fc81e0720a4a42581f334ad4303aa6b?s=96&d=mm&r=g","url":"https:\/\/secure.gravatar.com\/avatar\/e0a867bdedb85fd243eadf09663511f96fc81e0720a4a42581f334ad4303aa6b?s=96&d=mm&r=g","contentUrl":"https:\/\/secure.gravatar.com\/avatar\/e0a867bdedb85fd243eadf09663511f96fc81e0720a4a42581f334ad4303aa6b?s=96&d=mm&r=g","caption":"Reda\u00e7\u00e3o"}}]}},"amp_enabled":true,"_links":{"self":[{"href":"https:\/\/www.notibras.com\/site\/wp-json\/wp\/v2\/posts\/377298","targetHints":{"allow":["GET"]}}],"collection":[{"href":"https:\/\/www.notibras.com\/site\/wp-json\/wp\/v2\/posts"}],"about":[{"href":"https:\/\/www.notibras.com\/site\/wp-json\/wp\/v2\/types\/post"}],"author":[{"embeddable":true,"href":"https:\/\/www.notibras.com\/site\/wp-json\/wp\/v2\/users\/2"}],"replies":[{"embeddable":true,"href":"https:\/\/www.notibras.com\/site\/wp-json\/wp\/v2\/comments?post=377298"}],"version-history":[{"count":1,"href":"https:\/\/www.notibras.com\/site\/wp-json\/wp\/v2\/posts\/377298\/revisions"}],"predecessor-version":[{"id":377300,"href":"https:\/\/www.notibras.com\/site\/wp-json\/wp\/v2\/posts\/377298\/revisions\/377300"}],"wp:featuredmedia":[{"embeddable":true,"href":"https:\/\/www.notibras.com\/site\/wp-json\/wp\/v2\/media\/377299"}],"wp:attachment":[{"href":"https:\/\/www.notibras.com\/site\/wp-json\/wp\/v2\/media?parent=377298"}],"wp:term":[{"taxonomy":"category","embeddable":true,"href":"https:\/\/www.notibras.com\/site\/wp-json\/wp\/v2\/categories?post=377298"},{"taxonomy":"post_tag","embeddable":true,"href":"https:\/\/www.notibras.com\/site\/wp-json\/wp\/v2\/tags?post=377298"}],"curies":[{"name":"wp","href":"https:\/\/api.w.org\/{rel}","templated":true}]}}