{"id":37731,"date":"2015-02-21T11:45:13","date_gmt":"2015-02-21T14:45:13","guid":{"rendered":"http:\/\/www.notibras.com\/site\/?p=37731"},"modified":"2015-02-21T19:38:34","modified_gmt":"2015-02-21T22:38:34","slug":"procura-se-myriam-medica-condenada-apos-noivo-ter-penis-cortado","status":"publish","type":"post","link":"https:\/\/www.notibras.com\/site\/procura-se-myriam-medica-condenada-apos-noivo-ter-penis-cortado\/","title":{"rendered":"Procura-se Myriam, m\u00e9dica que deixou o noivo capado"},"content":{"rendered":"<p>A m\u00e9dica urologista Myriam Priscilla Rezende de Castro, 34, condenada a seis anos de pris\u00e3o no regime semiaberto por ter mandado cortar o p\u00eanis do ex-noivo, \u00e9 considerada foragida pela Suapi-MG (Subsecretaria de Administra\u00e7\u00e3o Prisional do Estado de Minas Gerais).<\/p>\n<p>Segundo o \u00f3rg\u00e3o, a detenta est\u00e1 foragida do complexo penitenci\u00e1rio Estev\u00e3o Pinto, em Belo Horizonte. Ela tinha autoriza\u00e7\u00e3o judicial para trabalho externo e n\u00e3o retornou \u00e0 unidade prisional, ap\u00f3s o expediente de trabalho, no dia 28 de janeiro deste ano.<\/p>\n<p>Conforme nota, a Suapi informou ter lan\u00e7ado a fuga dela no Infopen (Sistema de Informa\u00e7\u00f5es Penitenci\u00e1rias).<\/p>\n<p>&#8220;Com o alerta, ela pode ser presa a qualquer momento pelas pol\u00edcias&#8221;, trouxe o informe. A m\u00e9dica cumpria pena no Complexo Estev\u00e3o Pinto desde abril de 2014.<\/p>\n<p>O advogado Giovanni Toledo, defensor da m\u00e9dica, classificou a emiss\u00e3o da nota da Suapi de &#8220;irrespons\u00e1vel&#8221;.<\/p>\n<p>&#8220;A Suapi soltou essa nota de maneira totalmente equivocada e irrespons\u00e1vel. A Miryam estava com direito ao trabalho, saiu de manh\u00e3, no dia 28, e passou mal. Ela est\u00e1 gr\u00e1vida de g\u00eameos, uma gravidez de alto risco&#8221;, afirmou o defensor.<\/p>\n<p>Ainda segundo ele, no dia 28, \u00e0 tarde, ele disse ter ido comunicar a interna\u00e7\u00e3o da cliente ao juiz do caso.<\/p>\n<p>&#8220;No dia 29, o juiz deu um despacho no qual ele manda oficiar a penitenci\u00e1ria sobre a interna\u00e7\u00e3o dela e retirar a nota de fuga. A\u00ed, vem a secretaria e solta uma nota irrespons\u00e1vel dessa forma&#8221;, declarou.<\/p>\n<p>Ainda conforme Toledo, a m\u00e9dica est\u00e1 com press\u00e3o alta, anemia grave e dilata\u00e7\u00e3o precoce do \u00fatero.<\/p>\n<p>O crime\u00a0 contra o ex-noivo ocorreu em Juiz de Fora (278 km de Belo Horizonte), em 2002. A m\u00e9dica foi condenada em abril de 2009, mas n\u00e3o foi presa imediatamente em raz\u00e3o dos diversos recursos impetrados pelos seus advogados.<\/p>\n<p>Ela s\u00f3 veio a ser presa em abril do ano passado, em Pirassununga (211 km de S\u00e3o Paulo), ap\u00f3s expedi\u00e7\u00e3o de mandado da pris\u00e3o pela Justi\u00e7a.<\/p>\n<p>De acordo com o processo, \u00e0 \u00e9poca do rompimento do casamento, a m\u00e9dica teria se revoltado contra o homem e passado a amea\u00e7\u00e1-lo. Ele teve sua casa e um autom\u00f3vel incendiados.<\/p>\n<p>Em seguida, ainda de acordo com o processo, Myriam, com a ajuda do pai, teria contratado dois homens para mutilar o ex-noivo.<\/p>\n<p>Por causa de um AVC (Acidente Vascular Cerebral) durante o julgamento, o pai cumpre pena em regime domiciliar.<\/p>\n<p>Segundo o Minist\u00e9rio P\u00fablico, no dia do crime, a v\u00edtima foi dominada por dois homens dentro do apartamento onde morava. Conforme a den\u00fancia, os autores da agress\u00e3o se passaram por t\u00e9cnicos de uma empresa de telefonia. O irm\u00e3o da v\u00edtima tamb\u00e9m foi agredido.<\/p>\n<p>O MP disse que os dois foram dominados, amarrados e ainda teriam sido obrigados a cheirar \u00e9ter. Parte do p\u00eanis da v\u00edtima foi cortada e levada como prova da execu\u00e7\u00e3o do servi\u00e7o. Um dos executores est\u00e1 preso.<\/p>\n<p>&#8220;Os executores usaram uma faca para cortar o p\u00eanis do rapaz e fizeram quest\u00e3o de dizer que estavam agindo a mando da ex-noiva e do pai dela na ocasi\u00e3o&#8221;, informou a Pol\u00edcia Civil de Minas Gerais \u00e0 \u00e9poca da pris\u00e3o da m\u00e9dica. A v\u00edtima sobreviveu e vive anonimamente.<\/p>\n","protected":false},"excerpt":{"rendered":"<p>A m\u00e9dica urologista Myriam Priscilla Rezende de Castro, 34, condenada a seis anos de pris\u00e3o no regime semiaberto por ter mandado cortar o p\u00eanis do ex-noivo, \u00e9 considerada foragida pela Suapi-MG (Subsecretaria de Administra\u00e7\u00e3o Prisional do Estado de Minas Gerais). Segundo o \u00f3rg\u00e3o, a detenta est\u00e1 foragida do complexo penitenci\u00e1rio Estev\u00e3o Pinto, em Belo Horizonte. [&hellip;]<\/p>\n","protected":false},"author":2,"featured_media":37732,"comment_status":"open","ping_status":"closed","sticky":false,"template":"","format":"standard","meta":{"_acf_changed":false,"footnotes":""},"categories":[16],"tags":[],"class_list":["post-37731","post","type-post","status-publish","format-standard","has-post-thumbnail","hentry","category-brasil"],"acf":[],"yoast_head":"<!-- This site is optimized with the Yoast SEO plugin v27.2 - https:\/\/yoast.com\/product\/yoast-seo-wordpress\/ -->\n<title>Procura-se Myriam, m\u00e9dica que deixou o noivo capado - Notibras<\/title>\n<meta name=\"robots\" content=\"index, follow, max-snippet:-1, max-image-preview:large, max-video-preview:-1\" \/>\n<link rel=\"canonical\" href=\"https:\/\/www.notibras.com\/site\/procura-se-myriam-medica-condenada-apos-noivo-ter-penis-cortado\/\" \/>\n<meta property=\"og:locale\" content=\"pt_BR\" \/>\n<meta property=\"og:type\" content=\"article\" \/>\n<meta property=\"og:title\" content=\"Procura-se Myriam, m\u00e9dica que deixou o noivo capado - Notibras\" \/>\n<meta property=\"og:description\" content=\"A m\u00e9dica urologista Myriam Priscilla Rezende de Castro, 34, condenada a seis anos de pris\u00e3o no regime semiaberto por ter mandado cortar o p\u00eanis do ex-noivo, \u00e9 considerada foragida pela Suapi-MG (Subsecretaria de Administra\u00e7\u00e3o Prisional do Estado de Minas Gerais). Segundo o \u00f3rg\u00e3o, a detenta est\u00e1 foragida do complexo penitenci\u00e1rio Estev\u00e3o Pinto, em Belo Horizonte. [&hellip;]\" \/>\n<meta property=\"og:url\" content=\"https:\/\/www.notibras.com\/site\/procura-se-myriam-medica-condenada-apos-noivo-ter-penis-cortado\/\" \/>\n<meta property=\"og:site_name\" content=\"Notibras\" \/>\n<meta property=\"article:publisher\" content=\"https:\/\/www.facebook.com\/notibras\/\" \/>\n<meta property=\"article:published_time\" content=\"2015-02-21T14:45:13+00:00\" \/>\n<meta property=\"article:modified_time\" content=\"2015-02-21T22:38:34+00:00\" \/>\n<meta property=\"og:image\" content=\"https:\/\/www.notibras.com\/site\/wp-content\/uploads\/2015\/02\/my.jpg\" \/>\n\t<meta property=\"og:image:width\" content=\"335\" \/>\n\t<meta property=\"og:image:height\" content=\"251\" \/>\n\t<meta property=\"og:image:type\" content=\"image\/jpeg\" \/>\n<meta name=\"author\" content=\"Reda\u00e7\u00e3o\" \/>\n<meta name=\"twitter:card\" content=\"summary_large_image\" \/>\n<meta name=\"twitter:creator\" content=\"@Notibras\" \/>\n<meta name=\"twitter:site\" content=\"@Notibras\" \/>\n<meta name=\"twitter:label1\" content=\"Escrito por\" \/>\n\t<meta name=\"twitter:data1\" content=\"Reda\u00e7\u00e3o\" \/>\n\t<meta name=\"twitter:label2\" content=\"Est. tempo de leitura\" \/>\n\t<meta name=\"twitter:data2\" content=\"3 minutos\" \/>\n<script type=\"application\/ld+json\" class=\"yoast-schema-graph\">{\"@context\":\"https:\/\/schema.org\",\"@graph\":[{\"@type\":\"Article\",\"@id\":\"https:\/\/www.notibras.com\/site\/procura-se-myriam-medica-condenada-apos-noivo-ter-penis-cortado\/#article\",\"isPartOf\":{\"@id\":\"https:\/\/www.notibras.com\/site\/procura-se-myriam-medica-condenada-apos-noivo-ter-penis-cortado\/\"},\"author\":{\"name\":\"Reda\u00e7\u00e3o\",\"@id\":\"https:\/\/www.notibras.com\/site\/#\/schema\/person\/36ab0979449956132d3e5b517ea76ac8\"},\"headline\":\"Procura-se Myriam, m\u00e9dica que deixou o noivo capado\",\"datePublished\":\"2015-02-21T14:45:13+00:00\",\"dateModified\":\"2015-02-21T22:38:34+00:00\",\"mainEntityOfPage\":{\"@id\":\"https:\/\/www.notibras.com\/site\/procura-se-myriam-medica-condenada-apos-noivo-ter-penis-cortado\/\"},\"wordCount\":571,\"commentCount\":0,\"publisher\":{\"@id\":\"https:\/\/www.notibras.com\/site\/#organization\"},\"image\":{\"@id\":\"https:\/\/www.notibras.com\/site\/procura-se-myriam-medica-condenada-apos-noivo-ter-penis-cortado\/#primaryimage\"},\"thumbnailUrl\":\"https:\/\/www.notibras.com\/site\/wp-content\/uploads\/2015\/02\/my.jpg\",\"articleSection\":[\"Brasil\"],\"inLanguage\":\"pt-BR\",\"potentialAction\":[{\"@type\":\"CommentAction\",\"name\":\"Comment\",\"target\":[\"https:\/\/www.notibras.com\/site\/procura-se-myriam-medica-condenada-apos-noivo-ter-penis-cortado\/#respond\"]}]},{\"@type\":\"WebPage\",\"@id\":\"https:\/\/www.notibras.com\/site\/procura-se-myriam-medica-condenada-apos-noivo-ter-penis-cortado\/\",\"url\":\"https:\/\/www.notibras.com\/site\/procura-se-myriam-medica-condenada-apos-noivo-ter-penis-cortado\/\",\"name\":\"Procura-se Myriam, m\u00e9dica que deixou o noivo capado - Notibras\",\"isPartOf\":{\"@id\":\"https:\/\/www.notibras.com\/site\/#website\"},\"primaryImageOfPage\":{\"@id\":\"https:\/\/www.notibras.com\/site\/procura-se-myriam-medica-condenada-apos-noivo-ter-penis-cortado\/#primaryimage\"},\"image\":{\"@id\":\"https:\/\/www.notibras.com\/site\/procura-se-myriam-medica-condenada-apos-noivo-ter-penis-cortado\/#primaryimage\"},\"thumbnailUrl\":\"https:\/\/www.notibras.com\/site\/wp-content\/uploads\/2015\/02\/my.jpg\",\"datePublished\":\"2015-02-21T14:45:13+00:00\",\"dateModified\":\"2015-02-21T22:38:34+00:00\",\"breadcrumb\":{\"@id\":\"https:\/\/www.notibras.com\/site\/procura-se-myriam-medica-condenada-apos-noivo-ter-penis-cortado\/#breadcrumb\"},\"inLanguage\":\"pt-BR\",\"potentialAction\":[{\"@type\":\"ReadAction\",\"target\":[\"https:\/\/www.notibras.com\/site\/procura-se-myriam-medica-condenada-apos-noivo-ter-penis-cortado\/\"]}]},{\"@type\":\"ImageObject\",\"inLanguage\":\"pt-BR\",\"@id\":\"https:\/\/www.notibras.com\/site\/procura-se-myriam-medica-condenada-apos-noivo-ter-penis-cortado\/#primaryimage\",\"url\":\"https:\/\/www.notibras.com\/site\/wp-content\/uploads\/2015\/02\/my.jpg\",\"contentUrl\":\"https:\/\/www.notibras.com\/site\/wp-content\/uploads\/2015\/02\/my.jpg\",\"width\":335,\"height\":251},{\"@type\":\"BreadcrumbList\",\"@id\":\"https:\/\/www.notibras.com\/site\/procura-se-myriam-medica-condenada-apos-noivo-ter-penis-cortado\/#breadcrumb\",\"itemListElement\":[{\"@type\":\"ListItem\",\"position\":1,\"name\":\"In\u00edcio\",\"item\":\"https:\/\/www.notibras.com\/site\/\"},{\"@type\":\"ListItem\",\"position\":2,\"name\":\"Procura-se Myriam, m\u00e9dica que deixou o noivo capado\"}]},{\"@type\":\"WebSite\",\"@id\":\"https:\/\/www.notibras.com\/site\/#website\",\"url\":\"https:\/\/www.notibras.com\/site\/\",\"name\":\"Notibras\",\"description\":\"Not\u00edcias de Bras\u00edlia, do Brasil e do Mundo\",\"publisher\":{\"@id\":\"https:\/\/www.notibras.com\/site\/#organization\"},\"potentialAction\":[{\"@type\":\"SearchAction\",\"target\":{\"@type\":\"EntryPoint\",\"urlTemplate\":\"https:\/\/www.notibras.com\/site\/?s={search_term_string}\"},\"query-input\":{\"@type\":\"PropertyValueSpecification\",\"valueRequired\":true,\"valueName\":\"search_term_string\"}}],\"inLanguage\":\"pt-BR\"},{\"@type\":\"Organization\",\"@id\":\"https:\/\/www.notibras.com\/site\/#organization\",\"name\":\"Grupo Notibras de Comunica\u00e7\u00e3o\",\"url\":\"https:\/\/www.notibras.com\/site\/\",\"logo\":{\"@type\":\"ImageObject\",\"inLanguage\":\"pt-BR\",\"@id\":\"https:\/\/www.notibras.com\/site\/#\/schema\/logo\/image\/\",\"url\":\"https:\/\/www.notibras.com\/site\/wp-content\/uploads\/2023\/01\/notibras23.png\",\"contentUrl\":\"https:\/\/www.notibras.com\/site\/wp-content\/uploads\/2023\/01\/notibras23.png\",\"width\":350,\"height\":87,\"caption\":\"Grupo Notibras de Comunica\u00e7\u00e3o\"},\"image\":{\"@id\":\"https:\/\/www.notibras.com\/site\/#\/schema\/logo\/image\/\"},\"sameAs\":[\"https:\/\/www.facebook.com\/notibras\/\",\"https:\/\/x.com\/Notibras\",\"https:\/\/www.instagram.com\/notibras\/\"]},{\"@type\":\"Person\",\"@id\":\"https:\/\/www.notibras.com\/site\/#\/schema\/person\/36ab0979449956132d3e5b517ea76ac8\",\"name\":\"Reda\u00e7\u00e3o\",\"image\":{\"@type\":\"ImageObject\",\"inLanguage\":\"pt-BR\",\"@id\":\"https:\/\/secure.gravatar.com\/avatar\/e0a867bdedb85fd243eadf09663511f96fc81e0720a4a42581f334ad4303aa6b?s=96&d=mm&r=g\",\"url\":\"https:\/\/secure.gravatar.com\/avatar\/e0a867bdedb85fd243eadf09663511f96fc81e0720a4a42581f334ad4303aa6b?s=96&d=mm&r=g\",\"contentUrl\":\"https:\/\/secure.gravatar.com\/avatar\/e0a867bdedb85fd243eadf09663511f96fc81e0720a4a42581f334ad4303aa6b?s=96&d=mm&r=g\",\"caption\":\"Reda\u00e7\u00e3o\"}}]}<\/script>\n<!-- \/ Yoast SEO plugin. -->","yoast_head_json":{"title":"Procura-se Myriam, m\u00e9dica que deixou o noivo capado - Notibras","robots":{"index":"index","follow":"follow","max-snippet":"max-snippet:-1","max-image-preview":"max-image-preview:large","max-video-preview":"max-video-preview:-1"},"canonical":"https:\/\/www.notibras.com\/site\/procura-se-myriam-medica-condenada-apos-noivo-ter-penis-cortado\/","og_locale":"pt_BR","og_type":"article","og_title":"Procura-se Myriam, m\u00e9dica que deixou o noivo capado - Notibras","og_description":"A m\u00e9dica urologista Myriam Priscilla Rezende de Castro, 34, condenada a seis anos de pris\u00e3o no regime semiaberto por ter mandado cortar o p\u00eanis do ex-noivo, \u00e9 considerada foragida pela Suapi-MG (Subsecretaria de Administra\u00e7\u00e3o Prisional do Estado de Minas Gerais). Segundo o \u00f3rg\u00e3o, a detenta est\u00e1 foragida do complexo penitenci\u00e1rio Estev\u00e3o Pinto, em Belo Horizonte. [&hellip;]","og_url":"https:\/\/www.notibras.com\/site\/procura-se-myriam-medica-condenada-apos-noivo-ter-penis-cortado\/","og_site_name":"Notibras","article_publisher":"https:\/\/www.facebook.com\/notibras\/","article_published_time":"2015-02-21T14:45:13+00:00","article_modified_time":"2015-02-21T22:38:34+00:00","og_image":[{"width":335,"height":251,"url":"https:\/\/www.notibras.com\/site\/wp-content\/uploads\/2015\/02\/my.jpg","type":"image\/jpeg"}],"author":"Reda\u00e7\u00e3o","twitter_card":"summary_large_image","twitter_creator":"@Notibras","twitter_site":"@Notibras","twitter_misc":{"Escrito por":"Reda\u00e7\u00e3o","Est. tempo de leitura":"3 minutos"},"schema":{"@context":"https:\/\/schema.org","@graph":[{"@type":"Article","@id":"https:\/\/www.notibras.com\/site\/procura-se-myriam-medica-condenada-apos-noivo-ter-penis-cortado\/#article","isPartOf":{"@id":"https:\/\/www.notibras.com\/site\/procura-se-myriam-medica-condenada-apos-noivo-ter-penis-cortado\/"},"author":{"name":"Reda\u00e7\u00e3o","@id":"https:\/\/www.notibras.com\/site\/#\/schema\/person\/36ab0979449956132d3e5b517ea76ac8"},"headline":"Procura-se Myriam, m\u00e9dica que deixou o noivo capado","datePublished":"2015-02-21T14:45:13+00:00","dateModified":"2015-02-21T22:38:34+00:00","mainEntityOfPage":{"@id":"https:\/\/www.notibras.com\/site\/procura-se-myriam-medica-condenada-apos-noivo-ter-penis-cortado\/"},"wordCount":571,"commentCount":0,"publisher":{"@id":"https:\/\/www.notibras.com\/site\/#organization"},"image":{"@id":"https:\/\/www.notibras.com\/site\/procura-se-myriam-medica-condenada-apos-noivo-ter-penis-cortado\/#primaryimage"},"thumbnailUrl":"https:\/\/www.notibras.com\/site\/wp-content\/uploads\/2015\/02\/my.jpg","articleSection":["Brasil"],"inLanguage":"pt-BR","potentialAction":[{"@type":"CommentAction","name":"Comment","target":["https:\/\/www.notibras.com\/site\/procura-se-myriam-medica-condenada-apos-noivo-ter-penis-cortado\/#respond"]}]},{"@type":"WebPage","@id":"https:\/\/www.notibras.com\/site\/procura-se-myriam-medica-condenada-apos-noivo-ter-penis-cortado\/","url":"https:\/\/www.notibras.com\/site\/procura-se-myriam-medica-condenada-apos-noivo-ter-penis-cortado\/","name":"Procura-se Myriam, m\u00e9dica que deixou o noivo capado - Notibras","isPartOf":{"@id":"https:\/\/www.notibras.com\/site\/#website"},"primaryImageOfPage":{"@id":"https:\/\/www.notibras.com\/site\/procura-se-myriam-medica-condenada-apos-noivo-ter-penis-cortado\/#primaryimage"},"image":{"@id":"https:\/\/www.notibras.com\/site\/procura-se-myriam-medica-condenada-apos-noivo-ter-penis-cortado\/#primaryimage"},"thumbnailUrl":"https:\/\/www.notibras.com\/site\/wp-content\/uploads\/2015\/02\/my.jpg","datePublished":"2015-02-21T14:45:13+00:00","dateModified":"2015-02-21T22:38:34+00:00","breadcrumb":{"@id":"https:\/\/www.notibras.com\/site\/procura-se-myriam-medica-condenada-apos-noivo-ter-penis-cortado\/#breadcrumb"},"inLanguage":"pt-BR","potentialAction":[{"@type":"ReadAction","target":["https:\/\/www.notibras.com\/site\/procura-se-myriam-medica-condenada-apos-noivo-ter-penis-cortado\/"]}]},{"@type":"ImageObject","inLanguage":"pt-BR","@id":"https:\/\/www.notibras.com\/site\/procura-se-myriam-medica-condenada-apos-noivo-ter-penis-cortado\/#primaryimage","url":"https:\/\/www.notibras.com\/site\/wp-content\/uploads\/2015\/02\/my.jpg","contentUrl":"https:\/\/www.notibras.com\/site\/wp-content\/uploads\/2015\/02\/my.jpg","width":335,"height":251},{"@type":"BreadcrumbList","@id":"https:\/\/www.notibras.com\/site\/procura-se-myriam-medica-condenada-apos-noivo-ter-penis-cortado\/#breadcrumb","itemListElement":[{"@type":"ListItem","position":1,"name":"In\u00edcio","item":"https:\/\/www.notibras.com\/site\/"},{"@type":"ListItem","position":2,"name":"Procura-se Myriam, m\u00e9dica que deixou o noivo capado"}]},{"@type":"WebSite","@id":"https:\/\/www.notibras.com\/site\/#website","url":"https:\/\/www.notibras.com\/site\/","name":"Notibras","description":"Not\u00edcias de Bras\u00edlia, do Brasil e do Mundo","publisher":{"@id":"https:\/\/www.notibras.com\/site\/#organization"},"potentialAction":[{"@type":"SearchAction","target":{"@type":"EntryPoint","urlTemplate":"https:\/\/www.notibras.com\/site\/?s={search_term_string}"},"query-input":{"@type":"PropertyValueSpecification","valueRequired":true,"valueName":"search_term_string"}}],"inLanguage":"pt-BR"},{"@type":"Organization","@id":"https:\/\/www.notibras.com\/site\/#organization","name":"Grupo Notibras de Comunica\u00e7\u00e3o","url":"https:\/\/www.notibras.com\/site\/","logo":{"@type":"ImageObject","inLanguage":"pt-BR","@id":"https:\/\/www.notibras.com\/site\/#\/schema\/logo\/image\/","url":"https:\/\/www.notibras.com\/site\/wp-content\/uploads\/2023\/01\/notibras23.png","contentUrl":"https:\/\/www.notibras.com\/site\/wp-content\/uploads\/2023\/01\/notibras23.png","width":350,"height":87,"caption":"Grupo Notibras de Comunica\u00e7\u00e3o"},"image":{"@id":"https:\/\/www.notibras.com\/site\/#\/schema\/logo\/image\/"},"sameAs":["https:\/\/www.facebook.com\/notibras\/","https:\/\/x.com\/Notibras","https:\/\/www.instagram.com\/notibras\/"]},{"@type":"Person","@id":"https:\/\/www.notibras.com\/site\/#\/schema\/person\/36ab0979449956132d3e5b517ea76ac8","name":"Reda\u00e7\u00e3o","image":{"@type":"ImageObject","inLanguage":"pt-BR","@id":"https:\/\/secure.gravatar.com\/avatar\/e0a867bdedb85fd243eadf09663511f96fc81e0720a4a42581f334ad4303aa6b?s=96&d=mm&r=g","url":"https:\/\/secure.gravatar.com\/avatar\/e0a867bdedb85fd243eadf09663511f96fc81e0720a4a42581f334ad4303aa6b?s=96&d=mm&r=g","contentUrl":"https:\/\/secure.gravatar.com\/avatar\/e0a867bdedb85fd243eadf09663511f96fc81e0720a4a42581f334ad4303aa6b?s=96&d=mm&r=g","caption":"Reda\u00e7\u00e3o"}}]}},"amp_enabled":true,"_links":{"self":[{"href":"https:\/\/www.notibras.com\/site\/wp-json\/wp\/v2\/posts\/37731","targetHints":{"allow":["GET"]}}],"collection":[{"href":"https:\/\/www.notibras.com\/site\/wp-json\/wp\/v2\/posts"}],"about":[{"href":"https:\/\/www.notibras.com\/site\/wp-json\/wp\/v2\/types\/post"}],"author":[{"embeddable":true,"href":"https:\/\/www.notibras.com\/site\/wp-json\/wp\/v2\/users\/2"}],"replies":[{"embeddable":true,"href":"https:\/\/www.notibras.com\/site\/wp-json\/wp\/v2\/comments?post=37731"}],"version-history":[{"count":0,"href":"https:\/\/www.notibras.com\/site\/wp-json\/wp\/v2\/posts\/37731\/revisions"}],"wp:featuredmedia":[{"embeddable":true,"href":"https:\/\/www.notibras.com\/site\/wp-json\/wp\/v2\/media\/37732"}],"wp:attachment":[{"href":"https:\/\/www.notibras.com\/site\/wp-json\/wp\/v2\/media?parent=37731"}],"wp:term":[{"taxonomy":"category","embeddable":true,"href":"https:\/\/www.notibras.com\/site\/wp-json\/wp\/v2\/categories?post=37731"},{"taxonomy":"post_tag","embeddable":true,"href":"https:\/\/www.notibras.com\/site\/wp-json\/wp\/v2\/tags?post=37731"}],"curies":[{"name":"wp","href":"https:\/\/api.w.org\/{rel}","templated":true}]}}