{"id":37736,"date":"2015-02-21T12:08:10","date_gmt":"2015-02-21T15:08:10","guid":{"rendered":"http:\/\/www.notibras.com\/site\/?p=37736"},"modified":"2015-02-21T19:49:35","modified_gmt":"2015-02-21T22:49:35","slug":"tiroteio-e-morte-de-rapaz-transformam-rio-de-janeiro-em-praca-de-guerra","status":"publish","type":"post","link":"https:\/\/www.notibras.com\/site\/tiroteio-e-morte-de-rapaz-transformam-rio-de-janeiro-em-praca-de-guerra\/","title":{"rendered":"Tiroteio e morte de rapaz fazem do Rio pra\u00e7a de guerra"},"content":{"rendered":"<p>A troca de tiros entre traficantes e policiais do 9\u00ba Batalh\u00e3o da Pol\u00edcia\u00a0 Militar (PM) em Rocha Miranda, na madrugada de s\u00e1bado (21), causou a morte de um adolescente e ferimentos em outro rapaz. Em repres\u00e1lia, os moradores atearam fogo em um \u00f4nibus e em um caminh\u00e3o-ba\u00fa carregado de verduras.<\/p>\n<p>O incidente aconteceu na comunidade da Palmeirinha, localizada entre os bairros de Guadalupe e Hon\u00f3rio Gurgel, na zona norte da cidade. Para a pol\u00edcia os ataques foram orquestrados pelos traficantes que dominam a regi\u00e3o. O adolescente morto era suspeito de participar da quadrilha.<\/p>\n<blockquote><p>Os adolescentes foram levados para o Hospital Carlos Chagas, em Marechal Hermes. O adolescente morreu e o rapaz continua internado. N\u00e3o h\u00e1 informa\u00e7\u00f5es sobre o seu estado de sa\u00fade.<\/p><\/blockquote>\n<p>Devido ao clima tenso, que levou inclusive a interdi\u00e7\u00f5es nas pistas da Avenida Brasil, sentido zona oeste, que s\u00f3 foram liberadas por volta das 5h, depois dos trabalhos de limpeza da Comlurb, Policiais do Batalh\u00e3o de Choque, do 41\u00ba BPM foram chamados para refor\u00e7ar o policiamento.<\/p>\n<p>Na noite anterior, uma crian\u00e7a de 5 anos foi baleada durante tiroteio entre PMs do 39\u00ba Batalh\u00e3o e traficantes na comunidade do Morro do Rola Bosta, em Belford Roxo, na Baixada Fluminense.<\/p>\n<p>Segundo informa\u00e7\u00f5es do Hospital Geral de Nova Igua\u00e7u (Hospital da Posse), a menina foi submetida a uma cirurgia na madrugada, mas a bala havia atravessado o corpo da crian\u00e7a.\u00a0 O estado de saude da menor \u00e9 grave, embora est\u00e1vel.<\/p>\n<blockquote><p>Em protesto, moradores da comunidade atearam fogo em um \u00f4nibus. O caso est\u00e1 sendo investigado pela 54\u00ba Delegacia de Pol\u00edcia (Belford Roxo) e os policiais envolvidos na opera\u00e7\u00e3o, que tiveram suas armas apreendidas para exame de bal\u00edstica, v\u00e3o prestar depoimentos.<\/p><\/blockquote>\n<p>As informa\u00e7\u00f5es iniciais d\u00e3o conta de que pol\u00edcias do Batalh\u00e3o de Belford Roxo receberam liga\u00e7\u00e3o pelo Disque Denuncia, sobre uma festa que estava sendo feita pelos traficantes no Morro do Rola Bosta. Ao chegarem no local foram recebidos \u00e0 bala.<\/p>\n","protected":false},"excerpt":{"rendered":"<p>A troca de tiros entre traficantes e policiais do 9\u00ba Batalh\u00e3o da Pol\u00edcia\u00a0 Militar (PM) em Rocha Miranda, na madrugada de s\u00e1bado (21), causou a morte de um adolescente e ferimentos em outro rapaz. Em repres\u00e1lia, os moradores atearam fogo em um \u00f4nibus e em um caminh\u00e3o-ba\u00fa carregado de verduras. O incidente aconteceu na comunidade [&hellip;]<\/p>\n","protected":false},"author":2,"featured_media":37737,"comment_status":"open","ping_status":"closed","sticky":false,"template":"","format":"standard","meta":{"_acf_changed":false,"footnotes":""},"categories":[16],"tags":[],"class_list":["post-37736","post","type-post","status-publish","format-standard","has-post-thumbnail","hentry","category-brasil"],"acf":[],"yoast_head":"<!-- This site is optimized with the Yoast SEO plugin v27.2 - https:\/\/yoast.com\/product\/yoast-seo-wordpress\/ -->\n<title>Tiroteio e morte de rapaz fazem do Rio pra\u00e7a de guerra - Notibras<\/title>\n<meta name=\"robots\" content=\"index, follow, max-snippet:-1, max-image-preview:large, max-video-preview:-1\" \/>\n<link rel=\"canonical\" href=\"https:\/\/www.notibras.com\/site\/tiroteio-e-morte-de-rapaz-transformam-rio-de-janeiro-em-praca-de-guerra\/\" \/>\n<meta property=\"og:locale\" content=\"pt_BR\" \/>\n<meta property=\"og:type\" content=\"article\" \/>\n<meta property=\"og:title\" content=\"Tiroteio e morte de rapaz fazem do Rio pra\u00e7a de guerra - Notibras\" \/>\n<meta property=\"og:description\" content=\"A troca de tiros entre traficantes e policiais do 9\u00ba Batalh\u00e3o da Pol\u00edcia\u00a0 Militar (PM) em Rocha Miranda, na madrugada de s\u00e1bado (21), causou a morte de um adolescente e ferimentos em outro rapaz. Em repres\u00e1lia, os moradores atearam fogo em um \u00f4nibus e em um caminh\u00e3o-ba\u00fa carregado de verduras. O incidente aconteceu na comunidade [&hellip;]\" \/>\n<meta property=\"og:url\" content=\"https:\/\/www.notibras.com\/site\/tiroteio-e-morte-de-rapaz-transformam-rio-de-janeiro-em-praca-de-guerra\/\" \/>\n<meta property=\"og:site_name\" content=\"Notibras\" \/>\n<meta property=\"article:publisher\" content=\"https:\/\/www.facebook.com\/notibras\/\" \/>\n<meta property=\"article:published_time\" content=\"2015-02-21T15:08:10+00:00\" \/>\n<meta property=\"article:modified_time\" content=\"2015-02-21T22:49:35+00:00\" \/>\n<meta property=\"og:image\" content=\"https:\/\/www.notibras.com\/site\/wp-content\/uploads\/2015\/02\/rocinha_2.jpg\" \/>\n\t<meta property=\"og:image:width\" content=\"620\" \/>\n\t<meta property=\"og:image:height\" content=\"465\" \/>\n\t<meta property=\"og:image:type\" content=\"image\/jpeg\" \/>\n<meta name=\"author\" content=\"Reda\u00e7\u00e3o\" \/>\n<meta name=\"twitter:card\" content=\"summary_large_image\" \/>\n<meta name=\"twitter:creator\" content=\"@Notibras\" \/>\n<meta name=\"twitter:site\" content=\"@Notibras\" \/>\n<meta name=\"twitter:label1\" content=\"Escrito por\" \/>\n\t<meta name=\"twitter:data1\" content=\"Reda\u00e7\u00e3o\" \/>\n\t<meta name=\"twitter:label2\" content=\"Est. tempo de leitura\" \/>\n\t<meta name=\"twitter:data2\" content=\"2 minutos\" \/>\n<script type=\"application\/ld+json\" class=\"yoast-schema-graph\">{\"@context\":\"https:\/\/schema.org\",\"@graph\":[{\"@type\":\"Article\",\"@id\":\"https:\/\/www.notibras.com\/site\/tiroteio-e-morte-de-rapaz-transformam-rio-de-janeiro-em-praca-de-guerra\/#article\",\"isPartOf\":{\"@id\":\"https:\/\/www.notibras.com\/site\/tiroteio-e-morte-de-rapaz-transformam-rio-de-janeiro-em-praca-de-guerra\/\"},\"author\":{\"name\":\"Reda\u00e7\u00e3o\",\"@id\":\"https:\/\/www.notibras.com\/site\/#\/schema\/person\/36ab0979449956132d3e5b517ea76ac8\"},\"headline\":\"Tiroteio e morte de rapaz fazem do Rio pra\u00e7a de guerra\",\"datePublished\":\"2015-02-21T15:08:10+00:00\",\"dateModified\":\"2015-02-21T22:49:35+00:00\",\"mainEntityOfPage\":{\"@id\":\"https:\/\/www.notibras.com\/site\/tiroteio-e-morte-de-rapaz-transformam-rio-de-janeiro-em-praca-de-guerra\/\"},\"wordCount\":352,\"commentCount\":0,\"publisher\":{\"@id\":\"https:\/\/www.notibras.com\/site\/#organization\"},\"image\":{\"@id\":\"https:\/\/www.notibras.com\/site\/tiroteio-e-morte-de-rapaz-transformam-rio-de-janeiro-em-praca-de-guerra\/#primaryimage\"},\"thumbnailUrl\":\"https:\/\/www.notibras.com\/site\/wp-content\/uploads\/2015\/02\/rocinha_2.jpg\",\"articleSection\":[\"Brasil\"],\"inLanguage\":\"pt-BR\",\"potentialAction\":[{\"@type\":\"CommentAction\",\"name\":\"Comment\",\"target\":[\"https:\/\/www.notibras.com\/site\/tiroteio-e-morte-de-rapaz-transformam-rio-de-janeiro-em-praca-de-guerra\/#respond\"]}]},{\"@type\":\"WebPage\",\"@id\":\"https:\/\/www.notibras.com\/site\/tiroteio-e-morte-de-rapaz-transformam-rio-de-janeiro-em-praca-de-guerra\/\",\"url\":\"https:\/\/www.notibras.com\/site\/tiroteio-e-morte-de-rapaz-transformam-rio-de-janeiro-em-praca-de-guerra\/\",\"name\":\"Tiroteio e morte de rapaz fazem do Rio pra\u00e7a de guerra - Notibras\",\"isPartOf\":{\"@id\":\"https:\/\/www.notibras.com\/site\/#website\"},\"primaryImageOfPage\":{\"@id\":\"https:\/\/www.notibras.com\/site\/tiroteio-e-morte-de-rapaz-transformam-rio-de-janeiro-em-praca-de-guerra\/#primaryimage\"},\"image\":{\"@id\":\"https:\/\/www.notibras.com\/site\/tiroteio-e-morte-de-rapaz-transformam-rio-de-janeiro-em-praca-de-guerra\/#primaryimage\"},\"thumbnailUrl\":\"https:\/\/www.notibras.com\/site\/wp-content\/uploads\/2015\/02\/rocinha_2.jpg\",\"datePublished\":\"2015-02-21T15:08:10+00:00\",\"dateModified\":\"2015-02-21T22:49:35+00:00\",\"breadcrumb\":{\"@id\":\"https:\/\/www.notibras.com\/site\/tiroteio-e-morte-de-rapaz-transformam-rio-de-janeiro-em-praca-de-guerra\/#breadcrumb\"},\"inLanguage\":\"pt-BR\",\"potentialAction\":[{\"@type\":\"ReadAction\",\"target\":[\"https:\/\/www.notibras.com\/site\/tiroteio-e-morte-de-rapaz-transformam-rio-de-janeiro-em-praca-de-guerra\/\"]}]},{\"@type\":\"ImageObject\",\"inLanguage\":\"pt-BR\",\"@id\":\"https:\/\/www.notibras.com\/site\/tiroteio-e-morte-de-rapaz-transformam-rio-de-janeiro-em-praca-de-guerra\/#primaryimage\",\"url\":\"https:\/\/www.notibras.com\/site\/wp-content\/uploads\/2015\/02\/rocinha_2.jpg\",\"contentUrl\":\"https:\/\/www.notibras.com\/site\/wp-content\/uploads\/2015\/02\/rocinha_2.jpg\",\"width\":620,\"height\":465},{\"@type\":\"BreadcrumbList\",\"@id\":\"https:\/\/www.notibras.com\/site\/tiroteio-e-morte-de-rapaz-transformam-rio-de-janeiro-em-praca-de-guerra\/#breadcrumb\",\"itemListElement\":[{\"@type\":\"ListItem\",\"position\":1,\"name\":\"In\u00edcio\",\"item\":\"https:\/\/www.notibras.com\/site\/\"},{\"@type\":\"ListItem\",\"position\":2,\"name\":\"Tiroteio e morte de rapaz fazem do Rio pra\u00e7a de guerra\"}]},{\"@type\":\"WebSite\",\"@id\":\"https:\/\/www.notibras.com\/site\/#website\",\"url\":\"https:\/\/www.notibras.com\/site\/\",\"name\":\"Notibras\",\"description\":\"Not\u00edcias de Bras\u00edlia, do Brasil e do Mundo\",\"publisher\":{\"@id\":\"https:\/\/www.notibras.com\/site\/#organization\"},\"potentialAction\":[{\"@type\":\"SearchAction\",\"target\":{\"@type\":\"EntryPoint\",\"urlTemplate\":\"https:\/\/www.notibras.com\/site\/?s={search_term_string}\"},\"query-input\":{\"@type\":\"PropertyValueSpecification\",\"valueRequired\":true,\"valueName\":\"search_term_string\"}}],\"inLanguage\":\"pt-BR\"},{\"@type\":\"Organization\",\"@id\":\"https:\/\/www.notibras.com\/site\/#organization\",\"name\":\"Grupo Notibras de Comunica\u00e7\u00e3o\",\"url\":\"https:\/\/www.notibras.com\/site\/\",\"logo\":{\"@type\":\"ImageObject\",\"inLanguage\":\"pt-BR\",\"@id\":\"https:\/\/www.notibras.com\/site\/#\/schema\/logo\/image\/\",\"url\":\"https:\/\/www.notibras.com\/site\/wp-content\/uploads\/2023\/01\/notibras23.png\",\"contentUrl\":\"https:\/\/www.notibras.com\/site\/wp-content\/uploads\/2023\/01\/notibras23.png\",\"width\":350,\"height\":87,\"caption\":\"Grupo Notibras de Comunica\u00e7\u00e3o\"},\"image\":{\"@id\":\"https:\/\/www.notibras.com\/site\/#\/schema\/logo\/image\/\"},\"sameAs\":[\"https:\/\/www.facebook.com\/notibras\/\",\"https:\/\/x.com\/Notibras\",\"https:\/\/www.instagram.com\/notibras\/\"]},{\"@type\":\"Person\",\"@id\":\"https:\/\/www.notibras.com\/site\/#\/schema\/person\/36ab0979449956132d3e5b517ea76ac8\",\"name\":\"Reda\u00e7\u00e3o\",\"image\":{\"@type\":\"ImageObject\",\"inLanguage\":\"pt-BR\",\"@id\":\"https:\/\/secure.gravatar.com\/avatar\/e0a867bdedb85fd243eadf09663511f96fc81e0720a4a42581f334ad4303aa6b?s=96&d=mm&r=g\",\"url\":\"https:\/\/secure.gravatar.com\/avatar\/e0a867bdedb85fd243eadf09663511f96fc81e0720a4a42581f334ad4303aa6b?s=96&d=mm&r=g\",\"contentUrl\":\"https:\/\/secure.gravatar.com\/avatar\/e0a867bdedb85fd243eadf09663511f96fc81e0720a4a42581f334ad4303aa6b?s=96&d=mm&r=g\",\"caption\":\"Reda\u00e7\u00e3o\"}}]}<\/script>\n<!-- \/ Yoast SEO plugin. -->","yoast_head_json":{"title":"Tiroteio e morte de rapaz fazem do Rio pra\u00e7a de guerra - Notibras","robots":{"index":"index","follow":"follow","max-snippet":"max-snippet:-1","max-image-preview":"max-image-preview:large","max-video-preview":"max-video-preview:-1"},"canonical":"https:\/\/www.notibras.com\/site\/tiroteio-e-morte-de-rapaz-transformam-rio-de-janeiro-em-praca-de-guerra\/","og_locale":"pt_BR","og_type":"article","og_title":"Tiroteio e morte de rapaz fazem do Rio pra\u00e7a de guerra - Notibras","og_description":"A troca de tiros entre traficantes e policiais do 9\u00ba Batalh\u00e3o da Pol\u00edcia\u00a0 Militar (PM) em Rocha Miranda, na madrugada de s\u00e1bado (21), causou a morte de um adolescente e ferimentos em outro rapaz. Em repres\u00e1lia, os moradores atearam fogo em um \u00f4nibus e em um caminh\u00e3o-ba\u00fa carregado de verduras. O incidente aconteceu na comunidade [&hellip;]","og_url":"https:\/\/www.notibras.com\/site\/tiroteio-e-morte-de-rapaz-transformam-rio-de-janeiro-em-praca-de-guerra\/","og_site_name":"Notibras","article_publisher":"https:\/\/www.facebook.com\/notibras\/","article_published_time":"2015-02-21T15:08:10+00:00","article_modified_time":"2015-02-21T22:49:35+00:00","og_image":[{"width":620,"height":465,"url":"https:\/\/www.notibras.com\/site\/wp-content\/uploads\/2015\/02\/rocinha_2.jpg","type":"image\/jpeg"}],"author":"Reda\u00e7\u00e3o","twitter_card":"summary_large_image","twitter_creator":"@Notibras","twitter_site":"@Notibras","twitter_misc":{"Escrito por":"Reda\u00e7\u00e3o","Est. tempo de leitura":"2 minutos"},"schema":{"@context":"https:\/\/schema.org","@graph":[{"@type":"Article","@id":"https:\/\/www.notibras.com\/site\/tiroteio-e-morte-de-rapaz-transformam-rio-de-janeiro-em-praca-de-guerra\/#article","isPartOf":{"@id":"https:\/\/www.notibras.com\/site\/tiroteio-e-morte-de-rapaz-transformam-rio-de-janeiro-em-praca-de-guerra\/"},"author":{"name":"Reda\u00e7\u00e3o","@id":"https:\/\/www.notibras.com\/site\/#\/schema\/person\/36ab0979449956132d3e5b517ea76ac8"},"headline":"Tiroteio e morte de rapaz fazem do Rio pra\u00e7a de guerra","datePublished":"2015-02-21T15:08:10+00:00","dateModified":"2015-02-21T22:49:35+00:00","mainEntityOfPage":{"@id":"https:\/\/www.notibras.com\/site\/tiroteio-e-morte-de-rapaz-transformam-rio-de-janeiro-em-praca-de-guerra\/"},"wordCount":352,"commentCount":0,"publisher":{"@id":"https:\/\/www.notibras.com\/site\/#organization"},"image":{"@id":"https:\/\/www.notibras.com\/site\/tiroteio-e-morte-de-rapaz-transformam-rio-de-janeiro-em-praca-de-guerra\/#primaryimage"},"thumbnailUrl":"https:\/\/www.notibras.com\/site\/wp-content\/uploads\/2015\/02\/rocinha_2.jpg","articleSection":["Brasil"],"inLanguage":"pt-BR","potentialAction":[{"@type":"CommentAction","name":"Comment","target":["https:\/\/www.notibras.com\/site\/tiroteio-e-morte-de-rapaz-transformam-rio-de-janeiro-em-praca-de-guerra\/#respond"]}]},{"@type":"WebPage","@id":"https:\/\/www.notibras.com\/site\/tiroteio-e-morte-de-rapaz-transformam-rio-de-janeiro-em-praca-de-guerra\/","url":"https:\/\/www.notibras.com\/site\/tiroteio-e-morte-de-rapaz-transformam-rio-de-janeiro-em-praca-de-guerra\/","name":"Tiroteio e morte de rapaz fazem do Rio pra\u00e7a de guerra - Notibras","isPartOf":{"@id":"https:\/\/www.notibras.com\/site\/#website"},"primaryImageOfPage":{"@id":"https:\/\/www.notibras.com\/site\/tiroteio-e-morte-de-rapaz-transformam-rio-de-janeiro-em-praca-de-guerra\/#primaryimage"},"image":{"@id":"https:\/\/www.notibras.com\/site\/tiroteio-e-morte-de-rapaz-transformam-rio-de-janeiro-em-praca-de-guerra\/#primaryimage"},"thumbnailUrl":"https:\/\/www.notibras.com\/site\/wp-content\/uploads\/2015\/02\/rocinha_2.jpg","datePublished":"2015-02-21T15:08:10+00:00","dateModified":"2015-02-21T22:49:35+00:00","breadcrumb":{"@id":"https:\/\/www.notibras.com\/site\/tiroteio-e-morte-de-rapaz-transformam-rio-de-janeiro-em-praca-de-guerra\/#breadcrumb"},"inLanguage":"pt-BR","potentialAction":[{"@type":"ReadAction","target":["https:\/\/www.notibras.com\/site\/tiroteio-e-morte-de-rapaz-transformam-rio-de-janeiro-em-praca-de-guerra\/"]}]},{"@type":"ImageObject","inLanguage":"pt-BR","@id":"https:\/\/www.notibras.com\/site\/tiroteio-e-morte-de-rapaz-transformam-rio-de-janeiro-em-praca-de-guerra\/#primaryimage","url":"https:\/\/www.notibras.com\/site\/wp-content\/uploads\/2015\/02\/rocinha_2.jpg","contentUrl":"https:\/\/www.notibras.com\/site\/wp-content\/uploads\/2015\/02\/rocinha_2.jpg","width":620,"height":465},{"@type":"BreadcrumbList","@id":"https:\/\/www.notibras.com\/site\/tiroteio-e-morte-de-rapaz-transformam-rio-de-janeiro-em-praca-de-guerra\/#breadcrumb","itemListElement":[{"@type":"ListItem","position":1,"name":"In\u00edcio","item":"https:\/\/www.notibras.com\/site\/"},{"@type":"ListItem","position":2,"name":"Tiroteio e morte de rapaz fazem do Rio pra\u00e7a de guerra"}]},{"@type":"WebSite","@id":"https:\/\/www.notibras.com\/site\/#website","url":"https:\/\/www.notibras.com\/site\/","name":"Notibras","description":"Not\u00edcias de Bras\u00edlia, do Brasil e do Mundo","publisher":{"@id":"https:\/\/www.notibras.com\/site\/#organization"},"potentialAction":[{"@type":"SearchAction","target":{"@type":"EntryPoint","urlTemplate":"https:\/\/www.notibras.com\/site\/?s={search_term_string}"},"query-input":{"@type":"PropertyValueSpecification","valueRequired":true,"valueName":"search_term_string"}}],"inLanguage":"pt-BR"},{"@type":"Organization","@id":"https:\/\/www.notibras.com\/site\/#organization","name":"Grupo Notibras de Comunica\u00e7\u00e3o","url":"https:\/\/www.notibras.com\/site\/","logo":{"@type":"ImageObject","inLanguage":"pt-BR","@id":"https:\/\/www.notibras.com\/site\/#\/schema\/logo\/image\/","url":"https:\/\/www.notibras.com\/site\/wp-content\/uploads\/2023\/01\/notibras23.png","contentUrl":"https:\/\/www.notibras.com\/site\/wp-content\/uploads\/2023\/01\/notibras23.png","width":350,"height":87,"caption":"Grupo Notibras de Comunica\u00e7\u00e3o"},"image":{"@id":"https:\/\/www.notibras.com\/site\/#\/schema\/logo\/image\/"},"sameAs":["https:\/\/www.facebook.com\/notibras\/","https:\/\/x.com\/Notibras","https:\/\/www.instagram.com\/notibras\/"]},{"@type":"Person","@id":"https:\/\/www.notibras.com\/site\/#\/schema\/person\/36ab0979449956132d3e5b517ea76ac8","name":"Reda\u00e7\u00e3o","image":{"@type":"ImageObject","inLanguage":"pt-BR","@id":"https:\/\/secure.gravatar.com\/avatar\/e0a867bdedb85fd243eadf09663511f96fc81e0720a4a42581f334ad4303aa6b?s=96&d=mm&r=g","url":"https:\/\/secure.gravatar.com\/avatar\/e0a867bdedb85fd243eadf09663511f96fc81e0720a4a42581f334ad4303aa6b?s=96&d=mm&r=g","contentUrl":"https:\/\/secure.gravatar.com\/avatar\/e0a867bdedb85fd243eadf09663511f96fc81e0720a4a42581f334ad4303aa6b?s=96&d=mm&r=g","caption":"Reda\u00e7\u00e3o"}}]}},"amp_enabled":true,"_links":{"self":[{"href":"https:\/\/www.notibras.com\/site\/wp-json\/wp\/v2\/posts\/37736","targetHints":{"allow":["GET"]}}],"collection":[{"href":"https:\/\/www.notibras.com\/site\/wp-json\/wp\/v2\/posts"}],"about":[{"href":"https:\/\/www.notibras.com\/site\/wp-json\/wp\/v2\/types\/post"}],"author":[{"embeddable":true,"href":"https:\/\/www.notibras.com\/site\/wp-json\/wp\/v2\/users\/2"}],"replies":[{"embeddable":true,"href":"https:\/\/www.notibras.com\/site\/wp-json\/wp\/v2\/comments?post=37736"}],"version-history":[{"count":0,"href":"https:\/\/www.notibras.com\/site\/wp-json\/wp\/v2\/posts\/37736\/revisions"}],"wp:featuredmedia":[{"embeddable":true,"href":"https:\/\/www.notibras.com\/site\/wp-json\/wp\/v2\/media\/37737"}],"wp:attachment":[{"href":"https:\/\/www.notibras.com\/site\/wp-json\/wp\/v2\/media?parent=37736"}],"wp:term":[{"taxonomy":"category","embeddable":true,"href":"https:\/\/www.notibras.com\/site\/wp-json\/wp\/v2\/categories?post=37736"},{"taxonomy":"post_tag","embeddable":true,"href":"https:\/\/www.notibras.com\/site\/wp-json\/wp\/v2\/tags?post=37736"}],"curies":[{"name":"wp","href":"https:\/\/api.w.org\/{rel}","templated":true}]}}