{"id":377367,"date":"2026-01-07T01:15:21","date_gmt":"2026-01-07T04:15:21","guid":{"rendered":"https:\/\/www.notibras.com\/site\/?p=377367"},"modified":"2026-01-02T01:16:43","modified_gmt":"2026-01-02T04:16:43","slug":"caminhante-de-luz-e-poesia","status":"publish","type":"post","link":"https:\/\/www.notibras.com\/site\/caminhante-de-luz-e-poesia\/","title":{"rendered":"CAMINHANTE DE LUZ E POESIA"},"content":{"rendered":"<p>LEANDRO ARGA\u00d1ARA \u00e9 escritor, cineasta e livreiro argentino (Buenos Aires) que tive o prazer de conhecer neste final de 2025 na pousada em que moro, na Guarda do Emba\u00fa, litoral de Santa Catarina. Leandro \u00e9 um daqueles &#8220;caminhantes livres&#8221; que segue pelas veredas apenas com a mochila, o celular, a c\u00e2mera de filmar e as ideais na cabe\u00e7a e na alma.<\/p>\n<p>Registra depoimentos e acultura das comunidades nativas por toda a Am\u00e9rica do Sul, a &#8220;Am\u00e9rica profunda&#8221;. Seus document\u00e1rios audiovisuais s\u00e3o cheios de encantamento, t\u00e9cnica e riqueza cultural\/antropol\u00f3gica.<\/p>\n<p>Ficamos amigos e parceiros fraternos aben\u00e7oados pelo caminho, pelas estradas. Escrevi um pequeno poema com uma palavra inventada pelos ind\u00edgenas que Leandro gravou: PALAVRALMA.<\/p>\n<p>Creio que seja mais importante publicarmos aqui a poesia-respostas que Leandro enviou-me, agora, j\u00e1 em Buenos Aires. O meu poema j\u00e1 est\u00e1 publicado aqui no Caf\u00e9 Liter\u00e1rio e \u00e9 s\u00f3 pesquisarem que encontrar\u00e3o.<\/p>\n<p>Boa leitura.<\/p>\n<p><strong>PALAVRALMA<\/strong><\/p>\n<p>Escritura arom\u00e1tica<\/p>\n<p>Cheiro de areia<\/p>\n<p>Palavra salgada<\/p>\n<p>assalto do mato mata palavra<\/p>\n<p>Civilizado mata mato<\/p>\n<p>No entanto<\/p>\n<p>Meu pranto<\/p>\n<p>Chora chuva<\/p>\n<p>Chora sem parar<\/p>\n<p>\u00cdndio cachimbo<\/p>\n<p>sagrado-desangrado<\/p>\n<p>Me Ajuda a lembrar<\/p>\n<p>Passado in-humano<\/p>\n<p>P\u00e9 na terra<\/p>\n<p>Terra no P\u00e9<\/p>\n<p>Viguela violino taquap\u00e9<\/p>\n<p>Moleques do coral do paj\u00e9<\/p>\n<p>Palavralma<\/p>\n<p>Me traz calma.<\/p>\n<p>Nos, passarinhos passageiros<\/p>\n<p>Pura vida<\/p>\n<p>Pura valer.<\/p>\n<p>Alaga-se Minha alma<\/p>\n<p>Cai a noitinha sobre<\/p>\n<p>Aldeia lua cheia<\/p>\n<p>Pousada Glorinha.<\/p>\n<p>Abre-se um olho<\/p>\n<p>No tempoespa\u00e7o<\/p>\n<p>E volto eu, crian\u00e7a<\/p>\n<p>Medonha,<\/p>\n<p>Da Patagonia<\/p>\n<p>Pra deixar pegada<\/p>\n<p>Leve de gaivota<\/p>\n<p>Vou partir<\/p>\n<p>O caminho t\u00e1 me chaman-d\u00f3.<\/p>\n<p>Poesia e sorriso infantil<\/p>\n<p>Escribo pingente do espa\u00e7o sideral<\/p>\n<p>Aqui deitado<\/p>\n<p>Asa azul brilhante<\/p>\n<p>De borboleta gigante<\/p>\n<p>Desliga a luz,<\/p>\n<p>Parceiro Gil,<\/p>\n<p>Que a lua brilha<\/p>\n<p>Sobre n\u00f3s.<\/p>\n<p>Yo soy yo,<\/p>\n<p>Con m\u00ed petengu\u00e1<\/p>\n<p>Colgando de m\u00ed boca.<\/p>\n<p>Fuma\u00e7a sangrada.<\/p>\n<p><strong>&#8230;&#8230;&#8230;&#8230;&#8230;&#8230;&#8230;&#8230;&#8230;&#8230;&#8230;&#8230;&#8230;.<\/strong><\/p>\n<p><strong>LEANDRO ARGA\u00d1ARA: escritor, cineasta e livreiro argentino. Anda a\u00ed pela Am\u00e9rica profunda e vive em Buenos Aires.<\/strong><br \/>\n<strong>Gilberto Motta: escritor que vive seus dias na apraz\u00edvel Guarda do Emba\u00fa &#8211; SC.<\/strong><br \/>\n<a href=\"https:\/\/www.notibras.com\/site\/palavralma\/\"><strong>https:\/\/www.notibras.com\/site\/palavralma\/<\/strong><\/a><\/p>\n","protected":false},"excerpt":{"rendered":"<p>LEANDRO ARGA\u00d1ARA \u00e9 escritor, cineasta e livreiro argentino (Buenos Aires) que tive o prazer de conhecer neste final de 2025 na pousada em que moro, na Guarda do Emba\u00fa, litoral de Santa Catarina. Leandro \u00e9 um daqueles &#8220;caminhantes livres&#8221; que segue pelas veredas apenas com a mochila, o celular, a c\u00e2mera de filmar e as [&hellip;]<\/p>\n","protected":false},"author":21,"featured_media":377370,"comment_status":"closed","ping_status":"closed","sticky":false,"template":"","format":"standard","meta":{"_acf_changed":false,"footnotes":""},"categories":[234],"tags":[],"class_list":["post-377367","post","type-post","status-publish","format-standard","has-post-thumbnail","hentry","category-cafe-literario"],"acf":[],"yoast_head":"<!-- This site is optimized with the Yoast SEO plugin v27.2 - https:\/\/yoast.com\/product\/yoast-seo-wordpress\/ -->\n<title>CAMINHANTE DE LUZ E POESIA - Notibras<\/title>\n<meta name=\"robots\" content=\"index, follow, max-snippet:-1, max-image-preview:large, max-video-preview:-1\" \/>\n<link rel=\"canonical\" href=\"https:\/\/www.notibras.com\/site\/caminhante-de-luz-e-poesia\/\" \/>\n<meta property=\"og:locale\" content=\"pt_BR\" \/>\n<meta property=\"og:type\" content=\"article\" \/>\n<meta property=\"og:title\" content=\"CAMINHANTE DE LUZ E POESIA - Notibras\" \/>\n<meta property=\"og:description\" content=\"LEANDRO ARGA\u00d1ARA \u00e9 escritor, cineasta e livreiro argentino (Buenos Aires) que tive o prazer de conhecer neste final de 2025 na pousada em que moro, na Guarda do Emba\u00fa, litoral de Santa Catarina. Leandro \u00e9 um daqueles &#8220;caminhantes livres&#8221; que segue pelas veredas apenas com a mochila, o celular, a c\u00e2mera de filmar e as [&hellip;]\" \/>\n<meta property=\"og:url\" content=\"https:\/\/www.notibras.com\/site\/caminhante-de-luz-e-poesia\/\" \/>\n<meta property=\"og:site_name\" content=\"Notibras\" \/>\n<meta property=\"article:publisher\" content=\"https:\/\/www.facebook.com\/notibras\/\" \/>\n<meta property=\"article:published_time\" content=\"2026-01-07T04:15:21+00:00\" \/>\n<meta property=\"og:image\" content=\"https:\/\/www.notibras.com\/site\/wp-content\/uploads\/2026\/01\/image-9.png\" \/>\n\t<meta property=\"og:image:width\" content=\"1280\" \/>\n\t<meta property=\"og:image:height\" content=\"959\" \/>\n\t<meta property=\"og:image:type\" content=\"image\/png\" \/>\n<meta name=\"author\" content=\"Eduardo Mart\u00ednez\" \/>\n<meta name=\"twitter:card\" content=\"summary_large_image\" \/>\n<meta name=\"twitter:creator\" content=\"@Notibras\" \/>\n<meta name=\"twitter:site\" content=\"@Notibras\" \/>\n<meta name=\"twitter:label1\" content=\"Escrito por\" \/>\n\t<meta name=\"twitter:data1\" content=\"Eduardo Mart\u00ednez\" \/>\n\t<meta name=\"twitter:label2\" content=\"Est. tempo de leitura\" \/>\n\t<meta name=\"twitter:data2\" content=\"2 minutos\" \/>\n<script type=\"application\/ld+json\" class=\"yoast-schema-graph\">{\"@context\":\"https:\/\/schema.org\",\"@graph\":[{\"@type\":\"Article\",\"@id\":\"https:\/\/www.notibras.com\/site\/caminhante-de-luz-e-poesia\/#article\",\"isPartOf\":{\"@id\":\"https:\/\/www.notibras.com\/site\/caminhante-de-luz-e-poesia\/\"},\"author\":{\"name\":\"Eduardo Mart\u00ednez\",\"@id\":\"https:\/\/www.notibras.com\/site\/#\/schema\/person\/5b7fabf2aedc3ada2105f03b22b4d3dd\"},\"headline\":\"CAMINHANTE DE LUZ E POESIA\",\"datePublished\":\"2026-01-07T04:15:21+00:00\",\"mainEntityOfPage\":{\"@id\":\"https:\/\/www.notibras.com\/site\/caminhante-de-luz-e-poesia\/\"},\"wordCount\":344,\"publisher\":{\"@id\":\"https:\/\/www.notibras.com\/site\/#organization\"},\"image\":{\"@id\":\"https:\/\/www.notibras.com\/site\/caminhante-de-luz-e-poesia\/#primaryimage\"},\"thumbnailUrl\":\"https:\/\/www.notibras.com\/site\/wp-content\/uploads\/2026\/01\/image-9.png\",\"articleSection\":[\"Caf\u00e9 Liter\u00e1rio\"],\"inLanguage\":\"pt-BR\"},{\"@type\":\"WebPage\",\"@id\":\"https:\/\/www.notibras.com\/site\/caminhante-de-luz-e-poesia\/\",\"url\":\"https:\/\/www.notibras.com\/site\/caminhante-de-luz-e-poesia\/\",\"name\":\"CAMINHANTE DE LUZ E POESIA - Notibras\",\"isPartOf\":{\"@id\":\"https:\/\/www.notibras.com\/site\/#website\"},\"primaryImageOfPage\":{\"@id\":\"https:\/\/www.notibras.com\/site\/caminhante-de-luz-e-poesia\/#primaryimage\"},\"image\":{\"@id\":\"https:\/\/www.notibras.com\/site\/caminhante-de-luz-e-poesia\/#primaryimage\"},\"thumbnailUrl\":\"https:\/\/www.notibras.com\/site\/wp-content\/uploads\/2026\/01\/image-9.png\",\"datePublished\":\"2026-01-07T04:15:21+00:00\",\"breadcrumb\":{\"@id\":\"https:\/\/www.notibras.com\/site\/caminhante-de-luz-e-poesia\/#breadcrumb\"},\"inLanguage\":\"pt-BR\",\"potentialAction\":[{\"@type\":\"ReadAction\",\"target\":[\"https:\/\/www.notibras.com\/site\/caminhante-de-luz-e-poesia\/\"]}]},{\"@type\":\"ImageObject\",\"inLanguage\":\"pt-BR\",\"@id\":\"https:\/\/www.notibras.com\/site\/caminhante-de-luz-e-poesia\/#primaryimage\",\"url\":\"https:\/\/www.notibras.com\/site\/wp-content\/uploads\/2026\/01\/image-9.png\",\"contentUrl\":\"https:\/\/www.notibras.com\/site\/wp-content\/uploads\/2026\/01\/image-9.png\",\"width\":1280,\"height\":959},{\"@type\":\"BreadcrumbList\",\"@id\":\"https:\/\/www.notibras.com\/site\/caminhante-de-luz-e-poesia\/#breadcrumb\",\"itemListElement\":[{\"@type\":\"ListItem\",\"position\":1,\"name\":\"In\u00edcio\",\"item\":\"https:\/\/www.notibras.com\/site\/\"},{\"@type\":\"ListItem\",\"position\":2,\"name\":\"CAMINHANTE DE LUZ E POESIA\"}]},{\"@type\":\"WebSite\",\"@id\":\"https:\/\/www.notibras.com\/site\/#website\",\"url\":\"https:\/\/www.notibras.com\/site\/\",\"name\":\"Notibras\",\"description\":\"Not\u00edcias de Bras\u00edlia, do Brasil e do Mundo\",\"publisher\":{\"@id\":\"https:\/\/www.notibras.com\/site\/#organization\"},\"potentialAction\":[{\"@type\":\"SearchAction\",\"target\":{\"@type\":\"EntryPoint\",\"urlTemplate\":\"https:\/\/www.notibras.com\/site\/?s={search_term_string}\"},\"query-input\":{\"@type\":\"PropertyValueSpecification\",\"valueRequired\":true,\"valueName\":\"search_term_string\"}}],\"inLanguage\":\"pt-BR\"},{\"@type\":\"Organization\",\"@id\":\"https:\/\/www.notibras.com\/site\/#organization\",\"name\":\"Grupo Notibras de Comunica\u00e7\u00e3o\",\"url\":\"https:\/\/www.notibras.com\/site\/\",\"logo\":{\"@type\":\"ImageObject\",\"inLanguage\":\"pt-BR\",\"@id\":\"https:\/\/www.notibras.com\/site\/#\/schema\/logo\/image\/\",\"url\":\"https:\/\/www.notibras.com\/site\/wp-content\/uploads\/2023\/01\/notibras23.png\",\"contentUrl\":\"https:\/\/www.notibras.com\/site\/wp-content\/uploads\/2023\/01\/notibras23.png\",\"width\":350,\"height\":87,\"caption\":\"Grupo Notibras de Comunica\u00e7\u00e3o\"},\"image\":{\"@id\":\"https:\/\/www.notibras.com\/site\/#\/schema\/logo\/image\/\"},\"sameAs\":[\"https:\/\/www.facebook.com\/notibras\/\",\"https:\/\/x.com\/Notibras\",\"https:\/\/www.instagram.com\/notibras\/\"]},{\"@type\":\"Person\",\"@id\":\"https:\/\/www.notibras.com\/site\/#\/schema\/person\/5b7fabf2aedc3ada2105f03b22b4d3dd\",\"name\":\"Eduardo Mart\u00ednez\",\"image\":{\"@type\":\"ImageObject\",\"inLanguage\":\"pt-BR\",\"@id\":\"https:\/\/secure.gravatar.com\/avatar\/7902f906289926289cbcda644b5197c796b893c6ffd7b9a536a42d290f7704a0?s=96&d=mm&r=g\",\"url\":\"https:\/\/secure.gravatar.com\/avatar\/7902f906289926289cbcda644b5197c796b893c6ffd7b9a536a42d290f7704a0?s=96&d=mm&r=g\",\"contentUrl\":\"https:\/\/secure.gravatar.com\/avatar\/7902f906289926289cbcda644b5197c796b893c6ffd7b9a536a42d290f7704a0?s=96&d=mm&r=g\",\"caption\":\"Eduardo Mart\u00ednez\"}}]}<\/script>\n<!-- \/ Yoast SEO plugin. -->","yoast_head_json":{"title":"CAMINHANTE DE LUZ E POESIA - Notibras","robots":{"index":"index","follow":"follow","max-snippet":"max-snippet:-1","max-image-preview":"max-image-preview:large","max-video-preview":"max-video-preview:-1"},"canonical":"https:\/\/www.notibras.com\/site\/caminhante-de-luz-e-poesia\/","og_locale":"pt_BR","og_type":"article","og_title":"CAMINHANTE DE LUZ E POESIA - Notibras","og_description":"LEANDRO ARGA\u00d1ARA \u00e9 escritor, cineasta e livreiro argentino (Buenos Aires) que tive o prazer de conhecer neste final de 2025 na pousada em que moro, na Guarda do Emba\u00fa, litoral de Santa Catarina. Leandro \u00e9 um daqueles &#8220;caminhantes livres&#8221; que segue pelas veredas apenas com a mochila, o celular, a c\u00e2mera de filmar e as [&hellip;]","og_url":"https:\/\/www.notibras.com\/site\/caminhante-de-luz-e-poesia\/","og_site_name":"Notibras","article_publisher":"https:\/\/www.facebook.com\/notibras\/","article_published_time":"2026-01-07T04:15:21+00:00","og_image":[{"width":1280,"height":959,"url":"https:\/\/www.notibras.com\/site\/wp-content\/uploads\/2026\/01\/image-9.png","type":"image\/png"}],"author":"Eduardo Mart\u00ednez","twitter_card":"summary_large_image","twitter_creator":"@Notibras","twitter_site":"@Notibras","twitter_misc":{"Escrito por":"Eduardo Mart\u00ednez","Est. tempo de leitura":"2 minutos"},"schema":{"@context":"https:\/\/schema.org","@graph":[{"@type":"Article","@id":"https:\/\/www.notibras.com\/site\/caminhante-de-luz-e-poesia\/#article","isPartOf":{"@id":"https:\/\/www.notibras.com\/site\/caminhante-de-luz-e-poesia\/"},"author":{"name":"Eduardo Mart\u00ednez","@id":"https:\/\/www.notibras.com\/site\/#\/schema\/person\/5b7fabf2aedc3ada2105f03b22b4d3dd"},"headline":"CAMINHANTE DE LUZ E POESIA","datePublished":"2026-01-07T04:15:21+00:00","mainEntityOfPage":{"@id":"https:\/\/www.notibras.com\/site\/caminhante-de-luz-e-poesia\/"},"wordCount":344,"publisher":{"@id":"https:\/\/www.notibras.com\/site\/#organization"},"image":{"@id":"https:\/\/www.notibras.com\/site\/caminhante-de-luz-e-poesia\/#primaryimage"},"thumbnailUrl":"https:\/\/www.notibras.com\/site\/wp-content\/uploads\/2026\/01\/image-9.png","articleSection":["Caf\u00e9 Liter\u00e1rio"],"inLanguage":"pt-BR"},{"@type":"WebPage","@id":"https:\/\/www.notibras.com\/site\/caminhante-de-luz-e-poesia\/","url":"https:\/\/www.notibras.com\/site\/caminhante-de-luz-e-poesia\/","name":"CAMINHANTE DE LUZ E POESIA - Notibras","isPartOf":{"@id":"https:\/\/www.notibras.com\/site\/#website"},"primaryImageOfPage":{"@id":"https:\/\/www.notibras.com\/site\/caminhante-de-luz-e-poesia\/#primaryimage"},"image":{"@id":"https:\/\/www.notibras.com\/site\/caminhante-de-luz-e-poesia\/#primaryimage"},"thumbnailUrl":"https:\/\/www.notibras.com\/site\/wp-content\/uploads\/2026\/01\/image-9.png","datePublished":"2026-01-07T04:15:21+00:00","breadcrumb":{"@id":"https:\/\/www.notibras.com\/site\/caminhante-de-luz-e-poesia\/#breadcrumb"},"inLanguage":"pt-BR","potentialAction":[{"@type":"ReadAction","target":["https:\/\/www.notibras.com\/site\/caminhante-de-luz-e-poesia\/"]}]},{"@type":"ImageObject","inLanguage":"pt-BR","@id":"https:\/\/www.notibras.com\/site\/caminhante-de-luz-e-poesia\/#primaryimage","url":"https:\/\/www.notibras.com\/site\/wp-content\/uploads\/2026\/01\/image-9.png","contentUrl":"https:\/\/www.notibras.com\/site\/wp-content\/uploads\/2026\/01\/image-9.png","width":1280,"height":959},{"@type":"BreadcrumbList","@id":"https:\/\/www.notibras.com\/site\/caminhante-de-luz-e-poesia\/#breadcrumb","itemListElement":[{"@type":"ListItem","position":1,"name":"In\u00edcio","item":"https:\/\/www.notibras.com\/site\/"},{"@type":"ListItem","position":2,"name":"CAMINHANTE DE LUZ E POESIA"}]},{"@type":"WebSite","@id":"https:\/\/www.notibras.com\/site\/#website","url":"https:\/\/www.notibras.com\/site\/","name":"Notibras","description":"Not\u00edcias de Bras\u00edlia, do Brasil e do Mundo","publisher":{"@id":"https:\/\/www.notibras.com\/site\/#organization"},"potentialAction":[{"@type":"SearchAction","target":{"@type":"EntryPoint","urlTemplate":"https:\/\/www.notibras.com\/site\/?s={search_term_string}"},"query-input":{"@type":"PropertyValueSpecification","valueRequired":true,"valueName":"search_term_string"}}],"inLanguage":"pt-BR"},{"@type":"Organization","@id":"https:\/\/www.notibras.com\/site\/#organization","name":"Grupo Notibras de Comunica\u00e7\u00e3o","url":"https:\/\/www.notibras.com\/site\/","logo":{"@type":"ImageObject","inLanguage":"pt-BR","@id":"https:\/\/www.notibras.com\/site\/#\/schema\/logo\/image\/","url":"https:\/\/www.notibras.com\/site\/wp-content\/uploads\/2023\/01\/notibras23.png","contentUrl":"https:\/\/www.notibras.com\/site\/wp-content\/uploads\/2023\/01\/notibras23.png","width":350,"height":87,"caption":"Grupo Notibras de Comunica\u00e7\u00e3o"},"image":{"@id":"https:\/\/www.notibras.com\/site\/#\/schema\/logo\/image\/"},"sameAs":["https:\/\/www.facebook.com\/notibras\/","https:\/\/x.com\/Notibras","https:\/\/www.instagram.com\/notibras\/"]},{"@type":"Person","@id":"https:\/\/www.notibras.com\/site\/#\/schema\/person\/5b7fabf2aedc3ada2105f03b22b4d3dd","name":"Eduardo Mart\u00ednez","image":{"@type":"ImageObject","inLanguage":"pt-BR","@id":"https:\/\/secure.gravatar.com\/avatar\/7902f906289926289cbcda644b5197c796b893c6ffd7b9a536a42d290f7704a0?s=96&d=mm&r=g","url":"https:\/\/secure.gravatar.com\/avatar\/7902f906289926289cbcda644b5197c796b893c6ffd7b9a536a42d290f7704a0?s=96&d=mm&r=g","contentUrl":"https:\/\/secure.gravatar.com\/avatar\/7902f906289926289cbcda644b5197c796b893c6ffd7b9a536a42d290f7704a0?s=96&d=mm&r=g","caption":"Eduardo Mart\u00ednez"}}]}},"amp_enabled":true,"_links":{"self":[{"href":"https:\/\/www.notibras.com\/site\/wp-json\/wp\/v2\/posts\/377367","targetHints":{"allow":["GET"]}}],"collection":[{"href":"https:\/\/www.notibras.com\/site\/wp-json\/wp\/v2\/posts"}],"about":[{"href":"https:\/\/www.notibras.com\/site\/wp-json\/wp\/v2\/types\/post"}],"author":[{"embeddable":true,"href":"https:\/\/www.notibras.com\/site\/wp-json\/wp\/v2\/users\/21"}],"replies":[{"embeddable":true,"href":"https:\/\/www.notibras.com\/site\/wp-json\/wp\/v2\/comments?post=377367"}],"version-history":[{"count":2,"href":"https:\/\/www.notibras.com\/site\/wp-json\/wp\/v2\/posts\/377367\/revisions"}],"predecessor-version":[{"id":377369,"href":"https:\/\/www.notibras.com\/site\/wp-json\/wp\/v2\/posts\/377367\/revisions\/377369"}],"wp:featuredmedia":[{"embeddable":true,"href":"https:\/\/www.notibras.com\/site\/wp-json\/wp\/v2\/media\/377370"}],"wp:attachment":[{"href":"https:\/\/www.notibras.com\/site\/wp-json\/wp\/v2\/media?parent=377367"}],"wp:term":[{"taxonomy":"category","embeddable":true,"href":"https:\/\/www.notibras.com\/site\/wp-json\/wp\/v2\/categories?post=377367"},{"taxonomy":"post_tag","embeddable":true,"href":"https:\/\/www.notibras.com\/site\/wp-json\/wp\/v2\/tags?post=377367"}],"curies":[{"name":"wp","href":"https:\/\/api.w.org\/{rel}","templated":true}]}}