{"id":377374,"date":"2026-01-02T07:21:42","date_gmt":"2026-01-02T10:21:42","guid":{"rendered":"https:\/\/www.notibras.com\/site\/?p=377374"},"modified":"2026-01-02T07:21:42","modified_gmt":"2026-01-02T10:21:42","slug":"oito-decadas-de-vida-ensinam-que-mitos-sem-raciocinio-morrem-pagaos","status":"publish","type":"post","link":"https:\/\/www.notibras.com\/site\/oito-decadas-de-vida-ensinam-que-mitos-sem-raciocinio-morrem-pagaos\/","title":{"rendered":"Oito d\u00e9cadas de vida ensinam que mitos sem racioc\u00ednio morrem pag\u00e3os"},"content":{"rendered":"<p style=\"font-weight: 400;\">Iniciar mais um ano da vida \u00e9 muito mais do que celebrar uma data, uma \u00e9poca ou o in\u00edcio de uma nova fase da exist\u00eancia. Acima de tudo, \u00e9 reconhecer vit\u00f3rias, superar desafios e renovar esperan\u00e7as. Agradecer por esse ciclo \u00e9 uma forma poderosa de valorizar a jornada, de inspirar o cora\u00e7\u00e3o e de preparar a alma para tudo que est\u00e1 por vir. Gratid\u00e3o pelo ano que passou. Para o que acabou de chegar, muita expectativa. Neste novo ano, ano de S\u00e3o Jorge, o santo guerreiro, mais importante que tudo \u00e9 a certeza de que, ap\u00f3s oito d\u00e9cadas e meia diferentes, cheguei um pouco mais s\u00e1bio a 2026.<\/p>\n<p style=\"font-weight: 400;\">S\u00e1bio n\u00e3o apenas de saber, mas para reconhecer que o que sei \u00e9 uma gota comparada ao oceano que ignoro. Sou s\u00e1bio, pois desde cedo aprendi a ser o m\u00e1ximo poss\u00edvel de mim mesmo. A partir desse conceito\u00a0<em>interna corporis,\u00a0<\/em>percebi que o sil\u00eancio \u00e9 o come\u00e7o da sabedoria. N\u00e3o \u00e0 toa, s\u00e3o dois s\u00e9culos e dois mil\u00eanios diferentes. Entre ontem, hoje e amanh\u00e3, normalmente escolho o hoje. E a raz\u00e3o \u00e9 simples: o ontem n\u00e3o me pertence mais, o hoje \u00e9 todinho meu e o amanh\u00e3, quem sabe? Entretanto, como esquecer que, em t\u00e3o pouco tempo, deixei de ser menino e filho para me tornar um senhor, do tipo feliz pai e av\u00f4.<\/p>\n<p style=\"font-weight: 400;\">Assim como boa parte dos dias foi um Rio (ou um rio) que passou em minha vida, minhas noites foram para tentar entender uma raz\u00e3o capaz de explicar a necessidade de os poetas optarem por dizer que o adulto n\u00e3o existe. Segundo os artistas do pensamento, o homem \u201c\u00e9 um menino perene\u201d. Sem pudor algum, sou daqueles que desconfiam absurdamente das veem\u00eancias. Por exemplo, como admitir como mito um sujeito que nasceu, envelheceu, se elegeu, est\u00e1 preso e dever\u00e1 morrer sem jamais ter ousado um racioc\u00ednio pr\u00f3prio.<\/p>\n<p style=\"font-weight: 400;\">Embora seja dos anos 40, s\u00f3 descobri o mundo nos anos 70, 80 e 90. Estabilizei minha consci\u00eancia nos anos 2000, me desesperancei em 2018 e voltei a ser feliz em 2022. Nesse per\u00edodo, passei do telefone com operadora para chamadas de longa dist\u00e2ncia \u00e0s videochamadas para qualquer canto do mundo. Esqueci os slides e me aventurei no YouTube. Complicado foi abandonar a cole\u00e7\u00e3o de discos de vinil para claudicar na m\u00fasica online. O pior dos cen\u00e1rios ainda estava por vir. Das ensaiadas e rom\u00e2nticas cartas manuscritas, adentrei, sob protestos, ao mundo do e-mail e do WhatsApp.<\/p>\n<p style=\"font-weight: 400;\">Maldi\u00e7\u00e3o do mundo moderno, foram as redes sociais que permitiram ao Brasil eleger aquele que, gra\u00e7as aos mesmos deuses da internet, foi sem nunca ter sido. E, ao que parece, nunca mais ser\u00e1. S\u00f3 para ilustrar, mesmo sem TV HD, Netflix e nenhum gigabyte, megabyte, IPad ou IPod, os governantes de outrora conseguiram evitar a paralisia infantil, a meningite, todos os tipos de gripes, inclusive a H1N1, e certamente evitariam a Covid-19, aquele v\u00edrus que, tratado como uma \u201cgripezinha\u201d, matou quase 800 mil brasileiros. Se acham pouco, elejam novamente o mo\u00e7o ou algu\u00e9m que ele indicar.<\/p>\n<p style=\"font-weight: 400;\">\u00c9 verdade que usei shorts durante toda a inf\u00e2ncia e depois bermudas, cal\u00e7as compridas e ternos e gravatas. Andei de patins, bicicletas, triciclos, ciclomotores, carros a gasolina ou a diesel, mas ainda n\u00e3o consegui me abundar em h\u00edbridos ou 100% el\u00e9tricos. Os \u201cpatriotas\u201d talvez me descrevam como um menino anal\u00f3gico e um adulto quase digital. Depende do ponto de vista, principalmente se considerarem que, libidinosamente, usei as m\u00e3os quase diariamente. Resumindo a evolu\u00e7\u00e3o, me adaptei \u00e0s mudan\u00e7as exigidas pela modernidade. Com a sabedoria que Deus me deu, passo ao largo da Intelig\u00eancia Artificial, mas n\u00e3o me curvo aos oportunistas. Em outras palavras, sabedoria \u00e9 entender que entre o mito, o fan\u00e1tico e o psiquiatra, o mais perigoso \u00e9 o eleitor desavisado.<\/p>\n<p style=\"font-weight: 400;\">&#8230;&#8230;&#8230;&#8230;&#8230;<\/p>\n<p style=\"font-weight: 400;\"><strong>Misael Igreja \u00e9 analista de Notibras para assuntos pol\u00edticos, econ\u00f4micos e sociais<\/strong><\/p>\n","protected":false},"excerpt":{"rendered":"<p>Iniciar mais um ano da vida \u00e9 muito mais do que celebrar uma data, uma \u00e9poca ou o in\u00edcio de uma nova fase da exist\u00eancia. Acima de tudo, \u00e9 reconhecer vit\u00f3rias, superar desafios e renovar esperan\u00e7as. Agradecer por esse ciclo \u00e9 uma forma poderosa de valorizar a jornada, de inspirar o cora\u00e7\u00e3o e de preparar [&hellip;]<\/p>\n","protected":false},"author":2,"featured_media":292637,"comment_status":"closed","ping_status":"closed","sticky":false,"template":"","format":"standard","meta":{"_acf_changed":false,"footnotes":""},"categories":[16],"tags":[],"class_list":["post-377374","post","type-post","status-publish","format-standard","has-post-thumbnail","hentry","category-brasil"],"acf":[],"yoast_head":"<!-- This site is optimized with the Yoast SEO plugin v27.2 - https:\/\/yoast.com\/product\/yoast-seo-wordpress\/ -->\n<title>Oito d\u00e9cadas de vida ensinam que mitos sem racioc\u00ednio morrem pag\u00e3os - Notibras<\/title>\n<meta name=\"robots\" content=\"index, follow, max-snippet:-1, max-image-preview:large, max-video-preview:-1\" \/>\n<link rel=\"canonical\" href=\"https:\/\/www.notibras.com\/site\/oito-decadas-de-vida-ensinam-que-mitos-sem-raciocinio-morrem-pagaos\/\" \/>\n<meta property=\"og:locale\" content=\"pt_BR\" \/>\n<meta property=\"og:type\" content=\"article\" \/>\n<meta property=\"og:title\" content=\"Oito d\u00e9cadas de vida ensinam que mitos sem racioc\u00ednio morrem pag\u00e3os - Notibras\" \/>\n<meta property=\"og:description\" content=\"Iniciar mais um ano da vida \u00e9 muito mais do que celebrar uma data, uma \u00e9poca ou o in\u00edcio de uma nova fase da exist\u00eancia. Acima de tudo, \u00e9 reconhecer vit\u00f3rias, superar desafios e renovar esperan\u00e7as. Agradecer por esse ciclo \u00e9 uma forma poderosa de valorizar a jornada, de inspirar o cora\u00e7\u00e3o e de preparar [&hellip;]\" \/>\n<meta property=\"og:url\" content=\"https:\/\/www.notibras.com\/site\/oito-decadas-de-vida-ensinam-que-mitos-sem-raciocinio-morrem-pagaos\/\" \/>\n<meta property=\"og:site_name\" content=\"Notibras\" \/>\n<meta property=\"article:publisher\" content=\"https:\/\/www.facebook.com\/notibras\/\" \/>\n<meta property=\"article:published_time\" content=\"2026-01-02T10:21:42+00:00\" \/>\n<meta property=\"og:image\" content=\"https:\/\/www.notibras.com\/site\/wp-content\/uploads\/2022\/10\/50429036346_a9271a4327_o-4.jpg\" \/>\n\t<meta property=\"og:image:width\" content=\"1170\" \/>\n\t<meta property=\"og:image:height\" content=\"700\" \/>\n\t<meta property=\"og:image:type\" content=\"image\/jpeg\" \/>\n<meta name=\"author\" content=\"Reda\u00e7\u00e3o\" \/>\n<meta name=\"twitter:card\" content=\"summary_large_image\" \/>\n<meta name=\"twitter:creator\" content=\"@Notibras\" \/>\n<meta name=\"twitter:site\" content=\"@Notibras\" \/>\n<meta name=\"twitter:label1\" content=\"Escrito por\" \/>\n\t<meta name=\"twitter:data1\" content=\"Reda\u00e7\u00e3o\" \/>\n\t<meta name=\"twitter:label2\" content=\"Est. tempo de leitura\" \/>\n\t<meta name=\"twitter:data2\" content=\"4 minutos\" \/>\n<script type=\"application\/ld+json\" class=\"yoast-schema-graph\">{\"@context\":\"https:\/\/schema.org\",\"@graph\":[{\"@type\":\"Article\",\"@id\":\"https:\/\/www.notibras.com\/site\/oito-decadas-de-vida-ensinam-que-mitos-sem-raciocinio-morrem-pagaos\/#article\",\"isPartOf\":{\"@id\":\"https:\/\/www.notibras.com\/site\/oito-decadas-de-vida-ensinam-que-mitos-sem-raciocinio-morrem-pagaos\/\"},\"author\":{\"name\":\"Reda\u00e7\u00e3o\",\"@id\":\"https:\/\/www.notibras.com\/site\/#\/schema\/person\/36ab0979449956132d3e5b517ea76ac8\"},\"headline\":\"Oito d\u00e9cadas de vida ensinam que mitos sem racioc\u00ednio morrem pag\u00e3os\",\"datePublished\":\"2026-01-02T10:21:42+00:00\",\"mainEntityOfPage\":{\"@id\":\"https:\/\/www.notibras.com\/site\/oito-decadas-de-vida-ensinam-que-mitos-sem-raciocinio-morrem-pagaos\/\"},\"wordCount\":681,\"publisher\":{\"@id\":\"https:\/\/www.notibras.com\/site\/#organization\"},\"image\":{\"@id\":\"https:\/\/www.notibras.com\/site\/oito-decadas-de-vida-ensinam-que-mitos-sem-raciocinio-morrem-pagaos\/#primaryimage\"},\"thumbnailUrl\":\"https:\/\/www.notibras.com\/site\/wp-content\/uploads\/2022\/10\/50429036346_a9271a4327_o-4.jpg\",\"articleSection\":[\"Brasil\"],\"inLanguage\":\"pt-BR\"},{\"@type\":\"WebPage\",\"@id\":\"https:\/\/www.notibras.com\/site\/oito-decadas-de-vida-ensinam-que-mitos-sem-raciocinio-morrem-pagaos\/\",\"url\":\"https:\/\/www.notibras.com\/site\/oito-decadas-de-vida-ensinam-que-mitos-sem-raciocinio-morrem-pagaos\/\",\"name\":\"Oito d\u00e9cadas de vida ensinam que mitos sem racioc\u00ednio morrem pag\u00e3os - Notibras\",\"isPartOf\":{\"@id\":\"https:\/\/www.notibras.com\/site\/#website\"},\"primaryImageOfPage\":{\"@id\":\"https:\/\/www.notibras.com\/site\/oito-decadas-de-vida-ensinam-que-mitos-sem-raciocinio-morrem-pagaos\/#primaryimage\"},\"image\":{\"@id\":\"https:\/\/www.notibras.com\/site\/oito-decadas-de-vida-ensinam-que-mitos-sem-raciocinio-morrem-pagaos\/#primaryimage\"},\"thumbnailUrl\":\"https:\/\/www.notibras.com\/site\/wp-content\/uploads\/2022\/10\/50429036346_a9271a4327_o-4.jpg\",\"datePublished\":\"2026-01-02T10:21:42+00:00\",\"breadcrumb\":{\"@id\":\"https:\/\/www.notibras.com\/site\/oito-decadas-de-vida-ensinam-que-mitos-sem-raciocinio-morrem-pagaos\/#breadcrumb\"},\"inLanguage\":\"pt-BR\",\"potentialAction\":[{\"@type\":\"ReadAction\",\"target\":[\"https:\/\/www.notibras.com\/site\/oito-decadas-de-vida-ensinam-que-mitos-sem-raciocinio-morrem-pagaos\/\"]}]},{\"@type\":\"ImageObject\",\"inLanguage\":\"pt-BR\",\"@id\":\"https:\/\/www.notibras.com\/site\/oito-decadas-de-vida-ensinam-que-mitos-sem-raciocinio-morrem-pagaos\/#primaryimage\",\"url\":\"https:\/\/www.notibras.com\/site\/wp-content\/uploads\/2022\/10\/50429036346_a9271a4327_o-4.jpg\",\"contentUrl\":\"https:\/\/www.notibras.com\/site\/wp-content\/uploads\/2022\/10\/50429036346_a9271a4327_o-4.jpg\",\"width\":1170,\"height\":700,\"caption\":\"TSE - Tribunal Superior Eleitoral Urna eletr\u00f4nica\"},{\"@type\":\"BreadcrumbList\",\"@id\":\"https:\/\/www.notibras.com\/site\/oito-decadas-de-vida-ensinam-que-mitos-sem-raciocinio-morrem-pagaos\/#breadcrumb\",\"itemListElement\":[{\"@type\":\"ListItem\",\"position\":1,\"name\":\"In\u00edcio\",\"item\":\"https:\/\/www.notibras.com\/site\/\"},{\"@type\":\"ListItem\",\"position\":2,\"name\":\"Oito d\u00e9cadas de vida ensinam que mitos sem racioc\u00ednio morrem pag\u00e3os\"}]},{\"@type\":\"WebSite\",\"@id\":\"https:\/\/www.notibras.com\/site\/#website\",\"url\":\"https:\/\/www.notibras.com\/site\/\",\"name\":\"Notibras\",\"description\":\"Not\u00edcias de Bras\u00edlia, do Brasil e do Mundo\",\"publisher\":{\"@id\":\"https:\/\/www.notibras.com\/site\/#organization\"},\"potentialAction\":[{\"@type\":\"SearchAction\",\"target\":{\"@type\":\"EntryPoint\",\"urlTemplate\":\"https:\/\/www.notibras.com\/site\/?s={search_term_string}\"},\"query-input\":{\"@type\":\"PropertyValueSpecification\",\"valueRequired\":true,\"valueName\":\"search_term_string\"}}],\"inLanguage\":\"pt-BR\"},{\"@type\":\"Organization\",\"@id\":\"https:\/\/www.notibras.com\/site\/#organization\",\"name\":\"Grupo Notibras de Comunica\u00e7\u00e3o\",\"url\":\"https:\/\/www.notibras.com\/site\/\",\"logo\":{\"@type\":\"ImageObject\",\"inLanguage\":\"pt-BR\",\"@id\":\"https:\/\/www.notibras.com\/site\/#\/schema\/logo\/image\/\",\"url\":\"https:\/\/www.notibras.com\/site\/wp-content\/uploads\/2023\/01\/notibras23.png\",\"contentUrl\":\"https:\/\/www.notibras.com\/site\/wp-content\/uploads\/2023\/01\/notibras23.png\",\"width\":350,\"height\":87,\"caption\":\"Grupo Notibras de Comunica\u00e7\u00e3o\"},\"image\":{\"@id\":\"https:\/\/www.notibras.com\/site\/#\/schema\/logo\/image\/\"},\"sameAs\":[\"https:\/\/www.facebook.com\/notibras\/\",\"https:\/\/x.com\/Notibras\",\"https:\/\/www.instagram.com\/notibras\/\"]},{\"@type\":\"Person\",\"@id\":\"https:\/\/www.notibras.com\/site\/#\/schema\/person\/36ab0979449956132d3e5b517ea76ac8\",\"name\":\"Reda\u00e7\u00e3o\",\"image\":{\"@type\":\"ImageObject\",\"inLanguage\":\"pt-BR\",\"@id\":\"https:\/\/secure.gravatar.com\/avatar\/e0a867bdedb85fd243eadf09663511f96fc81e0720a4a42581f334ad4303aa6b?s=96&d=mm&r=g\",\"url\":\"https:\/\/secure.gravatar.com\/avatar\/e0a867bdedb85fd243eadf09663511f96fc81e0720a4a42581f334ad4303aa6b?s=96&d=mm&r=g\",\"contentUrl\":\"https:\/\/secure.gravatar.com\/avatar\/e0a867bdedb85fd243eadf09663511f96fc81e0720a4a42581f334ad4303aa6b?s=96&d=mm&r=g\",\"caption\":\"Reda\u00e7\u00e3o\"}}]}<\/script>\n<!-- \/ Yoast SEO plugin. -->","yoast_head_json":{"title":"Oito d\u00e9cadas de vida ensinam que mitos sem racioc\u00ednio morrem pag\u00e3os - Notibras","robots":{"index":"index","follow":"follow","max-snippet":"max-snippet:-1","max-image-preview":"max-image-preview:large","max-video-preview":"max-video-preview:-1"},"canonical":"https:\/\/www.notibras.com\/site\/oito-decadas-de-vida-ensinam-que-mitos-sem-raciocinio-morrem-pagaos\/","og_locale":"pt_BR","og_type":"article","og_title":"Oito d\u00e9cadas de vida ensinam que mitos sem racioc\u00ednio morrem pag\u00e3os - Notibras","og_description":"Iniciar mais um ano da vida \u00e9 muito mais do que celebrar uma data, uma \u00e9poca ou o in\u00edcio de uma nova fase da exist\u00eancia. Acima de tudo, \u00e9 reconhecer vit\u00f3rias, superar desafios e renovar esperan\u00e7as. Agradecer por esse ciclo \u00e9 uma forma poderosa de valorizar a jornada, de inspirar o cora\u00e7\u00e3o e de preparar [&hellip;]","og_url":"https:\/\/www.notibras.com\/site\/oito-decadas-de-vida-ensinam-que-mitos-sem-raciocinio-morrem-pagaos\/","og_site_name":"Notibras","article_publisher":"https:\/\/www.facebook.com\/notibras\/","article_published_time":"2026-01-02T10:21:42+00:00","og_image":[{"width":1170,"height":700,"url":"https:\/\/www.notibras.com\/site\/wp-content\/uploads\/2022\/10\/50429036346_a9271a4327_o-4.jpg","type":"image\/jpeg"}],"author":"Reda\u00e7\u00e3o","twitter_card":"summary_large_image","twitter_creator":"@Notibras","twitter_site":"@Notibras","twitter_misc":{"Escrito por":"Reda\u00e7\u00e3o","Est. tempo de leitura":"4 minutos"},"schema":{"@context":"https:\/\/schema.org","@graph":[{"@type":"Article","@id":"https:\/\/www.notibras.com\/site\/oito-decadas-de-vida-ensinam-que-mitos-sem-raciocinio-morrem-pagaos\/#article","isPartOf":{"@id":"https:\/\/www.notibras.com\/site\/oito-decadas-de-vida-ensinam-que-mitos-sem-raciocinio-morrem-pagaos\/"},"author":{"name":"Reda\u00e7\u00e3o","@id":"https:\/\/www.notibras.com\/site\/#\/schema\/person\/36ab0979449956132d3e5b517ea76ac8"},"headline":"Oito d\u00e9cadas de vida ensinam que mitos sem racioc\u00ednio morrem pag\u00e3os","datePublished":"2026-01-02T10:21:42+00:00","mainEntityOfPage":{"@id":"https:\/\/www.notibras.com\/site\/oito-decadas-de-vida-ensinam-que-mitos-sem-raciocinio-morrem-pagaos\/"},"wordCount":681,"publisher":{"@id":"https:\/\/www.notibras.com\/site\/#organization"},"image":{"@id":"https:\/\/www.notibras.com\/site\/oito-decadas-de-vida-ensinam-que-mitos-sem-raciocinio-morrem-pagaos\/#primaryimage"},"thumbnailUrl":"https:\/\/www.notibras.com\/site\/wp-content\/uploads\/2022\/10\/50429036346_a9271a4327_o-4.jpg","articleSection":["Brasil"],"inLanguage":"pt-BR"},{"@type":"WebPage","@id":"https:\/\/www.notibras.com\/site\/oito-decadas-de-vida-ensinam-que-mitos-sem-raciocinio-morrem-pagaos\/","url":"https:\/\/www.notibras.com\/site\/oito-decadas-de-vida-ensinam-que-mitos-sem-raciocinio-morrem-pagaos\/","name":"Oito d\u00e9cadas de vida ensinam que mitos sem racioc\u00ednio morrem pag\u00e3os - Notibras","isPartOf":{"@id":"https:\/\/www.notibras.com\/site\/#website"},"primaryImageOfPage":{"@id":"https:\/\/www.notibras.com\/site\/oito-decadas-de-vida-ensinam-que-mitos-sem-raciocinio-morrem-pagaos\/#primaryimage"},"image":{"@id":"https:\/\/www.notibras.com\/site\/oito-decadas-de-vida-ensinam-que-mitos-sem-raciocinio-morrem-pagaos\/#primaryimage"},"thumbnailUrl":"https:\/\/www.notibras.com\/site\/wp-content\/uploads\/2022\/10\/50429036346_a9271a4327_o-4.jpg","datePublished":"2026-01-02T10:21:42+00:00","breadcrumb":{"@id":"https:\/\/www.notibras.com\/site\/oito-decadas-de-vida-ensinam-que-mitos-sem-raciocinio-morrem-pagaos\/#breadcrumb"},"inLanguage":"pt-BR","potentialAction":[{"@type":"ReadAction","target":["https:\/\/www.notibras.com\/site\/oito-decadas-de-vida-ensinam-que-mitos-sem-raciocinio-morrem-pagaos\/"]}]},{"@type":"ImageObject","inLanguage":"pt-BR","@id":"https:\/\/www.notibras.com\/site\/oito-decadas-de-vida-ensinam-que-mitos-sem-raciocinio-morrem-pagaos\/#primaryimage","url":"https:\/\/www.notibras.com\/site\/wp-content\/uploads\/2022\/10\/50429036346_a9271a4327_o-4.jpg","contentUrl":"https:\/\/www.notibras.com\/site\/wp-content\/uploads\/2022\/10\/50429036346_a9271a4327_o-4.jpg","width":1170,"height":700,"caption":"TSE - Tribunal Superior Eleitoral Urna eletr\u00f4nica"},{"@type":"BreadcrumbList","@id":"https:\/\/www.notibras.com\/site\/oito-decadas-de-vida-ensinam-que-mitos-sem-raciocinio-morrem-pagaos\/#breadcrumb","itemListElement":[{"@type":"ListItem","position":1,"name":"In\u00edcio","item":"https:\/\/www.notibras.com\/site\/"},{"@type":"ListItem","position":2,"name":"Oito d\u00e9cadas de vida ensinam que mitos sem racioc\u00ednio morrem pag\u00e3os"}]},{"@type":"WebSite","@id":"https:\/\/www.notibras.com\/site\/#website","url":"https:\/\/www.notibras.com\/site\/","name":"Notibras","description":"Not\u00edcias de Bras\u00edlia, do Brasil e do Mundo","publisher":{"@id":"https:\/\/www.notibras.com\/site\/#organization"},"potentialAction":[{"@type":"SearchAction","target":{"@type":"EntryPoint","urlTemplate":"https:\/\/www.notibras.com\/site\/?s={search_term_string}"},"query-input":{"@type":"PropertyValueSpecification","valueRequired":true,"valueName":"search_term_string"}}],"inLanguage":"pt-BR"},{"@type":"Organization","@id":"https:\/\/www.notibras.com\/site\/#organization","name":"Grupo Notibras de Comunica\u00e7\u00e3o","url":"https:\/\/www.notibras.com\/site\/","logo":{"@type":"ImageObject","inLanguage":"pt-BR","@id":"https:\/\/www.notibras.com\/site\/#\/schema\/logo\/image\/","url":"https:\/\/www.notibras.com\/site\/wp-content\/uploads\/2023\/01\/notibras23.png","contentUrl":"https:\/\/www.notibras.com\/site\/wp-content\/uploads\/2023\/01\/notibras23.png","width":350,"height":87,"caption":"Grupo Notibras de Comunica\u00e7\u00e3o"},"image":{"@id":"https:\/\/www.notibras.com\/site\/#\/schema\/logo\/image\/"},"sameAs":["https:\/\/www.facebook.com\/notibras\/","https:\/\/x.com\/Notibras","https:\/\/www.instagram.com\/notibras\/"]},{"@type":"Person","@id":"https:\/\/www.notibras.com\/site\/#\/schema\/person\/36ab0979449956132d3e5b517ea76ac8","name":"Reda\u00e7\u00e3o","image":{"@type":"ImageObject","inLanguage":"pt-BR","@id":"https:\/\/secure.gravatar.com\/avatar\/e0a867bdedb85fd243eadf09663511f96fc81e0720a4a42581f334ad4303aa6b?s=96&d=mm&r=g","url":"https:\/\/secure.gravatar.com\/avatar\/e0a867bdedb85fd243eadf09663511f96fc81e0720a4a42581f334ad4303aa6b?s=96&d=mm&r=g","contentUrl":"https:\/\/secure.gravatar.com\/avatar\/e0a867bdedb85fd243eadf09663511f96fc81e0720a4a42581f334ad4303aa6b?s=96&d=mm&r=g","caption":"Reda\u00e7\u00e3o"}}]}},"amp_enabled":true,"_links":{"self":[{"href":"https:\/\/www.notibras.com\/site\/wp-json\/wp\/v2\/posts\/377374","targetHints":{"allow":["GET"]}}],"collection":[{"href":"https:\/\/www.notibras.com\/site\/wp-json\/wp\/v2\/posts"}],"about":[{"href":"https:\/\/www.notibras.com\/site\/wp-json\/wp\/v2\/types\/post"}],"author":[{"embeddable":true,"href":"https:\/\/www.notibras.com\/site\/wp-json\/wp\/v2\/users\/2"}],"replies":[{"embeddable":true,"href":"https:\/\/www.notibras.com\/site\/wp-json\/wp\/v2\/comments?post=377374"}],"version-history":[{"count":1,"href":"https:\/\/www.notibras.com\/site\/wp-json\/wp\/v2\/posts\/377374\/revisions"}],"predecessor-version":[{"id":377375,"href":"https:\/\/www.notibras.com\/site\/wp-json\/wp\/v2\/posts\/377374\/revisions\/377375"}],"wp:featuredmedia":[{"embeddable":true,"href":"https:\/\/www.notibras.com\/site\/wp-json\/wp\/v2\/media\/292637"}],"wp:attachment":[{"href":"https:\/\/www.notibras.com\/site\/wp-json\/wp\/v2\/media?parent=377374"}],"wp:term":[{"taxonomy":"category","embeddable":true,"href":"https:\/\/www.notibras.com\/site\/wp-json\/wp\/v2\/categories?post=377374"},{"taxonomy":"post_tag","embeddable":true,"href":"https:\/\/www.notibras.com\/site\/wp-json\/wp\/v2\/tags?post=377374"}],"curies":[{"name":"wp","href":"https:\/\/api.w.org\/{rel}","templated":true}]}}