{"id":377379,"date":"2026-01-02T08:32:03","date_gmt":"2026-01-02T11:32:03","guid":{"rendered":"https:\/\/www.notibras.com\/site\/?p=377379"},"modified":"2026-01-02T08:33:20","modified_gmt":"2026-01-02T11:33:20","slug":"nordeste-sobrevive-como-um-mosaico-de-areas-protegidas-e-desafiadoras","status":"publish","type":"post","link":"https:\/\/www.notibras.com\/site\/nordeste-sobrevive-como-um-mosaico-de-areas-protegidas-e-desafiadoras\/","title":{"rendered":"Nordeste sobrevive como um mosaico de \u00e1reas protegidas e desafiadoras"},"content":{"rendered":"<p>O Nordeste n\u00e3o cabe em uma \u00fanica moldura. Ele \u00e9 um mosaico vivo, feito de pe\u00e7as distintas que, juntas, contam uma hist\u00f3ria antiga de resist\u00eancia, diversidade e esperan\u00e7a. Entre \u00e1reas protegidas que insistem em sobreviver, culturas que se mant\u00eam fortes apesar do tempo e desafios que se renovam a cada gera\u00e7\u00e3o, a regi\u00e3o segue pulsando como um cora\u00e7\u00e3o que nunca se rende.<\/p>\n<p>Nas reservas ambientais, o Nordeste revela sua face mais silenciosa e, ao mesmo tempo, mais poderosa. A Caatinga, \u00fanica no mundo, resiste entre espinhos e longos per\u00edodos de estiagem, ensinando que a vida pode florescer mesmo nas condi\u00e7\u00f5es mais severas. Nos manguezais, ber\u00e7\u00e1rios naturais, comunidades inteiras dependem do equil\u00edbrio entre a lama e o mar. J\u00e1 na Mata Atl\u00e2ntica remanescente e nas \u00e1reas de prote\u00e7\u00e3o costeira, a luta \u00e9 di\u00e1ria para preservar o que restou diante da expans\u00e3o urbana e da explora\u00e7\u00e3o econ\u00f4mica. Proteger esses territ\u00f3rios \u00e9 proteger tamb\u00e9m a mem\u00f3ria e o futuro de quem vive neles.<\/p>\n<p>A cultura nordestina, por sua vez, \u00e9 um escudo invis\u00edvel. Est\u00e1 no forr\u00f3 que atravessa gera\u00e7\u00f5es, no cordel que transforma dor em poesia, no artesanato que carrega identidade nas m\u00e3os calejadas. \u00c9 forte porque nasceu da necessidade de resistir. Cada festa popular, cada prato t\u00edpico, cada express\u00e3o regional \u00e9 uma afirma\u00e7\u00e3o de pertencimento, um grito manso que diz: \u201cestamos aqui\u201d. Mesmo diante das dificuldades, o povo nordestino preserva sua alegria como um ato pol\u00edtico e afetivo.<\/p>\n<p>Mas os desafios seguem constantes e n\u00e3o podem ser romantizados. A desigualdade social ainda marca profundamente muitas cidades e zonas rurais. O acesso \u00e0 \u00e1gua, \u00e0 sa\u00fade, \u00e0 educa\u00e7\u00e3o e ao trabalho digno permanece desigual. As mudan\u00e7as clim\u00e1ticas agravam secas, enchentes e inseguran\u00e7as, atingindo com mais for\u00e7a quem j\u00e1 vive \u00e0 margem. E, muitas vezes, pol\u00edticas p\u00fablicas chegam de forma tardia ou insuficiente, exigindo da popula\u00e7\u00e3o uma resili\u00eancia que n\u00e3o deveria ser permanente.<\/p>\n<p>Ainda assim, o Nordeste n\u00e3o \u00e9 sin\u00f4nimo de atraso, mas de reinven\u00e7\u00e3o. Entre \u00e1reas protegidas amea\u00e7adas e culturas que se recusam a desaparecer, surgem iniciativas comunit\u00e1rias, tecnologias sociais e novos caminhos de desenvolvimento sustent\u00e1vel. O mosaico nordestino est\u00e1 em constante transforma\u00e7\u00e3o, juntando peda\u00e7os de luta e beleza, dor e cria\u00e7\u00e3o.<\/p>\n<p>Olhar para o Nordeste \u00e9 aceitar sua complexidade. \u00c9 entender que, por tr\u00e1s das paisagens exuberantes e das tradi\u00e7\u00f5es vibrantes, existe um povo que enfrenta desafios di\u00e1rios sem perder a dignidade. Um povo que transforma cada peda\u00e7o desse mosaico em prova viva de que resistir tamb\u00e9m \u00e9 uma forma de existir.<\/p>\n","protected":false},"excerpt":{"rendered":"<p>O Nordeste n\u00e3o cabe em uma \u00fanica moldura. Ele \u00e9 um mosaico vivo, feito de pe\u00e7as distintas que, juntas, contam uma hist\u00f3ria antiga de resist\u00eancia, diversidade e esperan\u00e7a. Entre \u00e1reas protegidas que insistem em sobreviver, culturas que se mant\u00eam fortes apesar do tempo e desafios que se renovam a cada gera\u00e7\u00e3o, a regi\u00e3o segue pulsando [&hellip;]<\/p>\n","protected":false},"author":2,"featured_media":377380,"comment_status":"closed","ping_status":"closed","sticky":false,"template":"","format":"standard","meta":{"_acf_changed":false,"footnotes":""},"categories":[165],"tags":[],"class_list":["post-377379","post","type-post","status-publish","format-standard","has-post-thumbnail","hentry","category-nordeste"],"acf":[],"yoast_head":"<!-- This site is optimized with the Yoast SEO plugin v27.2 - https:\/\/yoast.com\/product\/yoast-seo-wordpress\/ -->\n<title>Nordeste sobrevive como um mosaico de \u00e1reas protegidas e desafiadoras - Notibras<\/title>\n<meta name=\"robots\" content=\"index, follow, max-snippet:-1, max-image-preview:large, max-video-preview:-1\" \/>\n<link rel=\"canonical\" href=\"https:\/\/www.notibras.com\/site\/nordeste-sobrevive-como-um-mosaico-de-areas-protegidas-e-desafiadoras\/\" \/>\n<meta property=\"og:locale\" content=\"pt_BR\" \/>\n<meta property=\"og:type\" content=\"article\" \/>\n<meta property=\"og:title\" content=\"Nordeste sobrevive como um mosaico de \u00e1reas protegidas e desafiadoras - Notibras\" \/>\n<meta property=\"og:description\" content=\"O Nordeste n\u00e3o cabe em uma \u00fanica moldura. Ele \u00e9 um mosaico vivo, feito de pe\u00e7as distintas que, juntas, contam uma hist\u00f3ria antiga de resist\u00eancia, diversidade e esperan\u00e7a. Entre \u00e1reas protegidas que insistem em sobreviver, culturas que se mant\u00eam fortes apesar do tempo e desafios que se renovam a cada gera\u00e7\u00e3o, a regi\u00e3o segue pulsando [&hellip;]\" \/>\n<meta property=\"og:url\" content=\"https:\/\/www.notibras.com\/site\/nordeste-sobrevive-como-um-mosaico-de-areas-protegidas-e-desafiadoras\/\" \/>\n<meta property=\"og:site_name\" content=\"Notibras\" \/>\n<meta property=\"article:publisher\" content=\"https:\/\/www.facebook.com\/notibras\/\" \/>\n<meta property=\"article:published_time\" content=\"2026-01-02T11:32:03+00:00\" \/>\n<meta property=\"article:modified_time\" content=\"2026-01-02T11:33:20+00:00\" \/>\n<meta property=\"og:image\" content=\"https:\/\/www.notibras.com\/site\/wp-content\/uploads\/2026\/01\/7e88b36b-2d5f-49bb-965e-2d5a2022d864.jpg\" \/>\n\t<meta property=\"og:image:width\" content=\"600\" \/>\n\t<meta property=\"og:image:height\" content=\"400\" \/>\n\t<meta property=\"og:image:type\" content=\"image\/jpeg\" \/>\n<meta name=\"author\" content=\"Reda\u00e7\u00e3o\" \/>\n<meta name=\"twitter:card\" content=\"summary_large_image\" \/>\n<meta name=\"twitter:creator\" content=\"@Notibras\" \/>\n<meta name=\"twitter:site\" content=\"@Notibras\" \/>\n<meta name=\"twitter:label1\" content=\"Escrito por\" \/>\n\t<meta name=\"twitter:data1\" content=\"Reda\u00e7\u00e3o\" \/>\n\t<meta name=\"twitter:label2\" content=\"Est. tempo de leitura\" \/>\n\t<meta name=\"twitter:data2\" content=\"3 minutos\" \/>\n<script type=\"application\/ld+json\" class=\"yoast-schema-graph\">{\"@context\":\"https:\/\/schema.org\",\"@graph\":[{\"@type\":\"Article\",\"@id\":\"https:\/\/www.notibras.com\/site\/nordeste-sobrevive-como-um-mosaico-de-areas-protegidas-e-desafiadoras\/#article\",\"isPartOf\":{\"@id\":\"https:\/\/www.notibras.com\/site\/nordeste-sobrevive-como-um-mosaico-de-areas-protegidas-e-desafiadoras\/\"},\"author\":{\"name\":\"Reda\u00e7\u00e3o\",\"@id\":\"https:\/\/www.notibras.com\/site\/#\/schema\/person\/36ab0979449956132d3e5b517ea76ac8\"},\"headline\":\"Nordeste sobrevive como um mosaico de \u00e1reas protegidas e desafiadoras\",\"datePublished\":\"2026-01-02T11:32:03+00:00\",\"dateModified\":\"2026-01-02T11:33:20+00:00\",\"mainEntityOfPage\":{\"@id\":\"https:\/\/www.notibras.com\/site\/nordeste-sobrevive-como-um-mosaico-de-areas-protegidas-e-desafiadoras\/\"},\"wordCount\":461,\"publisher\":{\"@id\":\"https:\/\/www.notibras.com\/site\/#organization\"},\"image\":{\"@id\":\"https:\/\/www.notibras.com\/site\/nordeste-sobrevive-como-um-mosaico-de-areas-protegidas-e-desafiadoras\/#primaryimage\"},\"thumbnailUrl\":\"https:\/\/www.notibras.com\/site\/wp-content\/uploads\/2026\/01\/7e88b36b-2d5f-49bb-965e-2d5a2022d864.jpg\",\"articleSection\":[\"Nordeste\"],\"inLanguage\":\"pt-BR\"},{\"@type\":\"WebPage\",\"@id\":\"https:\/\/www.notibras.com\/site\/nordeste-sobrevive-como-um-mosaico-de-areas-protegidas-e-desafiadoras\/\",\"url\":\"https:\/\/www.notibras.com\/site\/nordeste-sobrevive-como-um-mosaico-de-areas-protegidas-e-desafiadoras\/\",\"name\":\"Nordeste sobrevive como um mosaico de \u00e1reas protegidas e desafiadoras - Notibras\",\"isPartOf\":{\"@id\":\"https:\/\/www.notibras.com\/site\/#website\"},\"primaryImageOfPage\":{\"@id\":\"https:\/\/www.notibras.com\/site\/nordeste-sobrevive-como-um-mosaico-de-areas-protegidas-e-desafiadoras\/#primaryimage\"},\"image\":{\"@id\":\"https:\/\/www.notibras.com\/site\/nordeste-sobrevive-como-um-mosaico-de-areas-protegidas-e-desafiadoras\/#primaryimage\"},\"thumbnailUrl\":\"https:\/\/www.notibras.com\/site\/wp-content\/uploads\/2026\/01\/7e88b36b-2d5f-49bb-965e-2d5a2022d864.jpg\",\"datePublished\":\"2026-01-02T11:32:03+00:00\",\"dateModified\":\"2026-01-02T11:33:20+00:00\",\"breadcrumb\":{\"@id\":\"https:\/\/www.notibras.com\/site\/nordeste-sobrevive-como-um-mosaico-de-areas-protegidas-e-desafiadoras\/#breadcrumb\"},\"inLanguage\":\"pt-BR\",\"potentialAction\":[{\"@type\":\"ReadAction\",\"target\":[\"https:\/\/www.notibras.com\/site\/nordeste-sobrevive-como-um-mosaico-de-areas-protegidas-e-desafiadoras\/\"]}]},{\"@type\":\"ImageObject\",\"inLanguage\":\"pt-BR\",\"@id\":\"https:\/\/www.notibras.com\/site\/nordeste-sobrevive-como-um-mosaico-de-areas-protegidas-e-desafiadoras\/#primaryimage\",\"url\":\"https:\/\/www.notibras.com\/site\/wp-content\/uploads\/2026\/01\/7e88b36b-2d5f-49bb-965e-2d5a2022d864.jpg\",\"contentUrl\":\"https:\/\/www.notibras.com\/site\/wp-content\/uploads\/2026\/01\/7e88b36b-2d5f-49bb-965e-2d5a2022d864.jpg\",\"width\":600,\"height\":400},{\"@type\":\"BreadcrumbList\",\"@id\":\"https:\/\/www.notibras.com\/site\/nordeste-sobrevive-como-um-mosaico-de-areas-protegidas-e-desafiadoras\/#breadcrumb\",\"itemListElement\":[{\"@type\":\"ListItem\",\"position\":1,\"name\":\"In\u00edcio\",\"item\":\"https:\/\/www.notibras.com\/site\/\"},{\"@type\":\"ListItem\",\"position\":2,\"name\":\"Nordeste sobrevive como um mosaico de \u00e1reas protegidas e desafiadoras\"}]},{\"@type\":\"WebSite\",\"@id\":\"https:\/\/www.notibras.com\/site\/#website\",\"url\":\"https:\/\/www.notibras.com\/site\/\",\"name\":\"Notibras\",\"description\":\"Not\u00edcias de Bras\u00edlia, do Brasil e do Mundo\",\"publisher\":{\"@id\":\"https:\/\/www.notibras.com\/site\/#organization\"},\"potentialAction\":[{\"@type\":\"SearchAction\",\"target\":{\"@type\":\"EntryPoint\",\"urlTemplate\":\"https:\/\/www.notibras.com\/site\/?s={search_term_string}\"},\"query-input\":{\"@type\":\"PropertyValueSpecification\",\"valueRequired\":true,\"valueName\":\"search_term_string\"}}],\"inLanguage\":\"pt-BR\"},{\"@type\":\"Organization\",\"@id\":\"https:\/\/www.notibras.com\/site\/#organization\",\"name\":\"Grupo Notibras de Comunica\u00e7\u00e3o\",\"url\":\"https:\/\/www.notibras.com\/site\/\",\"logo\":{\"@type\":\"ImageObject\",\"inLanguage\":\"pt-BR\",\"@id\":\"https:\/\/www.notibras.com\/site\/#\/schema\/logo\/image\/\",\"url\":\"https:\/\/www.notibras.com\/site\/wp-content\/uploads\/2023\/01\/notibras23.png\",\"contentUrl\":\"https:\/\/www.notibras.com\/site\/wp-content\/uploads\/2023\/01\/notibras23.png\",\"width\":350,\"height\":87,\"caption\":\"Grupo Notibras de Comunica\u00e7\u00e3o\"},\"image\":{\"@id\":\"https:\/\/www.notibras.com\/site\/#\/schema\/logo\/image\/\"},\"sameAs\":[\"https:\/\/www.facebook.com\/notibras\/\",\"https:\/\/x.com\/Notibras\",\"https:\/\/www.instagram.com\/notibras\/\"]},{\"@type\":\"Person\",\"@id\":\"https:\/\/www.notibras.com\/site\/#\/schema\/person\/36ab0979449956132d3e5b517ea76ac8\",\"name\":\"Reda\u00e7\u00e3o\",\"image\":{\"@type\":\"ImageObject\",\"inLanguage\":\"pt-BR\",\"@id\":\"https:\/\/secure.gravatar.com\/avatar\/e0a867bdedb85fd243eadf09663511f96fc81e0720a4a42581f334ad4303aa6b?s=96&d=mm&r=g\",\"url\":\"https:\/\/secure.gravatar.com\/avatar\/e0a867bdedb85fd243eadf09663511f96fc81e0720a4a42581f334ad4303aa6b?s=96&d=mm&r=g\",\"contentUrl\":\"https:\/\/secure.gravatar.com\/avatar\/e0a867bdedb85fd243eadf09663511f96fc81e0720a4a42581f334ad4303aa6b?s=96&d=mm&r=g\",\"caption\":\"Reda\u00e7\u00e3o\"}}]}<\/script>\n<!-- \/ Yoast SEO plugin. -->","yoast_head_json":{"title":"Nordeste sobrevive como um mosaico de \u00e1reas protegidas e desafiadoras - Notibras","robots":{"index":"index","follow":"follow","max-snippet":"max-snippet:-1","max-image-preview":"max-image-preview:large","max-video-preview":"max-video-preview:-1"},"canonical":"https:\/\/www.notibras.com\/site\/nordeste-sobrevive-como-um-mosaico-de-areas-protegidas-e-desafiadoras\/","og_locale":"pt_BR","og_type":"article","og_title":"Nordeste sobrevive como um mosaico de \u00e1reas protegidas e desafiadoras - Notibras","og_description":"O Nordeste n\u00e3o cabe em uma \u00fanica moldura. Ele \u00e9 um mosaico vivo, feito de pe\u00e7as distintas que, juntas, contam uma hist\u00f3ria antiga de resist\u00eancia, diversidade e esperan\u00e7a. Entre \u00e1reas protegidas que insistem em sobreviver, culturas que se mant\u00eam fortes apesar do tempo e desafios que se renovam a cada gera\u00e7\u00e3o, a regi\u00e3o segue pulsando [&hellip;]","og_url":"https:\/\/www.notibras.com\/site\/nordeste-sobrevive-como-um-mosaico-de-areas-protegidas-e-desafiadoras\/","og_site_name":"Notibras","article_publisher":"https:\/\/www.facebook.com\/notibras\/","article_published_time":"2026-01-02T11:32:03+00:00","article_modified_time":"2026-01-02T11:33:20+00:00","og_image":[{"width":600,"height":400,"url":"https:\/\/www.notibras.com\/site\/wp-content\/uploads\/2026\/01\/7e88b36b-2d5f-49bb-965e-2d5a2022d864.jpg","type":"image\/jpeg"}],"author":"Reda\u00e7\u00e3o","twitter_card":"summary_large_image","twitter_creator":"@Notibras","twitter_site":"@Notibras","twitter_misc":{"Escrito por":"Reda\u00e7\u00e3o","Est. tempo de leitura":"3 minutos"},"schema":{"@context":"https:\/\/schema.org","@graph":[{"@type":"Article","@id":"https:\/\/www.notibras.com\/site\/nordeste-sobrevive-como-um-mosaico-de-areas-protegidas-e-desafiadoras\/#article","isPartOf":{"@id":"https:\/\/www.notibras.com\/site\/nordeste-sobrevive-como-um-mosaico-de-areas-protegidas-e-desafiadoras\/"},"author":{"name":"Reda\u00e7\u00e3o","@id":"https:\/\/www.notibras.com\/site\/#\/schema\/person\/36ab0979449956132d3e5b517ea76ac8"},"headline":"Nordeste sobrevive como um mosaico de \u00e1reas protegidas e desafiadoras","datePublished":"2026-01-02T11:32:03+00:00","dateModified":"2026-01-02T11:33:20+00:00","mainEntityOfPage":{"@id":"https:\/\/www.notibras.com\/site\/nordeste-sobrevive-como-um-mosaico-de-areas-protegidas-e-desafiadoras\/"},"wordCount":461,"publisher":{"@id":"https:\/\/www.notibras.com\/site\/#organization"},"image":{"@id":"https:\/\/www.notibras.com\/site\/nordeste-sobrevive-como-um-mosaico-de-areas-protegidas-e-desafiadoras\/#primaryimage"},"thumbnailUrl":"https:\/\/www.notibras.com\/site\/wp-content\/uploads\/2026\/01\/7e88b36b-2d5f-49bb-965e-2d5a2022d864.jpg","articleSection":["Nordeste"],"inLanguage":"pt-BR"},{"@type":"WebPage","@id":"https:\/\/www.notibras.com\/site\/nordeste-sobrevive-como-um-mosaico-de-areas-protegidas-e-desafiadoras\/","url":"https:\/\/www.notibras.com\/site\/nordeste-sobrevive-como-um-mosaico-de-areas-protegidas-e-desafiadoras\/","name":"Nordeste sobrevive como um mosaico de \u00e1reas protegidas e desafiadoras - Notibras","isPartOf":{"@id":"https:\/\/www.notibras.com\/site\/#website"},"primaryImageOfPage":{"@id":"https:\/\/www.notibras.com\/site\/nordeste-sobrevive-como-um-mosaico-de-areas-protegidas-e-desafiadoras\/#primaryimage"},"image":{"@id":"https:\/\/www.notibras.com\/site\/nordeste-sobrevive-como-um-mosaico-de-areas-protegidas-e-desafiadoras\/#primaryimage"},"thumbnailUrl":"https:\/\/www.notibras.com\/site\/wp-content\/uploads\/2026\/01\/7e88b36b-2d5f-49bb-965e-2d5a2022d864.jpg","datePublished":"2026-01-02T11:32:03+00:00","dateModified":"2026-01-02T11:33:20+00:00","breadcrumb":{"@id":"https:\/\/www.notibras.com\/site\/nordeste-sobrevive-como-um-mosaico-de-areas-protegidas-e-desafiadoras\/#breadcrumb"},"inLanguage":"pt-BR","potentialAction":[{"@type":"ReadAction","target":["https:\/\/www.notibras.com\/site\/nordeste-sobrevive-como-um-mosaico-de-areas-protegidas-e-desafiadoras\/"]}]},{"@type":"ImageObject","inLanguage":"pt-BR","@id":"https:\/\/www.notibras.com\/site\/nordeste-sobrevive-como-um-mosaico-de-areas-protegidas-e-desafiadoras\/#primaryimage","url":"https:\/\/www.notibras.com\/site\/wp-content\/uploads\/2026\/01\/7e88b36b-2d5f-49bb-965e-2d5a2022d864.jpg","contentUrl":"https:\/\/www.notibras.com\/site\/wp-content\/uploads\/2026\/01\/7e88b36b-2d5f-49bb-965e-2d5a2022d864.jpg","width":600,"height":400},{"@type":"BreadcrumbList","@id":"https:\/\/www.notibras.com\/site\/nordeste-sobrevive-como-um-mosaico-de-areas-protegidas-e-desafiadoras\/#breadcrumb","itemListElement":[{"@type":"ListItem","position":1,"name":"In\u00edcio","item":"https:\/\/www.notibras.com\/site\/"},{"@type":"ListItem","position":2,"name":"Nordeste sobrevive como um mosaico de \u00e1reas protegidas e desafiadoras"}]},{"@type":"WebSite","@id":"https:\/\/www.notibras.com\/site\/#website","url":"https:\/\/www.notibras.com\/site\/","name":"Notibras","description":"Not\u00edcias de Bras\u00edlia, do Brasil e do Mundo","publisher":{"@id":"https:\/\/www.notibras.com\/site\/#organization"},"potentialAction":[{"@type":"SearchAction","target":{"@type":"EntryPoint","urlTemplate":"https:\/\/www.notibras.com\/site\/?s={search_term_string}"},"query-input":{"@type":"PropertyValueSpecification","valueRequired":true,"valueName":"search_term_string"}}],"inLanguage":"pt-BR"},{"@type":"Organization","@id":"https:\/\/www.notibras.com\/site\/#organization","name":"Grupo Notibras de Comunica\u00e7\u00e3o","url":"https:\/\/www.notibras.com\/site\/","logo":{"@type":"ImageObject","inLanguage":"pt-BR","@id":"https:\/\/www.notibras.com\/site\/#\/schema\/logo\/image\/","url":"https:\/\/www.notibras.com\/site\/wp-content\/uploads\/2023\/01\/notibras23.png","contentUrl":"https:\/\/www.notibras.com\/site\/wp-content\/uploads\/2023\/01\/notibras23.png","width":350,"height":87,"caption":"Grupo Notibras de Comunica\u00e7\u00e3o"},"image":{"@id":"https:\/\/www.notibras.com\/site\/#\/schema\/logo\/image\/"},"sameAs":["https:\/\/www.facebook.com\/notibras\/","https:\/\/x.com\/Notibras","https:\/\/www.instagram.com\/notibras\/"]},{"@type":"Person","@id":"https:\/\/www.notibras.com\/site\/#\/schema\/person\/36ab0979449956132d3e5b517ea76ac8","name":"Reda\u00e7\u00e3o","image":{"@type":"ImageObject","inLanguage":"pt-BR","@id":"https:\/\/secure.gravatar.com\/avatar\/e0a867bdedb85fd243eadf09663511f96fc81e0720a4a42581f334ad4303aa6b?s=96&d=mm&r=g","url":"https:\/\/secure.gravatar.com\/avatar\/e0a867bdedb85fd243eadf09663511f96fc81e0720a4a42581f334ad4303aa6b?s=96&d=mm&r=g","contentUrl":"https:\/\/secure.gravatar.com\/avatar\/e0a867bdedb85fd243eadf09663511f96fc81e0720a4a42581f334ad4303aa6b?s=96&d=mm&r=g","caption":"Reda\u00e7\u00e3o"}}]}},"amp_enabled":true,"_links":{"self":[{"href":"https:\/\/www.notibras.com\/site\/wp-json\/wp\/v2\/posts\/377379","targetHints":{"allow":["GET"]}}],"collection":[{"href":"https:\/\/www.notibras.com\/site\/wp-json\/wp\/v2\/posts"}],"about":[{"href":"https:\/\/www.notibras.com\/site\/wp-json\/wp\/v2\/types\/post"}],"author":[{"embeddable":true,"href":"https:\/\/www.notibras.com\/site\/wp-json\/wp\/v2\/users\/2"}],"replies":[{"embeddable":true,"href":"https:\/\/www.notibras.com\/site\/wp-json\/wp\/v2\/comments?post=377379"}],"version-history":[{"count":3,"href":"https:\/\/www.notibras.com\/site\/wp-json\/wp\/v2\/posts\/377379\/revisions"}],"predecessor-version":[{"id":377383,"href":"https:\/\/www.notibras.com\/site\/wp-json\/wp\/v2\/posts\/377379\/revisions\/377383"}],"wp:featuredmedia":[{"embeddable":true,"href":"https:\/\/www.notibras.com\/site\/wp-json\/wp\/v2\/media\/377380"}],"wp:attachment":[{"href":"https:\/\/www.notibras.com\/site\/wp-json\/wp\/v2\/media?parent=377379"}],"wp:term":[{"taxonomy":"category","embeddable":true,"href":"https:\/\/www.notibras.com\/site\/wp-json\/wp\/v2\/categories?post=377379"},{"taxonomy":"post_tag","embeddable":true,"href":"https:\/\/www.notibras.com\/site\/wp-json\/wp\/v2\/tags?post=377379"}],"curies":[{"name":"wp","href":"https:\/\/api.w.org\/{rel}","templated":true}]}}