{"id":377393,"date":"2026-01-02T08:57:13","date_gmt":"2026-01-02T11:57:13","guid":{"rendered":"https:\/\/www.notibras.com\/site\/?p=377393"},"modified":"2026-01-02T08:57:57","modified_gmt":"2026-01-02T11:57:57","slug":"russia-vai-pra-cima-de-kiev-com-misseis-kinzhal","status":"publish","type":"post","link":"https:\/\/www.notibras.com\/site\/russia-vai-pra-cima-de-kiev-com-misseis-kinzhal\/","title":{"rendered":"R\u00fassia vai pra cima de Kiev com m\u00edsseis Kinzhal"},"content":{"rendered":"<p>As for\u00e7as russas realizaram um ataque maci\u00e7o e seis ataques retaliat\u00f3rios em grupo ao longo da semana, inclusive com m\u00edsseis hipers\u00f4nicos Kinzhal, informou o Minist\u00e9rio da Defesa na sexta-feira, 2. Os ataques teriam como alvo empresas do setor militar-industrial da Ucr\u00e2nia, instala\u00e7\u00f5es de combust\u00edvel e energia que d\u00e3o suporte \u00e0s suas opera\u00e7\u00f5es e infraestrutura militar.<\/p>\n<p>\u201cEm resposta aos ataques terroristas da Ucr\u00e2nia contra instala\u00e7\u00f5es civis em territ\u00f3rio russo, entre 27 de dezembro de 2025 e 2 de janeiro de 2026, as For\u00e7as Armadas da Federa\u00e7\u00e3o Russa realizaram um ataque massivo e seis ataques agrupados utilizando armamento de alta precis\u00e3o, incluindo m\u00edsseis hipers\u00f4nicos Kinzhal lan\u00e7ados do ar\u201d, diz o comunicado.<\/p>\n<p>Como resultado dos ataques, &#8220;empresas do setor militar-industrial da Ucr\u00e2nia foram atingidas, assim como instala\u00e7\u00f5es de energia que d\u00e3o suporte \u00e0 sua opera\u00e7\u00e3o, infraestrutura de transporte e portu\u00e1ria usada em benef\u00edcio das For\u00e7as Armadas Ucranianas, oficinas de montagem que produzem componentes para motores de m\u00edsseis, locais envolvidos na produ\u00e7\u00e3o de ve\u00edculos a\u00e9reos n\u00e3o tripulados de ataque de longo alcance e sua prepara\u00e7\u00e3o para lan\u00e7amento, dep\u00f3sitos de muni\u00e7\u00e3o e combust\u00edvel, e pontos de implanta\u00e7\u00e3o tempor\u00e1ria de forma\u00e7\u00f5es armadas ucranianas, nacionalistas e mercen\u00e1rios estrangeiros&#8221;, acrescentou o comunicado.<\/p>\n<p>Em outras informa\u00e7\u00f5es, o minist\u00e9rio detalhou que o grupo de batalha Tsentr da R\u00fassia eliminou mais de 3.305 soldados ucranianos na \u00faltima semana.<\/p>\n<p>O grupo de batalha Zapad da R\u00fassia tamb\u00e9m eliminou mais de 1.390 soldados ucranianos durante a semana, disse o minist\u00e9rio, acrescentando que a Ucr\u00e2nia tamb\u00e9m perdeu mais de 1.305 soldados em batalhas com o grupo de batalha Sever da R\u00fassia no mesmo per\u00edodo.<\/p>\n<p>O grupo de batalha Vostok eliminou mais de 1.405 soldados ucranianos, enquanto o grupo de batalha Yug eliminou mais de 1.295 soldados, informou o minist\u00e9rio. O grupo de batalha Dnepr eliminou mais de 365 soldados, acrescentou.<\/p>\n<p>O Grupo de Batalha Zapad repeliu 16 ataques de forma\u00e7\u00f5es das For\u00e7as Armadas da Ucr\u00e2nia que tentavam romper as linhas inimigas e chegar a Kupyansk nos \u00faltimos sete dias.<\/p>\n<p>&#8220;Na dire\u00e7\u00e3o de Kupyansk, durante a semana, unidades do 6\u00ba Ex\u00e9rcito repeliram 16 ataques de forma\u00e7\u00f5es das For\u00e7as Armadas da Ucr\u00e2nia, cujo objetivo era romper as linhas inimigas e chegar ao assentamento de Kupyansk, na regi\u00e3o de Kharkiv. Mais de 180 militantes e 30 unidades de equipamento militar foram destru\u00eddos&#8221;, afirmou o minist\u00e9rio em comunicado.<\/p>\n","protected":false},"excerpt":{"rendered":"<p>As for\u00e7as russas realizaram um ataque maci\u00e7o e seis ataques retaliat\u00f3rios em grupo ao longo da semana, inclusive com m\u00edsseis hipers\u00f4nicos Kinzhal, informou o Minist\u00e9rio da Defesa na sexta-feira, 2. Os ataques teriam como alvo empresas do setor militar-industrial da Ucr\u00e2nia, instala\u00e7\u00f5es de combust\u00edvel e energia que d\u00e3o suporte \u00e0s suas opera\u00e7\u00f5es e infraestrutura militar. [&hellip;]<\/p>\n","protected":false},"author":2,"featured_media":377394,"comment_status":"closed","ping_status":"closed","sticky":false,"template":"","format":"standard","meta":{"_acf_changed":false,"footnotes":""},"categories":[159],"tags":[],"class_list":["post-377393","post","type-post","status-publish","format-standard","has-post-thumbnail","hentry","category-apocalipse"],"acf":[],"yoast_head":"<!-- This site is optimized with the Yoast SEO plugin v27.2 - https:\/\/yoast.com\/product\/yoast-seo-wordpress\/ -->\n<title>R\u00fassia vai pra cima de Kiev com m\u00edsseis Kinzhal - Notibras<\/title>\n<meta name=\"robots\" content=\"index, follow, max-snippet:-1, max-image-preview:large, max-video-preview:-1\" \/>\n<link rel=\"canonical\" href=\"https:\/\/www.notibras.com\/site\/russia-vai-pra-cima-de-kiev-com-misseis-kinzhal\/\" \/>\n<meta property=\"og:locale\" content=\"pt_BR\" \/>\n<meta property=\"og:type\" content=\"article\" \/>\n<meta property=\"og:title\" content=\"R\u00fassia vai pra cima de Kiev com m\u00edsseis Kinzhal - Notibras\" \/>\n<meta property=\"og:description\" content=\"As for\u00e7as russas realizaram um ataque maci\u00e7o e seis ataques retaliat\u00f3rios em grupo ao longo da semana, inclusive com m\u00edsseis hipers\u00f4nicos Kinzhal, informou o Minist\u00e9rio da Defesa na sexta-feira, 2. Os ataques teriam como alvo empresas do setor militar-industrial da Ucr\u00e2nia, instala\u00e7\u00f5es de combust\u00edvel e energia que d\u00e3o suporte \u00e0s suas opera\u00e7\u00f5es e infraestrutura militar. [&hellip;]\" \/>\n<meta property=\"og:url\" content=\"https:\/\/www.notibras.com\/site\/russia-vai-pra-cima-de-kiev-com-misseis-kinzhal\/\" \/>\n<meta property=\"og:site_name\" content=\"Notibras\" \/>\n<meta property=\"article:publisher\" content=\"https:\/\/www.facebook.com\/notibras\/\" \/>\n<meta property=\"article:published_time\" content=\"2026-01-02T11:57:13+00:00\" \/>\n<meta property=\"article:modified_time\" content=\"2026-01-02T11:57:57+00:00\" \/>\n<meta property=\"og:image\" content=\"https:\/\/www.notibras.com\/site\/wp-content\/uploads\/2026\/01\/1115874208_0_0_1920_1080_1920x0_80_0_0_fe2d1f078fd2b1b0ac940a6e3089055f.jpg.webp\" \/>\n\t<meta property=\"og:image:width\" content=\"1920\" \/>\n\t<meta property=\"og:image:height\" content=\"1079\" \/>\n\t<meta property=\"og:image:type\" content=\"image\/webp\" \/>\n<meta name=\"author\" content=\"Reda\u00e7\u00e3o\" \/>\n<meta name=\"twitter:card\" content=\"summary_large_image\" \/>\n<meta name=\"twitter:creator\" content=\"@Notibras\" \/>\n<meta name=\"twitter:site\" content=\"@Notibras\" \/>\n<meta name=\"twitter:label1\" content=\"Escrito por\" \/>\n\t<meta name=\"twitter:data1\" content=\"Reda\u00e7\u00e3o\" \/>\n\t<meta name=\"twitter:label2\" content=\"Est. tempo de leitura\" \/>\n\t<meta name=\"twitter:data2\" content=\"3 minutos\" \/>\n<script type=\"application\/ld+json\" class=\"yoast-schema-graph\">{\"@context\":\"https:\/\/schema.org\",\"@graph\":[{\"@type\":\"Article\",\"@id\":\"https:\/\/www.notibras.com\/site\/russia-vai-pra-cima-de-kiev-com-misseis-kinzhal\/#article\",\"isPartOf\":{\"@id\":\"https:\/\/www.notibras.com\/site\/russia-vai-pra-cima-de-kiev-com-misseis-kinzhal\/\"},\"author\":{\"name\":\"Reda\u00e7\u00e3o\",\"@id\":\"https:\/\/www.notibras.com\/site\/#\/schema\/person\/36ab0979449956132d3e5b517ea76ac8\"},\"headline\":\"R\u00fassia vai pra cima de Kiev com m\u00edsseis Kinzhal\",\"datePublished\":\"2026-01-02T11:57:13+00:00\",\"dateModified\":\"2026-01-02T11:57:57+00:00\",\"mainEntityOfPage\":{\"@id\":\"https:\/\/www.notibras.com\/site\/russia-vai-pra-cima-de-kiev-com-misseis-kinzhal\/\"},\"wordCount\":437,\"publisher\":{\"@id\":\"https:\/\/www.notibras.com\/site\/#organization\"},\"image\":{\"@id\":\"https:\/\/www.notibras.com\/site\/russia-vai-pra-cima-de-kiev-com-misseis-kinzhal\/#primaryimage\"},\"thumbnailUrl\":\"https:\/\/www.notibras.com\/site\/wp-content\/uploads\/2026\/01\/1115874208_0_0_1920_1080_1920x0_80_0_0_fe2d1f078fd2b1b0ac940a6e3089055f.jpg.webp\",\"articleSection\":[\"Apocalipse\"],\"inLanguage\":\"pt-BR\"},{\"@type\":\"WebPage\",\"@id\":\"https:\/\/www.notibras.com\/site\/russia-vai-pra-cima-de-kiev-com-misseis-kinzhal\/\",\"url\":\"https:\/\/www.notibras.com\/site\/russia-vai-pra-cima-de-kiev-com-misseis-kinzhal\/\",\"name\":\"R\u00fassia vai pra cima de Kiev com m\u00edsseis Kinzhal - Notibras\",\"isPartOf\":{\"@id\":\"https:\/\/www.notibras.com\/site\/#website\"},\"primaryImageOfPage\":{\"@id\":\"https:\/\/www.notibras.com\/site\/russia-vai-pra-cima-de-kiev-com-misseis-kinzhal\/#primaryimage\"},\"image\":{\"@id\":\"https:\/\/www.notibras.com\/site\/russia-vai-pra-cima-de-kiev-com-misseis-kinzhal\/#primaryimage\"},\"thumbnailUrl\":\"https:\/\/www.notibras.com\/site\/wp-content\/uploads\/2026\/01\/1115874208_0_0_1920_1080_1920x0_80_0_0_fe2d1f078fd2b1b0ac940a6e3089055f.jpg.webp\",\"datePublished\":\"2026-01-02T11:57:13+00:00\",\"dateModified\":\"2026-01-02T11:57:57+00:00\",\"breadcrumb\":{\"@id\":\"https:\/\/www.notibras.com\/site\/russia-vai-pra-cima-de-kiev-com-misseis-kinzhal\/#breadcrumb\"},\"inLanguage\":\"pt-BR\",\"potentialAction\":[{\"@type\":\"ReadAction\",\"target\":[\"https:\/\/www.notibras.com\/site\/russia-vai-pra-cima-de-kiev-com-misseis-kinzhal\/\"]}]},{\"@type\":\"ImageObject\",\"inLanguage\":\"pt-BR\",\"@id\":\"https:\/\/www.notibras.com\/site\/russia-vai-pra-cima-de-kiev-com-misseis-kinzhal\/#primaryimage\",\"url\":\"https:\/\/www.notibras.com\/site\/wp-content\/uploads\/2026\/01\/1115874208_0_0_1920_1080_1920x0_80_0_0_fe2d1f078fd2b1b0ac940a6e3089055f.jpg.webp\",\"contentUrl\":\"https:\/\/www.notibras.com\/site\/wp-content\/uploads\/2026\/01\/1115874208_0_0_1920_1080_1920x0_80_0_0_fe2d1f078fd2b1b0ac940a6e3089055f.jpg.webp\",\"width\":1920,\"height\":1079},{\"@type\":\"BreadcrumbList\",\"@id\":\"https:\/\/www.notibras.com\/site\/russia-vai-pra-cima-de-kiev-com-misseis-kinzhal\/#breadcrumb\",\"itemListElement\":[{\"@type\":\"ListItem\",\"position\":1,\"name\":\"In\u00edcio\",\"item\":\"https:\/\/www.notibras.com\/site\/\"},{\"@type\":\"ListItem\",\"position\":2,\"name\":\"R\u00fassia vai pra cima de Kiev com m\u00edsseis Kinzhal\"}]},{\"@type\":\"WebSite\",\"@id\":\"https:\/\/www.notibras.com\/site\/#website\",\"url\":\"https:\/\/www.notibras.com\/site\/\",\"name\":\"Notibras\",\"description\":\"Not\u00edcias de Bras\u00edlia, do Brasil e do Mundo\",\"publisher\":{\"@id\":\"https:\/\/www.notibras.com\/site\/#organization\"},\"potentialAction\":[{\"@type\":\"SearchAction\",\"target\":{\"@type\":\"EntryPoint\",\"urlTemplate\":\"https:\/\/www.notibras.com\/site\/?s={search_term_string}\"},\"query-input\":{\"@type\":\"PropertyValueSpecification\",\"valueRequired\":true,\"valueName\":\"search_term_string\"}}],\"inLanguage\":\"pt-BR\"},{\"@type\":\"Organization\",\"@id\":\"https:\/\/www.notibras.com\/site\/#organization\",\"name\":\"Grupo Notibras de Comunica\u00e7\u00e3o\",\"url\":\"https:\/\/www.notibras.com\/site\/\",\"logo\":{\"@type\":\"ImageObject\",\"inLanguage\":\"pt-BR\",\"@id\":\"https:\/\/www.notibras.com\/site\/#\/schema\/logo\/image\/\",\"url\":\"https:\/\/www.notibras.com\/site\/wp-content\/uploads\/2023\/01\/notibras23.png\",\"contentUrl\":\"https:\/\/www.notibras.com\/site\/wp-content\/uploads\/2023\/01\/notibras23.png\",\"width\":350,\"height\":87,\"caption\":\"Grupo Notibras de Comunica\u00e7\u00e3o\"},\"image\":{\"@id\":\"https:\/\/www.notibras.com\/site\/#\/schema\/logo\/image\/\"},\"sameAs\":[\"https:\/\/www.facebook.com\/notibras\/\",\"https:\/\/x.com\/Notibras\",\"https:\/\/www.instagram.com\/notibras\/\"]},{\"@type\":\"Person\",\"@id\":\"https:\/\/www.notibras.com\/site\/#\/schema\/person\/36ab0979449956132d3e5b517ea76ac8\",\"name\":\"Reda\u00e7\u00e3o\",\"image\":{\"@type\":\"ImageObject\",\"inLanguage\":\"pt-BR\",\"@id\":\"https:\/\/secure.gravatar.com\/avatar\/e0a867bdedb85fd243eadf09663511f96fc81e0720a4a42581f334ad4303aa6b?s=96&d=mm&r=g\",\"url\":\"https:\/\/secure.gravatar.com\/avatar\/e0a867bdedb85fd243eadf09663511f96fc81e0720a4a42581f334ad4303aa6b?s=96&d=mm&r=g\",\"contentUrl\":\"https:\/\/secure.gravatar.com\/avatar\/e0a867bdedb85fd243eadf09663511f96fc81e0720a4a42581f334ad4303aa6b?s=96&d=mm&r=g\",\"caption\":\"Reda\u00e7\u00e3o\"}}]}<\/script>\n<!-- \/ Yoast SEO plugin. -->","yoast_head_json":{"title":"R\u00fassia vai pra cima de Kiev com m\u00edsseis Kinzhal - Notibras","robots":{"index":"index","follow":"follow","max-snippet":"max-snippet:-1","max-image-preview":"max-image-preview:large","max-video-preview":"max-video-preview:-1"},"canonical":"https:\/\/www.notibras.com\/site\/russia-vai-pra-cima-de-kiev-com-misseis-kinzhal\/","og_locale":"pt_BR","og_type":"article","og_title":"R\u00fassia vai pra cima de Kiev com m\u00edsseis Kinzhal - Notibras","og_description":"As for\u00e7as russas realizaram um ataque maci\u00e7o e seis ataques retaliat\u00f3rios em grupo ao longo da semana, inclusive com m\u00edsseis hipers\u00f4nicos Kinzhal, informou o Minist\u00e9rio da Defesa na sexta-feira, 2. Os ataques teriam como alvo empresas do setor militar-industrial da Ucr\u00e2nia, instala\u00e7\u00f5es de combust\u00edvel e energia que d\u00e3o suporte \u00e0s suas opera\u00e7\u00f5es e infraestrutura militar. [&hellip;]","og_url":"https:\/\/www.notibras.com\/site\/russia-vai-pra-cima-de-kiev-com-misseis-kinzhal\/","og_site_name":"Notibras","article_publisher":"https:\/\/www.facebook.com\/notibras\/","article_published_time":"2026-01-02T11:57:13+00:00","article_modified_time":"2026-01-02T11:57:57+00:00","og_image":[{"width":1920,"height":1079,"url":"https:\/\/www.notibras.com\/site\/wp-content\/uploads\/2026\/01\/1115874208_0_0_1920_1080_1920x0_80_0_0_fe2d1f078fd2b1b0ac940a6e3089055f.jpg.webp","type":"image\/webp"}],"author":"Reda\u00e7\u00e3o","twitter_card":"summary_large_image","twitter_creator":"@Notibras","twitter_site":"@Notibras","twitter_misc":{"Escrito por":"Reda\u00e7\u00e3o","Est. tempo de leitura":"3 minutos"},"schema":{"@context":"https:\/\/schema.org","@graph":[{"@type":"Article","@id":"https:\/\/www.notibras.com\/site\/russia-vai-pra-cima-de-kiev-com-misseis-kinzhal\/#article","isPartOf":{"@id":"https:\/\/www.notibras.com\/site\/russia-vai-pra-cima-de-kiev-com-misseis-kinzhal\/"},"author":{"name":"Reda\u00e7\u00e3o","@id":"https:\/\/www.notibras.com\/site\/#\/schema\/person\/36ab0979449956132d3e5b517ea76ac8"},"headline":"R\u00fassia vai pra cima de Kiev com m\u00edsseis Kinzhal","datePublished":"2026-01-02T11:57:13+00:00","dateModified":"2026-01-02T11:57:57+00:00","mainEntityOfPage":{"@id":"https:\/\/www.notibras.com\/site\/russia-vai-pra-cima-de-kiev-com-misseis-kinzhal\/"},"wordCount":437,"publisher":{"@id":"https:\/\/www.notibras.com\/site\/#organization"},"image":{"@id":"https:\/\/www.notibras.com\/site\/russia-vai-pra-cima-de-kiev-com-misseis-kinzhal\/#primaryimage"},"thumbnailUrl":"https:\/\/www.notibras.com\/site\/wp-content\/uploads\/2026\/01\/1115874208_0_0_1920_1080_1920x0_80_0_0_fe2d1f078fd2b1b0ac940a6e3089055f.jpg.webp","articleSection":["Apocalipse"],"inLanguage":"pt-BR"},{"@type":"WebPage","@id":"https:\/\/www.notibras.com\/site\/russia-vai-pra-cima-de-kiev-com-misseis-kinzhal\/","url":"https:\/\/www.notibras.com\/site\/russia-vai-pra-cima-de-kiev-com-misseis-kinzhal\/","name":"R\u00fassia vai pra cima de Kiev com m\u00edsseis Kinzhal - Notibras","isPartOf":{"@id":"https:\/\/www.notibras.com\/site\/#website"},"primaryImageOfPage":{"@id":"https:\/\/www.notibras.com\/site\/russia-vai-pra-cima-de-kiev-com-misseis-kinzhal\/#primaryimage"},"image":{"@id":"https:\/\/www.notibras.com\/site\/russia-vai-pra-cima-de-kiev-com-misseis-kinzhal\/#primaryimage"},"thumbnailUrl":"https:\/\/www.notibras.com\/site\/wp-content\/uploads\/2026\/01\/1115874208_0_0_1920_1080_1920x0_80_0_0_fe2d1f078fd2b1b0ac940a6e3089055f.jpg.webp","datePublished":"2026-01-02T11:57:13+00:00","dateModified":"2026-01-02T11:57:57+00:00","breadcrumb":{"@id":"https:\/\/www.notibras.com\/site\/russia-vai-pra-cima-de-kiev-com-misseis-kinzhal\/#breadcrumb"},"inLanguage":"pt-BR","potentialAction":[{"@type":"ReadAction","target":["https:\/\/www.notibras.com\/site\/russia-vai-pra-cima-de-kiev-com-misseis-kinzhal\/"]}]},{"@type":"ImageObject","inLanguage":"pt-BR","@id":"https:\/\/www.notibras.com\/site\/russia-vai-pra-cima-de-kiev-com-misseis-kinzhal\/#primaryimage","url":"https:\/\/www.notibras.com\/site\/wp-content\/uploads\/2026\/01\/1115874208_0_0_1920_1080_1920x0_80_0_0_fe2d1f078fd2b1b0ac940a6e3089055f.jpg.webp","contentUrl":"https:\/\/www.notibras.com\/site\/wp-content\/uploads\/2026\/01\/1115874208_0_0_1920_1080_1920x0_80_0_0_fe2d1f078fd2b1b0ac940a6e3089055f.jpg.webp","width":1920,"height":1079},{"@type":"BreadcrumbList","@id":"https:\/\/www.notibras.com\/site\/russia-vai-pra-cima-de-kiev-com-misseis-kinzhal\/#breadcrumb","itemListElement":[{"@type":"ListItem","position":1,"name":"In\u00edcio","item":"https:\/\/www.notibras.com\/site\/"},{"@type":"ListItem","position":2,"name":"R\u00fassia vai pra cima de Kiev com m\u00edsseis Kinzhal"}]},{"@type":"WebSite","@id":"https:\/\/www.notibras.com\/site\/#website","url":"https:\/\/www.notibras.com\/site\/","name":"Notibras","description":"Not\u00edcias de Bras\u00edlia, do Brasil e do Mundo","publisher":{"@id":"https:\/\/www.notibras.com\/site\/#organization"},"potentialAction":[{"@type":"SearchAction","target":{"@type":"EntryPoint","urlTemplate":"https:\/\/www.notibras.com\/site\/?s={search_term_string}"},"query-input":{"@type":"PropertyValueSpecification","valueRequired":true,"valueName":"search_term_string"}}],"inLanguage":"pt-BR"},{"@type":"Organization","@id":"https:\/\/www.notibras.com\/site\/#organization","name":"Grupo Notibras de Comunica\u00e7\u00e3o","url":"https:\/\/www.notibras.com\/site\/","logo":{"@type":"ImageObject","inLanguage":"pt-BR","@id":"https:\/\/www.notibras.com\/site\/#\/schema\/logo\/image\/","url":"https:\/\/www.notibras.com\/site\/wp-content\/uploads\/2023\/01\/notibras23.png","contentUrl":"https:\/\/www.notibras.com\/site\/wp-content\/uploads\/2023\/01\/notibras23.png","width":350,"height":87,"caption":"Grupo Notibras de Comunica\u00e7\u00e3o"},"image":{"@id":"https:\/\/www.notibras.com\/site\/#\/schema\/logo\/image\/"},"sameAs":["https:\/\/www.facebook.com\/notibras\/","https:\/\/x.com\/Notibras","https:\/\/www.instagram.com\/notibras\/"]},{"@type":"Person","@id":"https:\/\/www.notibras.com\/site\/#\/schema\/person\/36ab0979449956132d3e5b517ea76ac8","name":"Reda\u00e7\u00e3o","image":{"@type":"ImageObject","inLanguage":"pt-BR","@id":"https:\/\/secure.gravatar.com\/avatar\/e0a867bdedb85fd243eadf09663511f96fc81e0720a4a42581f334ad4303aa6b?s=96&d=mm&r=g","url":"https:\/\/secure.gravatar.com\/avatar\/e0a867bdedb85fd243eadf09663511f96fc81e0720a4a42581f334ad4303aa6b?s=96&d=mm&r=g","contentUrl":"https:\/\/secure.gravatar.com\/avatar\/e0a867bdedb85fd243eadf09663511f96fc81e0720a4a42581f334ad4303aa6b?s=96&d=mm&r=g","caption":"Reda\u00e7\u00e3o"}}]}},"amp_enabled":true,"_links":{"self":[{"href":"https:\/\/www.notibras.com\/site\/wp-json\/wp\/v2\/posts\/377393","targetHints":{"allow":["GET"]}}],"collection":[{"href":"https:\/\/www.notibras.com\/site\/wp-json\/wp\/v2\/posts"}],"about":[{"href":"https:\/\/www.notibras.com\/site\/wp-json\/wp\/v2\/types\/post"}],"author":[{"embeddable":true,"href":"https:\/\/www.notibras.com\/site\/wp-json\/wp\/v2\/users\/2"}],"replies":[{"embeddable":true,"href":"https:\/\/www.notibras.com\/site\/wp-json\/wp\/v2\/comments?post=377393"}],"version-history":[{"count":2,"href":"https:\/\/www.notibras.com\/site\/wp-json\/wp\/v2\/posts\/377393\/revisions"}],"predecessor-version":[{"id":377396,"href":"https:\/\/www.notibras.com\/site\/wp-json\/wp\/v2\/posts\/377393\/revisions\/377396"}],"wp:featuredmedia":[{"embeddable":true,"href":"https:\/\/www.notibras.com\/site\/wp-json\/wp\/v2\/media\/377394"}],"wp:attachment":[{"href":"https:\/\/www.notibras.com\/site\/wp-json\/wp\/v2\/media?parent=377393"}],"wp:term":[{"taxonomy":"category","embeddable":true,"href":"https:\/\/www.notibras.com\/site\/wp-json\/wp\/v2\/categories?post=377393"},{"taxonomy":"post_tag","embeddable":true,"href":"https:\/\/www.notibras.com\/site\/wp-json\/wp\/v2\/tags?post=377393"}],"curies":[{"name":"wp","href":"https:\/\/api.w.org\/{rel}","templated":true}]}}