{"id":377401,"date":"2026-01-02T10:16:53","date_gmt":"2026-01-02T13:16:53","guid":{"rendered":"https:\/\/www.notibras.com\/site\/?p=377401"},"modified":"2026-01-02T10:29:55","modified_gmt":"2026-01-02T13:29:55","slug":"policia-federal-manda-eduardo-voltar-ao-cargo-de-escrivao","status":"publish","type":"post","link":"https:\/\/www.notibras.com\/site\/policia-federal-manda-eduardo-voltar-ao-cargo-de-escrivao\/","title":{"rendered":"Pol\u00edcia Federal manda Eduardo voltar ao cargo de escriv\u00e3o"},"content":{"rendered":"<p>A Pol\u00edcia Federal determinou o \u201cretorno imediato\u201d de Eduardo Bolsonaro ao cargo de escriv\u00e3o, carreira da qual estava afastado para exercer o mandato de deputado federal. O filho do ex-presidente Jair Bolsonaro est\u00e1 foragido em territ\u00f3rio norte-americano.<\/p>\n<p>Eleito deputado federal pelo estado de S\u00e3o Paulo pela primeira vez em 2015, Eduardo Bolsonaro teve seu \u00faltimo mandato cassado no dia 18 de dezembro por n\u00e3o ter comparecido \u00e0s sess\u00f5es deliberativas da C\u00e2mara dos Deputados.<\/p>\n<p>Como n\u00e3o ocupa mais o cargo de deputado, ele dever\u00e1 retornar \u00e0 Pol\u00edcia Federal. O ato declarat\u00f3rio da corpora\u00e7\u00e3o foi publicado no Di\u00e1rio Oficial da Uni\u00e3o desta sexta-feira (2) e determina \u201ca cessa\u00e7\u00e3o do afastamento para exerc\u00edcio de mandato eletivo, a partir de 19 de dezembro de 2025\u201d.<\/p>\n<p><strong>Fuga para os EUA<\/strong><br \/>\nEm mar\u00e7o do ano passado, Eduardo Bolsonaro fugiu para os Estados Unidos e pediu licen\u00e7a do mandato parlamentar. A licen\u00e7a terminou em 21 de julho, mas o parlamentar n\u00e3o retornou ao Brasil e j\u00e1 acumulava um n\u00famero expressivo de faltas n\u00e3o justificadas em sess\u00f5es plen\u00e1rias.<\/p>\n<p>Em setembro, Motta rejeitou a indica\u00e7\u00e3o do deputado para exercer a lideran\u00e7a da minoria na Casa, argumentando que n\u00e3o h\u00e1 possibilidade de exercer o mandato parlamentar estando ausente do territ\u00f3rio nacional.<\/p>\n<p>Eduardo Bolsonaro tamb\u00e9m \u00e9 r\u00e9u em processo no STF por promover san\u00e7\u00f5es contra o Brasil para evitar o julgamento de seu pai, Jair Bolsonaro, pela trama golpista.<\/p>\n","protected":false},"excerpt":{"rendered":"<p>A Pol\u00edcia Federal determinou o \u201cretorno imediato\u201d de Eduardo Bolsonaro ao cargo de escriv\u00e3o, carreira da qual estava afastado para exercer o mandato de deputado federal. O filho do ex-presidente Jair Bolsonaro est\u00e1 foragido em territ\u00f3rio norte-americano. Eleito deputado federal pelo estado de S\u00e3o Paulo pela primeira vez em 2015, Eduardo Bolsonaro teve seu \u00faltimo [&hellip;]<\/p>\n","protected":false},"author":2,"featured_media":377402,"comment_status":"closed","ping_status":"closed","sticky":false,"template":"","format":"standard","meta":{"_acf_changed":false,"footnotes":""},"categories":[16],"tags":[95],"class_list":["post-377401","post","type-post","status-publish","format-standard","has-post-thumbnail","hentry","category-brasil","tag-capa"],"acf":[],"yoast_head":"<!-- This site is optimized with the Yoast SEO plugin v27.2 - https:\/\/yoast.com\/product\/yoast-seo-wordpress\/ -->\n<title>Pol\u00edcia Federal manda Eduardo voltar ao cargo de escriv\u00e3o - Notibras<\/title>\n<meta name=\"robots\" content=\"index, follow, max-snippet:-1, max-image-preview:large, max-video-preview:-1\" \/>\n<link rel=\"canonical\" href=\"https:\/\/www.notibras.com\/site\/policia-federal-manda-eduardo-voltar-ao-cargo-de-escrivao\/\" \/>\n<meta property=\"og:locale\" content=\"pt_BR\" \/>\n<meta property=\"og:type\" content=\"article\" \/>\n<meta property=\"og:title\" content=\"Pol\u00edcia Federal manda Eduardo voltar ao cargo de escriv\u00e3o - Notibras\" \/>\n<meta property=\"og:description\" content=\"A Pol\u00edcia Federal determinou o \u201cretorno imediato\u201d de Eduardo Bolsonaro ao cargo de escriv\u00e3o, carreira da qual estava afastado para exercer o mandato de deputado federal. O filho do ex-presidente Jair Bolsonaro est\u00e1 foragido em territ\u00f3rio norte-americano. Eleito deputado federal pelo estado de S\u00e3o Paulo pela primeira vez em 2015, Eduardo Bolsonaro teve seu \u00faltimo [&hellip;]\" \/>\n<meta property=\"og:url\" content=\"https:\/\/www.notibras.com\/site\/policia-federal-manda-eduardo-voltar-ao-cargo-de-escrivao\/\" \/>\n<meta property=\"og:site_name\" content=\"Notibras\" \/>\n<meta property=\"article:publisher\" content=\"https:\/\/www.facebook.com\/notibras\/\" \/>\n<meta property=\"article:published_time\" content=\"2026-01-02T13:16:53+00:00\" \/>\n<meta property=\"article:modified_time\" content=\"2026-01-02T13:29:55+00:00\" \/>\n<meta property=\"og:image\" content=\"https:\/\/www.notibras.com\/site\/wp-content\/uploads\/2026\/01\/lula6805-2.webp\" \/>\n\t<meta property=\"og:image:width\" content=\"1170\" \/>\n\t<meta property=\"og:image:height\" content=\"700\" \/>\n\t<meta property=\"og:image:type\" content=\"image\/webp\" \/>\n<meta name=\"author\" content=\"Reda\u00e7\u00e3o\" \/>\n<meta name=\"twitter:card\" content=\"summary_large_image\" \/>\n<meta name=\"twitter:creator\" content=\"@Notibras\" \/>\n<meta name=\"twitter:site\" content=\"@Notibras\" \/>\n<meta name=\"twitter:label1\" content=\"Escrito por\" \/>\n\t<meta name=\"twitter:data1\" content=\"Reda\u00e7\u00e3o\" \/>\n\t<meta name=\"twitter:label2\" content=\"Est. tempo de leitura\" \/>\n\t<meta name=\"twitter:data2\" content=\"2 minutos\" \/>\n<script type=\"application\/ld+json\" class=\"yoast-schema-graph\">{\"@context\":\"https:\/\/schema.org\",\"@graph\":[{\"@type\":\"Article\",\"@id\":\"https:\/\/www.notibras.com\/site\/policia-federal-manda-eduardo-voltar-ao-cargo-de-escrivao\/#article\",\"isPartOf\":{\"@id\":\"https:\/\/www.notibras.com\/site\/policia-federal-manda-eduardo-voltar-ao-cargo-de-escrivao\/\"},\"author\":{\"name\":\"Reda\u00e7\u00e3o\",\"@id\":\"https:\/\/www.notibras.com\/site\/#\/schema\/person\/36ab0979449956132d3e5b517ea76ac8\"},\"headline\":\"Pol\u00edcia Federal manda Eduardo voltar ao cargo de escriv\u00e3o\",\"datePublished\":\"2026-01-02T13:16:53+00:00\",\"dateModified\":\"2026-01-02T13:29:55+00:00\",\"mainEntityOfPage\":{\"@id\":\"https:\/\/www.notibras.com\/site\/policia-federal-manda-eduardo-voltar-ao-cargo-de-escrivao\/\"},\"wordCount\":261,\"publisher\":{\"@id\":\"https:\/\/www.notibras.com\/site\/#organization\"},\"image\":{\"@id\":\"https:\/\/www.notibras.com\/site\/policia-federal-manda-eduardo-voltar-ao-cargo-de-escrivao\/#primaryimage\"},\"thumbnailUrl\":\"https:\/\/www.notibras.com\/site\/wp-content\/uploads\/2026\/01\/lula6805-2.webp\",\"keywords\":[\"capa\"],\"articleSection\":[\"Brasil\"],\"inLanguage\":\"pt-BR\"},{\"@type\":\"WebPage\",\"@id\":\"https:\/\/www.notibras.com\/site\/policia-federal-manda-eduardo-voltar-ao-cargo-de-escrivao\/\",\"url\":\"https:\/\/www.notibras.com\/site\/policia-federal-manda-eduardo-voltar-ao-cargo-de-escrivao\/\",\"name\":\"Pol\u00edcia Federal manda Eduardo voltar ao cargo de escriv\u00e3o - Notibras\",\"isPartOf\":{\"@id\":\"https:\/\/www.notibras.com\/site\/#website\"},\"primaryImageOfPage\":{\"@id\":\"https:\/\/www.notibras.com\/site\/policia-federal-manda-eduardo-voltar-ao-cargo-de-escrivao\/#primaryimage\"},\"image\":{\"@id\":\"https:\/\/www.notibras.com\/site\/policia-federal-manda-eduardo-voltar-ao-cargo-de-escrivao\/#primaryimage\"},\"thumbnailUrl\":\"https:\/\/www.notibras.com\/site\/wp-content\/uploads\/2026\/01\/lula6805-2.webp\",\"datePublished\":\"2026-01-02T13:16:53+00:00\",\"dateModified\":\"2026-01-02T13:29:55+00:00\",\"breadcrumb\":{\"@id\":\"https:\/\/www.notibras.com\/site\/policia-federal-manda-eduardo-voltar-ao-cargo-de-escrivao\/#breadcrumb\"},\"inLanguage\":\"pt-BR\",\"potentialAction\":[{\"@type\":\"ReadAction\",\"target\":[\"https:\/\/www.notibras.com\/site\/policia-federal-manda-eduardo-voltar-ao-cargo-de-escrivao\/\"]}]},{\"@type\":\"ImageObject\",\"inLanguage\":\"pt-BR\",\"@id\":\"https:\/\/www.notibras.com\/site\/policia-federal-manda-eduardo-voltar-ao-cargo-de-escrivao\/#primaryimage\",\"url\":\"https:\/\/www.notibras.com\/site\/wp-content\/uploads\/2026\/01\/lula6805-2.webp\",\"contentUrl\":\"https:\/\/www.notibras.com\/site\/wp-content\/uploads\/2026\/01\/lula6805-2.webp\",\"width\":1170,\"height\":700},{\"@type\":\"BreadcrumbList\",\"@id\":\"https:\/\/www.notibras.com\/site\/policia-federal-manda-eduardo-voltar-ao-cargo-de-escrivao\/#breadcrumb\",\"itemListElement\":[{\"@type\":\"ListItem\",\"position\":1,\"name\":\"In\u00edcio\",\"item\":\"https:\/\/www.notibras.com\/site\/\"},{\"@type\":\"ListItem\",\"position\":2,\"name\":\"Pol\u00edcia Federal manda Eduardo voltar ao cargo de escriv\u00e3o\"}]},{\"@type\":\"WebSite\",\"@id\":\"https:\/\/www.notibras.com\/site\/#website\",\"url\":\"https:\/\/www.notibras.com\/site\/\",\"name\":\"Notibras\",\"description\":\"Not\u00edcias de Bras\u00edlia, do Brasil e do Mundo\",\"publisher\":{\"@id\":\"https:\/\/www.notibras.com\/site\/#organization\"},\"potentialAction\":[{\"@type\":\"SearchAction\",\"target\":{\"@type\":\"EntryPoint\",\"urlTemplate\":\"https:\/\/www.notibras.com\/site\/?s={search_term_string}\"},\"query-input\":{\"@type\":\"PropertyValueSpecification\",\"valueRequired\":true,\"valueName\":\"search_term_string\"}}],\"inLanguage\":\"pt-BR\"},{\"@type\":\"Organization\",\"@id\":\"https:\/\/www.notibras.com\/site\/#organization\",\"name\":\"Grupo Notibras de Comunica\u00e7\u00e3o\",\"url\":\"https:\/\/www.notibras.com\/site\/\",\"logo\":{\"@type\":\"ImageObject\",\"inLanguage\":\"pt-BR\",\"@id\":\"https:\/\/www.notibras.com\/site\/#\/schema\/logo\/image\/\",\"url\":\"https:\/\/www.notibras.com\/site\/wp-content\/uploads\/2023\/01\/notibras23.png\",\"contentUrl\":\"https:\/\/www.notibras.com\/site\/wp-content\/uploads\/2023\/01\/notibras23.png\",\"width\":350,\"height\":87,\"caption\":\"Grupo Notibras de Comunica\u00e7\u00e3o\"},\"image\":{\"@id\":\"https:\/\/www.notibras.com\/site\/#\/schema\/logo\/image\/\"},\"sameAs\":[\"https:\/\/www.facebook.com\/notibras\/\",\"https:\/\/x.com\/Notibras\",\"https:\/\/www.instagram.com\/notibras\/\"]},{\"@type\":\"Person\",\"@id\":\"https:\/\/www.notibras.com\/site\/#\/schema\/person\/36ab0979449956132d3e5b517ea76ac8\",\"name\":\"Reda\u00e7\u00e3o\",\"image\":{\"@type\":\"ImageObject\",\"inLanguage\":\"pt-BR\",\"@id\":\"https:\/\/secure.gravatar.com\/avatar\/e0a867bdedb85fd243eadf09663511f96fc81e0720a4a42581f334ad4303aa6b?s=96&d=mm&r=g\",\"url\":\"https:\/\/secure.gravatar.com\/avatar\/e0a867bdedb85fd243eadf09663511f96fc81e0720a4a42581f334ad4303aa6b?s=96&d=mm&r=g\",\"contentUrl\":\"https:\/\/secure.gravatar.com\/avatar\/e0a867bdedb85fd243eadf09663511f96fc81e0720a4a42581f334ad4303aa6b?s=96&d=mm&r=g\",\"caption\":\"Reda\u00e7\u00e3o\"}}]}<\/script>\n<!-- \/ Yoast SEO plugin. -->","yoast_head_json":{"title":"Pol\u00edcia Federal manda Eduardo voltar ao cargo de escriv\u00e3o - Notibras","robots":{"index":"index","follow":"follow","max-snippet":"max-snippet:-1","max-image-preview":"max-image-preview:large","max-video-preview":"max-video-preview:-1"},"canonical":"https:\/\/www.notibras.com\/site\/policia-federal-manda-eduardo-voltar-ao-cargo-de-escrivao\/","og_locale":"pt_BR","og_type":"article","og_title":"Pol\u00edcia Federal manda Eduardo voltar ao cargo de escriv\u00e3o - Notibras","og_description":"A Pol\u00edcia Federal determinou o \u201cretorno imediato\u201d de Eduardo Bolsonaro ao cargo de escriv\u00e3o, carreira da qual estava afastado para exercer o mandato de deputado federal. O filho do ex-presidente Jair Bolsonaro est\u00e1 foragido em territ\u00f3rio norte-americano. Eleito deputado federal pelo estado de S\u00e3o Paulo pela primeira vez em 2015, Eduardo Bolsonaro teve seu \u00faltimo [&hellip;]","og_url":"https:\/\/www.notibras.com\/site\/policia-federal-manda-eduardo-voltar-ao-cargo-de-escrivao\/","og_site_name":"Notibras","article_publisher":"https:\/\/www.facebook.com\/notibras\/","article_published_time":"2026-01-02T13:16:53+00:00","article_modified_time":"2026-01-02T13:29:55+00:00","og_image":[{"width":1170,"height":700,"url":"https:\/\/www.notibras.com\/site\/wp-content\/uploads\/2026\/01\/lula6805-2.webp","type":"image\/webp"}],"author":"Reda\u00e7\u00e3o","twitter_card":"summary_large_image","twitter_creator":"@Notibras","twitter_site":"@Notibras","twitter_misc":{"Escrito por":"Reda\u00e7\u00e3o","Est. tempo de leitura":"2 minutos"},"schema":{"@context":"https:\/\/schema.org","@graph":[{"@type":"Article","@id":"https:\/\/www.notibras.com\/site\/policia-federal-manda-eduardo-voltar-ao-cargo-de-escrivao\/#article","isPartOf":{"@id":"https:\/\/www.notibras.com\/site\/policia-federal-manda-eduardo-voltar-ao-cargo-de-escrivao\/"},"author":{"name":"Reda\u00e7\u00e3o","@id":"https:\/\/www.notibras.com\/site\/#\/schema\/person\/36ab0979449956132d3e5b517ea76ac8"},"headline":"Pol\u00edcia Federal manda Eduardo voltar ao cargo de escriv\u00e3o","datePublished":"2026-01-02T13:16:53+00:00","dateModified":"2026-01-02T13:29:55+00:00","mainEntityOfPage":{"@id":"https:\/\/www.notibras.com\/site\/policia-federal-manda-eduardo-voltar-ao-cargo-de-escrivao\/"},"wordCount":261,"publisher":{"@id":"https:\/\/www.notibras.com\/site\/#organization"},"image":{"@id":"https:\/\/www.notibras.com\/site\/policia-federal-manda-eduardo-voltar-ao-cargo-de-escrivao\/#primaryimage"},"thumbnailUrl":"https:\/\/www.notibras.com\/site\/wp-content\/uploads\/2026\/01\/lula6805-2.webp","keywords":["capa"],"articleSection":["Brasil"],"inLanguage":"pt-BR"},{"@type":"WebPage","@id":"https:\/\/www.notibras.com\/site\/policia-federal-manda-eduardo-voltar-ao-cargo-de-escrivao\/","url":"https:\/\/www.notibras.com\/site\/policia-federal-manda-eduardo-voltar-ao-cargo-de-escrivao\/","name":"Pol\u00edcia Federal manda Eduardo voltar ao cargo de escriv\u00e3o - Notibras","isPartOf":{"@id":"https:\/\/www.notibras.com\/site\/#website"},"primaryImageOfPage":{"@id":"https:\/\/www.notibras.com\/site\/policia-federal-manda-eduardo-voltar-ao-cargo-de-escrivao\/#primaryimage"},"image":{"@id":"https:\/\/www.notibras.com\/site\/policia-federal-manda-eduardo-voltar-ao-cargo-de-escrivao\/#primaryimage"},"thumbnailUrl":"https:\/\/www.notibras.com\/site\/wp-content\/uploads\/2026\/01\/lula6805-2.webp","datePublished":"2026-01-02T13:16:53+00:00","dateModified":"2026-01-02T13:29:55+00:00","breadcrumb":{"@id":"https:\/\/www.notibras.com\/site\/policia-federal-manda-eduardo-voltar-ao-cargo-de-escrivao\/#breadcrumb"},"inLanguage":"pt-BR","potentialAction":[{"@type":"ReadAction","target":["https:\/\/www.notibras.com\/site\/policia-federal-manda-eduardo-voltar-ao-cargo-de-escrivao\/"]}]},{"@type":"ImageObject","inLanguage":"pt-BR","@id":"https:\/\/www.notibras.com\/site\/policia-federal-manda-eduardo-voltar-ao-cargo-de-escrivao\/#primaryimage","url":"https:\/\/www.notibras.com\/site\/wp-content\/uploads\/2026\/01\/lula6805-2.webp","contentUrl":"https:\/\/www.notibras.com\/site\/wp-content\/uploads\/2026\/01\/lula6805-2.webp","width":1170,"height":700},{"@type":"BreadcrumbList","@id":"https:\/\/www.notibras.com\/site\/policia-federal-manda-eduardo-voltar-ao-cargo-de-escrivao\/#breadcrumb","itemListElement":[{"@type":"ListItem","position":1,"name":"In\u00edcio","item":"https:\/\/www.notibras.com\/site\/"},{"@type":"ListItem","position":2,"name":"Pol\u00edcia Federal manda Eduardo voltar ao cargo de escriv\u00e3o"}]},{"@type":"WebSite","@id":"https:\/\/www.notibras.com\/site\/#website","url":"https:\/\/www.notibras.com\/site\/","name":"Notibras","description":"Not\u00edcias de Bras\u00edlia, do Brasil e do Mundo","publisher":{"@id":"https:\/\/www.notibras.com\/site\/#organization"},"potentialAction":[{"@type":"SearchAction","target":{"@type":"EntryPoint","urlTemplate":"https:\/\/www.notibras.com\/site\/?s={search_term_string}"},"query-input":{"@type":"PropertyValueSpecification","valueRequired":true,"valueName":"search_term_string"}}],"inLanguage":"pt-BR"},{"@type":"Organization","@id":"https:\/\/www.notibras.com\/site\/#organization","name":"Grupo Notibras de Comunica\u00e7\u00e3o","url":"https:\/\/www.notibras.com\/site\/","logo":{"@type":"ImageObject","inLanguage":"pt-BR","@id":"https:\/\/www.notibras.com\/site\/#\/schema\/logo\/image\/","url":"https:\/\/www.notibras.com\/site\/wp-content\/uploads\/2023\/01\/notibras23.png","contentUrl":"https:\/\/www.notibras.com\/site\/wp-content\/uploads\/2023\/01\/notibras23.png","width":350,"height":87,"caption":"Grupo Notibras de Comunica\u00e7\u00e3o"},"image":{"@id":"https:\/\/www.notibras.com\/site\/#\/schema\/logo\/image\/"},"sameAs":["https:\/\/www.facebook.com\/notibras\/","https:\/\/x.com\/Notibras","https:\/\/www.instagram.com\/notibras\/"]},{"@type":"Person","@id":"https:\/\/www.notibras.com\/site\/#\/schema\/person\/36ab0979449956132d3e5b517ea76ac8","name":"Reda\u00e7\u00e3o","image":{"@type":"ImageObject","inLanguage":"pt-BR","@id":"https:\/\/secure.gravatar.com\/avatar\/e0a867bdedb85fd243eadf09663511f96fc81e0720a4a42581f334ad4303aa6b?s=96&d=mm&r=g","url":"https:\/\/secure.gravatar.com\/avatar\/e0a867bdedb85fd243eadf09663511f96fc81e0720a4a42581f334ad4303aa6b?s=96&d=mm&r=g","contentUrl":"https:\/\/secure.gravatar.com\/avatar\/e0a867bdedb85fd243eadf09663511f96fc81e0720a4a42581f334ad4303aa6b?s=96&d=mm&r=g","caption":"Reda\u00e7\u00e3o"}}]}},"amp_enabled":true,"_links":{"self":[{"href":"https:\/\/www.notibras.com\/site\/wp-json\/wp\/v2\/posts\/377401","targetHints":{"allow":["GET"]}}],"collection":[{"href":"https:\/\/www.notibras.com\/site\/wp-json\/wp\/v2\/posts"}],"about":[{"href":"https:\/\/www.notibras.com\/site\/wp-json\/wp\/v2\/types\/post"}],"author":[{"embeddable":true,"href":"https:\/\/www.notibras.com\/site\/wp-json\/wp\/v2\/users\/2"}],"replies":[{"embeddable":true,"href":"https:\/\/www.notibras.com\/site\/wp-json\/wp\/v2\/comments?post=377401"}],"version-history":[{"count":1,"href":"https:\/\/www.notibras.com\/site\/wp-json\/wp\/v2\/posts\/377401\/revisions"}],"predecessor-version":[{"id":377403,"href":"https:\/\/www.notibras.com\/site\/wp-json\/wp\/v2\/posts\/377401\/revisions\/377403"}],"wp:featuredmedia":[{"embeddable":true,"href":"https:\/\/www.notibras.com\/site\/wp-json\/wp\/v2\/media\/377402"}],"wp:attachment":[{"href":"https:\/\/www.notibras.com\/site\/wp-json\/wp\/v2\/media?parent=377401"}],"wp:term":[{"taxonomy":"category","embeddable":true,"href":"https:\/\/www.notibras.com\/site\/wp-json\/wp\/v2\/categories?post=377401"},{"taxonomy":"post_tag","embeddable":true,"href":"https:\/\/www.notibras.com\/site\/wp-json\/wp\/v2\/tags?post=377401"}],"curies":[{"name":"wp","href":"https:\/\/api.w.org\/{rel}","templated":true}]}}