{"id":377407,"date":"2026-01-02T10:55:41","date_gmt":"2026-01-02T13:55:41","guid":{"rendered":"https:\/\/www.notibras.com\/site\/?p=377407"},"modified":"2026-01-02T10:59:56","modified_gmt":"2026-01-02T13:59:56","slug":"ano-de-sao-jorge-2026-derrubara-mascaras-e-resgatara-a-verdade","status":"publish","type":"post","link":"https:\/\/www.notibras.com\/site\/ano-de-sao-jorge-2026-derrubara-mascaras-e-resgatara-a-verdade\/","title":{"rendered":"Ano de S\u00e3o Jorge, 2026 derrubar\u00e1 m\u00e1scaras e resgatar\u00e1 a verdade"},"content":{"rendered":"<p data-start=\"463\" data-end=\"870\">No calend\u00e1rio invis\u00edvel que rege os ciclos humanos, alguns anos n\u00e3o chegam em sil\u00eancio. Eles batem \u00e0 porta com espada em punho, cavalo em disparada e um chamado claro para um\u00a0tempo de confronto. Para a tradi\u00e7\u00e3o esot\u00e9rica e para o imagin\u00e1rio popular brasileiro, 2026 se abre sob a reg\u00eancia simb\u00f3lica de S\u00e3o Jorge, o santo-guerreiro, o cavaleiro da f\u00e9, aquele que n\u00e3o negocia com o drag\u00e3o \u2014 ele o enfrenta.<\/p>\n<p data-start=\"917\" data-end=\"1073\">No esoterismo, S\u00e3o Jorge representa mais do que um santo crist\u00e3o. Ele \u00e9 um arqu\u00e9tipo universal do guerreiro consciente, presente em diversas culturas:<\/p>\n<ul data-start=\"1074\" data-end=\"1184\">\n<li data-start=\"1074\" data-end=\"1103\">\n<p data-start=\"1076\" data-end=\"1103\">o her\u00f3i que vence o caos,<\/p>\n<\/li>\n<li data-start=\"1104\" data-end=\"1134\">\n<p data-start=\"1106\" data-end=\"1134\">o defensor da ordem moral,<\/p>\n<\/li>\n<li data-start=\"1135\" data-end=\"1184\">\n<p data-start=\"1137\" data-end=\"1184\">o esp\u00edrito que n\u00e3o foge do conflito necess\u00e1rio.<\/p>\n<\/li>\n<\/ul>\n<p data-start=\"1186\" data-end=\"1306\">Seu cavalo branco simboliza a consci\u00eancia elevada, enquanto o drag\u00e3o, longe de ser apenas o mal externo, representa:<\/p>\n<ul data-start=\"1307\" data-end=\"1414\">\n<li data-start=\"1307\" data-end=\"1333\">\n<p data-start=\"1309\" data-end=\"1333\">corrup\u00e7\u00f5es enraizadas,<\/p>\n<\/li>\n<li data-start=\"1334\" data-end=\"1354\">\n<p data-start=\"1336\" data-end=\"1354\">medos coletivos,<\/p>\n<\/li>\n<li data-start=\"1355\" data-end=\"1414\">\n<p data-start=\"1357\" data-end=\"1414\">estruturas podres que sobrevivem no subterr\u00e2neo do poder.<\/p>\n<\/li>\n<\/ul>\n<p data-start=\"1416\" data-end=\"1492\">Em 2026, o drag\u00e3o n\u00e3o se esconder\u00e1. Ele ser\u00e1 visto, nomeado e desafiado.<\/p>\n<p data-start=\"1533\" data-end=\"1618\">Sob a vibra\u00e7\u00e3o de S\u00e3o Jorge, o ano n\u00e3o favorece zonas cinzentas. \u00c9 um per\u00edodo em que:<\/p>\n<ul data-start=\"1619\" data-end=\"1718\">\n<li data-start=\"1619\" data-end=\"1645\">\n<p data-start=\"1621\" data-end=\"1645\">a omiss\u00e3o cobra pre\u00e7o,<\/p>\n<\/li>\n<li data-start=\"1646\" data-end=\"1688\">\n<p data-start=\"1648\" data-end=\"1688\">a neutralidade se torna insustent\u00e1vel,<\/p>\n<\/li>\n<li data-start=\"1689\" data-end=\"1718\">\n<p data-start=\"1691\" data-end=\"1718\">alian\u00e7as fr\u00e1geis se rompem.<\/p>\n<\/li>\n<\/ul>\n<p data-start=\"1720\" data-end=\"1979\">No plano coletivo, isso se traduz em confrontos institucionais, disputas narrativas e batalhas por legitimidade. No plano pessoal, o recado \u00e9 direto: cada indiv\u00edduo ser\u00e1 chamado a identificar qual drag\u00e3o vem alimentando \u2014 e se ter\u00e1 coragem de enfrent\u00e1-lo.<\/p>\n<p data-start=\"1981\" data-end=\"2044\">N\u00e3o \u00e9 um ano de fuga espiritual, mas de a\u00e7\u00e3o com prop\u00f3sito.<\/p>\n<p data-start=\"2085\" data-end=\"2270\">No Brasil, S\u00e3o Jorge dialoga profundamente com Ogum, orix\u00e1 do ferro, da guerra justa, dos caminhos abertos \u00e0 for\u00e7a. Esse sincretismo amplia o significado de 2026 como um per\u00edodo de:<\/p>\n<ul data-start=\"2271\" data-end=\"2365\">\n<li data-start=\"2271\" data-end=\"2294\">\n<p data-start=\"2273\" data-end=\"2294\">decis\u00f5es cortantes,<\/p>\n<\/li>\n<li data-start=\"2295\" data-end=\"2320\">\n<p data-start=\"2297\" data-end=\"2320\">rupturas necess\u00e1rias,<\/p>\n<\/li>\n<li data-start=\"2321\" data-end=\"2365\">\n<p data-start=\"2323\" data-end=\"2365\">abertura de trilhas ap\u00f3s longos bloqueios.<\/p>\n<\/li>\n<\/ul>\n<p data-start=\"2367\" data-end=\"2528\">Ogum n\u00e3o luta por vaidade. S\u00e3o Jorge n\u00e3o empunha a espada por prazer. Ambos ensinam que a guerra s\u00f3 \u00e9 sagrada quando protege a vida, a dignidade e a verdade.<\/p>\n<p data-start=\"2574\" data-end=\"2598\">O Ano de S\u00e3o Jorge pede:<\/p>\n<ul data-start=\"2599\" data-end=\"2690\">\n<li data-start=\"2599\" data-end=\"2621\">\n<p data-start=\"2601\" data-end=\"2621\">coragem \u00e9tica,<\/p>\n<\/li>\n<li data-start=\"2622\" data-end=\"2655\">\n<p data-start=\"2624\" data-end=\"2655\">discernimento espiritual,<\/p>\n<\/li>\n<li data-start=\"2656\" data-end=\"2690\">\n<p data-start=\"2658\" data-end=\"2690\">a\u00e7\u00e3o alinhada \u00e0 consci\u00eancia.<\/p>\n<\/li>\n<\/ul>\n<p data-start=\"2692\" data-end=\"2924\">N\u00e3o basta f\u00e9 passiva. Este \u00e9 um tempo de f\u00e9 em movimento, f\u00e9 que pisa o ch\u00e3o, que se posiciona, que assume riscos. Quem tenta atravessar 2026 escondido atr\u00e1s de ilus\u00f5es ou discursos vazios sentir\u00e1 o peso da lan\u00e7a simb\u00f3lica do tempo.<\/p>\n<p data-start=\"2963\" data-end=\"3199\">S\u00e3o Jorge n\u00e3o promete conforto. Ele promete vit\u00f3ria, mas apenas ap\u00f3s o enfrentamento. Portanto, 2026 n\u00e3o ser\u00e1 um ano f\u00e1cil, mas tende a ser um ano decisivo, em que m\u00e1scaras caem, pactos ocultos se rompem e verdades adormecidas emergem.<\/p>\n<p data-start=\"3201\" data-end=\"3288\">Quando o p\u00f3 da batalha baixar, restar\u00e1 a pergunta essencial, dirigida a cada um de n\u00f3s: voc\u00ea lutou ao lado da sua consci\u00eancia \u2014 ou alimentou o drag\u00e3o esperando que ele nunca acordasse?<\/p>\n","protected":false},"excerpt":{"rendered":"<p>No calend\u00e1rio invis\u00edvel que rege os ciclos humanos, alguns anos n\u00e3o chegam em sil\u00eancio. Eles batem \u00e0 porta com espada em punho, cavalo em disparada e um chamado claro para um\u00a0tempo de confronto. Para a tradi\u00e7\u00e3o esot\u00e9rica e para o imagin\u00e1rio popular brasileiro, 2026 se abre sob a reg\u00eancia simb\u00f3lica de S\u00e3o Jorge, o santo-guerreiro, [&hellip;]<\/p>\n","protected":false},"author":2,"featured_media":377409,"comment_status":"closed","ping_status":"closed","sticky":false,"template":"","format":"standard","meta":{"_acf_changed":false,"footnotes":""},"categories":[237],"tags":[95],"class_list":["post-377407","post","type-post","status-publish","format-standard","has-post-thumbnail","hentry","category-oraculos","tag-capa"],"acf":[],"yoast_head":"<!-- This site is optimized with the Yoast SEO plugin v27.2 - https:\/\/yoast.com\/product\/yoast-seo-wordpress\/ -->\n<title>Ano de S\u00e3o Jorge, 2026 derrubar\u00e1 m\u00e1scaras e resgatar\u00e1 a verdade - Notibras<\/title>\n<meta name=\"robots\" content=\"index, follow, max-snippet:-1, max-image-preview:large, max-video-preview:-1\" \/>\n<link rel=\"canonical\" href=\"https:\/\/www.notibras.com\/site\/ano-de-sao-jorge-2026-derrubara-mascaras-e-resgatara-a-verdade\/\" \/>\n<meta property=\"og:locale\" content=\"pt_BR\" \/>\n<meta property=\"og:type\" content=\"article\" \/>\n<meta property=\"og:title\" content=\"Ano de S\u00e3o Jorge, 2026 derrubar\u00e1 m\u00e1scaras e resgatar\u00e1 a verdade - Notibras\" \/>\n<meta property=\"og:description\" content=\"No calend\u00e1rio invis\u00edvel que rege os ciclos humanos, alguns anos n\u00e3o chegam em sil\u00eancio. Eles batem \u00e0 porta com espada em punho, cavalo em disparada e um chamado claro para um\u00a0tempo de confronto. Para a tradi\u00e7\u00e3o esot\u00e9rica e para o imagin\u00e1rio popular brasileiro, 2026 se abre sob a reg\u00eancia simb\u00f3lica de S\u00e3o Jorge, o santo-guerreiro, [&hellip;]\" \/>\n<meta property=\"og:url\" content=\"https:\/\/www.notibras.com\/site\/ano-de-sao-jorge-2026-derrubara-mascaras-e-resgatara-a-verdade\/\" \/>\n<meta property=\"og:site_name\" content=\"Notibras\" \/>\n<meta property=\"article:publisher\" content=\"https:\/\/www.facebook.com\/notibras\/\" \/>\n<meta property=\"article:published_time\" content=\"2026-01-02T13:55:41+00:00\" \/>\n<meta property=\"article:modified_time\" content=\"2026-01-02T13:59:56+00:00\" \/>\n<meta property=\"og:image\" content=\"https:\/\/www.notibras.com\/site\/wp-content\/uploads\/2026\/01\/sj.2026-683x1024.png\" \/>\n\t<meta property=\"og:image:width\" content=\"683\" \/>\n\t<meta property=\"og:image:height\" content=\"1024\" \/>\n\t<meta property=\"og:image:type\" content=\"image\/png\" \/>\n<meta name=\"author\" content=\"Reda\u00e7\u00e3o\" \/>\n<meta name=\"twitter:card\" content=\"summary_large_image\" \/>\n<meta name=\"twitter:creator\" content=\"@Notibras\" \/>\n<meta name=\"twitter:site\" content=\"@Notibras\" \/>\n<meta name=\"twitter:label1\" content=\"Escrito por\" \/>\n\t<meta name=\"twitter:data1\" content=\"Reda\u00e7\u00e3o\" \/>\n\t<meta name=\"twitter:label2\" content=\"Est. tempo de leitura\" \/>\n\t<meta name=\"twitter:data2\" content=\"3 minutos\" \/>\n<script type=\"application\/ld+json\" class=\"yoast-schema-graph\">{\"@context\":\"https:\/\/schema.org\",\"@graph\":[{\"@type\":\"Article\",\"@id\":\"https:\/\/www.notibras.com\/site\/ano-de-sao-jorge-2026-derrubara-mascaras-e-resgatara-a-verdade\/#article\",\"isPartOf\":{\"@id\":\"https:\/\/www.notibras.com\/site\/ano-de-sao-jorge-2026-derrubara-mascaras-e-resgatara-a-verdade\/\"},\"author\":{\"name\":\"Reda\u00e7\u00e3o\",\"@id\":\"https:\/\/www.notibras.com\/site\/#\/schema\/person\/36ab0979449956132d3e5b517ea76ac8\"},\"headline\":\"Ano de S\u00e3o Jorge, 2026 derrubar\u00e1 m\u00e1scaras e resgatar\u00e1 a verdade\",\"datePublished\":\"2026-01-02T13:55:41+00:00\",\"dateModified\":\"2026-01-02T13:59:56+00:00\",\"mainEntityOfPage\":{\"@id\":\"https:\/\/www.notibras.com\/site\/ano-de-sao-jorge-2026-derrubara-mascaras-e-resgatara-a-verdade\/\"},\"wordCount\":498,\"publisher\":{\"@id\":\"https:\/\/www.notibras.com\/site\/#organization\"},\"image\":{\"@id\":\"https:\/\/www.notibras.com\/site\/ano-de-sao-jorge-2026-derrubara-mascaras-e-resgatara-a-verdade\/#primaryimage\"},\"thumbnailUrl\":\"https:\/\/www.notibras.com\/site\/wp-content\/uploads\/2026\/01\/sj.2026.png\",\"keywords\":[\"capa\"],\"articleSection\":[\"Or\u00e1culos\"],\"inLanguage\":\"pt-BR\"},{\"@type\":\"WebPage\",\"@id\":\"https:\/\/www.notibras.com\/site\/ano-de-sao-jorge-2026-derrubara-mascaras-e-resgatara-a-verdade\/\",\"url\":\"https:\/\/www.notibras.com\/site\/ano-de-sao-jorge-2026-derrubara-mascaras-e-resgatara-a-verdade\/\",\"name\":\"Ano de S\u00e3o Jorge, 2026 derrubar\u00e1 m\u00e1scaras e resgatar\u00e1 a verdade - Notibras\",\"isPartOf\":{\"@id\":\"https:\/\/www.notibras.com\/site\/#website\"},\"primaryImageOfPage\":{\"@id\":\"https:\/\/www.notibras.com\/site\/ano-de-sao-jorge-2026-derrubara-mascaras-e-resgatara-a-verdade\/#primaryimage\"},\"image\":{\"@id\":\"https:\/\/www.notibras.com\/site\/ano-de-sao-jorge-2026-derrubara-mascaras-e-resgatara-a-verdade\/#primaryimage\"},\"thumbnailUrl\":\"https:\/\/www.notibras.com\/site\/wp-content\/uploads\/2026\/01\/sj.2026.png\",\"datePublished\":\"2026-01-02T13:55:41+00:00\",\"dateModified\":\"2026-01-02T13:59:56+00:00\",\"breadcrumb\":{\"@id\":\"https:\/\/www.notibras.com\/site\/ano-de-sao-jorge-2026-derrubara-mascaras-e-resgatara-a-verdade\/#breadcrumb\"},\"inLanguage\":\"pt-BR\",\"potentialAction\":[{\"@type\":\"ReadAction\",\"target\":[\"https:\/\/www.notibras.com\/site\/ano-de-sao-jorge-2026-derrubara-mascaras-e-resgatara-a-verdade\/\"]}]},{\"@type\":\"ImageObject\",\"inLanguage\":\"pt-BR\",\"@id\":\"https:\/\/www.notibras.com\/site\/ano-de-sao-jorge-2026-derrubara-mascaras-e-resgatara-a-verdade\/#primaryimage\",\"url\":\"https:\/\/www.notibras.com\/site\/wp-content\/uploads\/2026\/01\/sj.2026.png\",\"contentUrl\":\"https:\/\/www.notibras.com\/site\/wp-content\/uploads\/2026\/01\/sj.2026.png\",\"width\":1024,\"height\":1536},{\"@type\":\"BreadcrumbList\",\"@id\":\"https:\/\/www.notibras.com\/site\/ano-de-sao-jorge-2026-derrubara-mascaras-e-resgatara-a-verdade\/#breadcrumb\",\"itemListElement\":[{\"@type\":\"ListItem\",\"position\":1,\"name\":\"In\u00edcio\",\"item\":\"https:\/\/www.notibras.com\/site\/\"},{\"@type\":\"ListItem\",\"position\":2,\"name\":\"Ano de S\u00e3o Jorge, 2026 derrubar\u00e1 m\u00e1scaras e resgatar\u00e1 a verdade\"}]},{\"@type\":\"WebSite\",\"@id\":\"https:\/\/www.notibras.com\/site\/#website\",\"url\":\"https:\/\/www.notibras.com\/site\/\",\"name\":\"Notibras\",\"description\":\"Not\u00edcias de Bras\u00edlia, do Brasil e do Mundo\",\"publisher\":{\"@id\":\"https:\/\/www.notibras.com\/site\/#organization\"},\"potentialAction\":[{\"@type\":\"SearchAction\",\"target\":{\"@type\":\"EntryPoint\",\"urlTemplate\":\"https:\/\/www.notibras.com\/site\/?s={search_term_string}\"},\"query-input\":{\"@type\":\"PropertyValueSpecification\",\"valueRequired\":true,\"valueName\":\"search_term_string\"}}],\"inLanguage\":\"pt-BR\"},{\"@type\":\"Organization\",\"@id\":\"https:\/\/www.notibras.com\/site\/#organization\",\"name\":\"Grupo Notibras de Comunica\u00e7\u00e3o\",\"url\":\"https:\/\/www.notibras.com\/site\/\",\"logo\":{\"@type\":\"ImageObject\",\"inLanguage\":\"pt-BR\",\"@id\":\"https:\/\/www.notibras.com\/site\/#\/schema\/logo\/image\/\",\"url\":\"https:\/\/www.notibras.com\/site\/wp-content\/uploads\/2023\/01\/notibras23.png\",\"contentUrl\":\"https:\/\/www.notibras.com\/site\/wp-content\/uploads\/2023\/01\/notibras23.png\",\"width\":350,\"height\":87,\"caption\":\"Grupo Notibras de Comunica\u00e7\u00e3o\"},\"image\":{\"@id\":\"https:\/\/www.notibras.com\/site\/#\/schema\/logo\/image\/\"},\"sameAs\":[\"https:\/\/www.facebook.com\/notibras\/\",\"https:\/\/x.com\/Notibras\",\"https:\/\/www.instagram.com\/notibras\/\"]},{\"@type\":\"Person\",\"@id\":\"https:\/\/www.notibras.com\/site\/#\/schema\/person\/36ab0979449956132d3e5b517ea76ac8\",\"name\":\"Reda\u00e7\u00e3o\",\"image\":{\"@type\":\"ImageObject\",\"inLanguage\":\"pt-BR\",\"@id\":\"https:\/\/secure.gravatar.com\/avatar\/e0a867bdedb85fd243eadf09663511f96fc81e0720a4a42581f334ad4303aa6b?s=96&d=mm&r=g\",\"url\":\"https:\/\/secure.gravatar.com\/avatar\/e0a867bdedb85fd243eadf09663511f96fc81e0720a4a42581f334ad4303aa6b?s=96&d=mm&r=g\",\"contentUrl\":\"https:\/\/secure.gravatar.com\/avatar\/e0a867bdedb85fd243eadf09663511f96fc81e0720a4a42581f334ad4303aa6b?s=96&d=mm&r=g\",\"caption\":\"Reda\u00e7\u00e3o\"}}]}<\/script>\n<!-- \/ Yoast SEO plugin. -->","yoast_head_json":{"title":"Ano de S\u00e3o Jorge, 2026 derrubar\u00e1 m\u00e1scaras e resgatar\u00e1 a verdade - Notibras","robots":{"index":"index","follow":"follow","max-snippet":"max-snippet:-1","max-image-preview":"max-image-preview:large","max-video-preview":"max-video-preview:-1"},"canonical":"https:\/\/www.notibras.com\/site\/ano-de-sao-jorge-2026-derrubara-mascaras-e-resgatara-a-verdade\/","og_locale":"pt_BR","og_type":"article","og_title":"Ano de S\u00e3o Jorge, 2026 derrubar\u00e1 m\u00e1scaras e resgatar\u00e1 a verdade - Notibras","og_description":"No calend\u00e1rio invis\u00edvel que rege os ciclos humanos, alguns anos n\u00e3o chegam em sil\u00eancio. Eles batem \u00e0 porta com espada em punho, cavalo em disparada e um chamado claro para um\u00a0tempo de confronto. Para a tradi\u00e7\u00e3o esot\u00e9rica e para o imagin\u00e1rio popular brasileiro, 2026 se abre sob a reg\u00eancia simb\u00f3lica de S\u00e3o Jorge, o santo-guerreiro, [&hellip;]","og_url":"https:\/\/www.notibras.com\/site\/ano-de-sao-jorge-2026-derrubara-mascaras-e-resgatara-a-verdade\/","og_site_name":"Notibras","article_publisher":"https:\/\/www.facebook.com\/notibras\/","article_published_time":"2026-01-02T13:55:41+00:00","article_modified_time":"2026-01-02T13:59:56+00:00","og_image":[{"width":683,"height":1024,"url":"https:\/\/www.notibras.com\/site\/wp-content\/uploads\/2026\/01\/sj.2026-683x1024.png","type":"image\/png"}],"author":"Reda\u00e7\u00e3o","twitter_card":"summary_large_image","twitter_creator":"@Notibras","twitter_site":"@Notibras","twitter_misc":{"Escrito por":"Reda\u00e7\u00e3o","Est. tempo de leitura":"3 minutos"},"schema":{"@context":"https:\/\/schema.org","@graph":[{"@type":"Article","@id":"https:\/\/www.notibras.com\/site\/ano-de-sao-jorge-2026-derrubara-mascaras-e-resgatara-a-verdade\/#article","isPartOf":{"@id":"https:\/\/www.notibras.com\/site\/ano-de-sao-jorge-2026-derrubara-mascaras-e-resgatara-a-verdade\/"},"author":{"name":"Reda\u00e7\u00e3o","@id":"https:\/\/www.notibras.com\/site\/#\/schema\/person\/36ab0979449956132d3e5b517ea76ac8"},"headline":"Ano de S\u00e3o Jorge, 2026 derrubar\u00e1 m\u00e1scaras e resgatar\u00e1 a verdade","datePublished":"2026-01-02T13:55:41+00:00","dateModified":"2026-01-02T13:59:56+00:00","mainEntityOfPage":{"@id":"https:\/\/www.notibras.com\/site\/ano-de-sao-jorge-2026-derrubara-mascaras-e-resgatara-a-verdade\/"},"wordCount":498,"publisher":{"@id":"https:\/\/www.notibras.com\/site\/#organization"},"image":{"@id":"https:\/\/www.notibras.com\/site\/ano-de-sao-jorge-2026-derrubara-mascaras-e-resgatara-a-verdade\/#primaryimage"},"thumbnailUrl":"https:\/\/www.notibras.com\/site\/wp-content\/uploads\/2026\/01\/sj.2026.png","keywords":["capa"],"articleSection":["Or\u00e1culos"],"inLanguage":"pt-BR"},{"@type":"WebPage","@id":"https:\/\/www.notibras.com\/site\/ano-de-sao-jorge-2026-derrubara-mascaras-e-resgatara-a-verdade\/","url":"https:\/\/www.notibras.com\/site\/ano-de-sao-jorge-2026-derrubara-mascaras-e-resgatara-a-verdade\/","name":"Ano de S\u00e3o Jorge, 2026 derrubar\u00e1 m\u00e1scaras e resgatar\u00e1 a verdade - Notibras","isPartOf":{"@id":"https:\/\/www.notibras.com\/site\/#website"},"primaryImageOfPage":{"@id":"https:\/\/www.notibras.com\/site\/ano-de-sao-jorge-2026-derrubara-mascaras-e-resgatara-a-verdade\/#primaryimage"},"image":{"@id":"https:\/\/www.notibras.com\/site\/ano-de-sao-jorge-2026-derrubara-mascaras-e-resgatara-a-verdade\/#primaryimage"},"thumbnailUrl":"https:\/\/www.notibras.com\/site\/wp-content\/uploads\/2026\/01\/sj.2026.png","datePublished":"2026-01-02T13:55:41+00:00","dateModified":"2026-01-02T13:59:56+00:00","breadcrumb":{"@id":"https:\/\/www.notibras.com\/site\/ano-de-sao-jorge-2026-derrubara-mascaras-e-resgatara-a-verdade\/#breadcrumb"},"inLanguage":"pt-BR","potentialAction":[{"@type":"ReadAction","target":["https:\/\/www.notibras.com\/site\/ano-de-sao-jorge-2026-derrubara-mascaras-e-resgatara-a-verdade\/"]}]},{"@type":"ImageObject","inLanguage":"pt-BR","@id":"https:\/\/www.notibras.com\/site\/ano-de-sao-jorge-2026-derrubara-mascaras-e-resgatara-a-verdade\/#primaryimage","url":"https:\/\/www.notibras.com\/site\/wp-content\/uploads\/2026\/01\/sj.2026.png","contentUrl":"https:\/\/www.notibras.com\/site\/wp-content\/uploads\/2026\/01\/sj.2026.png","width":1024,"height":1536},{"@type":"BreadcrumbList","@id":"https:\/\/www.notibras.com\/site\/ano-de-sao-jorge-2026-derrubara-mascaras-e-resgatara-a-verdade\/#breadcrumb","itemListElement":[{"@type":"ListItem","position":1,"name":"In\u00edcio","item":"https:\/\/www.notibras.com\/site\/"},{"@type":"ListItem","position":2,"name":"Ano de S\u00e3o Jorge, 2026 derrubar\u00e1 m\u00e1scaras e resgatar\u00e1 a verdade"}]},{"@type":"WebSite","@id":"https:\/\/www.notibras.com\/site\/#website","url":"https:\/\/www.notibras.com\/site\/","name":"Notibras","description":"Not\u00edcias de Bras\u00edlia, do Brasil e do Mundo","publisher":{"@id":"https:\/\/www.notibras.com\/site\/#organization"},"potentialAction":[{"@type":"SearchAction","target":{"@type":"EntryPoint","urlTemplate":"https:\/\/www.notibras.com\/site\/?s={search_term_string}"},"query-input":{"@type":"PropertyValueSpecification","valueRequired":true,"valueName":"search_term_string"}}],"inLanguage":"pt-BR"},{"@type":"Organization","@id":"https:\/\/www.notibras.com\/site\/#organization","name":"Grupo Notibras de Comunica\u00e7\u00e3o","url":"https:\/\/www.notibras.com\/site\/","logo":{"@type":"ImageObject","inLanguage":"pt-BR","@id":"https:\/\/www.notibras.com\/site\/#\/schema\/logo\/image\/","url":"https:\/\/www.notibras.com\/site\/wp-content\/uploads\/2023\/01\/notibras23.png","contentUrl":"https:\/\/www.notibras.com\/site\/wp-content\/uploads\/2023\/01\/notibras23.png","width":350,"height":87,"caption":"Grupo Notibras de Comunica\u00e7\u00e3o"},"image":{"@id":"https:\/\/www.notibras.com\/site\/#\/schema\/logo\/image\/"},"sameAs":["https:\/\/www.facebook.com\/notibras\/","https:\/\/x.com\/Notibras","https:\/\/www.instagram.com\/notibras\/"]},{"@type":"Person","@id":"https:\/\/www.notibras.com\/site\/#\/schema\/person\/36ab0979449956132d3e5b517ea76ac8","name":"Reda\u00e7\u00e3o","image":{"@type":"ImageObject","inLanguage":"pt-BR","@id":"https:\/\/secure.gravatar.com\/avatar\/e0a867bdedb85fd243eadf09663511f96fc81e0720a4a42581f334ad4303aa6b?s=96&d=mm&r=g","url":"https:\/\/secure.gravatar.com\/avatar\/e0a867bdedb85fd243eadf09663511f96fc81e0720a4a42581f334ad4303aa6b?s=96&d=mm&r=g","contentUrl":"https:\/\/secure.gravatar.com\/avatar\/e0a867bdedb85fd243eadf09663511f96fc81e0720a4a42581f334ad4303aa6b?s=96&d=mm&r=g","caption":"Reda\u00e7\u00e3o"}}]}},"amp_enabled":true,"_links":{"self":[{"href":"https:\/\/www.notibras.com\/site\/wp-json\/wp\/v2\/posts\/377407","targetHints":{"allow":["GET"]}}],"collection":[{"href":"https:\/\/www.notibras.com\/site\/wp-json\/wp\/v2\/posts"}],"about":[{"href":"https:\/\/www.notibras.com\/site\/wp-json\/wp\/v2\/types\/post"}],"author":[{"embeddable":true,"href":"https:\/\/www.notibras.com\/site\/wp-json\/wp\/v2\/users\/2"}],"replies":[{"embeddable":true,"href":"https:\/\/www.notibras.com\/site\/wp-json\/wp\/v2\/comments?post=377407"}],"version-history":[{"count":6,"href":"https:\/\/www.notibras.com\/site\/wp-json\/wp\/v2\/posts\/377407\/revisions"}],"predecessor-version":[{"id":377415,"href":"https:\/\/www.notibras.com\/site\/wp-json\/wp\/v2\/posts\/377407\/revisions\/377415"}],"wp:featuredmedia":[{"embeddable":true,"href":"https:\/\/www.notibras.com\/site\/wp-json\/wp\/v2\/media\/377409"}],"wp:attachment":[{"href":"https:\/\/www.notibras.com\/site\/wp-json\/wp\/v2\/media?parent=377407"}],"wp:term":[{"taxonomy":"category","embeddable":true,"href":"https:\/\/www.notibras.com\/site\/wp-json\/wp\/v2\/categories?post=377407"},{"taxonomy":"post_tag","embeddable":true,"href":"https:\/\/www.notibras.com\/site\/wp-json\/wp\/v2\/tags?post=377407"}],"curies":[{"name":"wp","href":"https:\/\/api.w.org\/{rel}","templated":true}]}}