{"id":377424,"date":"2026-01-02T18:21:21","date_gmt":"2026-01-02T21:21:21","guid":{"rendered":"https:\/\/www.notibras.com\/site\/?p=377424"},"modified":"2026-01-02T18:44:34","modified_gmt":"2026-01-02T21:44:34","slug":"disputa-de-poder-bate-na-porta-do-planalto-e-liga-alerta-no-governo-lula","status":"publish","type":"post","link":"https:\/\/www.notibras.com\/site\/disputa-de-poder-bate-na-porta-do-planalto-e-liga-alerta-no-governo-lula\/","title":{"rendered":"Disputa de poder bate na porta do Planalto e liga alerta no governo Lula"},"content":{"rendered":"<p>Por tr\u00e1s do debate sobre o Banco Master, uma disputa maior come\u00e7a a ganhar forma no debate p\u00fablico. Para analistas e comentaristas pol\u00edticos, o epis\u00f3dio revela muito mais do que um problema isolado envolvendo uma institui\u00e7\u00e3o financeira m\u00e9dia. Ele exp\u00f5e, segundo essa leitura, um jogo de for\u00e7as que envolve poder pol\u00edtico, sistema financeiro e a reorganiza\u00e7\u00e3o de interesses em torno do atual governo.<\/p>\n<p>O jornalista Cl\u00e1udio Dantas chamou aten\u00e7\u00e3o para esse movimento ao afirmar que parte da direita estaria errando o alvo ao concentrar ataques exclusivamente no Banco Master. Segundo ele, o banco se tornou apenas a face vis\u00edvel de um sistema muito mais amplo, que historicamente se beneficia da proximidade com o poder pol\u00edtico.<\/p>\n<p>Na avalia\u00e7\u00e3o apresentada, o Banco Master teria assumido o papel de bode expiat\u00f3rio. Um banco m\u00e9dio, que utilizou estrat\u00e9gias semelhantes \u00e0s adotadas por outras institui\u00e7\u00f5es do mercado ao longo dos anos, mas que acabou se tornando o centro da narrativa p\u00fablica. Enquanto isso, estruturas muito maiores permaneceriam fora do foco.<\/p>\n<p>Dantas sustenta que os grandes bancos sempre tiveram forte protagonismo nos governos do Partido dos Trabalhadores. Durante os mandatos de Lula, essas institui\u00e7\u00f5es registraram lucros recordes e consolidaram posi\u00e7\u00f5es estrat\u00e9gicas no sistema financeiro nacional. Para ele, isso n\u00e3o aconteceu por acaso, mas como resultado de uma rela\u00e7\u00e3o hist\u00f3rica de alinhamento entre poder pol\u00edtico e interesses econ\u00f4micos.<\/p>\n<p>Nesse contexto, o caso do Banco Master ganharia uma dimens\u00e3o maior. N\u00e3o seria apenas um epis\u00f3dio isolado, mas parte de um rearranjo silencioso de for\u00e7as, no qual institui\u00e7\u00f5es, mercado financeiro e ambiente pol\u00edtico operam de forma coordenada, ainda que informalmente.<\/p>\n<p>A an\u00e1lise aponta ainda para um ambiente institucional que favoreceria essa din\u00e2mica. Banco Central, Judici\u00e1rio e setores da m\u00eddia atuariam dentro de uma l\u00f3gica que, consciente ou n\u00e3o, acabaria sustentando esse modelo. N\u00e3o por meio de conspira\u00e7\u00f5es expl\u00edcitas, mas pela converg\u00eancia de interesses, discursos e prioridades.<\/p>\n<p>\u00c9 nesse ponto que surge o alerta central do discurso de Dantas: enquanto a direita concentra esfor\u00e7os em atacar um \u00fanico alvo, deixa de perceber o movimento mais amplo. Ao mirar no Banco Master, acabaria refor\u00e7ando uma engrenagem que beneficia exatamente o grupo pol\u00edtico que pretende combater.<\/p>\n<p>Segundo essa leitura, o presidente Lula n\u00e3o precisaria se expor diretamente. O sistema operaria por si s\u00f3, reorganizando for\u00e7as, neutralizando conflitos e preservando estruturas de poder que atravessam governos. O risco, segundo essa vis\u00e3o, \u00e9 estrat\u00e9gico. Ao n\u00e3o compreender a l\u00f3gica do jogo, setores da direita acabam contribuindo para a consolida\u00e7\u00e3o de um cen\u00e1rio que pode favorecer, novamente, um projeto de continuidade no poder.<\/p>\n<p>O caso do Banco Master, portanto, deixaria de ser o centro da discuss\u00e3o e passaria a ser apenas o sintoma vis\u00edvel de algo maior. Um movimento que, se n\u00e3o for compreendido em sua totalidade, pode seguir operando sem resist\u00eancia, longe dos holofotes, enquanto o debate p\u00fablico se perde em alvos perif\u00e9ricos.<\/p>\n<p>A an\u00e1lise n\u00e3o aponta culpados diretos, mas levanta uma pergunta inc\u00f4moda: quem realmente se beneficia quando o foco est\u00e1 no lugar errado?<\/p>\n<p>&#8230;&#8230;&#8230;&#8230;&#8230;..<\/p>\n<p><strong>Dora Andrade \u00e9 Editoria de Economia de Notibras<\/strong><\/p>\n","protected":false},"excerpt":{"rendered":"<p>Por tr\u00e1s do debate sobre o Banco Master, uma disputa maior come\u00e7a a ganhar forma no debate p\u00fablico. Para analistas e comentaristas pol\u00edticos, o epis\u00f3dio revela muito mais do que um problema isolado envolvendo uma institui\u00e7\u00e3o financeira m\u00e9dia. Ele exp\u00f5e, segundo essa leitura, um jogo de for\u00e7as que envolve poder pol\u00edtico, sistema financeiro e a [&hellip;]<\/p>\n","protected":false},"author":2,"featured_media":354426,"comment_status":"closed","ping_status":"closed","sticky":false,"template":"","format":"standard","meta":{"_acf_changed":false,"footnotes":""},"categories":[16],"tags":[95],"class_list":["post-377424","post","type-post","status-publish","format-standard","has-post-thumbnail","hentry","category-brasil","tag-capa"],"acf":[],"yoast_head":"<!-- This site is optimized with the Yoast SEO plugin v27.2 - https:\/\/yoast.com\/product\/yoast-seo-wordpress\/ -->\n<title>Disputa de poder bate na porta do Planalto e liga alerta no governo Lula - Notibras<\/title>\n<meta name=\"robots\" content=\"index, follow, max-snippet:-1, max-image-preview:large, max-video-preview:-1\" \/>\n<link rel=\"canonical\" href=\"https:\/\/www.notibras.com\/site\/disputa-de-poder-bate-na-porta-do-planalto-e-liga-alerta-no-governo-lula\/\" \/>\n<meta property=\"og:locale\" content=\"pt_BR\" \/>\n<meta property=\"og:type\" content=\"article\" \/>\n<meta property=\"og:title\" content=\"Disputa de poder bate na porta do Planalto e liga alerta no governo Lula - Notibras\" \/>\n<meta property=\"og:description\" content=\"Por tr\u00e1s do debate sobre o Banco Master, uma disputa maior come\u00e7a a ganhar forma no debate p\u00fablico. Para analistas e comentaristas pol\u00edticos, o epis\u00f3dio revela muito mais do que um problema isolado envolvendo uma institui\u00e7\u00e3o financeira m\u00e9dia. Ele exp\u00f5e, segundo essa leitura, um jogo de for\u00e7as que envolve poder pol\u00edtico, sistema financeiro e a [&hellip;]\" \/>\n<meta property=\"og:url\" content=\"https:\/\/www.notibras.com\/site\/disputa-de-poder-bate-na-porta-do-planalto-e-liga-alerta-no-governo-lula\/\" \/>\n<meta property=\"og:site_name\" content=\"Notibras\" \/>\n<meta property=\"article:publisher\" content=\"https:\/\/www.facebook.com\/notibras\/\" \/>\n<meta property=\"article:published_time\" content=\"2026-01-02T21:21:21+00:00\" \/>\n<meta property=\"article:modified_time\" content=\"2026-01-02T21:44:34+00:00\" \/>\n<meta property=\"og:image\" content=\"https:\/\/www.notibras.com\/site\/wp-content\/uploads\/2025\/05\/economia_1609210425_0.webp\" \/>\n\t<meta property=\"og:image:width\" content=\"1170\" \/>\n\t<meta property=\"og:image:height\" content=\"700\" \/>\n\t<meta property=\"og:image:type\" content=\"image\/webp\" \/>\n<meta name=\"author\" content=\"Reda\u00e7\u00e3o\" \/>\n<meta name=\"twitter:card\" content=\"summary_large_image\" \/>\n<meta name=\"twitter:creator\" content=\"@Notibras\" \/>\n<meta name=\"twitter:site\" content=\"@Notibras\" \/>\n<meta name=\"twitter:label1\" content=\"Escrito por\" \/>\n\t<meta name=\"twitter:data1\" content=\"Reda\u00e7\u00e3o\" \/>\n\t<meta name=\"twitter:label2\" content=\"Est. tempo de leitura\" \/>\n\t<meta name=\"twitter:data2\" content=\"4 minutos\" \/>\n<script type=\"application\/ld+json\" class=\"yoast-schema-graph\">{\"@context\":\"https:\/\/schema.org\",\"@graph\":[{\"@type\":\"Article\",\"@id\":\"https:\/\/www.notibras.com\/site\/disputa-de-poder-bate-na-porta-do-planalto-e-liga-alerta-no-governo-lula\/#article\",\"isPartOf\":{\"@id\":\"https:\/\/www.notibras.com\/site\/disputa-de-poder-bate-na-porta-do-planalto-e-liga-alerta-no-governo-lula\/\"},\"author\":{\"name\":\"Reda\u00e7\u00e3o\",\"@id\":\"https:\/\/www.notibras.com\/site\/#\/schema\/person\/36ab0979449956132d3e5b517ea76ac8\"},\"headline\":\"Disputa de poder bate na porta do Planalto e liga alerta no governo Lula\",\"datePublished\":\"2026-01-02T21:21:21+00:00\",\"dateModified\":\"2026-01-02T21:44:34+00:00\",\"mainEntityOfPage\":{\"@id\":\"https:\/\/www.notibras.com\/site\/disputa-de-poder-bate-na-porta-do-planalto-e-liga-alerta-no-governo-lula\/\"},\"wordCount\":575,\"publisher\":{\"@id\":\"https:\/\/www.notibras.com\/site\/#organization\"},\"image\":{\"@id\":\"https:\/\/www.notibras.com\/site\/disputa-de-poder-bate-na-porta-do-planalto-e-liga-alerta-no-governo-lula\/#primaryimage\"},\"thumbnailUrl\":\"https:\/\/www.notibras.com\/site\/wp-content\/uploads\/2025\/05\/economia_1609210425_0.webp\",\"keywords\":[\"capa\"],\"articleSection\":[\"Brasil\"],\"inLanguage\":\"pt-BR\"},{\"@type\":\"WebPage\",\"@id\":\"https:\/\/www.notibras.com\/site\/disputa-de-poder-bate-na-porta-do-planalto-e-liga-alerta-no-governo-lula\/\",\"url\":\"https:\/\/www.notibras.com\/site\/disputa-de-poder-bate-na-porta-do-planalto-e-liga-alerta-no-governo-lula\/\",\"name\":\"Disputa de poder bate na porta do Planalto e liga alerta no governo Lula - Notibras\",\"isPartOf\":{\"@id\":\"https:\/\/www.notibras.com\/site\/#website\"},\"primaryImageOfPage\":{\"@id\":\"https:\/\/www.notibras.com\/site\/disputa-de-poder-bate-na-porta-do-planalto-e-liga-alerta-no-governo-lula\/#primaryimage\"},\"image\":{\"@id\":\"https:\/\/www.notibras.com\/site\/disputa-de-poder-bate-na-porta-do-planalto-e-liga-alerta-no-governo-lula\/#primaryimage\"},\"thumbnailUrl\":\"https:\/\/www.notibras.com\/site\/wp-content\/uploads\/2025\/05\/economia_1609210425_0.webp\",\"datePublished\":\"2026-01-02T21:21:21+00:00\",\"dateModified\":\"2026-01-02T21:44:34+00:00\",\"breadcrumb\":{\"@id\":\"https:\/\/www.notibras.com\/site\/disputa-de-poder-bate-na-porta-do-planalto-e-liga-alerta-no-governo-lula\/#breadcrumb\"},\"inLanguage\":\"pt-BR\",\"potentialAction\":[{\"@type\":\"ReadAction\",\"target\":[\"https:\/\/www.notibras.com\/site\/disputa-de-poder-bate-na-porta-do-planalto-e-liga-alerta-no-governo-lula\/\"]}]},{\"@type\":\"ImageObject\",\"inLanguage\":\"pt-BR\",\"@id\":\"https:\/\/www.notibras.com\/site\/disputa-de-poder-bate-na-porta-do-planalto-e-liga-alerta-no-governo-lula\/#primaryimage\",\"url\":\"https:\/\/www.notibras.com\/site\/wp-content\/uploads\/2025\/05\/economia_1609210425_0.webp\",\"contentUrl\":\"https:\/\/www.notibras.com\/site\/wp-content\/uploads\/2025\/05\/economia_1609210425_0.webp\",\"width\":1170,\"height\":700},{\"@type\":\"BreadcrumbList\",\"@id\":\"https:\/\/www.notibras.com\/site\/disputa-de-poder-bate-na-porta-do-planalto-e-liga-alerta-no-governo-lula\/#breadcrumb\",\"itemListElement\":[{\"@type\":\"ListItem\",\"position\":1,\"name\":\"In\u00edcio\",\"item\":\"https:\/\/www.notibras.com\/site\/\"},{\"@type\":\"ListItem\",\"position\":2,\"name\":\"Disputa de poder bate na porta do Planalto e liga alerta no governo Lula\"}]},{\"@type\":\"WebSite\",\"@id\":\"https:\/\/www.notibras.com\/site\/#website\",\"url\":\"https:\/\/www.notibras.com\/site\/\",\"name\":\"Notibras\",\"description\":\"Not\u00edcias de Bras\u00edlia, do Brasil e do Mundo\",\"publisher\":{\"@id\":\"https:\/\/www.notibras.com\/site\/#organization\"},\"potentialAction\":[{\"@type\":\"SearchAction\",\"target\":{\"@type\":\"EntryPoint\",\"urlTemplate\":\"https:\/\/www.notibras.com\/site\/?s={search_term_string}\"},\"query-input\":{\"@type\":\"PropertyValueSpecification\",\"valueRequired\":true,\"valueName\":\"search_term_string\"}}],\"inLanguage\":\"pt-BR\"},{\"@type\":\"Organization\",\"@id\":\"https:\/\/www.notibras.com\/site\/#organization\",\"name\":\"Grupo Notibras de Comunica\u00e7\u00e3o\",\"url\":\"https:\/\/www.notibras.com\/site\/\",\"logo\":{\"@type\":\"ImageObject\",\"inLanguage\":\"pt-BR\",\"@id\":\"https:\/\/www.notibras.com\/site\/#\/schema\/logo\/image\/\",\"url\":\"https:\/\/www.notibras.com\/site\/wp-content\/uploads\/2023\/01\/notibras23.png\",\"contentUrl\":\"https:\/\/www.notibras.com\/site\/wp-content\/uploads\/2023\/01\/notibras23.png\",\"width\":350,\"height\":87,\"caption\":\"Grupo Notibras de Comunica\u00e7\u00e3o\"},\"image\":{\"@id\":\"https:\/\/www.notibras.com\/site\/#\/schema\/logo\/image\/\"},\"sameAs\":[\"https:\/\/www.facebook.com\/notibras\/\",\"https:\/\/x.com\/Notibras\",\"https:\/\/www.instagram.com\/notibras\/\"]},{\"@type\":\"Person\",\"@id\":\"https:\/\/www.notibras.com\/site\/#\/schema\/person\/36ab0979449956132d3e5b517ea76ac8\",\"name\":\"Reda\u00e7\u00e3o\",\"image\":{\"@type\":\"ImageObject\",\"inLanguage\":\"pt-BR\",\"@id\":\"https:\/\/secure.gravatar.com\/avatar\/e0a867bdedb85fd243eadf09663511f96fc81e0720a4a42581f334ad4303aa6b?s=96&d=mm&r=g\",\"url\":\"https:\/\/secure.gravatar.com\/avatar\/e0a867bdedb85fd243eadf09663511f96fc81e0720a4a42581f334ad4303aa6b?s=96&d=mm&r=g\",\"contentUrl\":\"https:\/\/secure.gravatar.com\/avatar\/e0a867bdedb85fd243eadf09663511f96fc81e0720a4a42581f334ad4303aa6b?s=96&d=mm&r=g\",\"caption\":\"Reda\u00e7\u00e3o\"}}]}<\/script>\n<!-- \/ Yoast SEO plugin. -->","yoast_head_json":{"title":"Disputa de poder bate na porta do Planalto e liga alerta no governo Lula - Notibras","robots":{"index":"index","follow":"follow","max-snippet":"max-snippet:-1","max-image-preview":"max-image-preview:large","max-video-preview":"max-video-preview:-1"},"canonical":"https:\/\/www.notibras.com\/site\/disputa-de-poder-bate-na-porta-do-planalto-e-liga-alerta-no-governo-lula\/","og_locale":"pt_BR","og_type":"article","og_title":"Disputa de poder bate na porta do Planalto e liga alerta no governo Lula - Notibras","og_description":"Por tr\u00e1s do debate sobre o Banco Master, uma disputa maior come\u00e7a a ganhar forma no debate p\u00fablico. Para analistas e comentaristas pol\u00edticos, o epis\u00f3dio revela muito mais do que um problema isolado envolvendo uma institui\u00e7\u00e3o financeira m\u00e9dia. Ele exp\u00f5e, segundo essa leitura, um jogo de for\u00e7as que envolve poder pol\u00edtico, sistema financeiro e a [&hellip;]","og_url":"https:\/\/www.notibras.com\/site\/disputa-de-poder-bate-na-porta-do-planalto-e-liga-alerta-no-governo-lula\/","og_site_name":"Notibras","article_publisher":"https:\/\/www.facebook.com\/notibras\/","article_published_time":"2026-01-02T21:21:21+00:00","article_modified_time":"2026-01-02T21:44:34+00:00","og_image":[{"width":1170,"height":700,"url":"https:\/\/www.notibras.com\/site\/wp-content\/uploads\/2025\/05\/economia_1609210425_0.webp","type":"image\/webp"}],"author":"Reda\u00e7\u00e3o","twitter_card":"summary_large_image","twitter_creator":"@Notibras","twitter_site":"@Notibras","twitter_misc":{"Escrito por":"Reda\u00e7\u00e3o","Est. tempo de leitura":"4 minutos"},"schema":{"@context":"https:\/\/schema.org","@graph":[{"@type":"Article","@id":"https:\/\/www.notibras.com\/site\/disputa-de-poder-bate-na-porta-do-planalto-e-liga-alerta-no-governo-lula\/#article","isPartOf":{"@id":"https:\/\/www.notibras.com\/site\/disputa-de-poder-bate-na-porta-do-planalto-e-liga-alerta-no-governo-lula\/"},"author":{"name":"Reda\u00e7\u00e3o","@id":"https:\/\/www.notibras.com\/site\/#\/schema\/person\/36ab0979449956132d3e5b517ea76ac8"},"headline":"Disputa de poder bate na porta do Planalto e liga alerta no governo Lula","datePublished":"2026-01-02T21:21:21+00:00","dateModified":"2026-01-02T21:44:34+00:00","mainEntityOfPage":{"@id":"https:\/\/www.notibras.com\/site\/disputa-de-poder-bate-na-porta-do-planalto-e-liga-alerta-no-governo-lula\/"},"wordCount":575,"publisher":{"@id":"https:\/\/www.notibras.com\/site\/#organization"},"image":{"@id":"https:\/\/www.notibras.com\/site\/disputa-de-poder-bate-na-porta-do-planalto-e-liga-alerta-no-governo-lula\/#primaryimage"},"thumbnailUrl":"https:\/\/www.notibras.com\/site\/wp-content\/uploads\/2025\/05\/economia_1609210425_0.webp","keywords":["capa"],"articleSection":["Brasil"],"inLanguage":"pt-BR"},{"@type":"WebPage","@id":"https:\/\/www.notibras.com\/site\/disputa-de-poder-bate-na-porta-do-planalto-e-liga-alerta-no-governo-lula\/","url":"https:\/\/www.notibras.com\/site\/disputa-de-poder-bate-na-porta-do-planalto-e-liga-alerta-no-governo-lula\/","name":"Disputa de poder bate na porta do Planalto e liga alerta no governo Lula - Notibras","isPartOf":{"@id":"https:\/\/www.notibras.com\/site\/#website"},"primaryImageOfPage":{"@id":"https:\/\/www.notibras.com\/site\/disputa-de-poder-bate-na-porta-do-planalto-e-liga-alerta-no-governo-lula\/#primaryimage"},"image":{"@id":"https:\/\/www.notibras.com\/site\/disputa-de-poder-bate-na-porta-do-planalto-e-liga-alerta-no-governo-lula\/#primaryimage"},"thumbnailUrl":"https:\/\/www.notibras.com\/site\/wp-content\/uploads\/2025\/05\/economia_1609210425_0.webp","datePublished":"2026-01-02T21:21:21+00:00","dateModified":"2026-01-02T21:44:34+00:00","breadcrumb":{"@id":"https:\/\/www.notibras.com\/site\/disputa-de-poder-bate-na-porta-do-planalto-e-liga-alerta-no-governo-lula\/#breadcrumb"},"inLanguage":"pt-BR","potentialAction":[{"@type":"ReadAction","target":["https:\/\/www.notibras.com\/site\/disputa-de-poder-bate-na-porta-do-planalto-e-liga-alerta-no-governo-lula\/"]}]},{"@type":"ImageObject","inLanguage":"pt-BR","@id":"https:\/\/www.notibras.com\/site\/disputa-de-poder-bate-na-porta-do-planalto-e-liga-alerta-no-governo-lula\/#primaryimage","url":"https:\/\/www.notibras.com\/site\/wp-content\/uploads\/2025\/05\/economia_1609210425_0.webp","contentUrl":"https:\/\/www.notibras.com\/site\/wp-content\/uploads\/2025\/05\/economia_1609210425_0.webp","width":1170,"height":700},{"@type":"BreadcrumbList","@id":"https:\/\/www.notibras.com\/site\/disputa-de-poder-bate-na-porta-do-planalto-e-liga-alerta-no-governo-lula\/#breadcrumb","itemListElement":[{"@type":"ListItem","position":1,"name":"In\u00edcio","item":"https:\/\/www.notibras.com\/site\/"},{"@type":"ListItem","position":2,"name":"Disputa de poder bate na porta do Planalto e liga alerta no governo Lula"}]},{"@type":"WebSite","@id":"https:\/\/www.notibras.com\/site\/#website","url":"https:\/\/www.notibras.com\/site\/","name":"Notibras","description":"Not\u00edcias de Bras\u00edlia, do Brasil e do Mundo","publisher":{"@id":"https:\/\/www.notibras.com\/site\/#organization"},"potentialAction":[{"@type":"SearchAction","target":{"@type":"EntryPoint","urlTemplate":"https:\/\/www.notibras.com\/site\/?s={search_term_string}"},"query-input":{"@type":"PropertyValueSpecification","valueRequired":true,"valueName":"search_term_string"}}],"inLanguage":"pt-BR"},{"@type":"Organization","@id":"https:\/\/www.notibras.com\/site\/#organization","name":"Grupo Notibras de Comunica\u00e7\u00e3o","url":"https:\/\/www.notibras.com\/site\/","logo":{"@type":"ImageObject","inLanguage":"pt-BR","@id":"https:\/\/www.notibras.com\/site\/#\/schema\/logo\/image\/","url":"https:\/\/www.notibras.com\/site\/wp-content\/uploads\/2023\/01\/notibras23.png","contentUrl":"https:\/\/www.notibras.com\/site\/wp-content\/uploads\/2023\/01\/notibras23.png","width":350,"height":87,"caption":"Grupo Notibras de Comunica\u00e7\u00e3o"},"image":{"@id":"https:\/\/www.notibras.com\/site\/#\/schema\/logo\/image\/"},"sameAs":["https:\/\/www.facebook.com\/notibras\/","https:\/\/x.com\/Notibras","https:\/\/www.instagram.com\/notibras\/"]},{"@type":"Person","@id":"https:\/\/www.notibras.com\/site\/#\/schema\/person\/36ab0979449956132d3e5b517ea76ac8","name":"Reda\u00e7\u00e3o","image":{"@type":"ImageObject","inLanguage":"pt-BR","@id":"https:\/\/secure.gravatar.com\/avatar\/e0a867bdedb85fd243eadf09663511f96fc81e0720a4a42581f334ad4303aa6b?s=96&d=mm&r=g","url":"https:\/\/secure.gravatar.com\/avatar\/e0a867bdedb85fd243eadf09663511f96fc81e0720a4a42581f334ad4303aa6b?s=96&d=mm&r=g","contentUrl":"https:\/\/secure.gravatar.com\/avatar\/e0a867bdedb85fd243eadf09663511f96fc81e0720a4a42581f334ad4303aa6b?s=96&d=mm&r=g","caption":"Reda\u00e7\u00e3o"}}]}},"amp_enabled":true,"_links":{"self":[{"href":"https:\/\/www.notibras.com\/site\/wp-json\/wp\/v2\/posts\/377424","targetHints":{"allow":["GET"]}}],"collection":[{"href":"https:\/\/www.notibras.com\/site\/wp-json\/wp\/v2\/posts"}],"about":[{"href":"https:\/\/www.notibras.com\/site\/wp-json\/wp\/v2\/types\/post"}],"author":[{"embeddable":true,"href":"https:\/\/www.notibras.com\/site\/wp-json\/wp\/v2\/users\/2"}],"replies":[{"embeddable":true,"href":"https:\/\/www.notibras.com\/site\/wp-json\/wp\/v2\/comments?post=377424"}],"version-history":[{"count":3,"href":"https:\/\/www.notibras.com\/site\/wp-json\/wp\/v2\/posts\/377424\/revisions"}],"predecessor-version":[{"id":377427,"href":"https:\/\/www.notibras.com\/site\/wp-json\/wp\/v2\/posts\/377424\/revisions\/377427"}],"wp:featuredmedia":[{"embeddable":true,"href":"https:\/\/www.notibras.com\/site\/wp-json\/wp\/v2\/media\/354426"}],"wp:attachment":[{"href":"https:\/\/www.notibras.com\/site\/wp-json\/wp\/v2\/media?parent=377424"}],"wp:term":[{"taxonomy":"category","embeddable":true,"href":"https:\/\/www.notibras.com\/site\/wp-json\/wp\/v2\/categories?post=377424"},{"taxonomy":"post_tag","embeddable":true,"href":"https:\/\/www.notibras.com\/site\/wp-json\/wp\/v2\/tags?post=377424"}],"curies":[{"name":"wp","href":"https:\/\/api.w.org\/{rel}","templated":true}]}}