{"id":37743,"date":"2015-02-21T12:58:03","date_gmt":"2015-02-21T15:58:03","guid":{"rendered":"http:\/\/www.notibras.com\/site\/?p=37743"},"modified":"2015-02-21T19:18:39","modified_gmt":"2015-02-21T22:18:39","slug":"verstappen-17-anos-deixa-campeoes-para-tras-no-treino-da-f-1","status":"publish","type":"post","link":"https:\/\/www.notibras.com\/site\/verstappen-17-anos-deixa-campeoes-para-tras-no-treino-da-f-1\/","title":{"rendered":"Verstappen, 17 anos, deixa campe\u00f5es para tr\u00e1s na F-1"},"content":{"rendered":"<p>Max Verstappen, de apenas 17 anos, foi a grande sensa\u00e7\u00e3o dos treinos da F-1 realizados na manh\u00e3 deste s\u00e1bado em Barcelona, Espanha. \u00a0O holand\u00eas foi o mais r\u00e1pido\u00a0com sua Toro Rosso, que usou\u00a0compostos supermacios e\u00a0entrou na casa de 1min24s no Circuito da Catalunha, mais de 1s4 \u00e0 frente do campe\u00e3o Lewis Hamilton.<\/p>\n<p>Verstappen tamb\u00e9m foi quem mais andou, passando dos 60 giros \u2014 quase uma corrida.\u00a0Hamilton foi segundo, e Sebastian Vettel e Daniil Kvyat seguiram de perto. Felipe Massa ficou em 5\u00ba com sua Williams.<\/p>\n<blockquote><p>Os treinos coletivos deste s\u00e1bado j\u00e1 come\u00e7aram at\u00edpicos. Em apenas 1min25s a bandeira vermelha foi acionada pela primeira vez. A raz\u00e3o foi uma sa\u00edda de pista de Vettel ap\u00f3s a curva 4.<\/p><\/blockquote>\n<p>Ele n\u00e3o chegou a bater, mas se viu parado na caixa de brita e s\u00f3 saiu de l\u00e1 guinchado. Hamilton, que tamb\u00e9m estava na pista para uma volta de instala\u00e7\u00e3o, relatou que o tra\u00e7ado estava escorregadio.<\/p>\n<p>Por\u00e9m a previs\u00e3o de chuva que existia n\u00e3o se confirmou, mesmo, at\u00e9 por volta das 12h20 locais (9h20 de Bras\u00edlia). At\u00e9 ent\u00e3o, somente pneus slicks eram utilizados. Foi quando pingos mais fortes come\u00e7aram a cair, recolhendo todos aos boxes.<\/p>\n","protected":false},"excerpt":{"rendered":"<p>Max Verstappen, de apenas 17 anos, foi a grande sensa\u00e7\u00e3o dos treinos da F-1 realizados na manh\u00e3 deste s\u00e1bado em Barcelona, Espanha. \u00a0O holand\u00eas foi o mais r\u00e1pido\u00a0com sua Toro Rosso, que usou\u00a0compostos supermacios e\u00a0entrou na casa de 1min24s no Circuito da Catalunha, mais de 1s4 \u00e0 frente do campe\u00e3o Lewis Hamilton. Verstappen tamb\u00e9m foi [&hellip;]<\/p>\n","protected":false},"author":2,"featured_media":37744,"comment_status":"open","ping_status":"closed","sticky":false,"template":"","format":"standard","meta":{"_acf_changed":false,"footnotes":""},"categories":[27,19],"tags":[],"class_list":["post-37743","post","type-post","status-publish","format-standard","has-post-thumbnail","hentry","category-automobilismo","category-esportes"],"acf":[],"yoast_head":"<!-- This site is optimized with the Yoast SEO plugin v27.2 - https:\/\/yoast.com\/product\/yoast-seo-wordpress\/ -->\n<title>Verstappen, 17 anos, deixa campe\u00f5es para tr\u00e1s na F-1 - Notibras<\/title>\n<meta name=\"robots\" content=\"index, follow, max-snippet:-1, max-image-preview:large, max-video-preview:-1\" \/>\n<link rel=\"canonical\" href=\"https:\/\/www.notibras.com\/site\/verstappen-17-anos-deixa-campeoes-para-tras-no-treino-da-f-1\/\" \/>\n<meta property=\"og:locale\" content=\"pt_BR\" \/>\n<meta property=\"og:type\" content=\"article\" \/>\n<meta property=\"og:title\" content=\"Verstappen, 17 anos, deixa campe\u00f5es para tr\u00e1s na F-1 - Notibras\" \/>\n<meta property=\"og:description\" content=\"Max Verstappen, de apenas 17 anos, foi a grande sensa\u00e7\u00e3o dos treinos da F-1 realizados na manh\u00e3 deste s\u00e1bado em Barcelona, Espanha. \u00a0O holand\u00eas foi o mais r\u00e1pido\u00a0com sua Toro Rosso, que usou\u00a0compostos supermacios e\u00a0entrou na casa de 1min24s no Circuito da Catalunha, mais de 1s4 \u00e0 frente do campe\u00e3o Lewis Hamilton. Verstappen tamb\u00e9m foi [&hellip;]\" \/>\n<meta property=\"og:url\" content=\"https:\/\/www.notibras.com\/site\/verstappen-17-anos-deixa-campeoes-para-tras-no-treino-da-f-1\/\" \/>\n<meta property=\"og:site_name\" content=\"Notibras\" \/>\n<meta property=\"article:publisher\" content=\"https:\/\/www.facebook.com\/notibras\/\" \/>\n<meta property=\"article:published_time\" content=\"2015-02-21T15:58:03+00:00\" \/>\n<meta property=\"article:modified_time\" content=\"2015-02-21T22:18:39+00:00\" \/>\n<meta property=\"og:image\" content=\"https:\/\/www.notibras.com\/site\/wp-content\/uploads\/2015\/02\/f1.jpg\" \/>\n\t<meta property=\"og:image:width\" content=\"580\" \/>\n\t<meta property=\"og:image:height\" content=\"387\" \/>\n\t<meta property=\"og:image:type\" content=\"image\/jpeg\" \/>\n<meta name=\"author\" content=\"Reda\u00e7\u00e3o\" \/>\n<meta name=\"twitter:card\" content=\"summary_large_image\" \/>\n<meta name=\"twitter:creator\" content=\"@Notibras\" \/>\n<meta name=\"twitter:site\" content=\"@Notibras\" \/>\n<meta name=\"twitter:label1\" content=\"Escrito por\" \/>\n\t<meta name=\"twitter:data1\" content=\"Reda\u00e7\u00e3o\" \/>\n\t<meta name=\"twitter:label2\" content=\"Est. tempo de leitura\" \/>\n\t<meta name=\"twitter:data2\" content=\"1 minuto\" \/>\n<script type=\"application\/ld+json\" class=\"yoast-schema-graph\">{\"@context\":\"https:\/\/schema.org\",\"@graph\":[{\"@type\":\"Article\",\"@id\":\"https:\/\/www.notibras.com\/site\/verstappen-17-anos-deixa-campeoes-para-tras-no-treino-da-f-1\/#article\",\"isPartOf\":{\"@id\":\"https:\/\/www.notibras.com\/site\/verstappen-17-anos-deixa-campeoes-para-tras-no-treino-da-f-1\/\"},\"author\":{\"name\":\"Reda\u00e7\u00e3o\",\"@id\":\"https:\/\/www.notibras.com\/site\/#\/schema\/person\/36ab0979449956132d3e5b517ea76ac8\"},\"headline\":\"Verstappen, 17 anos, deixa campe\u00f5es para tr\u00e1s na F-1\",\"datePublished\":\"2015-02-21T15:58:03+00:00\",\"dateModified\":\"2015-02-21T22:18:39+00:00\",\"mainEntityOfPage\":{\"@id\":\"https:\/\/www.notibras.com\/site\/verstappen-17-anos-deixa-campeoes-para-tras-no-treino-da-f-1\/\"},\"wordCount\":224,\"commentCount\":0,\"publisher\":{\"@id\":\"https:\/\/www.notibras.com\/site\/#organization\"},\"image\":{\"@id\":\"https:\/\/www.notibras.com\/site\/verstappen-17-anos-deixa-campeoes-para-tras-no-treino-da-f-1\/#primaryimage\"},\"thumbnailUrl\":\"https:\/\/www.notibras.com\/site\/wp-content\/uploads\/2015\/02\/f1.jpg\",\"articleSection\":[\"Automobilismo\",\"Esportes\"],\"inLanguage\":\"pt-BR\",\"potentialAction\":[{\"@type\":\"CommentAction\",\"name\":\"Comment\",\"target\":[\"https:\/\/www.notibras.com\/site\/verstappen-17-anos-deixa-campeoes-para-tras-no-treino-da-f-1\/#respond\"]}]},{\"@type\":\"WebPage\",\"@id\":\"https:\/\/www.notibras.com\/site\/verstappen-17-anos-deixa-campeoes-para-tras-no-treino-da-f-1\/\",\"url\":\"https:\/\/www.notibras.com\/site\/verstappen-17-anos-deixa-campeoes-para-tras-no-treino-da-f-1\/\",\"name\":\"Verstappen, 17 anos, deixa campe\u00f5es para tr\u00e1s na F-1 - Notibras\",\"isPartOf\":{\"@id\":\"https:\/\/www.notibras.com\/site\/#website\"},\"primaryImageOfPage\":{\"@id\":\"https:\/\/www.notibras.com\/site\/verstappen-17-anos-deixa-campeoes-para-tras-no-treino-da-f-1\/#primaryimage\"},\"image\":{\"@id\":\"https:\/\/www.notibras.com\/site\/verstappen-17-anos-deixa-campeoes-para-tras-no-treino-da-f-1\/#primaryimage\"},\"thumbnailUrl\":\"https:\/\/www.notibras.com\/site\/wp-content\/uploads\/2015\/02\/f1.jpg\",\"datePublished\":\"2015-02-21T15:58:03+00:00\",\"dateModified\":\"2015-02-21T22:18:39+00:00\",\"breadcrumb\":{\"@id\":\"https:\/\/www.notibras.com\/site\/verstappen-17-anos-deixa-campeoes-para-tras-no-treino-da-f-1\/#breadcrumb\"},\"inLanguage\":\"pt-BR\",\"potentialAction\":[{\"@type\":\"ReadAction\",\"target\":[\"https:\/\/www.notibras.com\/site\/verstappen-17-anos-deixa-campeoes-para-tras-no-treino-da-f-1\/\"]}]},{\"@type\":\"ImageObject\",\"inLanguage\":\"pt-BR\",\"@id\":\"https:\/\/www.notibras.com\/site\/verstappen-17-anos-deixa-campeoes-para-tras-no-treino-da-f-1\/#primaryimage\",\"url\":\"https:\/\/www.notibras.com\/site\/wp-content\/uploads\/2015\/02\/f1.jpg\",\"contentUrl\":\"https:\/\/www.notibras.com\/site\/wp-content\/uploads\/2015\/02\/f1.jpg\",\"width\":580,\"height\":387},{\"@type\":\"BreadcrumbList\",\"@id\":\"https:\/\/www.notibras.com\/site\/verstappen-17-anos-deixa-campeoes-para-tras-no-treino-da-f-1\/#breadcrumb\",\"itemListElement\":[{\"@type\":\"ListItem\",\"position\":1,\"name\":\"In\u00edcio\",\"item\":\"https:\/\/www.notibras.com\/site\/\"},{\"@type\":\"ListItem\",\"position\":2,\"name\":\"Verstappen, 17 anos, deixa campe\u00f5es para tr\u00e1s na F-1\"}]},{\"@type\":\"WebSite\",\"@id\":\"https:\/\/www.notibras.com\/site\/#website\",\"url\":\"https:\/\/www.notibras.com\/site\/\",\"name\":\"Notibras\",\"description\":\"Not\u00edcias de Bras\u00edlia, do Brasil e do Mundo\",\"publisher\":{\"@id\":\"https:\/\/www.notibras.com\/site\/#organization\"},\"potentialAction\":[{\"@type\":\"SearchAction\",\"target\":{\"@type\":\"EntryPoint\",\"urlTemplate\":\"https:\/\/www.notibras.com\/site\/?s={search_term_string}\"},\"query-input\":{\"@type\":\"PropertyValueSpecification\",\"valueRequired\":true,\"valueName\":\"search_term_string\"}}],\"inLanguage\":\"pt-BR\"},{\"@type\":\"Organization\",\"@id\":\"https:\/\/www.notibras.com\/site\/#organization\",\"name\":\"Grupo Notibras de Comunica\u00e7\u00e3o\",\"url\":\"https:\/\/www.notibras.com\/site\/\",\"logo\":{\"@type\":\"ImageObject\",\"inLanguage\":\"pt-BR\",\"@id\":\"https:\/\/www.notibras.com\/site\/#\/schema\/logo\/image\/\",\"url\":\"https:\/\/www.notibras.com\/site\/wp-content\/uploads\/2023\/01\/notibras23.png\",\"contentUrl\":\"https:\/\/www.notibras.com\/site\/wp-content\/uploads\/2023\/01\/notibras23.png\",\"width\":350,\"height\":87,\"caption\":\"Grupo Notibras de Comunica\u00e7\u00e3o\"},\"image\":{\"@id\":\"https:\/\/www.notibras.com\/site\/#\/schema\/logo\/image\/\"},\"sameAs\":[\"https:\/\/www.facebook.com\/notibras\/\",\"https:\/\/x.com\/Notibras\",\"https:\/\/www.instagram.com\/notibras\/\"]},{\"@type\":\"Person\",\"@id\":\"https:\/\/www.notibras.com\/site\/#\/schema\/person\/36ab0979449956132d3e5b517ea76ac8\",\"name\":\"Reda\u00e7\u00e3o\",\"image\":{\"@type\":\"ImageObject\",\"inLanguage\":\"pt-BR\",\"@id\":\"https:\/\/secure.gravatar.com\/avatar\/e0a867bdedb85fd243eadf09663511f96fc81e0720a4a42581f334ad4303aa6b?s=96&d=mm&r=g\",\"url\":\"https:\/\/secure.gravatar.com\/avatar\/e0a867bdedb85fd243eadf09663511f96fc81e0720a4a42581f334ad4303aa6b?s=96&d=mm&r=g\",\"contentUrl\":\"https:\/\/secure.gravatar.com\/avatar\/e0a867bdedb85fd243eadf09663511f96fc81e0720a4a42581f334ad4303aa6b?s=96&d=mm&r=g\",\"caption\":\"Reda\u00e7\u00e3o\"}}]}<\/script>\n<!-- \/ Yoast SEO plugin. -->","yoast_head_json":{"title":"Verstappen, 17 anos, deixa campe\u00f5es para tr\u00e1s na F-1 - Notibras","robots":{"index":"index","follow":"follow","max-snippet":"max-snippet:-1","max-image-preview":"max-image-preview:large","max-video-preview":"max-video-preview:-1"},"canonical":"https:\/\/www.notibras.com\/site\/verstappen-17-anos-deixa-campeoes-para-tras-no-treino-da-f-1\/","og_locale":"pt_BR","og_type":"article","og_title":"Verstappen, 17 anos, deixa campe\u00f5es para tr\u00e1s na F-1 - Notibras","og_description":"Max Verstappen, de apenas 17 anos, foi a grande sensa\u00e7\u00e3o dos treinos da F-1 realizados na manh\u00e3 deste s\u00e1bado em Barcelona, Espanha. \u00a0O holand\u00eas foi o mais r\u00e1pido\u00a0com sua Toro Rosso, que usou\u00a0compostos supermacios e\u00a0entrou na casa de 1min24s no Circuito da Catalunha, mais de 1s4 \u00e0 frente do campe\u00e3o Lewis Hamilton. Verstappen tamb\u00e9m foi [&hellip;]","og_url":"https:\/\/www.notibras.com\/site\/verstappen-17-anos-deixa-campeoes-para-tras-no-treino-da-f-1\/","og_site_name":"Notibras","article_publisher":"https:\/\/www.facebook.com\/notibras\/","article_published_time":"2015-02-21T15:58:03+00:00","article_modified_time":"2015-02-21T22:18:39+00:00","og_image":[{"width":580,"height":387,"url":"https:\/\/www.notibras.com\/site\/wp-content\/uploads\/2015\/02\/f1.jpg","type":"image\/jpeg"}],"author":"Reda\u00e7\u00e3o","twitter_card":"summary_large_image","twitter_creator":"@Notibras","twitter_site":"@Notibras","twitter_misc":{"Escrito por":"Reda\u00e7\u00e3o","Est. tempo de leitura":"1 minuto"},"schema":{"@context":"https:\/\/schema.org","@graph":[{"@type":"Article","@id":"https:\/\/www.notibras.com\/site\/verstappen-17-anos-deixa-campeoes-para-tras-no-treino-da-f-1\/#article","isPartOf":{"@id":"https:\/\/www.notibras.com\/site\/verstappen-17-anos-deixa-campeoes-para-tras-no-treino-da-f-1\/"},"author":{"name":"Reda\u00e7\u00e3o","@id":"https:\/\/www.notibras.com\/site\/#\/schema\/person\/36ab0979449956132d3e5b517ea76ac8"},"headline":"Verstappen, 17 anos, deixa campe\u00f5es para tr\u00e1s na F-1","datePublished":"2015-02-21T15:58:03+00:00","dateModified":"2015-02-21T22:18:39+00:00","mainEntityOfPage":{"@id":"https:\/\/www.notibras.com\/site\/verstappen-17-anos-deixa-campeoes-para-tras-no-treino-da-f-1\/"},"wordCount":224,"commentCount":0,"publisher":{"@id":"https:\/\/www.notibras.com\/site\/#organization"},"image":{"@id":"https:\/\/www.notibras.com\/site\/verstappen-17-anos-deixa-campeoes-para-tras-no-treino-da-f-1\/#primaryimage"},"thumbnailUrl":"https:\/\/www.notibras.com\/site\/wp-content\/uploads\/2015\/02\/f1.jpg","articleSection":["Automobilismo","Esportes"],"inLanguage":"pt-BR","potentialAction":[{"@type":"CommentAction","name":"Comment","target":["https:\/\/www.notibras.com\/site\/verstappen-17-anos-deixa-campeoes-para-tras-no-treino-da-f-1\/#respond"]}]},{"@type":"WebPage","@id":"https:\/\/www.notibras.com\/site\/verstappen-17-anos-deixa-campeoes-para-tras-no-treino-da-f-1\/","url":"https:\/\/www.notibras.com\/site\/verstappen-17-anos-deixa-campeoes-para-tras-no-treino-da-f-1\/","name":"Verstappen, 17 anos, deixa campe\u00f5es para tr\u00e1s na F-1 - Notibras","isPartOf":{"@id":"https:\/\/www.notibras.com\/site\/#website"},"primaryImageOfPage":{"@id":"https:\/\/www.notibras.com\/site\/verstappen-17-anos-deixa-campeoes-para-tras-no-treino-da-f-1\/#primaryimage"},"image":{"@id":"https:\/\/www.notibras.com\/site\/verstappen-17-anos-deixa-campeoes-para-tras-no-treino-da-f-1\/#primaryimage"},"thumbnailUrl":"https:\/\/www.notibras.com\/site\/wp-content\/uploads\/2015\/02\/f1.jpg","datePublished":"2015-02-21T15:58:03+00:00","dateModified":"2015-02-21T22:18:39+00:00","breadcrumb":{"@id":"https:\/\/www.notibras.com\/site\/verstappen-17-anos-deixa-campeoes-para-tras-no-treino-da-f-1\/#breadcrumb"},"inLanguage":"pt-BR","potentialAction":[{"@type":"ReadAction","target":["https:\/\/www.notibras.com\/site\/verstappen-17-anos-deixa-campeoes-para-tras-no-treino-da-f-1\/"]}]},{"@type":"ImageObject","inLanguage":"pt-BR","@id":"https:\/\/www.notibras.com\/site\/verstappen-17-anos-deixa-campeoes-para-tras-no-treino-da-f-1\/#primaryimage","url":"https:\/\/www.notibras.com\/site\/wp-content\/uploads\/2015\/02\/f1.jpg","contentUrl":"https:\/\/www.notibras.com\/site\/wp-content\/uploads\/2015\/02\/f1.jpg","width":580,"height":387},{"@type":"BreadcrumbList","@id":"https:\/\/www.notibras.com\/site\/verstappen-17-anos-deixa-campeoes-para-tras-no-treino-da-f-1\/#breadcrumb","itemListElement":[{"@type":"ListItem","position":1,"name":"In\u00edcio","item":"https:\/\/www.notibras.com\/site\/"},{"@type":"ListItem","position":2,"name":"Verstappen, 17 anos, deixa campe\u00f5es para tr\u00e1s na F-1"}]},{"@type":"WebSite","@id":"https:\/\/www.notibras.com\/site\/#website","url":"https:\/\/www.notibras.com\/site\/","name":"Notibras","description":"Not\u00edcias de Bras\u00edlia, do Brasil e do Mundo","publisher":{"@id":"https:\/\/www.notibras.com\/site\/#organization"},"potentialAction":[{"@type":"SearchAction","target":{"@type":"EntryPoint","urlTemplate":"https:\/\/www.notibras.com\/site\/?s={search_term_string}"},"query-input":{"@type":"PropertyValueSpecification","valueRequired":true,"valueName":"search_term_string"}}],"inLanguage":"pt-BR"},{"@type":"Organization","@id":"https:\/\/www.notibras.com\/site\/#organization","name":"Grupo Notibras de Comunica\u00e7\u00e3o","url":"https:\/\/www.notibras.com\/site\/","logo":{"@type":"ImageObject","inLanguage":"pt-BR","@id":"https:\/\/www.notibras.com\/site\/#\/schema\/logo\/image\/","url":"https:\/\/www.notibras.com\/site\/wp-content\/uploads\/2023\/01\/notibras23.png","contentUrl":"https:\/\/www.notibras.com\/site\/wp-content\/uploads\/2023\/01\/notibras23.png","width":350,"height":87,"caption":"Grupo Notibras de Comunica\u00e7\u00e3o"},"image":{"@id":"https:\/\/www.notibras.com\/site\/#\/schema\/logo\/image\/"},"sameAs":["https:\/\/www.facebook.com\/notibras\/","https:\/\/x.com\/Notibras","https:\/\/www.instagram.com\/notibras\/"]},{"@type":"Person","@id":"https:\/\/www.notibras.com\/site\/#\/schema\/person\/36ab0979449956132d3e5b517ea76ac8","name":"Reda\u00e7\u00e3o","image":{"@type":"ImageObject","inLanguage":"pt-BR","@id":"https:\/\/secure.gravatar.com\/avatar\/e0a867bdedb85fd243eadf09663511f96fc81e0720a4a42581f334ad4303aa6b?s=96&d=mm&r=g","url":"https:\/\/secure.gravatar.com\/avatar\/e0a867bdedb85fd243eadf09663511f96fc81e0720a4a42581f334ad4303aa6b?s=96&d=mm&r=g","contentUrl":"https:\/\/secure.gravatar.com\/avatar\/e0a867bdedb85fd243eadf09663511f96fc81e0720a4a42581f334ad4303aa6b?s=96&d=mm&r=g","caption":"Reda\u00e7\u00e3o"}}]}},"amp_enabled":true,"_links":{"self":[{"href":"https:\/\/www.notibras.com\/site\/wp-json\/wp\/v2\/posts\/37743","targetHints":{"allow":["GET"]}}],"collection":[{"href":"https:\/\/www.notibras.com\/site\/wp-json\/wp\/v2\/posts"}],"about":[{"href":"https:\/\/www.notibras.com\/site\/wp-json\/wp\/v2\/types\/post"}],"author":[{"embeddable":true,"href":"https:\/\/www.notibras.com\/site\/wp-json\/wp\/v2\/users\/2"}],"replies":[{"embeddable":true,"href":"https:\/\/www.notibras.com\/site\/wp-json\/wp\/v2\/comments?post=37743"}],"version-history":[{"count":0,"href":"https:\/\/www.notibras.com\/site\/wp-json\/wp\/v2\/posts\/37743\/revisions"}],"wp:featuredmedia":[{"embeddable":true,"href":"https:\/\/www.notibras.com\/site\/wp-json\/wp\/v2\/media\/37744"}],"wp:attachment":[{"href":"https:\/\/www.notibras.com\/site\/wp-json\/wp\/v2\/media?parent=37743"}],"wp:term":[{"taxonomy":"category","embeddable":true,"href":"https:\/\/www.notibras.com\/site\/wp-json\/wp\/v2\/categories?post=37743"},{"taxonomy":"post_tag","embeddable":true,"href":"https:\/\/www.notibras.com\/site\/wp-json\/wp\/v2\/tags?post=37743"}],"curies":[{"name":"wp","href":"https:\/\/api.w.org\/{rel}","templated":true}]}}