{"id":377479,"date":"2026-01-10T02:15:25","date_gmt":"2026-01-10T05:15:25","guid":{"rendered":"https:\/\/www.notibras.com\/site\/?p=377479"},"modified":"2026-01-03T05:24:11","modified_gmt":"2026-01-03T08:24:11","slug":"vida-de-escritora-nao-e-facil","status":"publish","type":"post","link":"https:\/\/www.notibras.com\/site\/vida-de-escritora-nao-e-facil\/","title":{"rendered":"Vida de escritora n\u00e3o \u00e9 f\u00e1cil"},"content":{"rendered":"<p>E as areias do tempo continuam a escorrer pela ampulheta, marcando a nossa caminhada rumo ao desconhecido. Sim, cada gr\u00e3o de areia que se deposita no fundo do recept\u00e1culo \u00e9 um momento que passou e n\u00e3o mais retornar\u00e1. Se aproveitamos ou n\u00e3o esse momento depende de como percebemos a vida ao nosso redor. Normalmente, deixamos passar. N\u00e3o porque n\u00e3o quis\u00e9ssemos aproveitar a chance de realizar algum desejo de nossa alma, mas porque dependemos de outros para alcan\u00e7armos tal intento. N\u00e3o que isso seja garantia de alguma coisa, mas ao menos nos d\u00e1 algo que vale mais que todo tesouro do mundo&#8230; Esperan\u00e7a&#8230;<\/p>\n<p>Como voc\u00eas sabem, ou pelo menos a maioria tem uma ideia, sou escritora. Tenho alguns livros publicados. Fracasso total em vendas. O primeiro publiquei atrav\u00e9s de uma editora, h\u00e1 algum tempo atr\u00e1s. Investi o que tinha dispon\u00edvel em propaganda, paguei algumas entrevistas, paguei para a divulga\u00e7\u00e3o do mesmo. N\u00e3o recuperei nem o que gastei na divulga\u00e7\u00e3o. Monetariamente, preju\u00edzo total. A Editora nunca me apresentou qualquer planilha dizendo quanto o livro vendeu, se vendeu. Nunca tra\u00e7ou nenhum plano de divulga\u00e7\u00e3o. Nunca recebi nem um centavo relativo \u00e0s vendas desse t\u00edtulo por ela publicado&#8230;<\/p>\n<p>O segundo livro, j\u00e1 escaldada pelo preju\u00edzo do primeiro, resolvi publicar em uma plataforma para escritores. Novamente gastei algum para divulgar minha obra. Paguei para algumas pessoas escreverem uma resenha do mesmo, fiz minha pr\u00f3pria propaganda em meus grupos&#8230; e, para variar, nenhum exemplar vendido. N\u00e3o o suficiente para cobrir os gastos que tive para a publica\u00e7\u00e3o e divulga\u00e7\u00e3o&#8230;<\/p>\n<p>Veio o terceiro. Atendendo a pedidos de &#8220;f\u00e3s&#8221; que me acompanham desde o in\u00edcio de minha jornada como escritora, fiz uma compila\u00e7\u00e3o de algumas de minhas cr\u00f4nicas e, desta vez, resolvi pedir ajuda a algumas pessoas que acreditei que poderiam ajudar-me na divulga\u00e7\u00e3o. Contribuo para dois jornais, um da minha regi\u00e3o e outro de outro Estado da Federa\u00e7\u00e3o. Conversei com meus contatos de ambos ve\u00edculos e essas pessoas prometeram que publicariam um artigo sobre a obra que eu estava lan\u00e7ando ent\u00e3o&#8230;<\/p>\n<p>Bem, \u00e9 \u00f3bvio que um jornal tem suas prioridades e talvez meu livro n\u00e3o estivesse \u00e0 altura para merecer um artigo, uma indica\u00e7\u00e3o deste. Acredito que sim. \u00c9 claro que, quando voc\u00ea pede um favor para algu\u00e9m, antes mesmo de fazer a solicita\u00e7\u00e3o j\u00e1 tem um &#8220;n\u00e3o&#8221; garantido. Mas a Esperan\u00e7a \u00e9 a \u00faltima que morre e voc\u00ea espera ouvir um &#8220;sim&#8221;. Mas quando esse &#8220;sim&#8221; \u00e9 s\u00f3 da boca para fora, machuca muito mais que o &#8220;n\u00e3o&#8221;, direto e franco. E, no final, a culpa \u00e9 \u00fanica e exclusivamente sua. N\u00e3o temo como terceirizar seu fracasso&#8230;<\/p>\n<p>O que n\u00e3o consigo entender \u00e9 por que as pessoas&#8230; as &#8220;influencer liter\u00e1rias&#8221;&#8230; fazem resenha gratuitas de obras j\u00e1 consagradas&#8230; de cl\u00e1ssicos que se vendem sozinhas. Mas quando \u00e9 um livro de algu\u00e9m que est\u00e1 come\u00e7ando&#8230; mesmo que esse come\u00e7o j\u00e1 tenha um bom tempo de estrada&#8230; cobram. E n\u00e3o cobram barato. Veja bem, n\u00e3o estou culpando ningu\u00e9m. Afinal, a \u00fanica respons\u00e1vel pela minha caminhada por esse plano sou eu, ningu\u00e9m mais. E se aquilo que escrevo n\u00e3o agrada ningu\u00e9m al\u00e9m de mim&#8230; se meus escritos n\u00e3o merecem nem mesmo uma pequena men\u00e7\u00e3o de quem quer que seja, bem&#8230; eu estou errando. E muito, j\u00e1 que n\u00e3o consigo atrair ningu\u00e9m para o meu lado&#8230;<\/p>\n<p>Sei que este n\u00e3o \u00e9 um problema exclusivo meu. A maioria dos escritores iniciantes sofrem do mesmo mal. Mas sabe o que mais d\u00f3i? \u00c9 ouvir a velha frase \u00e0 guisa de consolo&#8230; &#8220;A maioria dos escritores s\u00f3 foi reconhecida depois que se foi&#8221;&#8230;<\/p>\n<p>Bem, de nada me valer\u00e1 reconhecerem meu trabalho depois que eu partir. Me esfor\u00e7o ao m\u00e1ximo para que gostem do que produzo em vida. N\u00e3o me servir\u00e1 de nada loas ao meu trabalho depois que me for desse plano. Mas sei que, se n\u00e3o reconhecem o que fa\u00e7o, a culpa \u00e9 minha. Somente minha. Ent\u00e3o, fico me perguntando&#8230; o que posso fazer para mudar esse estado de coisa? E a resposta \u00e9 uma s\u00f3&#8230; simplesmente n\u00e3o sei&#8230; n\u00e3o fa\u00e7o a menor ideia de como poderia mudar minha trajet\u00f3ria. Continuarei a escrever. Gosto de expor o que penso. Gosto de mostrar ao mundo aquilo que vejo. Mas sem maiores ambi\u00e7\u00f5es. Mesmo porque quando criamos expectativas e essas n\u00e3o se concretizam&#8230; a queda costuma machucar&#8230; e muito&#8230;<\/p>\n","protected":false},"excerpt":{"rendered":"<p>E as areias do tempo continuam a escorrer pela ampulheta, marcando a nossa caminhada rumo ao desconhecido. Sim, cada gr\u00e3o de areia que se deposita no fundo do recept\u00e1culo \u00e9 um momento que passou e n\u00e3o mais retornar\u00e1. Se aproveitamos ou n\u00e3o esse momento depende de como percebemos a vida ao nosso redor. Normalmente, deixamos [&hellip;]<\/p>\n","protected":false},"author":21,"featured_media":377480,"comment_status":"closed","ping_status":"closed","sticky":false,"template":"","format":"standard","meta":{"_acf_changed":false,"footnotes":""},"categories":[236],"tags":[],"class_list":["post-377479","post","type-post","status-publish","format-standard","has-post-thumbnail","hentry","category-ponto-de-vista"],"acf":[],"yoast_head":"<!-- This site is optimized with the Yoast SEO plugin v27.2 - https:\/\/yoast.com\/product\/yoast-seo-wordpress\/ -->\n<title>Vida de escritora n\u00e3o \u00e9 f\u00e1cil - Notibras<\/title>\n<meta name=\"robots\" content=\"index, follow, max-snippet:-1, max-image-preview:large, max-video-preview:-1\" \/>\n<link rel=\"canonical\" href=\"https:\/\/www.notibras.com\/site\/vida-de-escritora-nao-e-facil\/\" \/>\n<meta property=\"og:locale\" content=\"pt_BR\" \/>\n<meta property=\"og:type\" content=\"article\" \/>\n<meta property=\"og:title\" content=\"Vida de escritora n\u00e3o \u00e9 f\u00e1cil - Notibras\" \/>\n<meta property=\"og:description\" content=\"E as areias do tempo continuam a escorrer pela ampulheta, marcando a nossa caminhada rumo ao desconhecido. Sim, cada gr\u00e3o de areia que se deposita no fundo do recept\u00e1culo \u00e9 um momento que passou e n\u00e3o mais retornar\u00e1. Se aproveitamos ou n\u00e3o esse momento depende de como percebemos a vida ao nosso redor. Normalmente, deixamos [&hellip;]\" \/>\n<meta property=\"og:url\" content=\"https:\/\/www.notibras.com\/site\/vida-de-escritora-nao-e-facil\/\" \/>\n<meta property=\"og:site_name\" content=\"Notibras\" \/>\n<meta property=\"article:publisher\" content=\"https:\/\/www.facebook.com\/notibras\/\" \/>\n<meta property=\"article:published_time\" content=\"2026-01-10T05:15:25+00:00\" \/>\n<meta property=\"og:image\" content=\"https:\/\/www.notibras.com\/site\/wp-content\/uploads\/2026\/01\/IMG_0006.jpg\" \/>\n\t<meta property=\"og:image:width\" content=\"1023\" \/>\n\t<meta property=\"og:image:height\" content=\"905\" \/>\n\t<meta property=\"og:image:type\" content=\"image\/jpeg\" \/>\n<meta name=\"author\" content=\"Eduardo Mart\u00ednez\" \/>\n<meta name=\"twitter:card\" content=\"summary_large_image\" \/>\n<meta name=\"twitter:creator\" content=\"@Notibras\" \/>\n<meta name=\"twitter:site\" content=\"@Notibras\" \/>\n<meta name=\"twitter:label1\" content=\"Escrito por\" \/>\n\t<meta name=\"twitter:data1\" content=\"Eduardo Mart\u00ednez\" \/>\n\t<meta name=\"twitter:label2\" content=\"Est. tempo de leitura\" \/>\n\t<meta name=\"twitter:data2\" content=\"5 minutos\" \/>\n<script type=\"application\/ld+json\" class=\"yoast-schema-graph\">{\"@context\":\"https:\/\/schema.org\",\"@graph\":[{\"@type\":\"Article\",\"@id\":\"https:\/\/www.notibras.com\/site\/vida-de-escritora-nao-e-facil\/#article\",\"isPartOf\":{\"@id\":\"https:\/\/www.notibras.com\/site\/vida-de-escritora-nao-e-facil\/\"},\"author\":{\"name\":\"Eduardo Mart\u00ednez\",\"@id\":\"https:\/\/www.notibras.com\/site\/#\/schema\/person\/5b7fabf2aedc3ada2105f03b22b4d3dd\"},\"headline\":\"Vida de escritora n\u00e3o \u00e9 f\u00e1cil\",\"datePublished\":\"2026-01-10T05:15:25+00:00\",\"mainEntityOfPage\":{\"@id\":\"https:\/\/www.notibras.com\/site\/vida-de-escritora-nao-e-facil\/\"},\"wordCount\":783,\"publisher\":{\"@id\":\"https:\/\/www.notibras.com\/site\/#organization\"},\"image\":{\"@id\":\"https:\/\/www.notibras.com\/site\/vida-de-escritora-nao-e-facil\/#primaryimage\"},\"thumbnailUrl\":\"https:\/\/www.notibras.com\/site\/wp-content\/uploads\/2026\/01\/IMG_0006.jpg\",\"articleSection\":[\"Ponto de Vista\"],\"inLanguage\":\"pt-BR\"},{\"@type\":\"WebPage\",\"@id\":\"https:\/\/www.notibras.com\/site\/vida-de-escritora-nao-e-facil\/\",\"url\":\"https:\/\/www.notibras.com\/site\/vida-de-escritora-nao-e-facil\/\",\"name\":\"Vida de escritora n\u00e3o \u00e9 f\u00e1cil - Notibras\",\"isPartOf\":{\"@id\":\"https:\/\/www.notibras.com\/site\/#website\"},\"primaryImageOfPage\":{\"@id\":\"https:\/\/www.notibras.com\/site\/vida-de-escritora-nao-e-facil\/#primaryimage\"},\"image\":{\"@id\":\"https:\/\/www.notibras.com\/site\/vida-de-escritora-nao-e-facil\/#primaryimage\"},\"thumbnailUrl\":\"https:\/\/www.notibras.com\/site\/wp-content\/uploads\/2026\/01\/IMG_0006.jpg\",\"datePublished\":\"2026-01-10T05:15:25+00:00\",\"breadcrumb\":{\"@id\":\"https:\/\/www.notibras.com\/site\/vida-de-escritora-nao-e-facil\/#breadcrumb\"},\"inLanguage\":\"pt-BR\",\"potentialAction\":[{\"@type\":\"ReadAction\",\"target\":[\"https:\/\/www.notibras.com\/site\/vida-de-escritora-nao-e-facil\/\"]}]},{\"@type\":\"ImageObject\",\"inLanguage\":\"pt-BR\",\"@id\":\"https:\/\/www.notibras.com\/site\/vida-de-escritora-nao-e-facil\/#primaryimage\",\"url\":\"https:\/\/www.notibras.com\/site\/wp-content\/uploads\/2026\/01\/IMG_0006.jpg\",\"contentUrl\":\"https:\/\/www.notibras.com\/site\/wp-content\/uploads\/2026\/01\/IMG_0006.jpg\",\"width\":1023,\"height\":905},{\"@type\":\"BreadcrumbList\",\"@id\":\"https:\/\/www.notibras.com\/site\/vida-de-escritora-nao-e-facil\/#breadcrumb\",\"itemListElement\":[{\"@type\":\"ListItem\",\"position\":1,\"name\":\"In\u00edcio\",\"item\":\"https:\/\/www.notibras.com\/site\/\"},{\"@type\":\"ListItem\",\"position\":2,\"name\":\"Vida de escritora n\u00e3o \u00e9 f\u00e1cil\"}]},{\"@type\":\"WebSite\",\"@id\":\"https:\/\/www.notibras.com\/site\/#website\",\"url\":\"https:\/\/www.notibras.com\/site\/\",\"name\":\"Notibras\",\"description\":\"Not\u00edcias de Bras\u00edlia, do Brasil e do Mundo\",\"publisher\":{\"@id\":\"https:\/\/www.notibras.com\/site\/#organization\"},\"potentialAction\":[{\"@type\":\"SearchAction\",\"target\":{\"@type\":\"EntryPoint\",\"urlTemplate\":\"https:\/\/www.notibras.com\/site\/?s={search_term_string}\"},\"query-input\":{\"@type\":\"PropertyValueSpecification\",\"valueRequired\":true,\"valueName\":\"search_term_string\"}}],\"inLanguage\":\"pt-BR\"},{\"@type\":\"Organization\",\"@id\":\"https:\/\/www.notibras.com\/site\/#organization\",\"name\":\"Grupo Notibras de Comunica\u00e7\u00e3o\",\"url\":\"https:\/\/www.notibras.com\/site\/\",\"logo\":{\"@type\":\"ImageObject\",\"inLanguage\":\"pt-BR\",\"@id\":\"https:\/\/www.notibras.com\/site\/#\/schema\/logo\/image\/\",\"url\":\"https:\/\/www.notibras.com\/site\/wp-content\/uploads\/2023\/01\/notibras23.png\",\"contentUrl\":\"https:\/\/www.notibras.com\/site\/wp-content\/uploads\/2023\/01\/notibras23.png\",\"width\":350,\"height\":87,\"caption\":\"Grupo Notibras de Comunica\u00e7\u00e3o\"},\"image\":{\"@id\":\"https:\/\/www.notibras.com\/site\/#\/schema\/logo\/image\/\"},\"sameAs\":[\"https:\/\/www.facebook.com\/notibras\/\",\"https:\/\/x.com\/Notibras\",\"https:\/\/www.instagram.com\/notibras\/\"]},{\"@type\":\"Person\",\"@id\":\"https:\/\/www.notibras.com\/site\/#\/schema\/person\/5b7fabf2aedc3ada2105f03b22b4d3dd\",\"name\":\"Eduardo Mart\u00ednez\",\"image\":{\"@type\":\"ImageObject\",\"inLanguage\":\"pt-BR\",\"@id\":\"https:\/\/secure.gravatar.com\/avatar\/7902f906289926289cbcda644b5197c796b893c6ffd7b9a536a42d290f7704a0?s=96&d=mm&r=g\",\"url\":\"https:\/\/secure.gravatar.com\/avatar\/7902f906289926289cbcda644b5197c796b893c6ffd7b9a536a42d290f7704a0?s=96&d=mm&r=g\",\"contentUrl\":\"https:\/\/secure.gravatar.com\/avatar\/7902f906289926289cbcda644b5197c796b893c6ffd7b9a536a42d290f7704a0?s=96&d=mm&r=g\",\"caption\":\"Eduardo Mart\u00ednez\"}}]}<\/script>\n<!-- \/ Yoast SEO plugin. -->","yoast_head_json":{"title":"Vida de escritora n\u00e3o \u00e9 f\u00e1cil - Notibras","robots":{"index":"index","follow":"follow","max-snippet":"max-snippet:-1","max-image-preview":"max-image-preview:large","max-video-preview":"max-video-preview:-1"},"canonical":"https:\/\/www.notibras.com\/site\/vida-de-escritora-nao-e-facil\/","og_locale":"pt_BR","og_type":"article","og_title":"Vida de escritora n\u00e3o \u00e9 f\u00e1cil - Notibras","og_description":"E as areias do tempo continuam a escorrer pela ampulheta, marcando a nossa caminhada rumo ao desconhecido. Sim, cada gr\u00e3o de areia que se deposita no fundo do recept\u00e1culo \u00e9 um momento que passou e n\u00e3o mais retornar\u00e1. Se aproveitamos ou n\u00e3o esse momento depende de como percebemos a vida ao nosso redor. Normalmente, deixamos [&hellip;]","og_url":"https:\/\/www.notibras.com\/site\/vida-de-escritora-nao-e-facil\/","og_site_name":"Notibras","article_publisher":"https:\/\/www.facebook.com\/notibras\/","article_published_time":"2026-01-10T05:15:25+00:00","og_image":[{"width":1023,"height":905,"url":"https:\/\/www.notibras.com\/site\/wp-content\/uploads\/2026\/01\/IMG_0006.jpg","type":"image\/jpeg"}],"author":"Eduardo Mart\u00ednez","twitter_card":"summary_large_image","twitter_creator":"@Notibras","twitter_site":"@Notibras","twitter_misc":{"Escrito por":"Eduardo Mart\u00ednez","Est. tempo de leitura":"5 minutos"},"schema":{"@context":"https:\/\/schema.org","@graph":[{"@type":"Article","@id":"https:\/\/www.notibras.com\/site\/vida-de-escritora-nao-e-facil\/#article","isPartOf":{"@id":"https:\/\/www.notibras.com\/site\/vida-de-escritora-nao-e-facil\/"},"author":{"name":"Eduardo Mart\u00ednez","@id":"https:\/\/www.notibras.com\/site\/#\/schema\/person\/5b7fabf2aedc3ada2105f03b22b4d3dd"},"headline":"Vida de escritora n\u00e3o \u00e9 f\u00e1cil","datePublished":"2026-01-10T05:15:25+00:00","mainEntityOfPage":{"@id":"https:\/\/www.notibras.com\/site\/vida-de-escritora-nao-e-facil\/"},"wordCount":783,"publisher":{"@id":"https:\/\/www.notibras.com\/site\/#organization"},"image":{"@id":"https:\/\/www.notibras.com\/site\/vida-de-escritora-nao-e-facil\/#primaryimage"},"thumbnailUrl":"https:\/\/www.notibras.com\/site\/wp-content\/uploads\/2026\/01\/IMG_0006.jpg","articleSection":["Ponto de Vista"],"inLanguage":"pt-BR"},{"@type":"WebPage","@id":"https:\/\/www.notibras.com\/site\/vida-de-escritora-nao-e-facil\/","url":"https:\/\/www.notibras.com\/site\/vida-de-escritora-nao-e-facil\/","name":"Vida de escritora n\u00e3o \u00e9 f\u00e1cil - Notibras","isPartOf":{"@id":"https:\/\/www.notibras.com\/site\/#website"},"primaryImageOfPage":{"@id":"https:\/\/www.notibras.com\/site\/vida-de-escritora-nao-e-facil\/#primaryimage"},"image":{"@id":"https:\/\/www.notibras.com\/site\/vida-de-escritora-nao-e-facil\/#primaryimage"},"thumbnailUrl":"https:\/\/www.notibras.com\/site\/wp-content\/uploads\/2026\/01\/IMG_0006.jpg","datePublished":"2026-01-10T05:15:25+00:00","breadcrumb":{"@id":"https:\/\/www.notibras.com\/site\/vida-de-escritora-nao-e-facil\/#breadcrumb"},"inLanguage":"pt-BR","potentialAction":[{"@type":"ReadAction","target":["https:\/\/www.notibras.com\/site\/vida-de-escritora-nao-e-facil\/"]}]},{"@type":"ImageObject","inLanguage":"pt-BR","@id":"https:\/\/www.notibras.com\/site\/vida-de-escritora-nao-e-facil\/#primaryimage","url":"https:\/\/www.notibras.com\/site\/wp-content\/uploads\/2026\/01\/IMG_0006.jpg","contentUrl":"https:\/\/www.notibras.com\/site\/wp-content\/uploads\/2026\/01\/IMG_0006.jpg","width":1023,"height":905},{"@type":"BreadcrumbList","@id":"https:\/\/www.notibras.com\/site\/vida-de-escritora-nao-e-facil\/#breadcrumb","itemListElement":[{"@type":"ListItem","position":1,"name":"In\u00edcio","item":"https:\/\/www.notibras.com\/site\/"},{"@type":"ListItem","position":2,"name":"Vida de escritora n\u00e3o \u00e9 f\u00e1cil"}]},{"@type":"WebSite","@id":"https:\/\/www.notibras.com\/site\/#website","url":"https:\/\/www.notibras.com\/site\/","name":"Notibras","description":"Not\u00edcias de Bras\u00edlia, do Brasil e do Mundo","publisher":{"@id":"https:\/\/www.notibras.com\/site\/#organization"},"potentialAction":[{"@type":"SearchAction","target":{"@type":"EntryPoint","urlTemplate":"https:\/\/www.notibras.com\/site\/?s={search_term_string}"},"query-input":{"@type":"PropertyValueSpecification","valueRequired":true,"valueName":"search_term_string"}}],"inLanguage":"pt-BR"},{"@type":"Organization","@id":"https:\/\/www.notibras.com\/site\/#organization","name":"Grupo Notibras de Comunica\u00e7\u00e3o","url":"https:\/\/www.notibras.com\/site\/","logo":{"@type":"ImageObject","inLanguage":"pt-BR","@id":"https:\/\/www.notibras.com\/site\/#\/schema\/logo\/image\/","url":"https:\/\/www.notibras.com\/site\/wp-content\/uploads\/2023\/01\/notibras23.png","contentUrl":"https:\/\/www.notibras.com\/site\/wp-content\/uploads\/2023\/01\/notibras23.png","width":350,"height":87,"caption":"Grupo Notibras de Comunica\u00e7\u00e3o"},"image":{"@id":"https:\/\/www.notibras.com\/site\/#\/schema\/logo\/image\/"},"sameAs":["https:\/\/www.facebook.com\/notibras\/","https:\/\/x.com\/Notibras","https:\/\/www.instagram.com\/notibras\/"]},{"@type":"Person","@id":"https:\/\/www.notibras.com\/site\/#\/schema\/person\/5b7fabf2aedc3ada2105f03b22b4d3dd","name":"Eduardo Mart\u00ednez","image":{"@type":"ImageObject","inLanguage":"pt-BR","@id":"https:\/\/secure.gravatar.com\/avatar\/7902f906289926289cbcda644b5197c796b893c6ffd7b9a536a42d290f7704a0?s=96&d=mm&r=g","url":"https:\/\/secure.gravatar.com\/avatar\/7902f906289926289cbcda644b5197c796b893c6ffd7b9a536a42d290f7704a0?s=96&d=mm&r=g","contentUrl":"https:\/\/secure.gravatar.com\/avatar\/7902f906289926289cbcda644b5197c796b893c6ffd7b9a536a42d290f7704a0?s=96&d=mm&r=g","caption":"Eduardo Mart\u00ednez"}}]}},"amp_enabled":true,"_links":{"self":[{"href":"https:\/\/www.notibras.com\/site\/wp-json\/wp\/v2\/posts\/377479","targetHints":{"allow":["GET"]}}],"collection":[{"href":"https:\/\/www.notibras.com\/site\/wp-json\/wp\/v2\/posts"}],"about":[{"href":"https:\/\/www.notibras.com\/site\/wp-json\/wp\/v2\/types\/post"}],"author":[{"embeddable":true,"href":"https:\/\/www.notibras.com\/site\/wp-json\/wp\/v2\/users\/21"}],"replies":[{"embeddable":true,"href":"https:\/\/www.notibras.com\/site\/wp-json\/wp\/v2\/comments?post=377479"}],"version-history":[{"count":1,"href":"https:\/\/www.notibras.com\/site\/wp-json\/wp\/v2\/posts\/377479\/revisions"}],"predecessor-version":[{"id":377481,"href":"https:\/\/www.notibras.com\/site\/wp-json\/wp\/v2\/posts\/377479\/revisions\/377481"}],"wp:featuredmedia":[{"embeddable":true,"href":"https:\/\/www.notibras.com\/site\/wp-json\/wp\/v2\/media\/377480"}],"wp:attachment":[{"href":"https:\/\/www.notibras.com\/site\/wp-json\/wp\/v2\/media?parent=377479"}],"wp:term":[{"taxonomy":"category","embeddable":true,"href":"https:\/\/www.notibras.com\/site\/wp-json\/wp\/v2\/categories?post=377479"},{"taxonomy":"post_tag","embeddable":true,"href":"https:\/\/www.notibras.com\/site\/wp-json\/wp\/v2\/tags?post=377479"}],"curies":[{"name":"wp","href":"https:\/\/api.w.org\/{rel}","templated":true}]}}