{"id":377501,"date":"2026-01-08T02:15:42","date_gmt":"2026-01-08T05:15:42","guid":{"rendered":"https:\/\/www.notibras.com\/site\/?p=377501"},"modified":"2026-01-03T05:41:13","modified_gmt":"2026-01-03T08:41:13","slug":"saudade-nao-tristeza","status":"publish","type":"post","link":"https:\/\/www.notibras.com\/site\/saudade-nao-tristeza\/","title":{"rendered":"SAUDADE, N\u00c3O TRISTEZA&#8230;"},"content":{"rendered":"<p>As vezes a gente fica meio perdida, a pensar como seria o outro lado da vida. Sim, o Mundo do Al\u00e9m nos fascina. Afinal, o que acontece de fato conosco ao findar nosso tempo nesse plano? Claro, cada um tem sua vis\u00e3o sobre o que ocorre quando finalmente a areia que marca nosso tempo termina sua caminhada e o ultimo gr\u00e3o escorre pela ampulheta&#8230; ent\u00e3o, para aqueles que aqui permanecem, fica a tristeza, a dor da perda de seus entes queridos, que n\u00e3o mais retornar\u00e3o ao seu lado&#8230;<\/p>\n<p>Essa \u00e9 uma dor que n\u00e3o passa. Por mais que tentemos, continua presa em nosso peito. Claro, com o tempo ela amaina, mas est\u00e1 sempre ali, presa em nosso pensamento. E, no entanto, muitas vezes n\u00e3o damos o devido valor \u00e0s pessoas \u00e0 nossa volta, nos esquecendo o quanto estas s\u00e3o importantes para nossa vida&#8230;<\/p>\n<p>N\u00e3o importa qual a liga\u00e7\u00e3o entre as pessoas&#8230; pai, m\u00e3e, irm\u00e3o, amigo&#8230; todos&#8230; absolutamente todos, s\u00e3o importantes em sua vida. De uma forma ou de outra, impactam em sua forma\u00e7\u00e3o, em sua maneira de perceber o mundo. Voc\u00ea ir\u00e1 am\u00e1-los, odi\u00e1-los, sentir\u00e1 sua falta, desejar\u00e1 ficar distante destes&#8230; n\u00e3o importa. Tudo na vida \u00e9 momento. E no momento final, sentir\u00e1 a falta daquela pessoa&#8230;<\/p>\n<p>Todas as desaven\u00e7as, todas as picuinhas ser\u00e3o esquecidas nesse momento. E ent\u00e3o sentir\u00e1 remorso por n\u00e3o ter dado todo o amor que a pessoa merecia&#8230; \u00e9 o momento em que pensamos o famoso &#8220;e se&#8221;&#8230; &#8220;e se eu tivesse dado mais aten\u00e7\u00e3o&#8221;&#8230; &#8220;e se eu n\u00e3o tivesse perdido a paci\u00eancia&#8221;&#8230; &#8220;e se eu&#8230;&#8221;<\/p>\n<p>Triste, n\u00e3o \u00e9? Aquela pessoa, t\u00e3o importante para nossa vida, se foi&#8230; e n\u00f3s ficamos aqui, sentindo a perda irrepar\u00e1vel para nossa vida. Sabemos que ela voltou para os bra\u00e7os do Pai, e que ser\u00e1 confortada por Ele. Mas a dor em nosso cora\u00e7\u00e3o n\u00e3o passa&#8230; simplesmente continua, dia ap\u00f3s dia&#8230;<\/p>\n<p>Bem&#8230; aqueles que professam uma religi\u00e3o&#8230; qualquer que seja&#8230; tem a esperan\u00e7a de que seus entes queridos alcancem a Paz Verdadeira ap\u00f3s seu passamento. Acreditam piamente que estes ser\u00e3o acolhidos na Terra onde a Fome e a tristeza n\u00e3o t\u00eam morada. E a \u00fanica Lei que ali impera \u00e9 aquela que n\u00e3o conseguimos seguir nesse plano&#8230; o Amor Verdadeiro&#8230;<\/p>\n<p>Sim&#8230; nossa esperan\u00e7a reside no fato de acreditarmos em um outro plano de exist\u00eancia al\u00e9m deste. Um mundo perfeito, para onde iremos ap\u00f3s cumprir nosso tempo aqui&#8230; para onde nos recolheremos ap\u00f3s cumprir a miss\u00e3o que nos foi designada. Sim, porque cada um de n\u00f3s tem um papel importante a desempenhar enquanto c\u00e1 estamos&#8230;<\/p>\n<p>N\u00e3o fiquemos tristes por aqueles que partiram. Sei que \u00e9 mais f\u00e1cil falar que realmente fazer. Mas devemos sempre nos lembrar que aqueles que se foram, foram chamados de volta para Nosso Lar Eterno porque cumpriram sua miss\u00e3o, ajudando aqueles que aqui permaneceram a encontrar seu caminho&#8230; e n\u00e3o importa qual tenha sido a dire\u00e7\u00e3o tomada&#8230; porque, no final, tudo aquilo que passamos em nossa jornada nos foi designado para ajudar-nos a evoluir&#8230;<\/p>\n<p>Ent\u00e3o, vamos nos regozijar por aqueles que partiram&#8230; sofrer por eles \u00e9 ego\u00edsmo de nossa parte e, com tal atitude, acabamos por prender sua ess\u00eancia nesse plano, impedindo-os de seguirem sua viagem rumo ao Descanso Eterno&#8230;<\/p>\n","protected":false},"excerpt":{"rendered":"<p>As vezes a gente fica meio perdida, a pensar como seria o outro lado da vida. Sim, o Mundo do Al\u00e9m nos fascina. Afinal, o que acontece de fato conosco ao findar nosso tempo nesse plano? Claro, cada um tem sua vis\u00e3o sobre o que ocorre quando finalmente a areia que marca nosso tempo termina [&hellip;]<\/p>\n","protected":false},"author":21,"featured_media":377502,"comment_status":"closed","ping_status":"closed","sticky":false,"template":"","format":"standard","meta":{"_acf_changed":false,"footnotes":""},"categories":[236],"tags":[],"class_list":["post-377501","post","type-post","status-publish","format-standard","has-post-thumbnail","hentry","category-ponto-de-vista"],"acf":[],"yoast_head":"<!-- This site is optimized with the Yoast SEO plugin v27.2 - https:\/\/yoast.com\/product\/yoast-seo-wordpress\/ -->\n<title>SAUDADE, N\u00c3O TRISTEZA... - Notibras<\/title>\n<meta name=\"robots\" content=\"index, follow, max-snippet:-1, max-image-preview:large, max-video-preview:-1\" \/>\n<link rel=\"canonical\" href=\"https:\/\/www.notibras.com\/site\/saudade-nao-tristeza\/\" \/>\n<meta property=\"og:locale\" content=\"pt_BR\" \/>\n<meta property=\"og:type\" content=\"article\" \/>\n<meta property=\"og:title\" content=\"SAUDADE, N\u00c3O TRISTEZA... - Notibras\" \/>\n<meta property=\"og:description\" content=\"As vezes a gente fica meio perdida, a pensar como seria o outro lado da vida. Sim, o Mundo do Al\u00e9m nos fascina. Afinal, o que acontece de fato conosco ao findar nosso tempo nesse plano? Claro, cada um tem sua vis\u00e3o sobre o que ocorre quando finalmente a areia que marca nosso tempo termina [&hellip;]\" \/>\n<meta property=\"og:url\" content=\"https:\/\/www.notibras.com\/site\/saudade-nao-tristeza\/\" \/>\n<meta property=\"og:site_name\" content=\"Notibras\" \/>\n<meta property=\"article:publisher\" content=\"https:\/\/www.facebook.com\/notibras\/\" \/>\n<meta property=\"article:published_time\" content=\"2026-01-08T05:15:42+00:00\" \/>\n<meta property=\"og:image\" content=\"https:\/\/www.notibras.com\/site\/wp-content\/uploads\/2026\/01\/2c1334c0-358b-4532-a18b-ee4fd8471a45.jpg\" \/>\n\t<meta property=\"og:image:width\" content=\"816\" \/>\n\t<meta property=\"og:image:height\" content=\"1026\" \/>\n\t<meta property=\"og:image:type\" content=\"image\/jpeg\" \/>\n<meta name=\"author\" content=\"Eduardo Mart\u00ednez\" \/>\n<meta name=\"twitter:card\" content=\"summary_large_image\" \/>\n<meta name=\"twitter:creator\" content=\"@Notibras\" \/>\n<meta name=\"twitter:site\" content=\"@Notibras\" \/>\n<meta name=\"twitter:label1\" content=\"Escrito por\" \/>\n\t<meta name=\"twitter:data1\" content=\"Eduardo Mart\u00ednez\" \/>\n\t<meta name=\"twitter:label2\" content=\"Est. tempo de leitura\" \/>\n\t<meta name=\"twitter:data2\" content=\"4 minutos\" \/>\n<script type=\"application\/ld+json\" class=\"yoast-schema-graph\">{\"@context\":\"https:\/\/schema.org\",\"@graph\":[{\"@type\":\"Article\",\"@id\":\"https:\/\/www.notibras.com\/site\/saudade-nao-tristeza\/#article\",\"isPartOf\":{\"@id\":\"https:\/\/www.notibras.com\/site\/saudade-nao-tristeza\/\"},\"author\":{\"name\":\"Eduardo Mart\u00ednez\",\"@id\":\"https:\/\/www.notibras.com\/site\/#\/schema\/person\/5b7fabf2aedc3ada2105f03b22b4d3dd\"},\"headline\":\"SAUDADE, N\u00c3O TRISTEZA&#8230;\",\"datePublished\":\"2026-01-08T05:15:42+00:00\",\"mainEntityOfPage\":{\"@id\":\"https:\/\/www.notibras.com\/site\/saudade-nao-tristeza\/\"},\"wordCount\":584,\"publisher\":{\"@id\":\"https:\/\/www.notibras.com\/site\/#organization\"},\"image\":{\"@id\":\"https:\/\/www.notibras.com\/site\/saudade-nao-tristeza\/#primaryimage\"},\"thumbnailUrl\":\"https:\/\/www.notibras.com\/site\/wp-content\/uploads\/2026\/01\/2c1334c0-358b-4532-a18b-ee4fd8471a45.jpg\",\"articleSection\":[\"Ponto de Vista\"],\"inLanguage\":\"pt-BR\"},{\"@type\":\"WebPage\",\"@id\":\"https:\/\/www.notibras.com\/site\/saudade-nao-tristeza\/\",\"url\":\"https:\/\/www.notibras.com\/site\/saudade-nao-tristeza\/\",\"name\":\"SAUDADE, N\u00c3O TRISTEZA... - Notibras\",\"isPartOf\":{\"@id\":\"https:\/\/www.notibras.com\/site\/#website\"},\"primaryImageOfPage\":{\"@id\":\"https:\/\/www.notibras.com\/site\/saudade-nao-tristeza\/#primaryimage\"},\"image\":{\"@id\":\"https:\/\/www.notibras.com\/site\/saudade-nao-tristeza\/#primaryimage\"},\"thumbnailUrl\":\"https:\/\/www.notibras.com\/site\/wp-content\/uploads\/2026\/01\/2c1334c0-358b-4532-a18b-ee4fd8471a45.jpg\",\"datePublished\":\"2026-01-08T05:15:42+00:00\",\"breadcrumb\":{\"@id\":\"https:\/\/www.notibras.com\/site\/saudade-nao-tristeza\/#breadcrumb\"},\"inLanguage\":\"pt-BR\",\"potentialAction\":[{\"@type\":\"ReadAction\",\"target\":[\"https:\/\/www.notibras.com\/site\/saudade-nao-tristeza\/\"]}]},{\"@type\":\"ImageObject\",\"inLanguage\":\"pt-BR\",\"@id\":\"https:\/\/www.notibras.com\/site\/saudade-nao-tristeza\/#primaryimage\",\"url\":\"https:\/\/www.notibras.com\/site\/wp-content\/uploads\/2026\/01\/2c1334c0-358b-4532-a18b-ee4fd8471a45.jpg\",\"contentUrl\":\"https:\/\/www.notibras.com\/site\/wp-content\/uploads\/2026\/01\/2c1334c0-358b-4532-a18b-ee4fd8471a45.jpg\",\"width\":816,\"height\":1026},{\"@type\":\"BreadcrumbList\",\"@id\":\"https:\/\/www.notibras.com\/site\/saudade-nao-tristeza\/#breadcrumb\",\"itemListElement\":[{\"@type\":\"ListItem\",\"position\":1,\"name\":\"In\u00edcio\",\"item\":\"https:\/\/www.notibras.com\/site\/\"},{\"@type\":\"ListItem\",\"position\":2,\"name\":\"SAUDADE, N\u00c3O TRISTEZA&#8230;\"}]},{\"@type\":\"WebSite\",\"@id\":\"https:\/\/www.notibras.com\/site\/#website\",\"url\":\"https:\/\/www.notibras.com\/site\/\",\"name\":\"Notibras\",\"description\":\"Not\u00edcias de Bras\u00edlia, do Brasil e do Mundo\",\"publisher\":{\"@id\":\"https:\/\/www.notibras.com\/site\/#organization\"},\"potentialAction\":[{\"@type\":\"SearchAction\",\"target\":{\"@type\":\"EntryPoint\",\"urlTemplate\":\"https:\/\/www.notibras.com\/site\/?s={search_term_string}\"},\"query-input\":{\"@type\":\"PropertyValueSpecification\",\"valueRequired\":true,\"valueName\":\"search_term_string\"}}],\"inLanguage\":\"pt-BR\"},{\"@type\":\"Organization\",\"@id\":\"https:\/\/www.notibras.com\/site\/#organization\",\"name\":\"Grupo Notibras de Comunica\u00e7\u00e3o\",\"url\":\"https:\/\/www.notibras.com\/site\/\",\"logo\":{\"@type\":\"ImageObject\",\"inLanguage\":\"pt-BR\",\"@id\":\"https:\/\/www.notibras.com\/site\/#\/schema\/logo\/image\/\",\"url\":\"https:\/\/www.notibras.com\/site\/wp-content\/uploads\/2023\/01\/notibras23.png\",\"contentUrl\":\"https:\/\/www.notibras.com\/site\/wp-content\/uploads\/2023\/01\/notibras23.png\",\"width\":350,\"height\":87,\"caption\":\"Grupo Notibras de Comunica\u00e7\u00e3o\"},\"image\":{\"@id\":\"https:\/\/www.notibras.com\/site\/#\/schema\/logo\/image\/\"},\"sameAs\":[\"https:\/\/www.facebook.com\/notibras\/\",\"https:\/\/x.com\/Notibras\",\"https:\/\/www.instagram.com\/notibras\/\"]},{\"@type\":\"Person\",\"@id\":\"https:\/\/www.notibras.com\/site\/#\/schema\/person\/5b7fabf2aedc3ada2105f03b22b4d3dd\",\"name\":\"Eduardo Mart\u00ednez\",\"image\":{\"@type\":\"ImageObject\",\"inLanguage\":\"pt-BR\",\"@id\":\"https:\/\/secure.gravatar.com\/avatar\/7902f906289926289cbcda644b5197c796b893c6ffd7b9a536a42d290f7704a0?s=96&d=mm&r=g\",\"url\":\"https:\/\/secure.gravatar.com\/avatar\/7902f906289926289cbcda644b5197c796b893c6ffd7b9a536a42d290f7704a0?s=96&d=mm&r=g\",\"contentUrl\":\"https:\/\/secure.gravatar.com\/avatar\/7902f906289926289cbcda644b5197c796b893c6ffd7b9a536a42d290f7704a0?s=96&d=mm&r=g\",\"caption\":\"Eduardo Mart\u00ednez\"}}]}<\/script>\n<!-- \/ Yoast SEO plugin. -->","yoast_head_json":{"title":"SAUDADE, N\u00c3O TRISTEZA... - Notibras","robots":{"index":"index","follow":"follow","max-snippet":"max-snippet:-1","max-image-preview":"max-image-preview:large","max-video-preview":"max-video-preview:-1"},"canonical":"https:\/\/www.notibras.com\/site\/saudade-nao-tristeza\/","og_locale":"pt_BR","og_type":"article","og_title":"SAUDADE, N\u00c3O TRISTEZA... - Notibras","og_description":"As vezes a gente fica meio perdida, a pensar como seria o outro lado da vida. Sim, o Mundo do Al\u00e9m nos fascina. Afinal, o que acontece de fato conosco ao findar nosso tempo nesse plano? Claro, cada um tem sua vis\u00e3o sobre o que ocorre quando finalmente a areia que marca nosso tempo termina [&hellip;]","og_url":"https:\/\/www.notibras.com\/site\/saudade-nao-tristeza\/","og_site_name":"Notibras","article_publisher":"https:\/\/www.facebook.com\/notibras\/","article_published_time":"2026-01-08T05:15:42+00:00","og_image":[{"width":816,"height":1026,"url":"https:\/\/www.notibras.com\/site\/wp-content\/uploads\/2026\/01\/2c1334c0-358b-4532-a18b-ee4fd8471a45.jpg","type":"image\/jpeg"}],"author":"Eduardo Mart\u00ednez","twitter_card":"summary_large_image","twitter_creator":"@Notibras","twitter_site":"@Notibras","twitter_misc":{"Escrito por":"Eduardo Mart\u00ednez","Est. tempo de leitura":"4 minutos"},"schema":{"@context":"https:\/\/schema.org","@graph":[{"@type":"Article","@id":"https:\/\/www.notibras.com\/site\/saudade-nao-tristeza\/#article","isPartOf":{"@id":"https:\/\/www.notibras.com\/site\/saudade-nao-tristeza\/"},"author":{"name":"Eduardo Mart\u00ednez","@id":"https:\/\/www.notibras.com\/site\/#\/schema\/person\/5b7fabf2aedc3ada2105f03b22b4d3dd"},"headline":"SAUDADE, N\u00c3O TRISTEZA&#8230;","datePublished":"2026-01-08T05:15:42+00:00","mainEntityOfPage":{"@id":"https:\/\/www.notibras.com\/site\/saudade-nao-tristeza\/"},"wordCount":584,"publisher":{"@id":"https:\/\/www.notibras.com\/site\/#organization"},"image":{"@id":"https:\/\/www.notibras.com\/site\/saudade-nao-tristeza\/#primaryimage"},"thumbnailUrl":"https:\/\/www.notibras.com\/site\/wp-content\/uploads\/2026\/01\/2c1334c0-358b-4532-a18b-ee4fd8471a45.jpg","articleSection":["Ponto de Vista"],"inLanguage":"pt-BR"},{"@type":"WebPage","@id":"https:\/\/www.notibras.com\/site\/saudade-nao-tristeza\/","url":"https:\/\/www.notibras.com\/site\/saudade-nao-tristeza\/","name":"SAUDADE, N\u00c3O TRISTEZA... - Notibras","isPartOf":{"@id":"https:\/\/www.notibras.com\/site\/#website"},"primaryImageOfPage":{"@id":"https:\/\/www.notibras.com\/site\/saudade-nao-tristeza\/#primaryimage"},"image":{"@id":"https:\/\/www.notibras.com\/site\/saudade-nao-tristeza\/#primaryimage"},"thumbnailUrl":"https:\/\/www.notibras.com\/site\/wp-content\/uploads\/2026\/01\/2c1334c0-358b-4532-a18b-ee4fd8471a45.jpg","datePublished":"2026-01-08T05:15:42+00:00","breadcrumb":{"@id":"https:\/\/www.notibras.com\/site\/saudade-nao-tristeza\/#breadcrumb"},"inLanguage":"pt-BR","potentialAction":[{"@type":"ReadAction","target":["https:\/\/www.notibras.com\/site\/saudade-nao-tristeza\/"]}]},{"@type":"ImageObject","inLanguage":"pt-BR","@id":"https:\/\/www.notibras.com\/site\/saudade-nao-tristeza\/#primaryimage","url":"https:\/\/www.notibras.com\/site\/wp-content\/uploads\/2026\/01\/2c1334c0-358b-4532-a18b-ee4fd8471a45.jpg","contentUrl":"https:\/\/www.notibras.com\/site\/wp-content\/uploads\/2026\/01\/2c1334c0-358b-4532-a18b-ee4fd8471a45.jpg","width":816,"height":1026},{"@type":"BreadcrumbList","@id":"https:\/\/www.notibras.com\/site\/saudade-nao-tristeza\/#breadcrumb","itemListElement":[{"@type":"ListItem","position":1,"name":"In\u00edcio","item":"https:\/\/www.notibras.com\/site\/"},{"@type":"ListItem","position":2,"name":"SAUDADE, N\u00c3O TRISTEZA&#8230;"}]},{"@type":"WebSite","@id":"https:\/\/www.notibras.com\/site\/#website","url":"https:\/\/www.notibras.com\/site\/","name":"Notibras","description":"Not\u00edcias de Bras\u00edlia, do Brasil e do Mundo","publisher":{"@id":"https:\/\/www.notibras.com\/site\/#organization"},"potentialAction":[{"@type":"SearchAction","target":{"@type":"EntryPoint","urlTemplate":"https:\/\/www.notibras.com\/site\/?s={search_term_string}"},"query-input":{"@type":"PropertyValueSpecification","valueRequired":true,"valueName":"search_term_string"}}],"inLanguage":"pt-BR"},{"@type":"Organization","@id":"https:\/\/www.notibras.com\/site\/#organization","name":"Grupo Notibras de Comunica\u00e7\u00e3o","url":"https:\/\/www.notibras.com\/site\/","logo":{"@type":"ImageObject","inLanguage":"pt-BR","@id":"https:\/\/www.notibras.com\/site\/#\/schema\/logo\/image\/","url":"https:\/\/www.notibras.com\/site\/wp-content\/uploads\/2023\/01\/notibras23.png","contentUrl":"https:\/\/www.notibras.com\/site\/wp-content\/uploads\/2023\/01\/notibras23.png","width":350,"height":87,"caption":"Grupo Notibras de Comunica\u00e7\u00e3o"},"image":{"@id":"https:\/\/www.notibras.com\/site\/#\/schema\/logo\/image\/"},"sameAs":["https:\/\/www.facebook.com\/notibras\/","https:\/\/x.com\/Notibras","https:\/\/www.instagram.com\/notibras\/"]},{"@type":"Person","@id":"https:\/\/www.notibras.com\/site\/#\/schema\/person\/5b7fabf2aedc3ada2105f03b22b4d3dd","name":"Eduardo Mart\u00ednez","image":{"@type":"ImageObject","inLanguage":"pt-BR","@id":"https:\/\/secure.gravatar.com\/avatar\/7902f906289926289cbcda644b5197c796b893c6ffd7b9a536a42d290f7704a0?s=96&d=mm&r=g","url":"https:\/\/secure.gravatar.com\/avatar\/7902f906289926289cbcda644b5197c796b893c6ffd7b9a536a42d290f7704a0?s=96&d=mm&r=g","contentUrl":"https:\/\/secure.gravatar.com\/avatar\/7902f906289926289cbcda644b5197c796b893c6ffd7b9a536a42d290f7704a0?s=96&d=mm&r=g","caption":"Eduardo Mart\u00ednez"}}]}},"amp_enabled":true,"_links":{"self":[{"href":"https:\/\/www.notibras.com\/site\/wp-json\/wp\/v2\/posts\/377501","targetHints":{"allow":["GET"]}}],"collection":[{"href":"https:\/\/www.notibras.com\/site\/wp-json\/wp\/v2\/posts"}],"about":[{"href":"https:\/\/www.notibras.com\/site\/wp-json\/wp\/v2\/types\/post"}],"author":[{"embeddable":true,"href":"https:\/\/www.notibras.com\/site\/wp-json\/wp\/v2\/users\/21"}],"replies":[{"embeddable":true,"href":"https:\/\/www.notibras.com\/site\/wp-json\/wp\/v2\/comments?post=377501"}],"version-history":[{"count":2,"href":"https:\/\/www.notibras.com\/site\/wp-json\/wp\/v2\/posts\/377501\/revisions"}],"predecessor-version":[{"id":377504,"href":"https:\/\/www.notibras.com\/site\/wp-json\/wp\/v2\/posts\/377501\/revisions\/377504"}],"wp:featuredmedia":[{"embeddable":true,"href":"https:\/\/www.notibras.com\/site\/wp-json\/wp\/v2\/media\/377502"}],"wp:attachment":[{"href":"https:\/\/www.notibras.com\/site\/wp-json\/wp\/v2\/media?parent=377501"}],"wp:term":[{"taxonomy":"category","embeddable":true,"href":"https:\/\/www.notibras.com\/site\/wp-json\/wp\/v2\/categories?post=377501"},{"taxonomy":"post_tag","embeddable":true,"href":"https:\/\/www.notibras.com\/site\/wp-json\/wp\/v2\/tags?post=377501"}],"curies":[{"name":"wp","href":"https:\/\/api.w.org\/{rel}","templated":true}]}}