{"id":377505,"date":"2026-01-09T02:00:55","date_gmt":"2026-01-09T05:00:55","guid":{"rendered":"https:\/\/www.notibras.com\/site\/?p=377505"},"modified":"2026-01-03T05:48:40","modified_gmt":"2026-01-03T08:48:40","slug":"sem-inspiracao","status":"publish","type":"post","link":"https:\/\/www.notibras.com\/site\/sem-inspiracao\/","title":{"rendered":"SEM INSPIRA\u00c7\u00c3O&#8230;"},"content":{"rendered":"<p>Tem dias que a gente simplesmente n\u00e3o consegue expressar aquilo que sente, n\u00e3o \u00e9 mesmo? Hoje est\u00e1 sendo um dia desses. J\u00e1 faz um bom tempo que abri a tela de meu desktop e at\u00e9 agora nem uma palavrinha sequer surge em minha mente. Branco total. Sim, gostaria de falar sobre mil coisas diferentes. Sobre a situa\u00e7\u00e3o do mundo&#8230; mas quem sou eu para abordar tal assunto? Falar sobre relacionamentos, o medo que temos de nos envolver com as pessoas errada e ficar com nosso cora\u00e7\u00e3o partido&#8230; bem, essa \u00e9 uma preocupa\u00e7\u00e3o que n\u00e3o tenho, mas sei de muitas pessoas que ainda est\u00e3o procurando a &#8220;tampa de sua panela&#8221;, como se costuma dizer&#8230;<\/p>\n<p>Assuntos, h\u00e1 v\u00e1rios que poderia abordar. Mas n\u00e3o sei exatamente como come\u00e7ar. Porque falar sobre o que quer que seja, exige um m\u00ednimo de conhecimento sobre o assunto&#8230; e o que eu sei da vida, de verdade? Quando muito, tenho a minha vis\u00e3o da vida, e sei que muita gente n\u00e3o compartilha de minha maneira de ver o mundo&#8230;<\/p>\n<p>O que posso dizer? Bem, sei que h\u00e1 pessoas que sofrem por n\u00e3o poderem ser quem realmente s\u00e3o&#8230; ao menos \u00e9 esse o pensamento delas. Sofrem porque as pessoas ao seu redor n\u00e3o as aceitam como elas se veem de verdade. E acabam vivendo uma vida de mentiras, para n\u00e3o serem execradas pelo &#8220;Status Quo&#8221;&#8230;<\/p>\n<p>Bem, tudo que posso dizer \u00e9 que a Sociedade n\u00e3o \u00e9 homog\u00eanea&#8230; h\u00e1 muita diferen\u00e7a entre os v\u00e1rios grupos que a comp\u00f5e&#8230; e o pior? Cada um desses grupos acredita piamente que a verdade est\u00e1 ao seu lado&#8230; bem, a verdade tem mil facetas diferentes, ent\u00e3o de certa forma todos est\u00e3o certos&#8230; mas, oh deuses da disc\u00f3rdia&#8230; a verdade depende da \u00f3tica de quem observa os acontecimentos. E a\u00ed&#8230; bem, de repente os dois est\u00e3o errados&#8230;<\/p>\n<p>Nosso maior erro \u00e9 acreditarmos que a verdade \u00e9 \u00fanica&#8230; mas nada na vida \u00e9 preto no branco&#8230; nem mesmo a verdade. Porque ela depende de interpreta\u00e7\u00e3o. Certo, h\u00e1 momentos em que os fatos corroboram para que a vis\u00e3o que temos sobre determinado assunto n\u00e3o d\u00ea espa\u00e7o para controv\u00e9rsias. Mas quando come\u00e7amos a verificar o in\u00edcio da a\u00e7\u00e3o a fundo, acabamos por descobrir nuances que, \u00e0 primeira vista, haviam escapado&#8230;<\/p>\n<p>Mas eu estava falando sobre pessoas que se sentem exclu\u00eddas de seu n\u00facleo social. As vezes isso s\u00f3 acontece em sua imagina\u00e7\u00e3o, outras, o problema \u00e9 real. E quando essa \u00e9 a realidade da pessoa, por que tal ocorre? N\u00f3s vivemos em Sociedade. E esta, para seu bom funcionamento, depende de regras de conduta. E acabamos por tornar essas regras p\u00e9treas, sem direito a modific\u00e1-las para se adequarem aos componentes do grupo. Afinal, s\u00e3o esses que devem se enquadrar \u00e0s normas, e n\u00e3o o contr\u00e1rio&#8230;<\/p>\n<p>O problema \u00e9 que desejamos ser aceitas como somos por toda a turma que gravita ao nosso redor, nos esquecendo de algo b\u00e1sico&#8230; muito daquilo que algu\u00e9m consegue aceitar depende muito de sua forma\u00e7\u00e3o desde a sua primeira inf\u00e2ncia. E \u00e9 nessa fase que sua educa\u00e7\u00e3o religiosa se inicia. E nem sempre os conceitos de &#8220;certo&#8221; ou &#8220;errado&#8221; permitem \u00e0 pessoa compartilhar algo que, em sua vis\u00e3o, poder\u00e1 significar uma eternidade presa em um local n\u00e3o de expia\u00e7\u00e3o, mas de castigo eterno&#8230;<\/p>\n<p>Sim, esse \u00e9 o efeito que a religi\u00e3o tem sobre o indiv\u00edduo. Ela consegue incutir em seus ac\u00f3litos o medo da dana\u00e7\u00e3o eterna. Ou seja, voc\u00ea n\u00e3o age decentemente porque esse \u00e9 o modo certo de viver. Voc\u00ea se torna uma &#8220;boa pessoa&#8221; simplesmente porque tem medo de, ap\u00f3s sua morte, ser lan\u00e7ado nos abismos negros do esquecimento e ficar por toda a Eternidade preso em um lago de fogo&#8230;<\/p>\n<p>H\u00e1 recompensas, se voc\u00ea seguir aquilo que as regras determinam como certo&#8230; em algumas linhas religiosas, se o cidad\u00e3o cumpre seu papel corretamente, ap\u00f3s seu passamento ir\u00e1 desfrutar das gra\u00e7as de sete virgens&#8230; fico me perguntando quais foram os pecados destas, para serem condenadas a servir tal figura pela eternidade&#8230; percebeu como os conceitos religiosos s\u00e3o, no m\u00ednimo, estranhos?&#8230;<\/p>\n<p>S\u00e3o apenas algumas discrep\u00e2ncias nas quais temos que pensar um pouco&#8230; voc\u00ea \u00e9 honesta porque \u00e9 o correto a fazer, ou \u00e9 honesta por medo da dana\u00e7\u00e3o eterna? Voc\u00ea vela pelo seu semelhante porque isso \u00e9 o certo a fazer, ou simplesmente faz isso para &#8220;acumular pontos&#8221; para quando partir desse plano? Se a sua resposta for a segunda, me desculpe&#8230; mas por mais que desejemos, seu gesto n\u00e3o tem valor algum. Porque honestidade, bondade&#8230; nada tem a ver com a religi\u00e3o, mas sim com a sua \u00edndole. Voc\u00ea n\u00e3o precisa de uma igreja, qualquer que seja, para te dizer como agir corretamente. \u00c9 s\u00f3 voc\u00ea aplicar certo mandamento&#8230;&#8221;Fa\u00e7a para os outros aquilo que gostaria que fizessem para voc\u00ea&#8221;&#8230;<\/p>\n","protected":false},"excerpt":{"rendered":"<p>Tem dias que a gente simplesmente n\u00e3o consegue expressar aquilo que sente, n\u00e3o \u00e9 mesmo? Hoje est\u00e1 sendo um dia desses. J\u00e1 faz um bom tempo que abri a tela de meu desktop e at\u00e9 agora nem uma palavrinha sequer surge em minha mente. Branco total. Sim, gostaria de falar sobre mil coisas diferentes. Sobre [&hellip;]<\/p>\n","protected":false},"author":21,"featured_media":377507,"comment_status":"closed","ping_status":"closed","sticky":false,"template":"","format":"standard","meta":{"_acf_changed":false,"footnotes":""},"categories":[236],"tags":[],"class_list":["post-377505","post","type-post","status-publish","format-standard","has-post-thumbnail","hentry","category-ponto-de-vista"],"acf":[],"yoast_head":"<!-- This site is optimized with the Yoast SEO plugin v27.2 - https:\/\/yoast.com\/product\/yoast-seo-wordpress\/ -->\n<title>SEM INSPIRA\u00c7\u00c3O... - Notibras<\/title>\n<meta name=\"robots\" content=\"index, follow, max-snippet:-1, max-image-preview:large, max-video-preview:-1\" \/>\n<link rel=\"canonical\" href=\"https:\/\/www.notibras.com\/site\/sem-inspiracao\/\" \/>\n<meta property=\"og:locale\" content=\"pt_BR\" \/>\n<meta property=\"og:type\" content=\"article\" \/>\n<meta property=\"og:title\" content=\"SEM INSPIRA\u00c7\u00c3O... - Notibras\" \/>\n<meta property=\"og:description\" content=\"Tem dias que a gente simplesmente n\u00e3o consegue expressar aquilo que sente, n\u00e3o \u00e9 mesmo? Hoje est\u00e1 sendo um dia desses. J\u00e1 faz um bom tempo que abri a tela de meu desktop e at\u00e9 agora nem uma palavrinha sequer surge em minha mente. Branco total. Sim, gostaria de falar sobre mil coisas diferentes. Sobre [&hellip;]\" \/>\n<meta property=\"og:url\" content=\"https:\/\/www.notibras.com\/site\/sem-inspiracao\/\" \/>\n<meta property=\"og:site_name\" content=\"Notibras\" \/>\n<meta property=\"article:publisher\" content=\"https:\/\/www.facebook.com\/notibras\/\" \/>\n<meta property=\"article:published_time\" content=\"2026-01-09T05:00:55+00:00\" \/>\n<meta property=\"og:image\" content=\"https:\/\/www.notibras.com\/site\/wp-content\/uploads\/2026\/01\/IMG_0014.jpg\" \/>\n\t<meta property=\"og:image:width\" content=\"1023\" \/>\n\t<meta property=\"og:image:height\" content=\"913\" \/>\n\t<meta property=\"og:image:type\" content=\"image\/jpeg\" \/>\n<meta name=\"author\" content=\"Eduardo Mart\u00ednez\" \/>\n<meta name=\"twitter:card\" content=\"summary_large_image\" \/>\n<meta name=\"twitter:creator\" content=\"@Notibras\" \/>\n<meta name=\"twitter:site\" content=\"@Notibras\" \/>\n<meta name=\"twitter:label1\" content=\"Escrito por\" \/>\n\t<meta name=\"twitter:data1\" content=\"Eduardo Mart\u00ednez\" \/>\n\t<meta name=\"twitter:label2\" content=\"Est. tempo de leitura\" \/>\n\t<meta name=\"twitter:data2\" content=\"5 minutos\" \/>\n<script type=\"application\/ld+json\" class=\"yoast-schema-graph\">{\"@context\":\"https:\/\/schema.org\",\"@graph\":[{\"@type\":\"Article\",\"@id\":\"https:\/\/www.notibras.com\/site\/sem-inspiracao\/#article\",\"isPartOf\":{\"@id\":\"https:\/\/www.notibras.com\/site\/sem-inspiracao\/\"},\"author\":{\"name\":\"Eduardo Mart\u00ednez\",\"@id\":\"https:\/\/www.notibras.com\/site\/#\/schema\/person\/5b7fabf2aedc3ada2105f03b22b4d3dd\"},\"headline\":\"SEM INSPIRA\u00c7\u00c3O&#8230;\",\"datePublished\":\"2026-01-09T05:00:55+00:00\",\"mainEntityOfPage\":{\"@id\":\"https:\/\/www.notibras.com\/site\/sem-inspiracao\/\"},\"wordCount\":841,\"publisher\":{\"@id\":\"https:\/\/www.notibras.com\/site\/#organization\"},\"image\":{\"@id\":\"https:\/\/www.notibras.com\/site\/sem-inspiracao\/#primaryimage\"},\"thumbnailUrl\":\"https:\/\/www.notibras.com\/site\/wp-content\/uploads\/2026\/01\/IMG_0014.jpg\",\"articleSection\":[\"Ponto de Vista\"],\"inLanguage\":\"pt-BR\"},{\"@type\":\"WebPage\",\"@id\":\"https:\/\/www.notibras.com\/site\/sem-inspiracao\/\",\"url\":\"https:\/\/www.notibras.com\/site\/sem-inspiracao\/\",\"name\":\"SEM INSPIRA\u00c7\u00c3O... - Notibras\",\"isPartOf\":{\"@id\":\"https:\/\/www.notibras.com\/site\/#website\"},\"primaryImageOfPage\":{\"@id\":\"https:\/\/www.notibras.com\/site\/sem-inspiracao\/#primaryimage\"},\"image\":{\"@id\":\"https:\/\/www.notibras.com\/site\/sem-inspiracao\/#primaryimage\"},\"thumbnailUrl\":\"https:\/\/www.notibras.com\/site\/wp-content\/uploads\/2026\/01\/IMG_0014.jpg\",\"datePublished\":\"2026-01-09T05:00:55+00:00\",\"breadcrumb\":{\"@id\":\"https:\/\/www.notibras.com\/site\/sem-inspiracao\/#breadcrumb\"},\"inLanguage\":\"pt-BR\",\"potentialAction\":[{\"@type\":\"ReadAction\",\"target\":[\"https:\/\/www.notibras.com\/site\/sem-inspiracao\/\"]}]},{\"@type\":\"ImageObject\",\"inLanguage\":\"pt-BR\",\"@id\":\"https:\/\/www.notibras.com\/site\/sem-inspiracao\/#primaryimage\",\"url\":\"https:\/\/www.notibras.com\/site\/wp-content\/uploads\/2026\/01\/IMG_0014.jpg\",\"contentUrl\":\"https:\/\/www.notibras.com\/site\/wp-content\/uploads\/2026\/01\/IMG_0014.jpg\",\"width\":1023,\"height\":913},{\"@type\":\"BreadcrumbList\",\"@id\":\"https:\/\/www.notibras.com\/site\/sem-inspiracao\/#breadcrumb\",\"itemListElement\":[{\"@type\":\"ListItem\",\"position\":1,\"name\":\"In\u00edcio\",\"item\":\"https:\/\/www.notibras.com\/site\/\"},{\"@type\":\"ListItem\",\"position\":2,\"name\":\"SEM INSPIRA\u00c7\u00c3O&#8230;\"}]},{\"@type\":\"WebSite\",\"@id\":\"https:\/\/www.notibras.com\/site\/#website\",\"url\":\"https:\/\/www.notibras.com\/site\/\",\"name\":\"Notibras\",\"description\":\"Not\u00edcias de Bras\u00edlia, do Brasil e do Mundo\",\"publisher\":{\"@id\":\"https:\/\/www.notibras.com\/site\/#organization\"},\"potentialAction\":[{\"@type\":\"SearchAction\",\"target\":{\"@type\":\"EntryPoint\",\"urlTemplate\":\"https:\/\/www.notibras.com\/site\/?s={search_term_string}\"},\"query-input\":{\"@type\":\"PropertyValueSpecification\",\"valueRequired\":true,\"valueName\":\"search_term_string\"}}],\"inLanguage\":\"pt-BR\"},{\"@type\":\"Organization\",\"@id\":\"https:\/\/www.notibras.com\/site\/#organization\",\"name\":\"Grupo Notibras de Comunica\u00e7\u00e3o\",\"url\":\"https:\/\/www.notibras.com\/site\/\",\"logo\":{\"@type\":\"ImageObject\",\"inLanguage\":\"pt-BR\",\"@id\":\"https:\/\/www.notibras.com\/site\/#\/schema\/logo\/image\/\",\"url\":\"https:\/\/www.notibras.com\/site\/wp-content\/uploads\/2023\/01\/notibras23.png\",\"contentUrl\":\"https:\/\/www.notibras.com\/site\/wp-content\/uploads\/2023\/01\/notibras23.png\",\"width\":350,\"height\":87,\"caption\":\"Grupo Notibras de Comunica\u00e7\u00e3o\"},\"image\":{\"@id\":\"https:\/\/www.notibras.com\/site\/#\/schema\/logo\/image\/\"},\"sameAs\":[\"https:\/\/www.facebook.com\/notibras\/\",\"https:\/\/x.com\/Notibras\",\"https:\/\/www.instagram.com\/notibras\/\"]},{\"@type\":\"Person\",\"@id\":\"https:\/\/www.notibras.com\/site\/#\/schema\/person\/5b7fabf2aedc3ada2105f03b22b4d3dd\",\"name\":\"Eduardo Mart\u00ednez\",\"image\":{\"@type\":\"ImageObject\",\"inLanguage\":\"pt-BR\",\"@id\":\"https:\/\/secure.gravatar.com\/avatar\/7902f906289926289cbcda644b5197c796b893c6ffd7b9a536a42d290f7704a0?s=96&d=mm&r=g\",\"url\":\"https:\/\/secure.gravatar.com\/avatar\/7902f906289926289cbcda644b5197c796b893c6ffd7b9a536a42d290f7704a0?s=96&d=mm&r=g\",\"contentUrl\":\"https:\/\/secure.gravatar.com\/avatar\/7902f906289926289cbcda644b5197c796b893c6ffd7b9a536a42d290f7704a0?s=96&d=mm&r=g\",\"caption\":\"Eduardo Mart\u00ednez\"}}]}<\/script>\n<!-- \/ Yoast SEO plugin. -->","yoast_head_json":{"title":"SEM INSPIRA\u00c7\u00c3O... - Notibras","robots":{"index":"index","follow":"follow","max-snippet":"max-snippet:-1","max-image-preview":"max-image-preview:large","max-video-preview":"max-video-preview:-1"},"canonical":"https:\/\/www.notibras.com\/site\/sem-inspiracao\/","og_locale":"pt_BR","og_type":"article","og_title":"SEM INSPIRA\u00c7\u00c3O... - Notibras","og_description":"Tem dias que a gente simplesmente n\u00e3o consegue expressar aquilo que sente, n\u00e3o \u00e9 mesmo? Hoje est\u00e1 sendo um dia desses. J\u00e1 faz um bom tempo que abri a tela de meu desktop e at\u00e9 agora nem uma palavrinha sequer surge em minha mente. Branco total. Sim, gostaria de falar sobre mil coisas diferentes. Sobre [&hellip;]","og_url":"https:\/\/www.notibras.com\/site\/sem-inspiracao\/","og_site_name":"Notibras","article_publisher":"https:\/\/www.facebook.com\/notibras\/","article_published_time":"2026-01-09T05:00:55+00:00","og_image":[{"width":1023,"height":913,"url":"https:\/\/www.notibras.com\/site\/wp-content\/uploads\/2026\/01\/IMG_0014.jpg","type":"image\/jpeg"}],"author":"Eduardo Mart\u00ednez","twitter_card":"summary_large_image","twitter_creator":"@Notibras","twitter_site":"@Notibras","twitter_misc":{"Escrito por":"Eduardo Mart\u00ednez","Est. tempo de leitura":"5 minutos"},"schema":{"@context":"https:\/\/schema.org","@graph":[{"@type":"Article","@id":"https:\/\/www.notibras.com\/site\/sem-inspiracao\/#article","isPartOf":{"@id":"https:\/\/www.notibras.com\/site\/sem-inspiracao\/"},"author":{"name":"Eduardo Mart\u00ednez","@id":"https:\/\/www.notibras.com\/site\/#\/schema\/person\/5b7fabf2aedc3ada2105f03b22b4d3dd"},"headline":"SEM INSPIRA\u00c7\u00c3O&#8230;","datePublished":"2026-01-09T05:00:55+00:00","mainEntityOfPage":{"@id":"https:\/\/www.notibras.com\/site\/sem-inspiracao\/"},"wordCount":841,"publisher":{"@id":"https:\/\/www.notibras.com\/site\/#organization"},"image":{"@id":"https:\/\/www.notibras.com\/site\/sem-inspiracao\/#primaryimage"},"thumbnailUrl":"https:\/\/www.notibras.com\/site\/wp-content\/uploads\/2026\/01\/IMG_0014.jpg","articleSection":["Ponto de Vista"],"inLanguage":"pt-BR"},{"@type":"WebPage","@id":"https:\/\/www.notibras.com\/site\/sem-inspiracao\/","url":"https:\/\/www.notibras.com\/site\/sem-inspiracao\/","name":"SEM INSPIRA\u00c7\u00c3O... - Notibras","isPartOf":{"@id":"https:\/\/www.notibras.com\/site\/#website"},"primaryImageOfPage":{"@id":"https:\/\/www.notibras.com\/site\/sem-inspiracao\/#primaryimage"},"image":{"@id":"https:\/\/www.notibras.com\/site\/sem-inspiracao\/#primaryimage"},"thumbnailUrl":"https:\/\/www.notibras.com\/site\/wp-content\/uploads\/2026\/01\/IMG_0014.jpg","datePublished":"2026-01-09T05:00:55+00:00","breadcrumb":{"@id":"https:\/\/www.notibras.com\/site\/sem-inspiracao\/#breadcrumb"},"inLanguage":"pt-BR","potentialAction":[{"@type":"ReadAction","target":["https:\/\/www.notibras.com\/site\/sem-inspiracao\/"]}]},{"@type":"ImageObject","inLanguage":"pt-BR","@id":"https:\/\/www.notibras.com\/site\/sem-inspiracao\/#primaryimage","url":"https:\/\/www.notibras.com\/site\/wp-content\/uploads\/2026\/01\/IMG_0014.jpg","contentUrl":"https:\/\/www.notibras.com\/site\/wp-content\/uploads\/2026\/01\/IMG_0014.jpg","width":1023,"height":913},{"@type":"BreadcrumbList","@id":"https:\/\/www.notibras.com\/site\/sem-inspiracao\/#breadcrumb","itemListElement":[{"@type":"ListItem","position":1,"name":"In\u00edcio","item":"https:\/\/www.notibras.com\/site\/"},{"@type":"ListItem","position":2,"name":"SEM INSPIRA\u00c7\u00c3O&#8230;"}]},{"@type":"WebSite","@id":"https:\/\/www.notibras.com\/site\/#website","url":"https:\/\/www.notibras.com\/site\/","name":"Notibras","description":"Not\u00edcias de Bras\u00edlia, do Brasil e do Mundo","publisher":{"@id":"https:\/\/www.notibras.com\/site\/#organization"},"potentialAction":[{"@type":"SearchAction","target":{"@type":"EntryPoint","urlTemplate":"https:\/\/www.notibras.com\/site\/?s={search_term_string}"},"query-input":{"@type":"PropertyValueSpecification","valueRequired":true,"valueName":"search_term_string"}}],"inLanguage":"pt-BR"},{"@type":"Organization","@id":"https:\/\/www.notibras.com\/site\/#organization","name":"Grupo Notibras de Comunica\u00e7\u00e3o","url":"https:\/\/www.notibras.com\/site\/","logo":{"@type":"ImageObject","inLanguage":"pt-BR","@id":"https:\/\/www.notibras.com\/site\/#\/schema\/logo\/image\/","url":"https:\/\/www.notibras.com\/site\/wp-content\/uploads\/2023\/01\/notibras23.png","contentUrl":"https:\/\/www.notibras.com\/site\/wp-content\/uploads\/2023\/01\/notibras23.png","width":350,"height":87,"caption":"Grupo Notibras de Comunica\u00e7\u00e3o"},"image":{"@id":"https:\/\/www.notibras.com\/site\/#\/schema\/logo\/image\/"},"sameAs":["https:\/\/www.facebook.com\/notibras\/","https:\/\/x.com\/Notibras","https:\/\/www.instagram.com\/notibras\/"]},{"@type":"Person","@id":"https:\/\/www.notibras.com\/site\/#\/schema\/person\/5b7fabf2aedc3ada2105f03b22b4d3dd","name":"Eduardo Mart\u00ednez","image":{"@type":"ImageObject","inLanguage":"pt-BR","@id":"https:\/\/secure.gravatar.com\/avatar\/7902f906289926289cbcda644b5197c796b893c6ffd7b9a536a42d290f7704a0?s=96&d=mm&r=g","url":"https:\/\/secure.gravatar.com\/avatar\/7902f906289926289cbcda644b5197c796b893c6ffd7b9a536a42d290f7704a0?s=96&d=mm&r=g","contentUrl":"https:\/\/secure.gravatar.com\/avatar\/7902f906289926289cbcda644b5197c796b893c6ffd7b9a536a42d290f7704a0?s=96&d=mm&r=g","caption":"Eduardo Mart\u00ednez"}}]}},"amp_enabled":true,"_links":{"self":[{"href":"https:\/\/www.notibras.com\/site\/wp-json\/wp\/v2\/posts\/377505","targetHints":{"allow":["GET"]}}],"collection":[{"href":"https:\/\/www.notibras.com\/site\/wp-json\/wp\/v2\/posts"}],"about":[{"href":"https:\/\/www.notibras.com\/site\/wp-json\/wp\/v2\/types\/post"}],"author":[{"embeddable":true,"href":"https:\/\/www.notibras.com\/site\/wp-json\/wp\/v2\/users\/21"}],"replies":[{"embeddable":true,"href":"https:\/\/www.notibras.com\/site\/wp-json\/wp\/v2\/comments?post=377505"}],"version-history":[{"count":2,"href":"https:\/\/www.notibras.com\/site\/wp-json\/wp\/v2\/posts\/377505\/revisions"}],"predecessor-version":[{"id":377509,"href":"https:\/\/www.notibras.com\/site\/wp-json\/wp\/v2\/posts\/377505\/revisions\/377509"}],"wp:featuredmedia":[{"embeddable":true,"href":"https:\/\/www.notibras.com\/site\/wp-json\/wp\/v2\/media\/377507"}],"wp:attachment":[{"href":"https:\/\/www.notibras.com\/site\/wp-json\/wp\/v2\/media?parent=377505"}],"wp:term":[{"taxonomy":"category","embeddable":true,"href":"https:\/\/www.notibras.com\/site\/wp-json\/wp\/v2\/categories?post=377505"},{"taxonomy":"post_tag","embeddable":true,"href":"https:\/\/www.notibras.com\/site\/wp-json\/wp\/v2\/tags?post=377505"}],"curies":[{"name":"wp","href":"https:\/\/api.w.org\/{rel}","templated":true}]}}