{"id":377516,"date":"2026-01-03T06:44:12","date_gmt":"2026-01-03T09:44:12","guid":{"rendered":"https:\/\/www.notibras.com\/site\/?p=377516"},"modified":"2026-01-03T07:23:35","modified_gmt":"2026-01-03T10:23:35","slug":"trump-vira-ditador-do-mundo-ataca-caracas-e-diz-que-prendeu-maduro","status":"publish","type":"post","link":"https:\/\/www.notibras.com\/site\/trump-vira-ditador-do-mundo-ataca-caracas-e-diz-que-prendeu-maduro\/","title":{"rendered":"Trump vira ditador do mundo, ataca Caracas e diz que prendeu Maduro"},"content":{"rendered":"<p>O presidente dos Estados Unidos, Donald Trump, afirmou neste s\u00e1bado (3) que for\u00e7as americanas realizaram um ataque de grande escala contra a Venezuela e capturaram o presidente Nicol\u00e1s Maduro e sua esposa, Cilia Flores, retirando-os do pa\u00eds por via a\u00e9rea. O an\u00fancio foi feito em uma rede social. At\u00e9 o momento, por\u00e9m, a informa\u00e7\u00e3o n\u00e3o foi acompanhada de comprova\u00e7\u00e3o independente ou detalhamento oficial sobre o local de destino dos detidos.<\/p>\n<p>Segundo Trump &#8211; que se veste, com essa a\u00e7\u00e3o, com a fantasia de ditador de um mundo supostamente livre -, a opera\u00e7\u00e3o teria sido conduzida em conjunto com for\u00e7as de seguran\u00e7a americanas. O presidente norte-americano informou ainda que mais detalhes seriam apresentados em coletiva de imprensa marcada para as 13h (hor\u00e1rio de Bras\u00edlia).<\/p>\n<p>A declara\u00e7\u00e3o ocorre em meio \u00e0 escalada de press\u00e3o dos Estados Unidos sobre o governo venezuelano, iniciada em agosto, quando Washington elevou para US$ 50 milh\u00f5es a recompensa por informa\u00e7\u00f5es que levassem \u00e0 pris\u00e3o de Maduro. \u00c0 \u00e9poca, o governo americano refor\u00e7ou a presen\u00e7a militar no Mar do Caribe, alegando combate ao narcotr\u00e1fico internacional.<\/p>\n<p>Com o passar dos meses, no entanto, autoridades americanas passaram a admitir, sob condi\u00e7\u00e3o de anonimato, que o objetivo final da mobiliza\u00e7\u00e3o militar seria a derrubada do governo venezuelano. Caso confirmada, a opera\u00e7\u00e3o anunciada por Trump representa uma das mais graves interven\u00e7\u00f5es diretas dos Estados Unidos na Am\u00e9rica Latina nas \u00faltimas d\u00e9cadas, levantando questionamentos sobre legalidade internacional, soberania nacional e riscos de instabilidade regional.<\/p>\n<p>&#8230;&#8230;&#8230;&#8230;&#8230;&#8230;<\/p>\n<p><strong>Jos\u00e9 Seabra \u00e9 CEO fundador de Notibras<\/strong><\/p>\n","protected":false},"excerpt":{"rendered":"<p>O presidente dos Estados Unidos, Donald Trump, afirmou neste s\u00e1bado (3) que for\u00e7as americanas realizaram um ataque de grande escala contra a Venezuela e capturaram o presidente Nicol\u00e1s Maduro e sua esposa, Cilia Flores, retirando-os do pa\u00eds por via a\u00e9rea. O an\u00fancio foi feito em uma rede social. At\u00e9 o momento, por\u00e9m, a informa\u00e7\u00e3o n\u00e3o [&hellip;]<\/p>\n","protected":false},"author":2,"featured_media":377517,"comment_status":"closed","ping_status":"closed","sticky":false,"template":"","format":"standard","meta":{"_acf_changed":false,"footnotes":""},"categories":[159],"tags":[95],"class_list":["post-377516","post","type-post","status-publish","format-standard","has-post-thumbnail","hentry","category-apocalipse","tag-capa"],"acf":[],"yoast_head":"<!-- This site is optimized with the Yoast SEO plugin v27.2 - https:\/\/yoast.com\/product\/yoast-seo-wordpress\/ -->\n<title>Trump vira ditador do mundo, ataca Caracas e diz que prendeu Maduro - Notibras<\/title>\n<meta name=\"robots\" content=\"index, follow, max-snippet:-1, max-image-preview:large, max-video-preview:-1\" \/>\n<link rel=\"canonical\" href=\"https:\/\/www.notibras.com\/site\/trump-vira-ditador-do-mundo-ataca-caracas-e-diz-que-prendeu-maduro\/\" \/>\n<meta property=\"og:locale\" content=\"pt_BR\" \/>\n<meta property=\"og:type\" content=\"article\" \/>\n<meta property=\"og:title\" content=\"Trump vira ditador do mundo, ataca Caracas e diz que prendeu Maduro - Notibras\" \/>\n<meta property=\"og:description\" content=\"O presidente dos Estados Unidos, Donald Trump, afirmou neste s\u00e1bado (3) que for\u00e7as americanas realizaram um ataque de grande escala contra a Venezuela e capturaram o presidente Nicol\u00e1s Maduro e sua esposa, Cilia Flores, retirando-os do pa\u00eds por via a\u00e9rea. O an\u00fancio foi feito em uma rede social. At\u00e9 o momento, por\u00e9m, a informa\u00e7\u00e3o n\u00e3o [&hellip;]\" \/>\n<meta property=\"og:url\" content=\"https:\/\/www.notibras.com\/site\/trump-vira-ditador-do-mundo-ataca-caracas-e-diz-que-prendeu-maduro\/\" \/>\n<meta property=\"og:site_name\" content=\"Notibras\" \/>\n<meta property=\"article:publisher\" content=\"https:\/\/www.facebook.com\/notibras\/\" \/>\n<meta property=\"article:published_time\" content=\"2026-01-03T09:44:12+00:00\" \/>\n<meta property=\"article:modified_time\" content=\"2026-01-03T10:23:35+00:00\" \/>\n<meta name=\"author\" content=\"Reda\u00e7\u00e3o\" \/>\n<meta name=\"twitter:card\" content=\"summary_large_image\" \/>\n<meta name=\"twitter:creator\" content=\"@Notibras\" \/>\n<meta name=\"twitter:site\" content=\"@Notibras\" \/>\n<meta name=\"twitter:label1\" content=\"Escrito por\" \/>\n\t<meta name=\"twitter:data1\" content=\"Reda\u00e7\u00e3o\" \/>\n\t<meta name=\"twitter:label2\" content=\"Est. tempo de leitura\" \/>\n\t<meta name=\"twitter:data2\" content=\"2 minutos\" \/>\n<script type=\"application\/ld+json\" class=\"yoast-schema-graph\">{\"@context\":\"https:\/\/schema.org\",\"@graph\":[{\"@type\":\"Article\",\"@id\":\"https:\/\/www.notibras.com\/site\/trump-vira-ditador-do-mundo-ataca-caracas-e-diz-que-prendeu-maduro\/#article\",\"isPartOf\":{\"@id\":\"https:\/\/www.notibras.com\/site\/trump-vira-ditador-do-mundo-ataca-caracas-e-diz-que-prendeu-maduro\/\"},\"author\":{\"name\":\"Reda\u00e7\u00e3o\",\"@id\":\"https:\/\/www.notibras.com\/site\/#\/schema\/person\/36ab0979449956132d3e5b517ea76ac8\"},\"headline\":\"Trump vira ditador do mundo, ataca Caracas e diz que prendeu Maduro\",\"datePublished\":\"2026-01-03T09:44:12+00:00\",\"dateModified\":\"2026-01-03T10:23:35+00:00\",\"mainEntityOfPage\":{\"@id\":\"https:\/\/www.notibras.com\/site\/trump-vira-ditador-do-mundo-ataca-caracas-e-diz-que-prendeu-maduro\/\"},\"wordCount\":284,\"publisher\":{\"@id\":\"https:\/\/www.notibras.com\/site\/#organization\"},\"image\":{\"@id\":\"https:\/\/www.notibras.com\/site\/trump-vira-ditador-do-mundo-ataca-caracas-e-diz-que-prendeu-maduro\/#primaryimage\"},\"thumbnailUrl\":\"https:\/\/www.notibras.com\/site\/wp-content\/uploads\/2026\/01\/TI22IHMUVJGZDJXNUZ2TJW6ZCU.avif\",\"keywords\":[\"capa\"],\"articleSection\":[\"Apocalipse\"],\"inLanguage\":\"pt-BR\"},{\"@type\":\"WebPage\",\"@id\":\"https:\/\/www.notibras.com\/site\/trump-vira-ditador-do-mundo-ataca-caracas-e-diz-que-prendeu-maduro\/\",\"url\":\"https:\/\/www.notibras.com\/site\/trump-vira-ditador-do-mundo-ataca-caracas-e-diz-que-prendeu-maduro\/\",\"name\":\"Trump vira ditador do mundo, ataca Caracas e diz que prendeu Maduro - Notibras\",\"isPartOf\":{\"@id\":\"https:\/\/www.notibras.com\/site\/#website\"},\"primaryImageOfPage\":{\"@id\":\"https:\/\/www.notibras.com\/site\/trump-vira-ditador-do-mundo-ataca-caracas-e-diz-que-prendeu-maduro\/#primaryimage\"},\"image\":{\"@id\":\"https:\/\/www.notibras.com\/site\/trump-vira-ditador-do-mundo-ataca-caracas-e-diz-que-prendeu-maduro\/#primaryimage\"},\"thumbnailUrl\":\"https:\/\/www.notibras.com\/site\/wp-content\/uploads\/2026\/01\/TI22IHMUVJGZDJXNUZ2TJW6ZCU.avif\",\"datePublished\":\"2026-01-03T09:44:12+00:00\",\"dateModified\":\"2026-01-03T10:23:35+00:00\",\"breadcrumb\":{\"@id\":\"https:\/\/www.notibras.com\/site\/trump-vira-ditador-do-mundo-ataca-caracas-e-diz-que-prendeu-maduro\/#breadcrumb\"},\"inLanguage\":\"pt-BR\",\"potentialAction\":[{\"@type\":\"ReadAction\",\"target\":[\"https:\/\/www.notibras.com\/site\/trump-vira-ditador-do-mundo-ataca-caracas-e-diz-que-prendeu-maduro\/\"]}]},{\"@type\":\"ImageObject\",\"inLanguage\":\"pt-BR\",\"@id\":\"https:\/\/www.notibras.com\/site\/trump-vira-ditador-do-mundo-ataca-caracas-e-diz-que-prendeu-maduro\/#primaryimage\",\"url\":\"https:\/\/www.notibras.com\/site\/wp-content\/uploads\/2026\/01\/TI22IHMUVJGZDJXNUZ2TJW6ZCU.avif\",\"contentUrl\":\"https:\/\/www.notibras.com\/site\/wp-content\/uploads\/2026\/01\/TI22IHMUVJGZDJXNUZ2TJW6ZCU.avif\",\"width\":1200,\"height\":800},{\"@type\":\"BreadcrumbList\",\"@id\":\"https:\/\/www.notibras.com\/site\/trump-vira-ditador-do-mundo-ataca-caracas-e-diz-que-prendeu-maduro\/#breadcrumb\",\"itemListElement\":[{\"@type\":\"ListItem\",\"position\":1,\"name\":\"In\u00edcio\",\"item\":\"https:\/\/www.notibras.com\/site\/\"},{\"@type\":\"ListItem\",\"position\":2,\"name\":\"Trump vira ditador do mundo, ataca Caracas e diz que prendeu Maduro\"}]},{\"@type\":\"WebSite\",\"@id\":\"https:\/\/www.notibras.com\/site\/#website\",\"url\":\"https:\/\/www.notibras.com\/site\/\",\"name\":\"Notibras\",\"description\":\"Not\u00edcias de Bras\u00edlia, do Brasil e do Mundo\",\"publisher\":{\"@id\":\"https:\/\/www.notibras.com\/site\/#organization\"},\"potentialAction\":[{\"@type\":\"SearchAction\",\"target\":{\"@type\":\"EntryPoint\",\"urlTemplate\":\"https:\/\/www.notibras.com\/site\/?s={search_term_string}\"},\"query-input\":{\"@type\":\"PropertyValueSpecification\",\"valueRequired\":true,\"valueName\":\"search_term_string\"}}],\"inLanguage\":\"pt-BR\"},{\"@type\":\"Organization\",\"@id\":\"https:\/\/www.notibras.com\/site\/#organization\",\"name\":\"Grupo Notibras de Comunica\u00e7\u00e3o\",\"url\":\"https:\/\/www.notibras.com\/site\/\",\"logo\":{\"@type\":\"ImageObject\",\"inLanguage\":\"pt-BR\",\"@id\":\"https:\/\/www.notibras.com\/site\/#\/schema\/logo\/image\/\",\"url\":\"https:\/\/www.notibras.com\/site\/wp-content\/uploads\/2023\/01\/notibras23.png\",\"contentUrl\":\"https:\/\/www.notibras.com\/site\/wp-content\/uploads\/2023\/01\/notibras23.png\",\"width\":350,\"height\":87,\"caption\":\"Grupo Notibras de Comunica\u00e7\u00e3o\"},\"image\":{\"@id\":\"https:\/\/www.notibras.com\/site\/#\/schema\/logo\/image\/\"},\"sameAs\":[\"https:\/\/www.facebook.com\/notibras\/\",\"https:\/\/x.com\/Notibras\",\"https:\/\/www.instagram.com\/notibras\/\"]},{\"@type\":\"Person\",\"@id\":\"https:\/\/www.notibras.com\/site\/#\/schema\/person\/36ab0979449956132d3e5b517ea76ac8\",\"name\":\"Reda\u00e7\u00e3o\",\"image\":{\"@type\":\"ImageObject\",\"inLanguage\":\"pt-BR\",\"@id\":\"https:\/\/secure.gravatar.com\/avatar\/e0a867bdedb85fd243eadf09663511f96fc81e0720a4a42581f334ad4303aa6b?s=96&d=mm&r=g\",\"url\":\"https:\/\/secure.gravatar.com\/avatar\/e0a867bdedb85fd243eadf09663511f96fc81e0720a4a42581f334ad4303aa6b?s=96&d=mm&r=g\",\"contentUrl\":\"https:\/\/secure.gravatar.com\/avatar\/e0a867bdedb85fd243eadf09663511f96fc81e0720a4a42581f334ad4303aa6b?s=96&d=mm&r=g\",\"caption\":\"Reda\u00e7\u00e3o\"}}]}<\/script>\n<!-- \/ Yoast SEO plugin. -->","yoast_head_json":{"title":"Trump vira ditador do mundo, ataca Caracas e diz que prendeu Maduro - Notibras","robots":{"index":"index","follow":"follow","max-snippet":"max-snippet:-1","max-image-preview":"max-image-preview:large","max-video-preview":"max-video-preview:-1"},"canonical":"https:\/\/www.notibras.com\/site\/trump-vira-ditador-do-mundo-ataca-caracas-e-diz-que-prendeu-maduro\/","og_locale":"pt_BR","og_type":"article","og_title":"Trump vira ditador do mundo, ataca Caracas e diz que prendeu Maduro - Notibras","og_description":"O presidente dos Estados Unidos, Donald Trump, afirmou neste s\u00e1bado (3) que for\u00e7as americanas realizaram um ataque de grande escala contra a Venezuela e capturaram o presidente Nicol\u00e1s Maduro e sua esposa, Cilia Flores, retirando-os do pa\u00eds por via a\u00e9rea. O an\u00fancio foi feito em uma rede social. At\u00e9 o momento, por\u00e9m, a informa\u00e7\u00e3o n\u00e3o [&hellip;]","og_url":"https:\/\/www.notibras.com\/site\/trump-vira-ditador-do-mundo-ataca-caracas-e-diz-que-prendeu-maduro\/","og_site_name":"Notibras","article_publisher":"https:\/\/www.facebook.com\/notibras\/","article_published_time":"2026-01-03T09:44:12+00:00","article_modified_time":"2026-01-03T10:23:35+00:00","author":"Reda\u00e7\u00e3o","twitter_card":"summary_large_image","twitter_creator":"@Notibras","twitter_site":"@Notibras","twitter_misc":{"Escrito por":"Reda\u00e7\u00e3o","Est. tempo de leitura":"2 minutos"},"schema":{"@context":"https:\/\/schema.org","@graph":[{"@type":"Article","@id":"https:\/\/www.notibras.com\/site\/trump-vira-ditador-do-mundo-ataca-caracas-e-diz-que-prendeu-maduro\/#article","isPartOf":{"@id":"https:\/\/www.notibras.com\/site\/trump-vira-ditador-do-mundo-ataca-caracas-e-diz-que-prendeu-maduro\/"},"author":{"name":"Reda\u00e7\u00e3o","@id":"https:\/\/www.notibras.com\/site\/#\/schema\/person\/36ab0979449956132d3e5b517ea76ac8"},"headline":"Trump vira ditador do mundo, ataca Caracas e diz que prendeu Maduro","datePublished":"2026-01-03T09:44:12+00:00","dateModified":"2026-01-03T10:23:35+00:00","mainEntityOfPage":{"@id":"https:\/\/www.notibras.com\/site\/trump-vira-ditador-do-mundo-ataca-caracas-e-diz-que-prendeu-maduro\/"},"wordCount":284,"publisher":{"@id":"https:\/\/www.notibras.com\/site\/#organization"},"image":{"@id":"https:\/\/www.notibras.com\/site\/trump-vira-ditador-do-mundo-ataca-caracas-e-diz-que-prendeu-maduro\/#primaryimage"},"thumbnailUrl":"https:\/\/www.notibras.com\/site\/wp-content\/uploads\/2026\/01\/TI22IHMUVJGZDJXNUZ2TJW6ZCU.avif","keywords":["capa"],"articleSection":["Apocalipse"],"inLanguage":"pt-BR"},{"@type":"WebPage","@id":"https:\/\/www.notibras.com\/site\/trump-vira-ditador-do-mundo-ataca-caracas-e-diz-que-prendeu-maduro\/","url":"https:\/\/www.notibras.com\/site\/trump-vira-ditador-do-mundo-ataca-caracas-e-diz-que-prendeu-maduro\/","name":"Trump vira ditador do mundo, ataca Caracas e diz que prendeu Maduro - Notibras","isPartOf":{"@id":"https:\/\/www.notibras.com\/site\/#website"},"primaryImageOfPage":{"@id":"https:\/\/www.notibras.com\/site\/trump-vira-ditador-do-mundo-ataca-caracas-e-diz-que-prendeu-maduro\/#primaryimage"},"image":{"@id":"https:\/\/www.notibras.com\/site\/trump-vira-ditador-do-mundo-ataca-caracas-e-diz-que-prendeu-maduro\/#primaryimage"},"thumbnailUrl":"https:\/\/www.notibras.com\/site\/wp-content\/uploads\/2026\/01\/TI22IHMUVJGZDJXNUZ2TJW6ZCU.avif","datePublished":"2026-01-03T09:44:12+00:00","dateModified":"2026-01-03T10:23:35+00:00","breadcrumb":{"@id":"https:\/\/www.notibras.com\/site\/trump-vira-ditador-do-mundo-ataca-caracas-e-diz-que-prendeu-maduro\/#breadcrumb"},"inLanguage":"pt-BR","potentialAction":[{"@type":"ReadAction","target":["https:\/\/www.notibras.com\/site\/trump-vira-ditador-do-mundo-ataca-caracas-e-diz-que-prendeu-maduro\/"]}]},{"@type":"ImageObject","inLanguage":"pt-BR","@id":"https:\/\/www.notibras.com\/site\/trump-vira-ditador-do-mundo-ataca-caracas-e-diz-que-prendeu-maduro\/#primaryimage","url":"https:\/\/www.notibras.com\/site\/wp-content\/uploads\/2026\/01\/TI22IHMUVJGZDJXNUZ2TJW6ZCU.avif","contentUrl":"https:\/\/www.notibras.com\/site\/wp-content\/uploads\/2026\/01\/TI22IHMUVJGZDJXNUZ2TJW6ZCU.avif","width":1200,"height":800},{"@type":"BreadcrumbList","@id":"https:\/\/www.notibras.com\/site\/trump-vira-ditador-do-mundo-ataca-caracas-e-diz-que-prendeu-maduro\/#breadcrumb","itemListElement":[{"@type":"ListItem","position":1,"name":"In\u00edcio","item":"https:\/\/www.notibras.com\/site\/"},{"@type":"ListItem","position":2,"name":"Trump vira ditador do mundo, ataca Caracas e diz que prendeu Maduro"}]},{"@type":"WebSite","@id":"https:\/\/www.notibras.com\/site\/#website","url":"https:\/\/www.notibras.com\/site\/","name":"Notibras","description":"Not\u00edcias de Bras\u00edlia, do Brasil e do Mundo","publisher":{"@id":"https:\/\/www.notibras.com\/site\/#organization"},"potentialAction":[{"@type":"SearchAction","target":{"@type":"EntryPoint","urlTemplate":"https:\/\/www.notibras.com\/site\/?s={search_term_string}"},"query-input":{"@type":"PropertyValueSpecification","valueRequired":true,"valueName":"search_term_string"}}],"inLanguage":"pt-BR"},{"@type":"Organization","@id":"https:\/\/www.notibras.com\/site\/#organization","name":"Grupo Notibras de Comunica\u00e7\u00e3o","url":"https:\/\/www.notibras.com\/site\/","logo":{"@type":"ImageObject","inLanguage":"pt-BR","@id":"https:\/\/www.notibras.com\/site\/#\/schema\/logo\/image\/","url":"https:\/\/www.notibras.com\/site\/wp-content\/uploads\/2023\/01\/notibras23.png","contentUrl":"https:\/\/www.notibras.com\/site\/wp-content\/uploads\/2023\/01\/notibras23.png","width":350,"height":87,"caption":"Grupo Notibras de Comunica\u00e7\u00e3o"},"image":{"@id":"https:\/\/www.notibras.com\/site\/#\/schema\/logo\/image\/"},"sameAs":["https:\/\/www.facebook.com\/notibras\/","https:\/\/x.com\/Notibras","https:\/\/www.instagram.com\/notibras\/"]},{"@type":"Person","@id":"https:\/\/www.notibras.com\/site\/#\/schema\/person\/36ab0979449956132d3e5b517ea76ac8","name":"Reda\u00e7\u00e3o","image":{"@type":"ImageObject","inLanguage":"pt-BR","@id":"https:\/\/secure.gravatar.com\/avatar\/e0a867bdedb85fd243eadf09663511f96fc81e0720a4a42581f334ad4303aa6b?s=96&d=mm&r=g","url":"https:\/\/secure.gravatar.com\/avatar\/e0a867bdedb85fd243eadf09663511f96fc81e0720a4a42581f334ad4303aa6b?s=96&d=mm&r=g","contentUrl":"https:\/\/secure.gravatar.com\/avatar\/e0a867bdedb85fd243eadf09663511f96fc81e0720a4a42581f334ad4303aa6b?s=96&d=mm&r=g","caption":"Reda\u00e7\u00e3o"}}]}},"amp_enabled":true,"_links":{"self":[{"href":"https:\/\/www.notibras.com\/site\/wp-json\/wp\/v2\/posts\/377516","targetHints":{"allow":["GET"]}}],"collection":[{"href":"https:\/\/www.notibras.com\/site\/wp-json\/wp\/v2\/posts"}],"about":[{"href":"https:\/\/www.notibras.com\/site\/wp-json\/wp\/v2\/types\/post"}],"author":[{"embeddable":true,"href":"https:\/\/www.notibras.com\/site\/wp-json\/wp\/v2\/users\/2"}],"replies":[{"embeddable":true,"href":"https:\/\/www.notibras.com\/site\/wp-json\/wp\/v2\/comments?post=377516"}],"version-history":[{"count":7,"href":"https:\/\/www.notibras.com\/site\/wp-json\/wp\/v2\/posts\/377516\/revisions"}],"predecessor-version":[{"id":377524,"href":"https:\/\/www.notibras.com\/site\/wp-json\/wp\/v2\/posts\/377516\/revisions\/377524"}],"wp:featuredmedia":[{"embeddable":true,"href":"https:\/\/www.notibras.com\/site\/wp-json\/wp\/v2\/media\/377517"}],"wp:attachment":[{"href":"https:\/\/www.notibras.com\/site\/wp-json\/wp\/v2\/media?parent=377516"}],"wp:term":[{"taxonomy":"category","embeddable":true,"href":"https:\/\/www.notibras.com\/site\/wp-json\/wp\/v2\/categories?post=377516"},{"taxonomy":"post_tag","embeddable":true,"href":"https:\/\/www.notibras.com\/site\/wp-json\/wp\/v2\/tags?post=377516"}],"curies":[{"name":"wp","href":"https:\/\/api.w.org\/{rel}","templated":true}]}}