{"id":377551,"date":"2026-01-03T07:46:30","date_gmt":"2026-01-03T10:46:30","guid":{"rendered":"https:\/\/www.notibras.com\/site\/?p=377551"},"modified":"2026-01-03T08:48:55","modified_gmt":"2026-01-03T11:48:55","slug":"nordeste-ve-universo-de-potencialidades-e-necessidade-de-adaptacao","status":"publish","type":"post","link":"https:\/\/www.notibras.com\/site\/nordeste-ve-universo-de-potencialidades-e-necessidade-de-adaptacao\/","title":{"rendered":"Nordeste v\u00ea universo de potencialidades e necessidade de adapta\u00e7\u00e3o"},"content":{"rendered":"<p>O Nordeste de 2026 n\u00e3o cabe mais nos antigos r\u00f3tulos. Ele pulsa como um universo em expans\u00e3o, onde o passado insiste em dialogar com o futuro, e onde cada desafio carrega, quase sempre, a semente de uma nova possibilidade. \u00c9 uma regi\u00e3o que aprendeu, na pr\u00e1tica, que sobreviver n\u00e3o basta \u2014 \u00e9 preciso se reinventar todos os dias.<\/p>\n<p>Entre o sert\u00e3o e o litoral, o Nordeste se move. O sol continua forte, a chuva segue imprevis\u00edvel, mas a resposta do povo mudou. A adaptabilidade virou ferramenta de sobreviv\u00eancia e tamb\u00e9m de progresso. No semi\u00e1rido, a tecnologia j\u00e1 conversa com a sabedoria antiga:<\/p>\n<p>cisternas modernas convivem com o conhecimento herdado dos av\u00f3s, que sabiam ler o c\u00e9u, o vento e a terra. A seca ainda existe, mas n\u00e3o dita mais sozinha o destino.<\/p>\n<p>Nas cidades, o Nordeste urbano de 2026 cresce com criatividade. Startups surgem onde antes s\u00f3 se falava em migra\u00e7\u00e3o; jovens transformam cultura em renda, tradi\u00e7\u00e3o em inova\u00e7\u00e3o. O forr\u00f3 ganha plataformas digitais, o artesanato encontra mercados globais, a culin\u00e1ria regional vira identidade econ\u00f4mica. O que antes era visto como \u201cregional demais\u201d hoje \u00e9 diferencial competitivo.<\/p>\n<p>Mas esse universo de potencialidades n\u00e3o ignora suas feridas. A desigualdade ainda marca paisagens humanas, o acesso pleno \u00e0 educa\u00e7\u00e3o e \u00e0 sa\u00fade segue sendo uma luta di\u00e1ria, e as mudan\u00e7as clim\u00e1ticas imp\u00f5em uma urg\u00eancia que n\u00e3o pode ser adiada. Adaptar-se, agora, n\u00e3o \u00e9 escolha \u2014 \u00e9 necessidade coletiva. Governos, comunidades e indiv\u00edduos precisam aprender juntos, errando e corrigindo rotas, como quem caminha em terreno irregular, mas conhecido.<\/p>\n<p>O Nordeste de 2026 ensina que resist\u00eancia n\u00e3o \u00e9 rigidez. Pelo contr\u00e1rio: \u00e9 flexibilidade, \u00e9 saber dobrar sem quebrar. \u00c9 entender que tradi\u00e7\u00e3o n\u00e3o \u00e9 pris\u00e3o, mas base; que o futuro n\u00e3o apaga o passado, apenas o reorganiza. Cada feira livre, cada escola rural conectada, cada projeto comunit\u00e1rio \u00e9 um pequeno laborat\u00f3rio de adapta\u00e7\u00e3o social.<\/p>\n<p>No fim das contas, o Nordeste segue sendo um territ\u00f3rio de coragem. Um lugar onde a esperan\u00e7a n\u00e3o \u00e9 ing\u00eanua, \u00e9 pr\u00e1tica. Onde o povo aprendeu que o mundo muda r\u00e1pido demais para quem n\u00e3o se move, mas que quem se adapta com identidade n\u00e3o se perde. Em 2026, o Nordeste n\u00e3o pede licen\u00e7a para existir \u2014 ele se reinventa, todos os dias, como quem sabe que seu maior potencial sempre foi a capacidade de seguir em frente.<\/p>\n","protected":false},"excerpt":{"rendered":"<p>O Nordeste de 2026 n\u00e3o cabe mais nos antigos r\u00f3tulos. Ele pulsa como um universo em expans\u00e3o, onde o passado insiste em dialogar com o futuro, e onde cada desafio carrega, quase sempre, a semente de uma nova possibilidade. \u00c9 uma regi\u00e3o que aprendeu, na pr\u00e1tica, que sobreviver n\u00e3o basta \u2014 \u00e9 preciso se reinventar [&hellip;]<\/p>\n","protected":false},"author":2,"featured_media":377552,"comment_status":"closed","ping_status":"closed","sticky":false,"template":"","format":"standard","meta":{"_acf_changed":false,"footnotes":""},"categories":[165],"tags":[],"class_list":["post-377551","post","type-post","status-publish","format-standard","has-post-thumbnail","hentry","category-nordeste"],"acf":[],"_links":{"self":[{"href":"https:\/\/www.notibras.com\/site\/wp-json\/wp\/v2\/posts\/377551","targetHints":{"allow":["GET"]}}],"collection":[{"href":"https:\/\/www.notibras.com\/site\/wp-json\/wp\/v2\/posts"}],"about":[{"href":"https:\/\/www.notibras.com\/site\/wp-json\/wp\/v2\/types\/post"}],"author":[{"embeddable":true,"href":"https:\/\/www.notibras.com\/site\/wp-json\/wp\/v2\/users\/2"}],"replies":[{"embeddable":true,"href":"https:\/\/www.notibras.com\/site\/wp-json\/wp\/v2\/comments?post=377551"}],"version-history":[{"count":1,"href":"https:\/\/www.notibras.com\/site\/wp-json\/wp\/v2\/posts\/377551\/revisions"}],"predecessor-version":[{"id":377553,"href":"https:\/\/www.notibras.com\/site\/wp-json\/wp\/v2\/posts\/377551\/revisions\/377553"}],"wp:featuredmedia":[{"embeddable":true,"href":"https:\/\/www.notibras.com\/site\/wp-json\/wp\/v2\/media\/377552"}],"wp:attachment":[{"href":"https:\/\/www.notibras.com\/site\/wp-json\/wp\/v2\/media?parent=377551"}],"wp:term":[{"taxonomy":"category","embeddable":true,"href":"https:\/\/www.notibras.com\/site\/wp-json\/wp\/v2\/categories?post=377551"},{"taxonomy":"post_tag","embeddable":true,"href":"https:\/\/www.notibras.com\/site\/wp-json\/wp\/v2\/tags?post=377551"}],"curies":[{"name":"wp","href":"https:\/\/api.w.org\/{rel}","templated":true}]}}