{"id":377557,"date":"2026-01-03T10:08:25","date_gmt":"2026-01-03T13:08:25","guid":{"rendered":"https:\/\/www.notibras.com\/site\/?p=377557"},"modified":"2026-01-03T11:19:24","modified_gmt":"2026-01-03T14:19:24","slug":"lula-cobra-rigor-da-onu-contra-ataque-a-caracas","status":"publish","type":"post","link":"https:\/\/www.notibras.com\/site\/lula-cobra-rigor-da-onu-contra-ataque-a-caracas\/","title":{"rendered":"Lula cobra rigor da ONU contra ataque a Caracas"},"content":{"rendered":"<p>O presidente Luiz In\u00e1cio Lula da Silva se pronunciou neste s\u00e1bado sobre os ataques dos Estados Unidos \u00e0 Venezuela e sequestro do presidente venezuelano Nicol\u00e1s Maduro e sua esposa, Cilia Flores. Lula condenou a a\u00e7\u00e3o militar e cobrou uma resposta vigorosa da Organiza\u00e7\u00e3o das Na\u00e7\u00f5es Unidas (ONU).<\/p>\n<p>&#8220;Os bombardeios em territ\u00f3rio venezuelano e a captura do seu presidente ultrapassam uma linha inaceit\u00e1vel. Esses atos representam uma afronta grav\u00edssima \u00e0 soberania da Venezuela e mais um precedente extremamente perigoso para toda a comunidade internacional. Atacar pa\u00edses, em flagrante viola\u00e7\u00e3o do direito internacional, \u00e9 o primeiro passo para um mundo de viol\u00eancia, caos e instabilidade, onde a lei do mais forte prevalece sobre o multilateralismo&#8221;, disse Lula, por meio das redes sociais.<\/p>\n<p>&#8220;A condena\u00e7\u00e3o ao uso da for\u00e7a \u00e9 consistente com a posi\u00e7\u00e3o que o Brasil sempre tem adotado em situa\u00e7\u00f5es recentes em outros pa\u00edses e regi\u00f5es. A a\u00e7\u00e3o lembra os piores momentos da interfer\u00eancia na pol\u00edtica da Am\u00e9rica Latina e do Caribe e amea\u00e7a a preserva\u00e7\u00e3o da regi\u00e3o como zona de paz. A comunidade internacional, por meio da Organiza\u00e7\u00e3o das Na\u00e7\u00f5es Unidas, precisa responder de forma vigorosa a esse epis\u00f3dio. O Brasil condena essas a\u00e7\u00f5es e segue \u00e0 disposi\u00e7\u00e3o para promover a via do di\u00e1logo e da coopera\u00e7\u00e3o.&#8221;<\/p>\n","protected":false},"excerpt":{"rendered":"<p>O presidente Luiz In\u00e1cio Lula da Silva se pronunciou neste s\u00e1bado sobre os ataques dos Estados Unidos \u00e0 Venezuela e sequestro do presidente venezuelano Nicol\u00e1s Maduro e sua esposa, Cilia Flores. Lula condenou a a\u00e7\u00e3o militar e cobrou uma resposta vigorosa da Organiza\u00e7\u00e3o das Na\u00e7\u00f5es Unidas (ONU). &#8220;Os bombardeios em territ\u00f3rio venezuelano e a captura [&hellip;]<\/p>\n","protected":false},"author":2,"featured_media":377558,"comment_status":"closed","ping_status":"closed","sticky":false,"template":"","format":"standard","meta":{"_acf_changed":false,"footnotes":""},"categories":[159],"tags":[95],"class_list":["post-377557","post","type-post","status-publish","format-standard","has-post-thumbnail","hentry","category-apocalipse","tag-capa"],"acf":[],"yoast_head":"<!-- This site is optimized with the Yoast SEO plugin v27.2 - https:\/\/yoast.com\/product\/yoast-seo-wordpress\/ -->\n<title>Lula cobra rigor da ONU contra ataque a Caracas - Notibras<\/title>\n<meta name=\"robots\" content=\"index, follow, max-snippet:-1, max-image-preview:large, max-video-preview:-1\" \/>\n<link rel=\"canonical\" href=\"https:\/\/www.notibras.com\/site\/lula-cobra-rigor-da-onu-contra-ataque-a-caracas\/\" \/>\n<meta property=\"og:locale\" content=\"pt_BR\" \/>\n<meta property=\"og:type\" content=\"article\" \/>\n<meta property=\"og:title\" content=\"Lula cobra rigor da ONU contra ataque a Caracas - Notibras\" \/>\n<meta property=\"og:description\" content=\"O presidente Luiz In\u00e1cio Lula da Silva se pronunciou neste s\u00e1bado sobre os ataques dos Estados Unidos \u00e0 Venezuela e sequestro do presidente venezuelano Nicol\u00e1s Maduro e sua esposa, Cilia Flores. Lula condenou a a\u00e7\u00e3o militar e cobrou uma resposta vigorosa da Organiza\u00e7\u00e3o das Na\u00e7\u00f5es Unidas (ONU). &#8220;Os bombardeios em territ\u00f3rio venezuelano e a captura [&hellip;]\" \/>\n<meta property=\"og:url\" content=\"https:\/\/www.notibras.com\/site\/lula-cobra-rigor-da-onu-contra-ataque-a-caracas\/\" \/>\n<meta property=\"og:site_name\" content=\"Notibras\" \/>\n<meta property=\"article:publisher\" content=\"https:\/\/www.facebook.com\/notibras\/\" \/>\n<meta property=\"article:published_time\" content=\"2026-01-03T13:08:25+00:00\" \/>\n<meta property=\"article:modified_time\" content=\"2026-01-03T14:19:24+00:00\" \/>\n<meta property=\"og:image\" content=\"https:\/\/www.notibras.com\/site\/wp-content\/uploads\/2026\/01\/coletiva-lula-mc_abr_18122025-13-1.webp\" \/>\n\t<meta property=\"og:image:width\" content=\"1170\" \/>\n\t<meta property=\"og:image:height\" content=\"700\" \/>\n\t<meta property=\"og:image:type\" content=\"image\/webp\" \/>\n<meta name=\"author\" content=\"Reda\u00e7\u00e3o\" \/>\n<meta name=\"twitter:card\" content=\"summary_large_image\" \/>\n<meta name=\"twitter:creator\" content=\"@Notibras\" \/>\n<meta name=\"twitter:site\" content=\"@Notibras\" \/>\n<meta name=\"twitter:label1\" content=\"Escrito por\" \/>\n\t<meta name=\"twitter:data1\" content=\"Reda\u00e7\u00e3o\" \/>\n\t<meta name=\"twitter:label2\" content=\"Est. tempo de leitura\" \/>\n\t<meta name=\"twitter:data2\" content=\"2 minutos\" \/>\n<script type=\"application\/ld+json\" class=\"yoast-schema-graph\">{\"@context\":\"https:\/\/schema.org\",\"@graph\":[{\"@type\":\"Article\",\"@id\":\"https:\/\/www.notibras.com\/site\/lula-cobra-rigor-da-onu-contra-ataque-a-caracas\/#article\",\"isPartOf\":{\"@id\":\"https:\/\/www.notibras.com\/site\/lula-cobra-rigor-da-onu-contra-ataque-a-caracas\/\"},\"author\":{\"name\":\"Reda\u00e7\u00e3o\",\"@id\":\"https:\/\/www.notibras.com\/site\/#\/schema\/person\/36ab0979449956132d3e5b517ea76ac8\"},\"headline\":\"Lula cobra rigor da ONU contra ataque a Caracas\",\"datePublished\":\"2026-01-03T13:08:25+00:00\",\"dateModified\":\"2026-01-03T14:19:24+00:00\",\"mainEntityOfPage\":{\"@id\":\"https:\/\/www.notibras.com\/site\/lula-cobra-rigor-da-onu-contra-ataque-a-caracas\/\"},\"wordCount\":243,\"publisher\":{\"@id\":\"https:\/\/www.notibras.com\/site\/#organization\"},\"image\":{\"@id\":\"https:\/\/www.notibras.com\/site\/lula-cobra-rigor-da-onu-contra-ataque-a-caracas\/#primaryimage\"},\"thumbnailUrl\":\"https:\/\/www.notibras.com\/site\/wp-content\/uploads\/2026\/01\/coletiva-lula-mc_abr_18122025-13-1.webp\",\"keywords\":[\"capa\"],\"articleSection\":[\"Apocalipse\"],\"inLanguage\":\"pt-BR\"},{\"@type\":\"WebPage\",\"@id\":\"https:\/\/www.notibras.com\/site\/lula-cobra-rigor-da-onu-contra-ataque-a-caracas\/\",\"url\":\"https:\/\/www.notibras.com\/site\/lula-cobra-rigor-da-onu-contra-ataque-a-caracas\/\",\"name\":\"Lula cobra rigor da ONU contra ataque a Caracas - Notibras\",\"isPartOf\":{\"@id\":\"https:\/\/www.notibras.com\/site\/#website\"},\"primaryImageOfPage\":{\"@id\":\"https:\/\/www.notibras.com\/site\/lula-cobra-rigor-da-onu-contra-ataque-a-caracas\/#primaryimage\"},\"image\":{\"@id\":\"https:\/\/www.notibras.com\/site\/lula-cobra-rigor-da-onu-contra-ataque-a-caracas\/#primaryimage\"},\"thumbnailUrl\":\"https:\/\/www.notibras.com\/site\/wp-content\/uploads\/2026\/01\/coletiva-lula-mc_abr_18122025-13-1.webp\",\"datePublished\":\"2026-01-03T13:08:25+00:00\",\"dateModified\":\"2026-01-03T14:19:24+00:00\",\"breadcrumb\":{\"@id\":\"https:\/\/www.notibras.com\/site\/lula-cobra-rigor-da-onu-contra-ataque-a-caracas\/#breadcrumb\"},\"inLanguage\":\"pt-BR\",\"potentialAction\":[{\"@type\":\"ReadAction\",\"target\":[\"https:\/\/www.notibras.com\/site\/lula-cobra-rigor-da-onu-contra-ataque-a-caracas\/\"]}]},{\"@type\":\"ImageObject\",\"inLanguage\":\"pt-BR\",\"@id\":\"https:\/\/www.notibras.com\/site\/lula-cobra-rigor-da-onu-contra-ataque-a-caracas\/#primaryimage\",\"url\":\"https:\/\/www.notibras.com\/site\/wp-content\/uploads\/2026\/01\/coletiva-lula-mc_abr_18122025-13-1.webp\",\"contentUrl\":\"https:\/\/www.notibras.com\/site\/wp-content\/uploads\/2026\/01\/coletiva-lula-mc_abr_18122025-13-1.webp\",\"width\":1170,\"height\":700},{\"@type\":\"BreadcrumbList\",\"@id\":\"https:\/\/www.notibras.com\/site\/lula-cobra-rigor-da-onu-contra-ataque-a-caracas\/#breadcrumb\",\"itemListElement\":[{\"@type\":\"ListItem\",\"position\":1,\"name\":\"In\u00edcio\",\"item\":\"https:\/\/www.notibras.com\/site\/\"},{\"@type\":\"ListItem\",\"position\":2,\"name\":\"Lula cobra rigor da ONU contra ataque a Caracas\"}]},{\"@type\":\"WebSite\",\"@id\":\"https:\/\/www.notibras.com\/site\/#website\",\"url\":\"https:\/\/www.notibras.com\/site\/\",\"name\":\"Notibras\",\"description\":\"Not\u00edcias de Bras\u00edlia, do Brasil e do Mundo\",\"publisher\":{\"@id\":\"https:\/\/www.notibras.com\/site\/#organization\"},\"potentialAction\":[{\"@type\":\"SearchAction\",\"target\":{\"@type\":\"EntryPoint\",\"urlTemplate\":\"https:\/\/www.notibras.com\/site\/?s={search_term_string}\"},\"query-input\":{\"@type\":\"PropertyValueSpecification\",\"valueRequired\":true,\"valueName\":\"search_term_string\"}}],\"inLanguage\":\"pt-BR\"},{\"@type\":\"Organization\",\"@id\":\"https:\/\/www.notibras.com\/site\/#organization\",\"name\":\"Grupo Notibras de Comunica\u00e7\u00e3o\",\"url\":\"https:\/\/www.notibras.com\/site\/\",\"logo\":{\"@type\":\"ImageObject\",\"inLanguage\":\"pt-BR\",\"@id\":\"https:\/\/www.notibras.com\/site\/#\/schema\/logo\/image\/\",\"url\":\"https:\/\/www.notibras.com\/site\/wp-content\/uploads\/2023\/01\/notibras23.png\",\"contentUrl\":\"https:\/\/www.notibras.com\/site\/wp-content\/uploads\/2023\/01\/notibras23.png\",\"width\":350,\"height\":87,\"caption\":\"Grupo Notibras de Comunica\u00e7\u00e3o\"},\"image\":{\"@id\":\"https:\/\/www.notibras.com\/site\/#\/schema\/logo\/image\/\"},\"sameAs\":[\"https:\/\/www.facebook.com\/notibras\/\",\"https:\/\/x.com\/Notibras\",\"https:\/\/www.instagram.com\/notibras\/\"]},{\"@type\":\"Person\",\"@id\":\"https:\/\/www.notibras.com\/site\/#\/schema\/person\/36ab0979449956132d3e5b517ea76ac8\",\"name\":\"Reda\u00e7\u00e3o\",\"image\":{\"@type\":\"ImageObject\",\"inLanguage\":\"pt-BR\",\"@id\":\"https:\/\/secure.gravatar.com\/avatar\/e0a867bdedb85fd243eadf09663511f96fc81e0720a4a42581f334ad4303aa6b?s=96&d=mm&r=g\",\"url\":\"https:\/\/secure.gravatar.com\/avatar\/e0a867bdedb85fd243eadf09663511f96fc81e0720a4a42581f334ad4303aa6b?s=96&d=mm&r=g\",\"contentUrl\":\"https:\/\/secure.gravatar.com\/avatar\/e0a867bdedb85fd243eadf09663511f96fc81e0720a4a42581f334ad4303aa6b?s=96&d=mm&r=g\",\"caption\":\"Reda\u00e7\u00e3o\"}}]}<\/script>\n<!-- \/ Yoast SEO plugin. -->","yoast_head_json":{"title":"Lula cobra rigor da ONU contra ataque a Caracas - Notibras","robots":{"index":"index","follow":"follow","max-snippet":"max-snippet:-1","max-image-preview":"max-image-preview:large","max-video-preview":"max-video-preview:-1"},"canonical":"https:\/\/www.notibras.com\/site\/lula-cobra-rigor-da-onu-contra-ataque-a-caracas\/","og_locale":"pt_BR","og_type":"article","og_title":"Lula cobra rigor da ONU contra ataque a Caracas - Notibras","og_description":"O presidente Luiz In\u00e1cio Lula da Silva se pronunciou neste s\u00e1bado sobre os ataques dos Estados Unidos \u00e0 Venezuela e sequestro do presidente venezuelano Nicol\u00e1s Maduro e sua esposa, Cilia Flores. Lula condenou a a\u00e7\u00e3o militar e cobrou uma resposta vigorosa da Organiza\u00e7\u00e3o das Na\u00e7\u00f5es Unidas (ONU). &#8220;Os bombardeios em territ\u00f3rio venezuelano e a captura [&hellip;]","og_url":"https:\/\/www.notibras.com\/site\/lula-cobra-rigor-da-onu-contra-ataque-a-caracas\/","og_site_name":"Notibras","article_publisher":"https:\/\/www.facebook.com\/notibras\/","article_published_time":"2026-01-03T13:08:25+00:00","article_modified_time":"2026-01-03T14:19:24+00:00","og_image":[{"width":1170,"height":700,"url":"https:\/\/www.notibras.com\/site\/wp-content\/uploads\/2026\/01\/coletiva-lula-mc_abr_18122025-13-1.webp","type":"image\/webp"}],"author":"Reda\u00e7\u00e3o","twitter_card":"summary_large_image","twitter_creator":"@Notibras","twitter_site":"@Notibras","twitter_misc":{"Escrito por":"Reda\u00e7\u00e3o","Est. tempo de leitura":"2 minutos"},"schema":{"@context":"https:\/\/schema.org","@graph":[{"@type":"Article","@id":"https:\/\/www.notibras.com\/site\/lula-cobra-rigor-da-onu-contra-ataque-a-caracas\/#article","isPartOf":{"@id":"https:\/\/www.notibras.com\/site\/lula-cobra-rigor-da-onu-contra-ataque-a-caracas\/"},"author":{"name":"Reda\u00e7\u00e3o","@id":"https:\/\/www.notibras.com\/site\/#\/schema\/person\/36ab0979449956132d3e5b517ea76ac8"},"headline":"Lula cobra rigor da ONU contra ataque a Caracas","datePublished":"2026-01-03T13:08:25+00:00","dateModified":"2026-01-03T14:19:24+00:00","mainEntityOfPage":{"@id":"https:\/\/www.notibras.com\/site\/lula-cobra-rigor-da-onu-contra-ataque-a-caracas\/"},"wordCount":243,"publisher":{"@id":"https:\/\/www.notibras.com\/site\/#organization"},"image":{"@id":"https:\/\/www.notibras.com\/site\/lula-cobra-rigor-da-onu-contra-ataque-a-caracas\/#primaryimage"},"thumbnailUrl":"https:\/\/www.notibras.com\/site\/wp-content\/uploads\/2026\/01\/coletiva-lula-mc_abr_18122025-13-1.webp","keywords":["capa"],"articleSection":["Apocalipse"],"inLanguage":"pt-BR"},{"@type":"WebPage","@id":"https:\/\/www.notibras.com\/site\/lula-cobra-rigor-da-onu-contra-ataque-a-caracas\/","url":"https:\/\/www.notibras.com\/site\/lula-cobra-rigor-da-onu-contra-ataque-a-caracas\/","name":"Lula cobra rigor da ONU contra ataque a Caracas - Notibras","isPartOf":{"@id":"https:\/\/www.notibras.com\/site\/#website"},"primaryImageOfPage":{"@id":"https:\/\/www.notibras.com\/site\/lula-cobra-rigor-da-onu-contra-ataque-a-caracas\/#primaryimage"},"image":{"@id":"https:\/\/www.notibras.com\/site\/lula-cobra-rigor-da-onu-contra-ataque-a-caracas\/#primaryimage"},"thumbnailUrl":"https:\/\/www.notibras.com\/site\/wp-content\/uploads\/2026\/01\/coletiva-lula-mc_abr_18122025-13-1.webp","datePublished":"2026-01-03T13:08:25+00:00","dateModified":"2026-01-03T14:19:24+00:00","breadcrumb":{"@id":"https:\/\/www.notibras.com\/site\/lula-cobra-rigor-da-onu-contra-ataque-a-caracas\/#breadcrumb"},"inLanguage":"pt-BR","potentialAction":[{"@type":"ReadAction","target":["https:\/\/www.notibras.com\/site\/lula-cobra-rigor-da-onu-contra-ataque-a-caracas\/"]}]},{"@type":"ImageObject","inLanguage":"pt-BR","@id":"https:\/\/www.notibras.com\/site\/lula-cobra-rigor-da-onu-contra-ataque-a-caracas\/#primaryimage","url":"https:\/\/www.notibras.com\/site\/wp-content\/uploads\/2026\/01\/coletiva-lula-mc_abr_18122025-13-1.webp","contentUrl":"https:\/\/www.notibras.com\/site\/wp-content\/uploads\/2026\/01\/coletiva-lula-mc_abr_18122025-13-1.webp","width":1170,"height":700},{"@type":"BreadcrumbList","@id":"https:\/\/www.notibras.com\/site\/lula-cobra-rigor-da-onu-contra-ataque-a-caracas\/#breadcrumb","itemListElement":[{"@type":"ListItem","position":1,"name":"In\u00edcio","item":"https:\/\/www.notibras.com\/site\/"},{"@type":"ListItem","position":2,"name":"Lula cobra rigor da ONU contra ataque a Caracas"}]},{"@type":"WebSite","@id":"https:\/\/www.notibras.com\/site\/#website","url":"https:\/\/www.notibras.com\/site\/","name":"Notibras","description":"Not\u00edcias de Bras\u00edlia, do Brasil e do Mundo","publisher":{"@id":"https:\/\/www.notibras.com\/site\/#organization"},"potentialAction":[{"@type":"SearchAction","target":{"@type":"EntryPoint","urlTemplate":"https:\/\/www.notibras.com\/site\/?s={search_term_string}"},"query-input":{"@type":"PropertyValueSpecification","valueRequired":true,"valueName":"search_term_string"}}],"inLanguage":"pt-BR"},{"@type":"Organization","@id":"https:\/\/www.notibras.com\/site\/#organization","name":"Grupo Notibras de Comunica\u00e7\u00e3o","url":"https:\/\/www.notibras.com\/site\/","logo":{"@type":"ImageObject","inLanguage":"pt-BR","@id":"https:\/\/www.notibras.com\/site\/#\/schema\/logo\/image\/","url":"https:\/\/www.notibras.com\/site\/wp-content\/uploads\/2023\/01\/notibras23.png","contentUrl":"https:\/\/www.notibras.com\/site\/wp-content\/uploads\/2023\/01\/notibras23.png","width":350,"height":87,"caption":"Grupo Notibras de Comunica\u00e7\u00e3o"},"image":{"@id":"https:\/\/www.notibras.com\/site\/#\/schema\/logo\/image\/"},"sameAs":["https:\/\/www.facebook.com\/notibras\/","https:\/\/x.com\/Notibras","https:\/\/www.instagram.com\/notibras\/"]},{"@type":"Person","@id":"https:\/\/www.notibras.com\/site\/#\/schema\/person\/36ab0979449956132d3e5b517ea76ac8","name":"Reda\u00e7\u00e3o","image":{"@type":"ImageObject","inLanguage":"pt-BR","@id":"https:\/\/secure.gravatar.com\/avatar\/e0a867bdedb85fd243eadf09663511f96fc81e0720a4a42581f334ad4303aa6b?s=96&d=mm&r=g","url":"https:\/\/secure.gravatar.com\/avatar\/e0a867bdedb85fd243eadf09663511f96fc81e0720a4a42581f334ad4303aa6b?s=96&d=mm&r=g","contentUrl":"https:\/\/secure.gravatar.com\/avatar\/e0a867bdedb85fd243eadf09663511f96fc81e0720a4a42581f334ad4303aa6b?s=96&d=mm&r=g","caption":"Reda\u00e7\u00e3o"}}]}},"amp_enabled":true,"_links":{"self":[{"href":"https:\/\/www.notibras.com\/site\/wp-json\/wp\/v2\/posts\/377557","targetHints":{"allow":["GET"]}}],"collection":[{"href":"https:\/\/www.notibras.com\/site\/wp-json\/wp\/v2\/posts"}],"about":[{"href":"https:\/\/www.notibras.com\/site\/wp-json\/wp\/v2\/types\/post"}],"author":[{"embeddable":true,"href":"https:\/\/www.notibras.com\/site\/wp-json\/wp\/v2\/users\/2"}],"replies":[{"embeddable":true,"href":"https:\/\/www.notibras.com\/site\/wp-json\/wp\/v2\/comments?post=377557"}],"version-history":[{"count":7,"href":"https:\/\/www.notibras.com\/site\/wp-json\/wp\/v2\/posts\/377557\/revisions"}],"predecessor-version":[{"id":377565,"href":"https:\/\/www.notibras.com\/site\/wp-json\/wp\/v2\/posts\/377557\/revisions\/377565"}],"wp:featuredmedia":[{"embeddable":true,"href":"https:\/\/www.notibras.com\/site\/wp-json\/wp\/v2\/media\/377558"}],"wp:attachment":[{"href":"https:\/\/www.notibras.com\/site\/wp-json\/wp\/v2\/media?parent=377557"}],"wp:term":[{"taxonomy":"category","embeddable":true,"href":"https:\/\/www.notibras.com\/site\/wp-json\/wp\/v2\/categories?post=377557"},{"taxonomy":"post_tag","embeddable":true,"href":"https:\/\/www.notibras.com\/site\/wp-json\/wp\/v2\/tags?post=377557"}],"curies":[{"name":"wp","href":"https:\/\/api.w.org\/{rel}","templated":true}]}}